{"id":16439,"date":"2013-04-16T12:44:39","date_gmt":"2013-04-16T11:44:39","guid":{"rendered":"https:\/\/www.fbt-avocats.ch\/distribution-de-placements-collectifs-de-capitaux\/"},"modified":"2021-11-23T10:15:10","modified_gmt":"2021-11-23T09:15:10","slug":"distribution-de-placements-collectifs-de-capitaux","status":"publish","type":"post","link":"https:\/\/staging.fbt-avocats.ch\/en\/distribution-de-placements-collectifs-de-capitaux\/","title":{"rendered":"16 avril 2013 &#8211; La distribution de placements collectifs de capitaux selon la LPPC r\u00e9vis\u00e9e"},"content":{"rendered":"\n<style type=\"text\/css\" data-created_by=\"avia_inline_auto\" id=\"style-css-av-k35xnpcy-bbbcdf8bbdfc90ae73a3e05816b98769\">\n#top .av-special-heading.av-k35xnpcy-bbbcdf8bbdfc90ae73a3e05816b98769{\npadding-bottom:10px;\nfont-size:26px;\n}\nbody .av-special-heading.av-k35xnpcy-bbbcdf8bbdfc90ae73a3e05816b98769 .av-special-heading-tag .heading-char{\nfont-size:25px;\n}\n#top #wrap_all .av-special-heading.av-k35xnpcy-bbbcdf8bbdfc90ae73a3e05816b98769 .av-special-heading-tag{\nfont-size:26px;\n}\n.av-special-heading.av-k35xnpcy-bbbcdf8bbdfc90ae73a3e05816b98769 .av-subheading{\nfont-size:15px;\n}\n\n@media only screen and (min-width: 480px) and (max-width: 767px){ \n#top #wrap_all .av-special-heading.av-k35xnpcy-bbbcdf8bbdfc90ae73a3e05816b98769 .av-special-heading-tag{\nfont-size:0.8em;\n}\n}\n\n@media only screen and (max-width: 479px){ \n#top #wrap_all .av-special-heading.av-k35xnpcy-bbbcdf8bbdfc90ae73a3e05816b98769 .av-special-heading-tag{\nfont-size:0.8em;\n}\n}\n<\/style>\n<div  class='av-special-heading av-k35xnpcy-bbbcdf8bbdfc90ae73a3e05816b98769 av-special-heading-h1 blockquote modern-quote  avia-builder-el-0  avia-builder-el-no-sibling  av-inherit-size'><h1 class='av-special-heading-tag '  itemprop=\"headline\"  >La distribution de placements collectifs de capitaux selon la LPPC r\u00e9vis\u00e9e<\/h1><div class='av-subheading av-subheading_below'><p>Academy &amp; Finance \u2013 16 avril 2013<br \/>\nFr\u00e9d\u00e9rique Bensahel, Michel Abt<\/p>\n<\/div><div class=\"special-heading-border\"><div class=\"special-heading-inner-border\"><\/div><\/div><\/div>\n","protected":false},"excerpt":{"rendered":"","protected":false},"author":2,"featured_media":0,"comment_status":"closed","ping_status":"closed","sticky":false,"template":"","format":"standard","meta":{"footnotes":""},"categories":[52],"tags":[761],"datespeciale":[],"class_list":["post-16439","post","type-post","status-publish","format-standard","hentry","category-en-conferences","tag-academy-et-finance-en","competences-banking-and-finance","auteurs-frederique-bensahel-en","auteurs-michel-abt-en","date-publication-2013-en","diffusion-conferences-en"],"yoast_head":"<!-- This site is optimized with the Yoast SEO Premium plugin v27.4 (Yoast SEO v27.4) - https:\/\/yoast.com\/product\/yoast-seo-premium-wordpress\/ -->\n<title>16 avril 2013 - La distribution de placements collectifs de capitaux selon la LPPC r\u00e9vis\u00e9e | FBT Avocats SA<\/title>\n<meta name=\"robots\" content=\"noindex, follow, max-snippet:-1, max-image-preview:large, max-video-preview:-1\" \/>\n<meta property=\"og:locale\" content=\"en_US\" \/>\n<meta property=\"og:type\" content=\"article\" \/>\n<meta property=\"og:title\" content=\"16 avril 2013 - La distribution de placements collectifs de capitaux selon la LPPC r\u00e9vis\u00e9e\" \/>\n<meta property=\"og:url\" content=\"https:\/\/staging.fbt-avocats.ch\/en\/distribution-de-placements-collectifs-de-capitaux\/\" \/>\n<meta property=\"og:site_name\" content=\"FBT Avocats SA\" \/>\n<meta property=\"article:published_time\" content=\"2013-04-16T11:44:39+00:00\" \/>\n<meta property=\"article:modified_time\" content=\"2021-11-23T09:15:10+00:00\" \/>\n<meta name=\"author\" content=\"Acey\" \/>\n<meta name=\"twitter:card\" content=\"summary_large_image\" \/>\n<meta name=\"twitter:label1\" content=\"Written by\" \/>\n\t<meta name=\"twitter:data1\" content=\"Acey\" \/>\n<script type=\"application\/ld+json\" class=\"yoast-schema-graph\">{\"@context\":\"https:\\\/\\\/schema.org\",\"@graph\":[{\"@type\":\"Article\",\"@id\":\"https:\\\/\\\/staging.fbt-avocats.ch\\\/en\\\/distribution-de-placements-collectifs-de-capitaux\\\/#article\",\"isPartOf\":{\"@id\":\"https:\\\/\\\/staging.fbt-avocats.ch\\\/en\\\/distribution-de-placements-collectifs-de-capitaux\\\/\"},\"author\":{\"name\":\"Acey\",\"@id\":\"https:\\\/\\\/staging.fbt-avocats.ch\\\/#\\\/schema\\\/person\\\/fc6aec890aeb5ba75401bb59536340fb\"},\"headline\":\"16 avril 2013 &#8211; La distribution de placements collectifs de capitaux selon la LPPC r\u00e9vis\u00e9e\",\"datePublished\":\"2013-04-16T11:44:39+00:00\",\"dateModified\":\"2021-11-23T09:15:10+00:00\",\"mainEntityOfPage\":{\"@id\":\"https:\\\/\\\/staging.fbt-avocats.ch\\\/en\\\/distribution-de-placements-collectifs-de-capitaux\\\/\"},\"wordCount\":85,\"keywords\":[\"Academy et Finance\"],\"articleSection\":[\"Conferences\"],\"inLanguage\":\"en-US\"},{\"@type\":\"WebPage\",\"@id\":\"https:\\\/\\\/staging.fbt-avocats.ch\\\/en\\\/distribution-de-placements-collectifs-de-capitaux\\\/\",\"url\":\"https:\\\/\\\/staging.fbt-avocats.ch\\\/en\\\/distribution-de-placements-collectifs-de-capitaux\\\/\",\"name\":\"16 avril 2013 - La distribution de placements collectifs de capitaux selon la LPPC r\u00e9vis\u00e9e | FBT Avocats SA\",\"isPartOf\":{\"@id\":\"https:\\\/\\\/staging.fbt-avocats.ch\\\/#website\"},\"datePublished\":\"2013-04-16T11:44:39+00:00\",\"dateModified\":\"2021-11-23T09:15:10+00:00\",\"author\":{\"@id\":\"https:\\\/\\\/staging.fbt-avocats.ch\\\/#\\\/schema\\\/person\\\/fc6aec890aeb5ba75401bb59536340fb\"},\"breadcrumb\":{\"@id\":\"https:\\\/\\\/staging.fbt-avocats.ch\\\/en\\\/distribution-de-placements-collectifs-de-capitaux\\\/#breadcrumb\"},\"inLanguage\":\"en-US\",\"potentialAction\":[{\"@type\":\"ReadAction\",\"target\":[\"https:\\\/\\\/staging.fbt-avocats.ch\\\/en\\\/distribution-de-placements-collectifs-de-capitaux\\\/\"]}]},{\"@type\":\"BreadcrumbList\",\"@id\":\"https:\\\/\\\/staging.fbt-avocats.ch\\\/en\\\/distribution-de-placements-collectifs-de-capitaux\\\/#breadcrumb\",\"itemListElement\":[{\"@type\":\"ListItem\",\"position\":1,\"name\":\"Home\",\"item\":\"https:\\\/\\\/staging.fbt-avocats.ch\\\/en\\\/\"},{\"@type\":\"ListItem\",\"position\":2,\"name\":\"16 avril 2013 &#8211; La distribution de placements collectifs de capitaux selon la LPPC r\u00e9vis\u00e9e\"}]},{\"@type\":\"WebSite\",\"@id\":\"https:\\\/\\\/staging.fbt-avocats.ch\\\/#website\",\"url\":\"https:\\\/\\\/staging.fbt-avocats.ch\\\/\",\"name\":\"FBT Avocats SA\",\"description\":\"Etudes bas\u00e9es \u00e0 Gen\u00e8ve et Paris\",\"potentialAction\":[{\"@type\":\"SearchAction\",\"target\":{\"@type\":\"EntryPoint\",\"urlTemplate\":\"https:\\\/\\\/staging.fbt-avocats.ch\\\/?s={search_term_string}\"},\"query-input\":{\"@type\":\"PropertyValueSpecification\",\"valueRequired\":true,\"valueName\":\"search_term_string\"}}],\"inLanguage\":\"en-US\"},{\"@type\":\"Person\",\"@id\":\"https:\\\/\\\/staging.fbt-avocats.ch\\\/#\\\/schema\\\/person\\\/fc6aec890aeb5ba75401bb59536340fb\",\"name\":\"Acey\"}]}<\/script>\n<!-- \/ Yoast SEO Premium plugin. -->","yoast_head_json":{"title":"16 avril 2013 - La distribution de placements collectifs de capitaux selon la LPPC r\u00e9vis\u00e9e | FBT Avocats SA","robots":{"index":"noindex","follow":"follow","max-snippet":"max-snippet:-1","max-image-preview":"max-image-preview:large","max-video-preview":"max-video-preview:-1"},"og_locale":"en_US","og_type":"article","og_title":"16 avril 2013 - La distribution de placements collectifs de capitaux selon la LPPC r\u00e9vis\u00e9e","og_url":"https:\/\/staging.fbt-avocats.ch\/en\/distribution-de-placements-collectifs-de-capitaux\/","og_site_name":"FBT Avocats SA","article_published_time":"2013-04-16T11:44:39+00:00","article_modified_time":"2021-11-23T09:15:10+00:00","author":"Acey","twitter_card":"summary_large_image","twitter_misc":{"Written by":"Acey"},"schema":{"@context":"https:\/\/schema.org","@graph":[{"@type":"Article","@id":"https:\/\/staging.fbt-avocats.ch\/en\/distribution-de-placements-collectifs-de-capitaux\/#article","isPartOf":{"@id":"https:\/\/staging.fbt-avocats.ch\/en\/distribution-de-placements-collectifs-de-capitaux\/"},"author":{"name":"Acey","@id":"https:\/\/staging.fbt-avocats.ch\/#\/schema\/person\/fc6aec890aeb5ba75401bb59536340fb"},"headline":"16 avril 2013 &#8211; La distribution de placements collectifs de capitaux selon la LPPC r\u00e9vis\u00e9e","datePublished":"2013-04-16T11:44:39+00:00","dateModified":"2021-11-23T09:15:10+00:00","mainEntityOfPage":{"@id":"https:\/\/staging.fbt-avocats.ch\/en\/distribution-de-placements-collectifs-de-capitaux\/"},"wordCount":85,"keywords":["Academy et Finance"],"articleSection":["Conferences"],"inLanguage":"en-US"},{"@type":"WebPage","@id":"https:\/\/staging.fbt-avocats.ch\/en\/distribution-de-placements-collectifs-de-capitaux\/","url":"https:\/\/staging.fbt-avocats.ch\/en\/distribution-de-placements-collectifs-de-capitaux\/","name":"16 avril 2013 - La distribution de placements collectifs de capitaux selon la LPPC r\u00e9vis\u00e9e | FBT Avocats SA","isPartOf":{"@id":"https:\/\/staging.fbt-avocats.ch\/#website"},"datePublished":"2013-04-16T11:44:39+00:00","dateModified":"2021-11-23T09:15:10+00:00","author":{"@id":"https:\/\/staging.fbt-avocats.ch\/#\/schema\/person\/fc6aec890aeb5ba75401bb59536340fb"},"breadcrumb":{"@id":"https:\/\/staging.fbt-avocats.ch\/en\/distribution-de-placements-collectifs-de-capitaux\/#breadcrumb"},"inLanguage":"en-US","potentialAction":[{"@type":"ReadAction","target":["https:\/\/staging.fbt-avocats.ch\/en\/distribution-de-placements-collectifs-de-capitaux\/"]}]},{"@type":"BreadcrumbList","@id":"https:\/\/staging.fbt-avocats.ch\/en\/distribution-de-placements-collectifs-de-capitaux\/#breadcrumb","itemListElement":[{"@type":"ListItem","position":1,"name":"Home","item":"https:\/\/staging.fbt-avocats.ch\/en\/"},{"@type":"ListItem","position":2,"name":"16 avril 2013 &#8211; La distribution de placements collectifs de capitaux selon la LPPC r\u00e9vis\u00e9e"}]},{"@type":"WebSite","@id":"https:\/\/staging.fbt-avocats.ch\/#website","url":"https:\/\/staging.fbt-avocats.ch\/","name":"FBT Avocats SA","description":"Etudes bas\u00e9es \u00e0 Gen\u00e8ve et Paris","potentialAction":[{"@type":"SearchAction","target":{"@type":"EntryPoint","urlTemplate":"https:\/\/staging.fbt-avocats.ch\/?s={search_term_string}"},"query-input":{"@type":"PropertyValueSpecification","valueRequired":true,"valueName":"search_term_string"}}],"inLanguage":"en-US"},{"@type":"Person","@id":"https:\/\/staging.fbt-avocats.ch\/#\/schema\/person\/fc6aec890aeb5ba75401bb59536340fb","name":"Acey"}]}},"_links":{"self":[{"href":"https:\/\/staging.fbt-avocats.ch\/en\/wp-json\/wp\/v2\/posts\/16439","targetHints":{"allow":["GET"]}}],"collection":[{"href":"https:\/\/staging.fbt-avocats.ch\/en\/wp-json\/wp\/v2\/posts"}],"about":[{"href":"https:\/\/staging.fbt-avocats.ch\/en\/wp-json\/wp\/v2\/types\/post"}],"author":[{"embeddable":true,"href":"https:\/\/staging.fbt-avocats.ch\/en\/wp-json\/wp\/v2\/users\/2"}],"replies":[{"embeddable":true,"href":"https:\/\/staging.fbt-avocats.ch\/en\/wp-json\/wp\/v2\/comments?post=16439"}],"version-history":[{"count":0,"href":"https:\/\/staging.fbt-avocats.ch\/en\/wp-json\/wp\/v2\/posts\/16439\/revisions"}],"wp:attachment":[{"href":"https:\/\/staging.fbt-avocats.ch\/en\/wp-json\/wp\/v2\/media?parent=16439"}],"wp:term":[{"taxonomy":"category","embeddable":true,"href":"https:\/\/staging.fbt-avocats.ch\/en\/wp-json\/wp\/v2\/categories?post=16439"},{"taxonomy":"post_tag","embeddable":true,"href":"https:\/\/staging.fbt-avocats.ch\/en\/wp-json\/wp\/v2\/tags?post=16439"},{"taxonomy":"datespeciale","embeddable":true,"href":"https:\/\/staging.fbt-avocats.ch\/en\/wp-json\/wp\/v2\/datespeciale?post=16439"}],"curies":[{"name":"wp","href":"https:\/\/api.w.org\/{rel}","templated":true}]}}