{"id":16459,"date":"2010-05-06T16:21:13","date_gmt":"2010-05-06T15:21:13","guid":{"rendered":"https:\/\/www.fbt-avocats.ch\/relocation-to-switzerland-identification-of-tax-and-regulatory-issues-conference-collaboration-banque-lombard-odier-darier-hentsch-letude-laven-partners\/"},"modified":"2019-11-19T12:09:04","modified_gmt":"2019-11-19T11:09:04","slug":"relocation-to-switzerland-identification-of-tax-and-regulatory-issues-conference-collaboration-banque-lombard-odier-darier-hentsch-letude-laven-partners","status":"publish","type":"post","link":"https:\/\/staging.fbt-avocats.ch\/en\/relocation-to-switzerland-identification-of-tax-and-regulatory-issues-conference-collaboration-banque-lombard-odier-darier-hentsch-letude-laven-partners\/","title":{"rendered":"6 mai 2010 &#8211; Relocation to Switzerland \u2013 Identification of tax and regulatory issues : conf\u00e9rence en collaboration avec la banque Lombard Odier Darier Hentsch et l\u2019Etude Laven Partners"},"content":{"rendered":"\n<style type=\"text\/css\" data-created_by=\"avia_inline_auto\" id=\"style-css-av-k35r98ey-bb34e5a44a63c9e21289b0f493086c9a\">\n#top .av-special-heading.av-k35r98ey-bb34e5a44a63c9e21289b0f493086c9a{\npadding-bottom:10px;\nfont-size:26px;\n}\nbody .av-special-heading.av-k35r98ey-bb34e5a44a63c9e21289b0f493086c9a .av-special-heading-tag .heading-char{\nfont-size:25px;\n}\n#top #wrap_all .av-special-heading.av-k35r98ey-bb34e5a44a63c9e21289b0f493086c9a .av-special-heading-tag{\nfont-size:26px;\n}\n.av-special-heading.av-k35r98ey-bb34e5a44a63c9e21289b0f493086c9a .av-subheading{\nfont-size:15px;\n}\n\n@media only screen and (min-width: 480px) and (max-width: 767px){ \n#top #wrap_all .av-special-heading.av-k35r98ey-bb34e5a44a63c9e21289b0f493086c9a .av-special-heading-tag{\nfont-size:0.8em;\n}\n}\n\n@media only screen and (max-width: 479px){ \n#top #wrap_all .av-special-heading.av-k35r98ey-bb34e5a44a63c9e21289b0f493086c9a .av-special-heading-tag{\nfont-size:0.8em;\n}\n}\n<\/style>\n<div  class='av-special-heading av-k35r98ey-bb34e5a44a63c9e21289b0f493086c9a av-special-heading-h1 blockquote modern-quote  avia-builder-el-0  avia-builder-el-no-sibling  av-inherit-size'><h1 class='av-special-heading-tag '  itemprop=\"headline\"  >Relocation to Switzerland \u2013 Identification of tax and regulatory issues : conf\u00e9rence en collaboration avec la banque Lombard Odier Darier Hentsch et l\u2019Etude Laven Partners<\/h1><div class='av-subheading av-subheading_below'><p>6 mai 2010<br \/>\nMichel Abt<\/p>\n<\/div><div class=\"special-heading-border\"><div class=\"special-heading-inner-border\"><\/div><\/div><\/div>\n","protected":false},"excerpt":{"rendered":"","protected":false},"author":2,"featured_media":0,"comment_status":"closed","ping_status":"closed","sticky":false,"template":"","format":"standard","meta":{"footnotes":""},"categories":[52],"tags":[498],"datespeciale":[],"class_list":["post-16459","post","type-post","status-publish","format-standard","hentry","category-en-conferences","tag-identification-of-tax-and-regulatory-issues-conference-en-collaboration-avec-la-banque-lombard-odier-darier-hentsch-et-letude-laven-partners-en","auteurs-michel-abt-en","date-publication-2010-en","diffusion-conferences-en"],"yoast_head":"<!-- This site is optimized with the Yoast SEO Premium plugin v27.4 (Yoast SEO v27.4) - https:\/\/yoast.com\/product\/yoast-seo-premium-wordpress\/ -->\n<title>6 mai 2010 - Relocation to Switzerland \u2013 Identification of tax and regulatory issues : conf\u00e9rence en collaboration avec la banque Lombard Odier Darier Hentsch et l\u2019Etude Laven Partners | FBT Avocats SA<\/title>\n<meta name=\"robots\" content=\"noindex, follow, max-snippet:-1, max-image-preview:large, max-video-preview:-1\" \/>\n<meta property=\"og:locale\" content=\"en_US\" \/>\n<meta property=\"og:type\" content=\"article\" \/>\n<meta property=\"og:title\" content=\"6 mai 2010 - Relocation to Switzerland \u2013 Identification of tax and regulatory issues : conf\u00e9rence en collaboration avec la banque Lombard Odier Darier Hentsch et l\u2019Etude Laven Partners\" \/>\n<meta property=\"og:url\" content=\"https:\/\/staging.fbt-avocats.ch\/en\/relocation-to-switzerland-identification-of-tax-and-regulatory-issues-conference-collaboration-banque-lombard-odier-darier-hentsch-letude-laven-partners\/\" \/>\n<meta property=\"og:site_name\" content=\"FBT Avocats SA\" \/>\n<meta property=\"article:published_time\" content=\"2010-05-06T15:21:13+00:00\" \/>\n<meta property=\"article:modified_time\" content=\"2019-11-19T11:09:04+00:00\" \/>\n<meta name=\"author\" content=\"Acey\" \/>\n<meta name=\"twitter:card\" content=\"summary_large_image\" \/>\n<meta name=\"twitter:label1\" content=\"Written by\" \/>\n\t<meta name=\"twitter:data1\" content=\"Acey\" \/>\n<script type=\"application\/ld+json\" class=\"yoast-schema-graph\">{\"@context\":\"https:\\\/\\\/schema.org\",\"@graph\":[{\"@type\":\"Article\",\"@id\":\"https:\\\/\\\/staging.fbt-avocats.ch\\\/en\\\/relocation-to-switzerland-identification-of-tax-and-regulatory-issues-conference-collaboration-banque-lombard-odier-darier-hentsch-letude-laven-partners\\\/#article\",\"isPartOf\":{\"@id\":\"https:\\\/\\\/staging.fbt-avocats.ch\\\/en\\\/relocation-to-switzerland-identification-of-tax-and-regulatory-issues-conference-collaboration-banque-lombard-odier-darier-hentsch-letude-laven-partners\\\/\"},\"author\":{\"name\":\"Acey\",\"@id\":\"https:\\\/\\\/staging.fbt-avocats.ch\\\/#\\\/schema\\\/person\\\/fc6aec890aeb5ba75401bb59536340fb\"},\"headline\":\"6 mai 2010 &#8211; Relocation to Switzerland \u2013 Identification of tax and regulatory issues : conf\u00e9rence en collaboration avec la banque Lombard Odier Darier Hentsch et l\u2019Etude Laven Partners\",\"datePublished\":\"2010-05-06T15:21:13+00:00\",\"dateModified\":\"2019-11-19T11:09:04+00:00\",\"mainEntityOfPage\":{\"@id\":\"https:\\\/\\\/staging.fbt-avocats.ch\\\/en\\\/relocation-to-switzerland-identification-of-tax-and-regulatory-issues-conference-collaboration-banque-lombard-odier-darier-hentsch-letude-laven-partners\\\/\"},\"wordCount\":103,\"keywords\":[\"Identification of tax and regulatory issues : conf\u00e9rence en collaboration avec la banque Lombard Odier Darier Hentsch et l\u2019Etude Laven Partners\"],\"articleSection\":[\"Conferences\"],\"inLanguage\":\"en-US\"},{\"@type\":\"WebPage\",\"@id\":\"https:\\\/\\\/staging.fbt-avocats.ch\\\/en\\\/relocation-to-switzerland-identification-of-tax-and-regulatory-issues-conference-collaboration-banque-lombard-odier-darier-hentsch-letude-laven-partners\\\/\",\"url\":\"https:\\\/\\\/staging.fbt-avocats.ch\\\/en\\\/relocation-to-switzerland-identification-of-tax-and-regulatory-issues-conference-collaboration-banque-lombard-odier-darier-hentsch-letude-laven-partners\\\/\",\"name\":\"6 mai 2010 - Relocation to Switzerland \u2013 Identification of tax and regulatory issues : conf\u00e9rence en collaboration avec la banque Lombard Odier Darier Hentsch et l\u2019Etude Laven Partners | FBT Avocats SA\",\"isPartOf\":{\"@id\":\"https:\\\/\\\/staging.fbt-avocats.ch\\\/#website\"},\"datePublished\":\"2010-05-06T15:21:13+00:00\",\"dateModified\":\"2019-11-19T11:09:04+00:00\",\"author\":{\"@id\":\"https:\\\/\\\/staging.fbt-avocats.ch\\\/#\\\/schema\\\/person\\\/fc6aec890aeb5ba75401bb59536340fb\"},\"breadcrumb\":{\"@id\":\"https:\\\/\\\/staging.fbt-avocats.ch\\\/en\\\/relocation-to-switzerland-identification-of-tax-and-regulatory-issues-conference-collaboration-banque-lombard-odier-darier-hentsch-letude-laven-partners\\\/#breadcrumb\"},\"inLanguage\":\"en-US\",\"potentialAction\":[{\"@type\":\"ReadAction\",\"target\":[\"https:\\\/\\\/staging.fbt-avocats.ch\\\/en\\\/relocation-to-switzerland-identification-of-tax-and-regulatory-issues-conference-collaboration-banque-lombard-odier-darier-hentsch-letude-laven-partners\\\/\"]}]},{\"@type\":\"BreadcrumbList\",\"@id\":\"https:\\\/\\\/staging.fbt-avocats.ch\\\/en\\\/relocation-to-switzerland-identification-of-tax-and-regulatory-issues-conference-collaboration-banque-lombard-odier-darier-hentsch-letude-laven-partners\\\/#breadcrumb\",\"itemListElement\":[{\"@type\":\"ListItem\",\"position\":1,\"name\":\"Home\",\"item\":\"https:\\\/\\\/staging.fbt-avocats.ch\\\/en\\\/\"},{\"@type\":\"ListItem\",\"position\":2,\"name\":\"6 mai 2010 &#8211; Relocation to Switzerland \u2013 Identification of tax and regulatory issues : conf\u00e9rence en collaboration avec la banque Lombard Odier Darier Hentsch et l\u2019Etude Laven Partners\"}]},{\"@type\":\"WebSite\",\"@id\":\"https:\\\/\\\/staging.fbt-avocats.ch\\\/#website\",\"url\":\"https:\\\/\\\/staging.fbt-avocats.ch\\\/\",\"name\":\"FBT Avocats SA\",\"description\":\"Etudes bas\u00e9es \u00e0 Gen\u00e8ve et Paris\",\"potentialAction\":[{\"@type\":\"SearchAction\",\"target\":{\"@type\":\"EntryPoint\",\"urlTemplate\":\"https:\\\/\\\/staging.fbt-avocats.ch\\\/?s={search_term_string}\"},\"query-input\":{\"@type\":\"PropertyValueSpecification\",\"valueRequired\":true,\"valueName\":\"search_term_string\"}}],\"inLanguage\":\"en-US\"},{\"@type\":\"Person\",\"@id\":\"https:\\\/\\\/staging.fbt-avocats.ch\\\/#\\\/schema\\\/person\\\/fc6aec890aeb5ba75401bb59536340fb\",\"name\":\"Acey\"}]}<\/script>\n<!-- \/ Yoast SEO Premium plugin. -->","yoast_head_json":{"title":"6 mai 2010 - Relocation to Switzerland \u2013 Identification of tax and regulatory issues : conf\u00e9rence en collaboration avec la banque Lombard Odier Darier Hentsch et l\u2019Etude Laven Partners | FBT Avocats SA","robots":{"index":"noindex","follow":"follow","max-snippet":"max-snippet:-1","max-image-preview":"max-image-preview:large","max-video-preview":"max-video-preview:-1"},"og_locale":"en_US","og_type":"article","og_title":"6 mai 2010 - Relocation to Switzerland \u2013 Identification of tax and regulatory issues : conf\u00e9rence en collaboration avec la banque Lombard Odier Darier Hentsch et l\u2019Etude Laven Partners","og_url":"https:\/\/staging.fbt-avocats.ch\/en\/relocation-to-switzerland-identification-of-tax-and-regulatory-issues-conference-collaboration-banque-lombard-odier-darier-hentsch-letude-laven-partners\/","og_site_name":"FBT Avocats SA","article_published_time":"2010-05-06T15:21:13+00:00","article_modified_time":"2019-11-19T11:09:04+00:00","author":"Acey","twitter_card":"summary_large_image","twitter_misc":{"Written by":"Acey"},"schema":{"@context":"https:\/\/schema.org","@graph":[{"@type":"Article","@id":"https:\/\/staging.fbt-avocats.ch\/en\/relocation-to-switzerland-identification-of-tax-and-regulatory-issues-conference-collaboration-banque-lombard-odier-darier-hentsch-letude-laven-partners\/#article","isPartOf":{"@id":"https:\/\/staging.fbt-avocats.ch\/en\/relocation-to-switzerland-identification-of-tax-and-regulatory-issues-conference-collaboration-banque-lombard-odier-darier-hentsch-letude-laven-partners\/"},"author":{"name":"Acey","@id":"https:\/\/staging.fbt-avocats.ch\/#\/schema\/person\/fc6aec890aeb5ba75401bb59536340fb"},"headline":"6 mai 2010 &#8211; Relocation to Switzerland \u2013 Identification of tax and regulatory issues : conf\u00e9rence en collaboration avec la banque Lombard Odier Darier Hentsch et l\u2019Etude Laven Partners","datePublished":"2010-05-06T15:21:13+00:00","dateModified":"2019-11-19T11:09:04+00:00","mainEntityOfPage":{"@id":"https:\/\/staging.fbt-avocats.ch\/en\/relocation-to-switzerland-identification-of-tax-and-regulatory-issues-conference-collaboration-banque-lombard-odier-darier-hentsch-letude-laven-partners\/"},"wordCount":103,"keywords":["Identification of tax and regulatory issues : conf\u00e9rence en collaboration avec la banque Lombard Odier Darier Hentsch et l\u2019Etude Laven Partners"],"articleSection":["Conferences"],"inLanguage":"en-US"},{"@type":"WebPage","@id":"https:\/\/staging.fbt-avocats.ch\/en\/relocation-to-switzerland-identification-of-tax-and-regulatory-issues-conference-collaboration-banque-lombard-odier-darier-hentsch-letude-laven-partners\/","url":"https:\/\/staging.fbt-avocats.ch\/en\/relocation-to-switzerland-identification-of-tax-and-regulatory-issues-conference-collaboration-banque-lombard-odier-darier-hentsch-letude-laven-partners\/","name":"6 mai 2010 - Relocation to Switzerland \u2013 Identification of tax and regulatory issues : conf\u00e9rence en collaboration avec la banque Lombard Odier Darier Hentsch et l\u2019Etude Laven Partners | FBT Avocats SA","isPartOf":{"@id":"https:\/\/staging.fbt-avocats.ch\/#website"},"datePublished":"2010-05-06T15:21:13+00:00","dateModified":"2019-11-19T11:09:04+00:00","author":{"@id":"https:\/\/staging.fbt-avocats.ch\/#\/schema\/person\/fc6aec890aeb5ba75401bb59536340fb"},"breadcrumb":{"@id":"https:\/\/staging.fbt-avocats.ch\/en\/relocation-to-switzerland-identification-of-tax-and-regulatory-issues-conference-collaboration-banque-lombard-odier-darier-hentsch-letude-laven-partners\/#breadcrumb"},"inLanguage":"en-US","potentialAction":[{"@type":"ReadAction","target":["https:\/\/staging.fbt-avocats.ch\/en\/relocation-to-switzerland-identification-of-tax-and-regulatory-issues-conference-collaboration-banque-lombard-odier-darier-hentsch-letude-laven-partners\/"]}]},{"@type":"BreadcrumbList","@id":"https:\/\/staging.fbt-avocats.ch\/en\/relocation-to-switzerland-identification-of-tax-and-regulatory-issues-conference-collaboration-banque-lombard-odier-darier-hentsch-letude-laven-partners\/#breadcrumb","itemListElement":[{"@type":"ListItem","position":1,"name":"Home","item":"https:\/\/staging.fbt-avocats.ch\/en\/"},{"@type":"ListItem","position":2,"name":"6 mai 2010 &#8211; Relocation to Switzerland \u2013 Identification of tax and regulatory issues : conf\u00e9rence en collaboration avec la banque Lombard Odier Darier Hentsch et l\u2019Etude Laven Partners"}]},{"@type":"WebSite","@id":"https:\/\/staging.fbt-avocats.ch\/#website","url":"https:\/\/staging.fbt-avocats.ch\/","name":"FBT Avocats SA","description":"Etudes bas\u00e9es \u00e0 Gen\u00e8ve et Paris","potentialAction":[{"@type":"SearchAction","target":{"@type":"EntryPoint","urlTemplate":"https:\/\/staging.fbt-avocats.ch\/?s={search_term_string}"},"query-input":{"@type":"PropertyValueSpecification","valueRequired":true,"valueName":"search_term_string"}}],"inLanguage":"en-US"},{"@type":"Person","@id":"https:\/\/staging.fbt-avocats.ch\/#\/schema\/person\/fc6aec890aeb5ba75401bb59536340fb","name":"Acey"}]}},"_links":{"self":[{"href":"https:\/\/staging.fbt-avocats.ch\/en\/wp-json\/wp\/v2\/posts\/16459","targetHints":{"allow":["GET"]}}],"collection":[{"href":"https:\/\/staging.fbt-avocats.ch\/en\/wp-json\/wp\/v2\/posts"}],"about":[{"href":"https:\/\/staging.fbt-avocats.ch\/en\/wp-json\/wp\/v2\/types\/post"}],"author":[{"embeddable":true,"href":"https:\/\/staging.fbt-avocats.ch\/en\/wp-json\/wp\/v2\/users\/2"}],"replies":[{"embeddable":true,"href":"https:\/\/staging.fbt-avocats.ch\/en\/wp-json\/wp\/v2\/comments?post=16459"}],"version-history":[{"count":0,"href":"https:\/\/staging.fbt-avocats.ch\/en\/wp-json\/wp\/v2\/posts\/16459\/revisions"}],"wp:attachment":[{"href":"https:\/\/staging.fbt-avocats.ch\/en\/wp-json\/wp\/v2\/media?parent=16459"}],"wp:term":[{"taxonomy":"category","embeddable":true,"href":"https:\/\/staging.fbt-avocats.ch\/en\/wp-json\/wp\/v2\/categories?post=16459"},{"taxonomy":"post_tag","embeddable":true,"href":"https:\/\/staging.fbt-avocats.ch\/en\/wp-json\/wp\/v2\/tags?post=16459"},{"taxonomy":"datespeciale","embeddable":true,"href":"https:\/\/staging.fbt-avocats.ch\/en\/wp-json\/wp\/v2\/datespeciale?post=16459"}],"curies":[{"name":"wp","href":"https:\/\/api.w.org\/{rel}","templated":true}]}}