{"id":16476,"date":"2001-02-06T16:57:27","date_gmt":"2001-02-06T15:57:27","guid":{"rendered":"https:\/\/www.fbt-avocats.ch\/proteger-reseau-informatique-respectant-privacy-de-vos-collaborateurs-protection-juridique-de-sphere-privee-collaborateurs-regard-outils-de-protection-de\/"},"modified":"2022-04-05T16:11:41","modified_gmt":"2022-04-05T15:11:41","slug":"proteger-reseau-informatique-respectant-privacy-de-vos-collaborateurs-protection-juridique-de-sphere-privee-collaborateurs-regard-outils-de-protection-de","status":"publish","type":"post","link":"https:\/\/staging.fbt-avocats.ch\/en\/proteger-reseau-informatique-respectant-privacy-de-vos-collaborateurs-protection-juridique-de-sphere-privee-collaborateurs-regard-outils-de-protection-de\/","title":{"rendered":"6-8 f\u00e9vrier 2001 &#8211; Comment prot\u00e9ger votre r\u00e9seau informatique tout en respectant la privacy de vos collaborateurs : La protection juridique de la sph\u00e8re priv\u00e9e des collaborateurs au regard des outils de protection et de surveillance d\u2019un r\u00e9seau d\u2019entreprise"},"content":{"rendered":"\n<style type=\"text\/css\" data-created_by=\"avia_inline_auto\" id=\"style-css-av-k35xjpv4-d4e8e5939165299934b464a0ff27953c\">\n#top .av-special-heading.av-k35xjpv4-d4e8e5939165299934b464a0ff27953c{\npadding-bottom:10px;\nfont-size:26px;\n}\nbody .av-special-heading.av-k35xjpv4-d4e8e5939165299934b464a0ff27953c .av-special-heading-tag .heading-char{\nfont-size:25px;\n}\n#top #wrap_all .av-special-heading.av-k35xjpv4-d4e8e5939165299934b464a0ff27953c .av-special-heading-tag{\nfont-size:26px;\n}\n.av-special-heading.av-k35xjpv4-d4e8e5939165299934b464a0ff27953c .av-subheading{\nfont-size:15px;\n}\n\n@media only screen and (min-width: 480px) and (max-width: 767px){ \n#top #wrap_all .av-special-heading.av-k35xjpv4-d4e8e5939165299934b464a0ff27953c .av-special-heading-tag{\nfont-size:0.8em;\n}\n}\n\n@media only screen and (max-width: 479px){ \n#top #wrap_all .av-special-heading.av-k35xjpv4-d4e8e5939165299934b464a0ff27953c .av-special-heading-tag{\nfont-size:0.8em;\n}\n}\n<\/style>\n<div  class='av-special-heading av-k35xjpv4-d4e8e5939165299934b464a0ff27953c av-special-heading-h1 blockquote modern-quote  avia-builder-el-0  el_before_av_hr  avia-builder-el-first  av-inherit-size'><h1 class='av-special-heading-tag '  itemprop=\"headline\"  >Comment prot\u00e9ger votre r\u00e9seau informatique tout en respectant la privacy de vos collaborateurs : La protection juridique de la sph\u00e8re priv\u00e9e des collaborateurs au regard des outils de protection et de surveillance d\u2019un r\u00e9seau d\u2019entreprise<\/h1><div class='av-subheading av-subheading_below'><p>Journ\u00e9es \u00ab S\u00e9curit\u00e9 informatique \u00bb \u2013 6-8 f\u00e9vrier 2001<br \/>\nJean-Louis Tsimaratos, Marco Villa<\/p>\n<\/div><div class=\"special-heading-border\"><div class=\"special-heading-inner-border\"><\/div><\/div><\/div>\n\n<style type=\"text\/css\" data-created_by=\"avia_inline_auto\" id=\"style-css-av-20fvoo-80a446c0262cef8430d58c45023991b8\">\n#top .hr.hr-invisible.av-20fvoo-80a446c0262cef8430d58c45023991b8{\nheight:20px;\n}\n<\/style>\n<div  class='hr av-20fvoo-80a446c0262cef8430d58c45023991b8 hr-invisible  avia-builder-el-1  el_after_av_heading  avia-builder-el-last '><span class='hr-inner '><span class=\"hr-inner-style\"><\/span><\/span><\/div>\n","protected":false},"excerpt":{"rendered":"","protected":false},"author":2,"featured_media":0,"comment_status":"closed","ping_status":"closed","sticky":false,"template":"","format":"standard","meta":{"footnotes":""},"categories":[52],"tags":[476],"datespeciale":[],"class_list":["post-16476","post","type-post","status-publish","format-standard","hentry","category-en-conferences","tag-journees-securite-informatique-en","auteurs-jean-louis-tsimaratos-en","auteurs-marco-villa-en","date-publication-2001-en","diffusion-conferences-en"],"yoast_head":"<!-- This site is optimized with the Yoast SEO Premium plugin v27.4 (Yoast SEO v27.4) - https:\/\/yoast.com\/product\/yoast-seo-premium-wordpress\/ -->\n<title>6-8 f\u00e9vrier 2001 - Comment prot\u00e9ger votre r\u00e9seau informatique tout en respectant la privacy de vos collaborateurs : La protection juridique de la sph\u00e8re priv\u00e9e des collaborateurs au regard des outils de protection et de surveillance d\u2019un r\u00e9seau d\u2019entreprise | FBT Avocats SA<\/title>\n<meta name=\"robots\" content=\"noindex, follow, max-snippet:-1, max-image-preview:large, max-video-preview:-1\" \/>\n<meta property=\"og:locale\" content=\"en_US\" \/>\n<meta property=\"og:type\" content=\"article\" \/>\n<meta property=\"og:title\" content=\"6-8 f\u00e9vrier 2001 - Comment prot\u00e9ger votre r\u00e9seau informatique tout en respectant la privacy de vos collaborateurs : La protection juridique de la sph\u00e8re priv\u00e9e des collaborateurs au regard des outils de protection et de surveillance d\u2019un r\u00e9seau d\u2019entreprise\" \/>\n<meta property=\"og:url\" content=\"https:\/\/staging.fbt-avocats.ch\/en\/proteger-reseau-informatique-respectant-privacy-de-vos-collaborateurs-protection-juridique-de-sphere-privee-collaborateurs-regard-outils-de-protection-de\/\" \/>\n<meta property=\"og:site_name\" content=\"FBT Avocats SA\" \/>\n<meta property=\"article:published_time\" content=\"2001-02-06T15:57:27+00:00\" \/>\n<meta property=\"article:modified_time\" content=\"2022-04-05T15:11:41+00:00\" \/>\n<meta name=\"author\" content=\"Acey\" \/>\n<meta name=\"twitter:card\" content=\"summary_large_image\" \/>\n<meta name=\"twitter:label1\" content=\"Written by\" \/>\n\t<meta name=\"twitter:data1\" content=\"Acey\" \/>\n\t<meta name=\"twitter:label2\" content=\"Est. reading time\" \/>\n\t<meta name=\"twitter:data2\" content=\"1 minute\" \/>\n<script type=\"application\/ld+json\" class=\"yoast-schema-graph\">{\"@context\":\"https:\\\/\\\/schema.org\",\"@graph\":[{\"@type\":\"Article\",\"@id\":\"https:\\\/\\\/staging.fbt-avocats.ch\\\/en\\\/proteger-reseau-informatique-respectant-privacy-de-vos-collaborateurs-protection-juridique-de-sphere-privee-collaborateurs-regard-outils-de-protection-de\\\/#article\",\"isPartOf\":{\"@id\":\"https:\\\/\\\/staging.fbt-avocats.ch\\\/en\\\/proteger-reseau-informatique-respectant-privacy-de-vos-collaborateurs-protection-juridique-de-sphere-privee-collaborateurs-regard-outils-de-protection-de\\\/\"},\"author\":{\"name\":\"Acey\",\"@id\":\"https:\\\/\\\/staging.fbt-avocats.ch\\\/en\\\/#\\\/schema\\\/person\\\/fc6aec890aeb5ba75401bb59536340fb\"},\"headline\":\"6-8 f\u00e9vrier 2001 &#8211; Comment prot\u00e9ger votre r\u00e9seau informatique tout en respectant la privacy de vos collaborateurs : La protection juridique de la sph\u00e8re priv\u00e9e des collaborateurs au regard des outils de protection et de surveillance d\u2019un r\u00e9seau d\u2019entreprise\",\"datePublished\":\"2001-02-06T15:57:27+00:00\",\"dateModified\":\"2022-04-05T15:11:41+00:00\",\"mainEntityOfPage\":{\"@id\":\"https:\\\/\\\/staging.fbt-avocats.ch\\\/en\\\/proteger-reseau-informatique-respectant-privacy-de-vos-collaborateurs-protection-juridique-de-sphere-privee-collaborateurs-regard-outils-de-protection-de\\\/\"},\"wordCount\":185,\"keywords\":[\"Journ\u00e9es \u00ab S\u00e9curit\u00e9 informatique \u00bb\"],\"articleSection\":[\"Conferences\"],\"inLanguage\":\"en-US\"},{\"@type\":\"WebPage\",\"@id\":\"https:\\\/\\\/staging.fbt-avocats.ch\\\/en\\\/proteger-reseau-informatique-respectant-privacy-de-vos-collaborateurs-protection-juridique-de-sphere-privee-collaborateurs-regard-outils-de-protection-de\\\/\",\"url\":\"https:\\\/\\\/staging.fbt-avocats.ch\\\/en\\\/proteger-reseau-informatique-respectant-privacy-de-vos-collaborateurs-protection-juridique-de-sphere-privee-collaborateurs-regard-outils-de-protection-de\\\/\",\"name\":\"6-8 f\u00e9vrier 2001 - Comment prot\u00e9ger votre r\u00e9seau informatique tout en respectant la privacy de vos collaborateurs : La protection juridique de la sph\u00e8re priv\u00e9e des collaborateurs au regard des outils de protection et de surveillance d\u2019un r\u00e9seau d\u2019entreprise | FBT Avocats SA\",\"isPartOf\":{\"@id\":\"https:\\\/\\\/staging.fbt-avocats.ch\\\/en\\\/#website\"},\"datePublished\":\"2001-02-06T15:57:27+00:00\",\"dateModified\":\"2022-04-05T15:11:41+00:00\",\"author\":{\"@id\":\"https:\\\/\\\/staging.fbt-avocats.ch\\\/en\\\/#\\\/schema\\\/person\\\/fc6aec890aeb5ba75401bb59536340fb\"},\"breadcrumb\":{\"@id\":\"https:\\\/\\\/staging.fbt-avocats.ch\\\/en\\\/proteger-reseau-informatique-respectant-privacy-de-vos-collaborateurs-protection-juridique-de-sphere-privee-collaborateurs-regard-outils-de-protection-de\\\/#breadcrumb\"},\"inLanguage\":\"en-US\",\"potentialAction\":[{\"@type\":\"ReadAction\",\"target\":[\"https:\\\/\\\/staging.fbt-avocats.ch\\\/en\\\/proteger-reseau-informatique-respectant-privacy-de-vos-collaborateurs-protection-juridique-de-sphere-privee-collaborateurs-regard-outils-de-protection-de\\\/\"]}]},{\"@type\":\"BreadcrumbList\",\"@id\":\"https:\\\/\\\/staging.fbt-avocats.ch\\\/en\\\/proteger-reseau-informatique-respectant-privacy-de-vos-collaborateurs-protection-juridique-de-sphere-privee-collaborateurs-regard-outils-de-protection-de\\\/#breadcrumb\",\"itemListElement\":[{\"@type\":\"ListItem\",\"position\":1,\"name\":\"Home\",\"item\":\"https:\\\/\\\/staging.fbt-avocats.ch\\\/en\\\/\"},{\"@type\":\"ListItem\",\"position\":2,\"name\":\"6-8 f\u00e9vrier 2001 &#8211; Comment prot\u00e9ger votre r\u00e9seau informatique tout en respectant la privacy de vos collaborateurs : La protection juridique de la sph\u00e8re priv\u00e9e des collaborateurs au regard des outils de protection et de surveillance d\u2019un r\u00e9seau d\u2019entreprise\"}]},{\"@type\":\"WebSite\",\"@id\":\"https:\\\/\\\/staging.fbt-avocats.ch\\\/en\\\/#website\",\"url\":\"https:\\\/\\\/staging.fbt-avocats.ch\\\/en\\\/\",\"name\":\"FBT Avocats SA\",\"description\":\"Etudes bas\u00e9es \u00e0 Gen\u00e8ve et Paris\",\"potentialAction\":[{\"@type\":\"SearchAction\",\"target\":{\"@type\":\"EntryPoint\",\"urlTemplate\":\"https:\\\/\\\/staging.fbt-avocats.ch\\\/en\\\/?s={search_term_string}\"},\"query-input\":{\"@type\":\"PropertyValueSpecification\",\"valueRequired\":true,\"valueName\":\"search_term_string\"}}],\"inLanguage\":\"en-US\"},{\"@type\":\"Person\",\"@id\":\"https:\\\/\\\/staging.fbt-avocats.ch\\\/en\\\/#\\\/schema\\\/person\\\/fc6aec890aeb5ba75401bb59536340fb\",\"name\":\"Acey\"}]}<\/script>\n<!-- \/ Yoast SEO Premium plugin. -->","yoast_head_json":{"title":"6-8 f\u00e9vrier 2001 - Comment prot\u00e9ger votre r\u00e9seau informatique tout en respectant la privacy de vos collaborateurs : La protection juridique de la sph\u00e8re priv\u00e9e des collaborateurs au regard des outils de protection et de surveillance d\u2019un r\u00e9seau d\u2019entreprise | FBT Avocats SA","robots":{"index":"noindex","follow":"follow","max-snippet":"max-snippet:-1","max-image-preview":"max-image-preview:large","max-video-preview":"max-video-preview:-1"},"og_locale":"en_US","og_type":"article","og_title":"6-8 f\u00e9vrier 2001 - Comment prot\u00e9ger votre r\u00e9seau informatique tout en respectant la privacy de vos collaborateurs : La protection juridique de la sph\u00e8re priv\u00e9e des collaborateurs au regard des outils de protection et de surveillance d\u2019un r\u00e9seau d\u2019entreprise","og_url":"https:\/\/staging.fbt-avocats.ch\/en\/proteger-reseau-informatique-respectant-privacy-de-vos-collaborateurs-protection-juridique-de-sphere-privee-collaborateurs-regard-outils-de-protection-de\/","og_site_name":"FBT Avocats SA","article_published_time":"2001-02-06T15:57:27+00:00","article_modified_time":"2022-04-05T15:11:41+00:00","author":"Acey","twitter_card":"summary_large_image","twitter_misc":{"Written by":"Acey","Est. reading time":"1 minute"},"schema":{"@context":"https:\/\/schema.org","@graph":[{"@type":"Article","@id":"https:\/\/staging.fbt-avocats.ch\/en\/proteger-reseau-informatique-respectant-privacy-de-vos-collaborateurs-protection-juridique-de-sphere-privee-collaborateurs-regard-outils-de-protection-de\/#article","isPartOf":{"@id":"https:\/\/staging.fbt-avocats.ch\/en\/proteger-reseau-informatique-respectant-privacy-de-vos-collaborateurs-protection-juridique-de-sphere-privee-collaborateurs-regard-outils-de-protection-de\/"},"author":{"name":"Acey","@id":"https:\/\/staging.fbt-avocats.ch\/en\/#\/schema\/person\/fc6aec890aeb5ba75401bb59536340fb"},"headline":"6-8 f\u00e9vrier 2001 &#8211; Comment prot\u00e9ger votre r\u00e9seau informatique tout en respectant la privacy de vos collaborateurs : La protection juridique de la sph\u00e8re priv\u00e9e des collaborateurs au regard des outils de protection et de surveillance d\u2019un r\u00e9seau d\u2019entreprise","datePublished":"2001-02-06T15:57:27+00:00","dateModified":"2022-04-05T15:11:41+00:00","mainEntityOfPage":{"@id":"https:\/\/staging.fbt-avocats.ch\/en\/proteger-reseau-informatique-respectant-privacy-de-vos-collaborateurs-protection-juridique-de-sphere-privee-collaborateurs-regard-outils-de-protection-de\/"},"wordCount":185,"keywords":["Journ\u00e9es \u00ab S\u00e9curit\u00e9 informatique \u00bb"],"articleSection":["Conferences"],"inLanguage":"en-US"},{"@type":"WebPage","@id":"https:\/\/staging.fbt-avocats.ch\/en\/proteger-reseau-informatique-respectant-privacy-de-vos-collaborateurs-protection-juridique-de-sphere-privee-collaborateurs-regard-outils-de-protection-de\/","url":"https:\/\/staging.fbt-avocats.ch\/en\/proteger-reseau-informatique-respectant-privacy-de-vos-collaborateurs-protection-juridique-de-sphere-privee-collaborateurs-regard-outils-de-protection-de\/","name":"6-8 f\u00e9vrier 2001 - Comment prot\u00e9ger votre r\u00e9seau informatique tout en respectant la privacy de vos collaborateurs : La protection juridique de la sph\u00e8re priv\u00e9e des collaborateurs au regard des outils de protection et de surveillance d\u2019un r\u00e9seau d\u2019entreprise | FBT Avocats SA","isPartOf":{"@id":"https:\/\/staging.fbt-avocats.ch\/en\/#website"},"datePublished":"2001-02-06T15:57:27+00:00","dateModified":"2022-04-05T15:11:41+00:00","author":{"@id":"https:\/\/staging.fbt-avocats.ch\/en\/#\/schema\/person\/fc6aec890aeb5ba75401bb59536340fb"},"breadcrumb":{"@id":"https:\/\/staging.fbt-avocats.ch\/en\/proteger-reseau-informatique-respectant-privacy-de-vos-collaborateurs-protection-juridique-de-sphere-privee-collaborateurs-regard-outils-de-protection-de\/#breadcrumb"},"inLanguage":"en-US","potentialAction":[{"@type":"ReadAction","target":["https:\/\/staging.fbt-avocats.ch\/en\/proteger-reseau-informatique-respectant-privacy-de-vos-collaborateurs-protection-juridique-de-sphere-privee-collaborateurs-regard-outils-de-protection-de\/"]}]},{"@type":"BreadcrumbList","@id":"https:\/\/staging.fbt-avocats.ch\/en\/proteger-reseau-informatique-respectant-privacy-de-vos-collaborateurs-protection-juridique-de-sphere-privee-collaborateurs-regard-outils-de-protection-de\/#breadcrumb","itemListElement":[{"@type":"ListItem","position":1,"name":"Home","item":"https:\/\/staging.fbt-avocats.ch\/en\/"},{"@type":"ListItem","position":2,"name":"6-8 f\u00e9vrier 2001 &#8211; Comment prot\u00e9ger votre r\u00e9seau informatique tout en respectant la privacy de vos collaborateurs : La protection juridique de la sph\u00e8re priv\u00e9e des collaborateurs au regard des outils de protection et de surveillance d\u2019un r\u00e9seau d\u2019entreprise"}]},{"@type":"WebSite","@id":"https:\/\/staging.fbt-avocats.ch\/en\/#website","url":"https:\/\/staging.fbt-avocats.ch\/en\/","name":"FBT Avocats SA","description":"Etudes bas\u00e9es \u00e0 Gen\u00e8ve et Paris","potentialAction":[{"@type":"SearchAction","target":{"@type":"EntryPoint","urlTemplate":"https:\/\/staging.fbt-avocats.ch\/en\/?s={search_term_string}"},"query-input":{"@type":"PropertyValueSpecification","valueRequired":true,"valueName":"search_term_string"}}],"inLanguage":"en-US"},{"@type":"Person","@id":"https:\/\/staging.fbt-avocats.ch\/en\/#\/schema\/person\/fc6aec890aeb5ba75401bb59536340fb","name":"Acey"}]}},"_links":{"self":[{"href":"https:\/\/staging.fbt-avocats.ch\/en\/wp-json\/wp\/v2\/posts\/16476","targetHints":{"allow":["GET"]}}],"collection":[{"href":"https:\/\/staging.fbt-avocats.ch\/en\/wp-json\/wp\/v2\/posts"}],"about":[{"href":"https:\/\/staging.fbt-avocats.ch\/en\/wp-json\/wp\/v2\/types\/post"}],"author":[{"embeddable":true,"href":"https:\/\/staging.fbt-avocats.ch\/en\/wp-json\/wp\/v2\/users\/2"}],"replies":[{"embeddable":true,"href":"https:\/\/staging.fbt-avocats.ch\/en\/wp-json\/wp\/v2\/comments?post=16476"}],"version-history":[{"count":0,"href":"https:\/\/staging.fbt-avocats.ch\/en\/wp-json\/wp\/v2\/posts\/16476\/revisions"}],"wp:attachment":[{"href":"https:\/\/staging.fbt-avocats.ch\/en\/wp-json\/wp\/v2\/media?parent=16476"}],"wp:term":[{"taxonomy":"category","embeddable":true,"href":"https:\/\/staging.fbt-avocats.ch\/en\/wp-json\/wp\/v2\/categories?post=16476"},{"taxonomy":"post_tag","embeddable":true,"href":"https:\/\/staging.fbt-avocats.ch\/en\/wp-json\/wp\/v2\/tags?post=16476"},{"taxonomy":"datespeciale","embeddable":true,"href":"https:\/\/staging.fbt-avocats.ch\/en\/wp-json\/wp\/v2\/datespeciale?post=16476"}],"curies":[{"name":"wp","href":"https:\/\/api.w.org\/{rel}","templated":true}]}}