{"id":16502,"date":"2018-07-18T14:05:57","date_gmt":"2018-07-18T13:05:57","guid":{"rendered":"https:\/\/www.fbt-avocats.ch\/regularisation-spontanee-temps-compte\/"},"modified":"2025-10-20T10:49:47","modified_gmt":"2025-10-20T09:49:47","slug":"regularisation-spontanee-temps-compte","status":"publish","type":"post","link":"https:\/\/staging.fbt-avocats.ch\/en\/regularisation-spontanee-temps-compte\/","title":{"rendered":"R\u00e9gularisation spontan\u00e9e : le temps est compt\u00e9"},"content":{"rendered":"\n<style type=\"text\/css\" data-created_by=\"avia_inline_auto\" id=\"style-css-av-5drx2u-00a5a56a9a7fdb2ef05dad79cfb39784\">\n.flex_column.av-5drx2u-00a5a56a9a7fdb2ef05dad79cfb39784{\nborder-radius:0px 0px 0px 0px;\npadding:0px 0px 0px 0px;\n}\n<\/style>\n<div  class='flex_column av-5drx2u-00a5a56a9a7fdb2ef05dad79cfb39784 av_one_full  avia-builder-el-0  avia-builder-el-no-sibling  first flex_column_div av-zero-column-padding  '     ><p>\n<style type=\"text\/css\" data-created_by=\"avia_inline_auto\" id=\"style-css-av-kcubjphw-a9a5911255bb16f6186d47824088b815\">\n#top .av-special-heading.av-kcubjphw-a9a5911255bb16f6186d47824088b815{\npadding-bottom:10px;\nfont-size:26px;\n}\nbody .av-special-heading.av-kcubjphw-a9a5911255bb16f6186d47824088b815 .av-special-heading-tag .heading-char{\nfont-size:25px;\n}\n#top #wrap_all .av-special-heading.av-kcubjphw-a9a5911255bb16f6186d47824088b815 .av-special-heading-tag{\nfont-size:26px;\n}\n.av-special-heading.av-kcubjphw-a9a5911255bb16f6186d47824088b815 .av-subheading{\nfont-size:15px;\n}\n\n@media only screen and (min-width: 480px) and (max-width: 767px){ \n#top #wrap_all .av-special-heading.av-kcubjphw-a9a5911255bb16f6186d47824088b815 .av-special-heading-tag{\nfont-size:0.8em;\n}\n}\n\n@media only screen and (max-width: 479px){ \n#top #wrap_all .av-special-heading.av-kcubjphw-a9a5911255bb16f6186d47824088b815 .av-special-heading-tag{\nfont-size:0.8em;\n}\n}\n<\/style>\n<div  class='av-special-heading av-kcubjphw-a9a5911255bb16f6186d47824088b815 av-special-heading-h1 blockquote modern-quote  avia-builder-el-1  el_before_av_hr  avia-builder-el-first  av-inherit-size'><h1 class='av-special-heading-tag '  itemprop=\"headline\"  >R\u00e9gularisation spontan\u00e9e : le temps est compt\u00e9<\/h1><div class='av-subheading av-subheading_below'><p>Allnews &#8211; Juillet 2018<br \/>\nMichel Abt<\/p>\n<\/div><div class=\"special-heading-border\"><div class=\"special-heading-inner-border\"><\/div><\/div><\/div><br \/>\n\n<style type=\"text\/css\" data-created_by=\"avia_inline_auto\" id=\"style-css-av-4rn8iu-ddb355fa2be7ad32e1dfc7bc3cb08042\">\n#top .hr.hr-invisible.av-4rn8iu-ddb355fa2be7ad32e1dfc7bc3cb08042{\nheight:20px;\n}\n<\/style>\n<div  class='hr av-4rn8iu-ddb355fa2be7ad32e1dfc7bc3cb08042 hr-invisible  avia-builder-el-2  el_after_av_heading  el_before_av_textblock '><span class='hr-inner '><span class=\"hr-inner-style\"><\/span><\/span><\/div><br \/>\n<section  class='av_textblock_section av-jjr50i4y-59b2b6002d4f63e69a389e08aecbedfb '   itemscope=\"itemscope\" itemtype=\"https:\/\/schema.org\/BlogPosting\" itemprop=\"blogPost\" ><div class='avia_textblock'  itemprop=\"text\" ><div data-canvas-width=\"431.1431666666666\"><strong> <span class=\"fontstyle0\">Entr\u00e9<\/span><span class=\"fontstyle0\">e en <\/span><span class=\"fontstyle0\">vigueur de <\/span><span class=\"fontstyle0\">l<\/span><span class=\"fontstyle0\">\u2019EAR <\/span><span class=\"fontstyle0\">sur les <\/span><span class=\"fontstyle0\">d<\/span><span class=\"fontstyle0\">\u00e9<\/span><span class=\"fontstyle0\">nonciations <\/span><span class=\"fontstyle0\">spontan<\/span><span class=\"fontstyle0\">\u00e9<\/span><span class=\"fontstyle0\">es en <\/span><span class=\"fontstyle0\">Suisse <\/span><span class=\"fontstyle0\">: <\/span><span class=\"fontstyle0\">l<\/span><span class=\"fontstyle0\">&#8216;<\/span><span class=\"fontstyle0\">\u00e9<\/span><span class=\"fontstyle0\">ch<\/span><span class=\"fontstyle0\">\u00e9<\/span><span class=\"fontstyle0\">ance <\/span><span class=\"fontstyle0\">est <\/span><span class=\"fontstyle0\">au <\/span><span class=\"fontstyle0\">30 septembre<\/span><span class=\"fontstyle0\">.<\/span><\/strong><\/div>\n<div data-canvas-width=\"431.1431666666666\"><span class=\"fontstyle0\">La <\/span><span class=\"fontstyle0\">d\u00e9<\/span><span class=\"fontstyle0\">nonciation <\/span><span class=\"fontstyle0\">spontan<\/span><span class=\"fontstyle0\">\u00e9<\/span><span class=\"fontstyle0\">e <\/span><span class=\"fontstyle0\">de <\/span><span class=\"fontstyle0\">soustraction d\u2019<\/span><span class=\"fontstyle0\">imp<\/span><span class=\"fontstyle0\">\u00f4<\/span><span class=\"fontstyle0\">ts <\/span><span class=\"fontstyle0\">offre <\/span><span class=\"fontstyle0\">l<\/span><span class=\"fontstyle0\">\u2019<\/span><span class=\"fontstyle0\">avantage <\/span><span class=\"fontstyle0\">d<\/span><span class=\"fontstyle0\">\u2019<\/span><span class=\"fontstyle0\">\u00e9<\/span><span class=\"fontstyle0\">viter au <\/span><span class=\"fontstyle0\">contribuable les d\u00e9<\/span><span class=\"fontstyle0\">sagr<\/span><span class=\"fontstyle0\">\u00e9<\/span><span class=\"fontstyle0\">ments <\/span><span class=\"fontstyle0\">li\u00e9<\/span><span class=\"fontstyle0\">s <\/span><span class=\"fontstyle0\">\u00e0 des d\u00e9marches <\/span><span class=\"fontstyle0\">visant au rappel <\/span><span class=\"fontstyle0\">d<\/span><span class=\"fontstyle0\">&#8216;<\/span><span class=\"fontstyle0\">imp<\/span><span class=\"fontstyle0\">\u00f4<\/span><span class=\"fontstyle0\">ts <\/span><span class=\"fontstyle0\">non <\/span><span class=\"fontstyle0\">acquitt<\/span><span class=\"fontstyle0\">\u00e9<\/span><span class=\"fontstyle0\">s <\/span><span class=\"fontstyle0\">\u00e0 l<\/span><span class=\"fontstyle0\">&#8216;<\/span><span class=\"fontstyle0\">initiative de <\/span><span class=\"fontstyle0\">l<\/span><span class=\"fontstyle0\">&#8216;<\/span><span class=\"fontstyle0\">administration <\/span><span class=\"fontstyle0\">fiscale<\/span><span class=\"fontstyle0\">. <\/span><span class=\"fontstyle0\">Si <\/span><span class=\"fontstyle0\">les <\/span><span class=\"fontstyle0\">rappels <\/span><span class=\"fontstyle0\">d<\/span><span class=\"fontstyle0\">&#8216;<\/span><span class=\"fontstyle0\">imp<\/span><span class=\"fontstyle0\">\u00f4<\/span><span class=\"fontstyle0\">ts et <\/span><span class=\"fontstyle0\">les <\/span><span class=\"fontstyle0\">int<\/span><span class=\"fontstyle0\">\u00e9<\/span><span class=\"fontstyle0\">r<\/span><span class=\"fontstyle0\">\u00ea<\/span><span class=\"fontstyle0\">ts <\/span><span class=\"fontstyle0\">de retard <\/span><span class=\"fontstyle0\">sont <\/span><span class=\"fontstyle0\">dus en <\/span><span class=\"fontstyle0\">toutes <\/span><span class=\"fontstyle0\">circonstances<\/span><span class=\"fontstyle0\">, <\/span><span class=\"fontstyle0\">la <\/span><span class=\"fontstyle0\">d<\/span><span class=\"fontstyle0\">\u00e9<\/span><span class=\"fontstyle0\">nonciation <\/span><span class=\"fontstyle0\">spontan<\/span><span class=\"fontstyle0\">\u00e9<\/span><span class=\"fontstyle0\">e <\/span><span class=\"fontstyle0\">du contribuable <\/span><span class=\"fontstyle0\">lui <\/span><span class=\"fontstyle0\">permet <\/span><span class=\"fontstyle0\">de s\u2019abriter des <\/span><span class=\"fontstyle0\">poursuites <\/span><span class=\"fontstyle0\">p<\/span><span class=\"fontstyle0\">\u00e9nales <\/span><span class=\"fontstyle0\">et, par <\/span><span class=\"fontstyle0\">voie de cons<\/span><span class=\"fontstyle0\">\u00e9<\/span><span class=\"fontstyle0\">quence<\/span><span class=\"fontstyle0\">, <\/span><span class=\"fontstyle0\">des amendes qui <\/span><span class=\"fontstyle0\">peuvent <\/span><span class=\"fontstyle0\">s<\/span><span class=\"fontstyle0\">&#8216;<\/span><span class=\"fontstyle0\">\u00e9lever <\/span><span class=\"fontstyle0\">jusqu<\/span><span class=\"fontstyle0\">&#8216;<\/span><span class=\"fontstyle0\">\u00e0 <\/span><span class=\"fontstyle0\">trois <\/span><span class=\"fontstyle0\">fois <\/span><span class=\"fontstyle0\">le <\/span><span class=\"fontstyle0\">montant <\/span><span class=\"fontstyle0\">de l<\/span><span class=\"fontstyle0\">&#8216;<\/span><span class=\"fontstyle0\">imp<\/span><span class=\"fontstyle0\">\u00f4<\/span><span class=\"fontstyle0\">t <\/span><span class=\"fontstyle0\">soustrait<\/span><span class=\"fontstyle0\">.<\/span><\/div>\n<\/div><\/section><br \/>\n\n<style type=\"text\/css\" data-created_by=\"avia_inline_auto\" id=\"style-css-av-28r7ba-481b95cda3c8c831625640b3f97ef792\">\n#top .hr.hr-invisible.av-28r7ba-481b95cda3c8c831625640b3f97ef792{\nheight:20px;\n}\n<\/style>\n<div  class='hr av-28r7ba-481b95cda3c8c831625640b3f97ef792 hr-invisible  avia-builder-el-4  el_after_av_textblock  el_before_av_button '><span class='hr-inner '><span class=\"hr-inner-style\"><\/span><\/span><\/div><br \/>\n<div  class='avia-button-wrap av-jjr512bu-0a162297472b9c97a3e478f764abb818-wrap avia-button-left  avia-builder-el-5  el_after_av_hr  avia-builder-el-last '>\n<style type=\"text\/css\" data-created_by=\"avia_inline_auto\" id=\"style-css-av-jjr512bu-0a162297472b9c97a3e478f764abb818\">\n#top #wrap_all .avia-button.av-jjr512bu-0a162297472b9c97a3e478f764abb818{\nbackground-color:#44525f;\nborder-color:#44525f;\ncolor:#ffffff;\ntransition:all 0.4s ease-in-out;\n}\n#top #wrap_all .avia-button.av-jjr512bu-0a162297472b9c97a3e478f764abb818 .avia-svg-icon svg:first-child{\nfill:#ffffff;\nstroke:#ffffff;\n}\n<\/style>\n<a href='https:\/\/staging.fbt-avocats.ch\/wp-content\/uploads\/2018\/07\/Allnews-R\u00e9gularisation-spontan\u00e9e-le-temps-est-compt\u00e9.pdf'  class='avia-button av-jjr512bu-0a162297472b9c97a3e478f764abb818 av-link-btn avia-icon_select-no avia-size-large avia-position-left'  target=\"_blank\"  rel=\"noopener noreferrer\"  aria-label=\"Lire la suite\"><span class='avia_iconbox_title' >Lire la suite<\/span><\/a><\/div><\/p><\/div>\n","protected":false},"excerpt":{"rendered":"","protected":false},"author":2,"featured_media":0,"comment_status":"closed","ping_status":"closed","sticky":false,"template":"","format":"standard","meta":{"footnotes":""},"categories":[84],"tags":[560],"datespeciale":[],"class_list":["post-16502","post","type-post","status-publish","format-standard","hentry","category-media-and-news","tag-allnews-en","competences-tax","auteurs-michel-abt-en","date-publication-2018-en","diffusion-groupe-fiscal-en","diffusion-medias-en"],"yoast_head":"<!-- This site is optimized with the Yoast SEO Premium plugin v27.4 (Yoast SEO v27.4) - https:\/\/yoast.com\/product\/yoast-seo-premium-wordpress\/ -->\n<title>R\u00e9gularisation spontan\u00e9e : le temps est compt\u00e9 | FBT Avocats SA<\/title>\n<meta name=\"robots\" content=\"noindex, follow, max-snippet:-1, max-image-preview:large, max-video-preview:-1\" \/>\n<meta property=\"og:locale\" content=\"en_US\" \/>\n<meta property=\"og:type\" content=\"article\" \/>\n<meta property=\"og:title\" content=\"R\u00e9gularisation spontan\u00e9e : le temps est compt\u00e9\" \/>\n<meta property=\"og:url\" content=\"https:\/\/staging.fbt-avocats.ch\/en\/regularisation-spontanee-temps-compte\/\" \/>\n<meta property=\"og:site_name\" content=\"FBT Avocats SA\" \/>\n<meta property=\"article:published_time\" content=\"2018-07-18T13:05:57+00:00\" \/>\n<meta property=\"article:modified_time\" content=\"2025-10-20T09:49:47+00:00\" \/>\n<meta name=\"author\" content=\"Acey\" \/>\n<meta name=\"twitter:card\" content=\"summary_large_image\" \/>\n<meta name=\"twitter:label1\" content=\"Written by\" \/>\n\t<meta name=\"twitter:data1\" content=\"Acey\" \/>\n\t<meta name=\"twitter:label2\" content=\"Est. reading time\" \/>\n\t<meta name=\"twitter:data2\" content=\"2 minutes\" \/>\n<script type=\"application\/ld+json\" class=\"yoast-schema-graph\">{\"@context\":\"https:\\\/\\\/schema.org\",\"@graph\":[{\"@type\":\"Article\",\"@id\":\"https:\\\/\\\/staging.fbt-avocats.ch\\\/en\\\/regularisation-spontanee-temps-compte\\\/#article\",\"isPartOf\":{\"@id\":\"https:\\\/\\\/staging.fbt-avocats.ch\\\/en\\\/regularisation-spontanee-temps-compte\\\/\"},\"author\":{\"name\":\"Acey\",\"@id\":\"https:\\\/\\\/staging.fbt-avocats.ch\\\/en\\\/#\\\/schema\\\/person\\\/fc6aec890aeb5ba75401bb59536340fb\"},\"headline\":\"R\u00e9gularisation spontan\u00e9e : le temps est compt\u00e9\",\"datePublished\":\"2018-07-18T13:05:57+00:00\",\"dateModified\":\"2025-10-20T09:49:47+00:00\",\"mainEntityOfPage\":{\"@id\":\"https:\\\/\\\/staging.fbt-avocats.ch\\\/en\\\/regularisation-spontanee-temps-compte\\\/\"},\"wordCount\":376,\"keywords\":[\"Allnews\"],\"articleSection\":[\"Media and News\"],\"inLanguage\":\"en-US\"},{\"@type\":\"WebPage\",\"@id\":\"https:\\\/\\\/staging.fbt-avocats.ch\\\/en\\\/regularisation-spontanee-temps-compte\\\/\",\"url\":\"https:\\\/\\\/staging.fbt-avocats.ch\\\/en\\\/regularisation-spontanee-temps-compte\\\/\",\"name\":\"R\u00e9gularisation spontan\u00e9e : le temps est compt\u00e9 | FBT Avocats SA\",\"isPartOf\":{\"@id\":\"https:\\\/\\\/staging.fbt-avocats.ch\\\/en\\\/#website\"},\"datePublished\":\"2018-07-18T13:05:57+00:00\",\"dateModified\":\"2025-10-20T09:49:47+00:00\",\"author\":{\"@id\":\"https:\\\/\\\/staging.fbt-avocats.ch\\\/en\\\/#\\\/schema\\\/person\\\/fc6aec890aeb5ba75401bb59536340fb\"},\"breadcrumb\":{\"@id\":\"https:\\\/\\\/staging.fbt-avocats.ch\\\/en\\\/regularisation-spontanee-temps-compte\\\/#breadcrumb\"},\"inLanguage\":\"en-US\",\"potentialAction\":[{\"@type\":\"ReadAction\",\"target\":[\"https:\\\/\\\/staging.fbt-avocats.ch\\\/en\\\/regularisation-spontanee-temps-compte\\\/\"]}]},{\"@type\":\"BreadcrumbList\",\"@id\":\"https:\\\/\\\/staging.fbt-avocats.ch\\\/en\\\/regularisation-spontanee-temps-compte\\\/#breadcrumb\",\"itemListElement\":[{\"@type\":\"ListItem\",\"position\":1,\"name\":\"Home\",\"item\":\"https:\\\/\\\/staging.fbt-avocats.ch\\\/en\\\/\"},{\"@type\":\"ListItem\",\"position\":2,\"name\":\"R\u00e9gularisation spontan\u00e9e : le temps est compt\u00e9\"}]},{\"@type\":\"WebSite\",\"@id\":\"https:\\\/\\\/staging.fbt-avocats.ch\\\/en\\\/#website\",\"url\":\"https:\\\/\\\/staging.fbt-avocats.ch\\\/en\\\/\",\"name\":\"FBT Avocats SA\",\"description\":\"Etudes bas\u00e9es \u00e0 Gen\u00e8ve et Paris\",\"potentialAction\":[{\"@type\":\"SearchAction\",\"target\":{\"@type\":\"EntryPoint\",\"urlTemplate\":\"https:\\\/\\\/staging.fbt-avocats.ch\\\/en\\\/?s={search_term_string}\"},\"query-input\":{\"@type\":\"PropertyValueSpecification\",\"valueRequired\":true,\"valueName\":\"search_term_string\"}}],\"inLanguage\":\"en-US\"},{\"@type\":\"Person\",\"@id\":\"https:\\\/\\\/staging.fbt-avocats.ch\\\/en\\\/#\\\/schema\\\/person\\\/fc6aec890aeb5ba75401bb59536340fb\",\"name\":\"Acey\"}]}<\/script>\n<!-- \/ Yoast SEO Premium plugin. -->","yoast_head_json":{"title":"R\u00e9gularisation spontan\u00e9e : le temps est compt\u00e9 | FBT Avocats SA","robots":{"index":"noindex","follow":"follow","max-snippet":"max-snippet:-1","max-image-preview":"max-image-preview:large","max-video-preview":"max-video-preview:-1"},"og_locale":"en_US","og_type":"article","og_title":"R\u00e9gularisation spontan\u00e9e : le temps est compt\u00e9","og_url":"https:\/\/staging.fbt-avocats.ch\/en\/regularisation-spontanee-temps-compte\/","og_site_name":"FBT Avocats SA","article_published_time":"2018-07-18T13:05:57+00:00","article_modified_time":"2025-10-20T09:49:47+00:00","author":"Acey","twitter_card":"summary_large_image","twitter_misc":{"Written by":"Acey","Est. reading time":"2 minutes"},"schema":{"@context":"https:\/\/schema.org","@graph":[{"@type":"Article","@id":"https:\/\/staging.fbt-avocats.ch\/en\/regularisation-spontanee-temps-compte\/#article","isPartOf":{"@id":"https:\/\/staging.fbt-avocats.ch\/en\/regularisation-spontanee-temps-compte\/"},"author":{"name":"Acey","@id":"https:\/\/staging.fbt-avocats.ch\/en\/#\/schema\/person\/fc6aec890aeb5ba75401bb59536340fb"},"headline":"R\u00e9gularisation spontan\u00e9e : le temps est compt\u00e9","datePublished":"2018-07-18T13:05:57+00:00","dateModified":"2025-10-20T09:49:47+00:00","mainEntityOfPage":{"@id":"https:\/\/staging.fbt-avocats.ch\/en\/regularisation-spontanee-temps-compte\/"},"wordCount":376,"keywords":["Allnews"],"articleSection":["Media and News"],"inLanguage":"en-US"},{"@type":"WebPage","@id":"https:\/\/staging.fbt-avocats.ch\/en\/regularisation-spontanee-temps-compte\/","url":"https:\/\/staging.fbt-avocats.ch\/en\/regularisation-spontanee-temps-compte\/","name":"R\u00e9gularisation spontan\u00e9e : le temps est compt\u00e9 | FBT Avocats SA","isPartOf":{"@id":"https:\/\/staging.fbt-avocats.ch\/en\/#website"},"datePublished":"2018-07-18T13:05:57+00:00","dateModified":"2025-10-20T09:49:47+00:00","author":{"@id":"https:\/\/staging.fbt-avocats.ch\/en\/#\/schema\/person\/fc6aec890aeb5ba75401bb59536340fb"},"breadcrumb":{"@id":"https:\/\/staging.fbt-avocats.ch\/en\/regularisation-spontanee-temps-compte\/#breadcrumb"},"inLanguage":"en-US","potentialAction":[{"@type":"ReadAction","target":["https:\/\/staging.fbt-avocats.ch\/en\/regularisation-spontanee-temps-compte\/"]}]},{"@type":"BreadcrumbList","@id":"https:\/\/staging.fbt-avocats.ch\/en\/regularisation-spontanee-temps-compte\/#breadcrumb","itemListElement":[{"@type":"ListItem","position":1,"name":"Home","item":"https:\/\/staging.fbt-avocats.ch\/en\/"},{"@type":"ListItem","position":2,"name":"R\u00e9gularisation spontan\u00e9e : le temps est compt\u00e9"}]},{"@type":"WebSite","@id":"https:\/\/staging.fbt-avocats.ch\/en\/#website","url":"https:\/\/staging.fbt-avocats.ch\/en\/","name":"FBT Avocats SA","description":"Etudes bas\u00e9es \u00e0 Gen\u00e8ve et Paris","potentialAction":[{"@type":"SearchAction","target":{"@type":"EntryPoint","urlTemplate":"https:\/\/staging.fbt-avocats.ch\/en\/?s={search_term_string}"},"query-input":{"@type":"PropertyValueSpecification","valueRequired":true,"valueName":"search_term_string"}}],"inLanguage":"en-US"},{"@type":"Person","@id":"https:\/\/staging.fbt-avocats.ch\/en\/#\/schema\/person\/fc6aec890aeb5ba75401bb59536340fb","name":"Acey"}]}},"_links":{"self":[{"href":"https:\/\/staging.fbt-avocats.ch\/en\/wp-json\/wp\/v2\/posts\/16502","targetHints":{"allow":["GET"]}}],"collection":[{"href":"https:\/\/staging.fbt-avocats.ch\/en\/wp-json\/wp\/v2\/posts"}],"about":[{"href":"https:\/\/staging.fbt-avocats.ch\/en\/wp-json\/wp\/v2\/types\/post"}],"author":[{"embeddable":true,"href":"https:\/\/staging.fbt-avocats.ch\/en\/wp-json\/wp\/v2\/users\/2"}],"replies":[{"embeddable":true,"href":"https:\/\/staging.fbt-avocats.ch\/en\/wp-json\/wp\/v2\/comments?post=16502"}],"version-history":[{"count":0,"href":"https:\/\/staging.fbt-avocats.ch\/en\/wp-json\/wp\/v2\/posts\/16502\/revisions"}],"wp:attachment":[{"href":"https:\/\/staging.fbt-avocats.ch\/en\/wp-json\/wp\/v2\/media?parent=16502"}],"wp:term":[{"taxonomy":"category","embeddable":true,"href":"https:\/\/staging.fbt-avocats.ch\/en\/wp-json\/wp\/v2\/categories?post=16502"},{"taxonomy":"post_tag","embeddable":true,"href":"https:\/\/staging.fbt-avocats.ch\/en\/wp-json\/wp\/v2\/tags?post=16502"},{"taxonomy":"datespeciale","embeddable":true,"href":"https:\/\/staging.fbt-avocats.ch\/en\/wp-json\/wp\/v2\/datespeciale?post=16502"}],"curies":[{"name":"wp","href":"https:\/\/api.w.org\/{rel}","templated":true}]}}