{"id":16514,"date":"2017-10-31T09:28:29","date_gmt":"2017-10-31T08:28:29","guid":{"rendered":"https:\/\/www.fbt-avocats.ch\/die-neue-rechtssetzung-fur-die-unabhangigen-vermogensverwalter-kosten-und-folgen-fur-die-branche\/"},"modified":"2021-12-06T15:17:05","modified_gmt":"2021-12-06T14:17:05","slug":"die-neue-rechtssetzung-fur-die-unabhangigen-vermogensverwalter-kosten-und-folgen-fur-die-branche","status":"publish","type":"post","link":"https:\/\/staging.fbt-avocats.ch\/en\/die-neue-rechtssetzung-fur-die-unabhangigen-vermogensverwalter-kosten-und-folgen-fur-die-branche\/","title":{"rendered":"Regulation &#8211; Die neue Rechtssetzung f\u00fcr die unabh\u00e4ngigen Verm\u00f6gensverwalter: Kosten und Folgen f\u00fcr die Branche"},"content":{"rendered":"\n<style type=\"text\/css\" data-created_by=\"avia_inline_auto\" id=\"style-css-av-av_one_full-9497bbf8bff73ea4c6992cc17fa9ec36\">\n.flex_column.av-av_one_full-9497bbf8bff73ea4c6992cc17fa9ec36{\nborder-radius:0px 0px 0px 0px;\npadding:0px 0px 0px 0px;\n}\n<\/style>\n<div  class='flex_column av-av_one_full-9497bbf8bff73ea4c6992cc17fa9ec36 av_one_full  avia-builder-el-0  avia-builder-el-no-sibling  first flex_column_div av-zero-column-padding  '     ><p>\n<style type=\"text\/css\" data-created_by=\"avia_inline_auto\" id=\"style-css-av-av_heading-926611e1b7fa78273dd4e9b5ce0b9630\">\n#top .av-special-heading.av-av_heading-926611e1b7fa78273dd4e9b5ce0b9630{\npadding-bottom:10px;\nfont-size:26px;\n}\nbody .av-special-heading.av-av_heading-926611e1b7fa78273dd4e9b5ce0b9630 .av-special-heading-tag .heading-char{\nfont-size:25px;\n}\n#top #wrap_all .av-special-heading.av-av_heading-926611e1b7fa78273dd4e9b5ce0b9630 .av-special-heading-tag{\nfont-size:26px;\n}\n.av-special-heading.av-av_heading-926611e1b7fa78273dd4e9b5ce0b9630 .av-subheading{\nfont-size:15px;\n}\n\n@media only screen and (min-width: 480px) and (max-width: 767px){ \n#top #wrap_all .av-special-heading.av-av_heading-926611e1b7fa78273dd4e9b5ce0b9630 .av-special-heading-tag{\nfont-size:0.8em;\n}\n}\n\n@media only screen and (max-width: 479px){ \n#top #wrap_all .av-special-heading.av-av_heading-926611e1b7fa78273dd4e9b5ce0b9630 .av-special-heading-tag{\nfont-size:0.8em;\n}\n}\n<\/style>\n<div  class='av-special-heading av-av_heading-926611e1b7fa78273dd4e9b5ce0b9630 av-special-heading-h1 blockquote modern-quote  avia-builder-el-1  el_before_av_hr  avia-builder-el-first  av-inherit-size'><h1 class='av-special-heading-tag '  itemprop=\"headline\"  >Die neue Rechtssetzung f\u00fcr die unabh\u00e4ngigen Verm\u00f6gensverwalter: Kosten und Folgen f\u00fcr die Branche<\/h1><div class='av-subheading av-subheading_below'><p>BSL Banking in Switzerland and Liechstenstein &#8211; Oktober 2017<br \/>\nFr\u00e9d\u00e9rique Bensahel, Pierre-Olivier Etique<\/p>\n<\/div><div class=\"special-heading-border\"><div class=\"special-heading-inner-border\"><\/div><\/div><\/div><br \/>\n\n<style type=\"text\/css\" data-created_by=\"avia_inline_auto\" id=\"style-css-av-av_hr-a7bfac8b270289d974036c90ec0c7caf\">\n#top .hr.hr-invisible.av-av_hr-a7bfac8b270289d974036c90ec0c7caf{\nheight:20px;\n}\n<\/style>\n<div  class='hr av-av_hr-a7bfac8b270289d974036c90ec0c7caf hr-invisible  avia-builder-el-2  el_after_av_heading  el_before_av_textblock '><span class='hr-inner '><span class=\"hr-inner-style\"><\/span><\/span><\/div><br \/>\n<section  class='av_textblock_section av-av_textblock-396ddf1f42196ca838231e61a4602801 '   itemscope=\"itemscope\" itemtype=\"https:\/\/schema.org\/BlogPosting\" itemprop=\"blogPost\" ><div class='avia_textblock'  itemprop=\"text\" ><p><span class=\"fontstyle0\"><strong>Seit der Er\u00f6ffnung der Vernehmlassung durch den Bundesrat am 27 Juni 2014, haben die Gesetzesentw\u00fcrfe zum Finanzdienstleistungsgesetz (FIDLEG) und zum Finanzinstitutsgesetz (FINIG) heftige Diskussionen in der Branche ausgel\u00f6st. Dabei ging es um die Auswirkungen auf die unabh\u00e4ngigen Verm\u00f6gensverwalter, insbesondere um die kleineren Strukturen.<\/strong> F\u00fcr diese steht nach den neuen Regelungen viel auf dem Spiel, da Marktanalysen zeigen, dass die H\u00e4lfte der Unternehmen in der Schweiz 1 bis 3 Mitarbeiter hat. Die Ausarbeitung der Gesetzes befindet sich in der Endphase \u2013 die endg\u00fcltigen Fassungen sollen Ende des Jahres bekannt und ver\u00f6ffentlicht werden, mit einem m\u00f6glichen Inkrafttreten Anfang 2019 \u2013, die zuk\u00fcnftigen Regelung f\u00fcr die unabh\u00e4ngigen Verwalter nimmt allm\u00e4hlich feste Umrisse an.<\/span><\/p>\n<\/div><\/section><br \/>\n\n<style type=\"text\/css\" data-created_by=\"avia_inline_auto\" id=\"style-css-av-av_hr-a7bfac8b270289d974036c90ec0c7caf\">\n#top .hr.hr-invisible.av-av_hr-a7bfac8b270289d974036c90ec0c7caf{\nheight:20px;\n}\n<\/style>\n<div  class='hr av-av_hr-a7bfac8b270289d974036c90ec0c7caf hr-invisible  avia-builder-el-4  el_after_av_textblock  el_before_av_button '><span class='hr-inner '><span class=\"hr-inner-style\"><\/span><\/span><\/div><br \/>\n<div  class='avia-button-wrap av-av_button-36e9d60592c9a29474b3cb584adef75e-wrap avia-button-left  avia-builder-el-5  el_after_av_hr  avia-builder-el-last '>\n<style type=\"text\/css\" data-created_by=\"avia_inline_auto\" id=\"style-css-av-av_button-36e9d60592c9a29474b3cb584adef75e\">\n#top #wrap_all .avia-button.av-av_button-36e9d60592c9a29474b3cb584adef75e{\nbackground-color:#44525f;\nborder-color:#44525f;\ncolor:#ffffff;\ntransition:all 0.4s ease-in-out;\n}\n#top #wrap_all .avia-button.av-av_button-36e9d60592c9a29474b3cb584adef75e .avia-svg-icon svg:first-child{\nfill:#ffffff;\nstroke:#ffffff;\n}\n<\/style>\n<a href='https:\/\/staging.fbt-avocats.ch\/wp-content\/uploads\/2017\/11\/BSL_2017_FBE-et-POE_DE-ENG.pdf'  class='avia-button av-av_button-36e9d60592c9a29474b3cb584adef75e av-link-btn avia-icon_select-no avia-size-large avia-position-left'  target=\"_blank\"  rel=\"noopener noreferrer\"  aria-label=\"Lire la suite\"><span class='avia_iconbox_title' >Lire la suite<\/span><\/a><\/div><\/p><\/div>\n","protected":false},"excerpt":{"rendered":"","protected":false},"author":2,"featured_media":0,"comment_status":"closed","ping_status":"closed","sticky":false,"template":"","format":"standard","meta":{"footnotes":""},"categories":[85],"tags":[276],"datespeciale":[],"class_list":["post-16514","post","type-post","status-publish","format-standard","hentry","category-publications","tag-bsl-banking-in-switzerland-and-liechstenstein-en","competences-banking-and-finance","auteurs-fbt-avocats","auteurs-frederique-bensahel-en","date-publication-2017-en","diffusion-publications-en"],"yoast_head":"<!-- This site is optimized with the Yoast SEO Premium plugin v27.4 (Yoast SEO v27.4) - https:\/\/yoast.com\/product\/yoast-seo-premium-wordpress\/ -->\n<title>Regulation - Die neue Rechtssetzung f\u00fcr die unabh\u00e4ngigen Verm\u00f6gensverwalter: Kosten und Folgen f\u00fcr die Branche | FBT Avocats SA<\/title>\n<meta name=\"robots\" content=\"noindex, follow, max-snippet:-1, max-image-preview:large, max-video-preview:-1\" \/>\n<meta property=\"og:locale\" content=\"en_US\" \/>\n<meta property=\"og:type\" content=\"article\" \/>\n<meta property=\"og:title\" content=\"Regulation - Die neue Rechtssetzung f\u00fcr die unabh\u00e4ngigen Verm\u00f6gensverwalter: Kosten und Folgen f\u00fcr die Branche\" \/>\n<meta property=\"og:url\" content=\"https:\/\/staging.fbt-avocats.ch\/en\/die-neue-rechtssetzung-fur-die-unabhangigen-vermogensverwalter-kosten-und-folgen-fur-die-branche\/\" \/>\n<meta property=\"og:site_name\" content=\"FBT Avocats SA\" \/>\n<meta property=\"article:published_time\" content=\"2017-10-31T08:28:29+00:00\" \/>\n<meta property=\"article:modified_time\" content=\"2021-12-06T14:17:05+00:00\" \/>\n<meta name=\"author\" content=\"Acey\" \/>\n<meta name=\"twitter:card\" content=\"summary_large_image\" \/>\n<meta name=\"twitter:label1\" content=\"Written by\" \/>\n\t<meta name=\"twitter:data1\" content=\"Acey\" \/>\n\t<meta name=\"twitter:label2\" content=\"Est. reading time\" \/>\n\t<meta name=\"twitter:data2\" content=\"2 minutes\" \/>\n<script type=\"application\/ld+json\" class=\"yoast-schema-graph\">{\"@context\":\"https:\\\/\\\/schema.org\",\"@graph\":[{\"@type\":\"Article\",\"@id\":\"https:\\\/\\\/staging.fbt-avocats.ch\\\/en\\\/die-neue-rechtssetzung-fur-die-unabhangigen-vermogensverwalter-kosten-und-folgen-fur-die-branche\\\/#article\",\"isPartOf\":{\"@id\":\"https:\\\/\\\/staging.fbt-avocats.ch\\\/en\\\/die-neue-rechtssetzung-fur-die-unabhangigen-vermogensverwalter-kosten-und-folgen-fur-die-branche\\\/\"},\"author\":{\"name\":\"Acey\",\"@id\":\"https:\\\/\\\/staging.fbt-avocats.ch\\\/en\\\/#\\\/schema\\\/person\\\/fc6aec890aeb5ba75401bb59536340fb\"},\"headline\":\"Regulation &#8211; Die neue Rechtssetzung f\u00fcr die unabh\u00e4ngigen Verm\u00f6gensverwalter: Kosten und Folgen f\u00fcr die Branche\",\"datePublished\":\"2017-10-31T08:28:29+00:00\",\"dateModified\":\"2021-12-06T14:17:05+00:00\",\"mainEntityOfPage\":{\"@id\":\"https:\\\/\\\/staging.fbt-avocats.ch\\\/en\\\/die-neue-rechtssetzung-fur-die-unabhangigen-vermogensverwalter-kosten-und-folgen-fur-die-branche\\\/\"},\"wordCount\":355,\"keywords\":[\"BSL Banking in Switzerland and Liechstenstein\"],\"articleSection\":[\"Publications\"],\"inLanguage\":\"en-US\"},{\"@type\":\"WebPage\",\"@id\":\"https:\\\/\\\/staging.fbt-avocats.ch\\\/en\\\/die-neue-rechtssetzung-fur-die-unabhangigen-vermogensverwalter-kosten-und-folgen-fur-die-branche\\\/\",\"url\":\"https:\\\/\\\/staging.fbt-avocats.ch\\\/en\\\/die-neue-rechtssetzung-fur-die-unabhangigen-vermogensverwalter-kosten-und-folgen-fur-die-branche\\\/\",\"name\":\"Regulation - Die neue Rechtssetzung f\u00fcr die unabh\u00e4ngigen Verm\u00f6gensverwalter: Kosten und Folgen f\u00fcr die Branche | FBT Avocats SA\",\"isPartOf\":{\"@id\":\"https:\\\/\\\/staging.fbt-avocats.ch\\\/en\\\/#website\"},\"datePublished\":\"2017-10-31T08:28:29+00:00\",\"dateModified\":\"2021-12-06T14:17:05+00:00\",\"author\":{\"@id\":\"https:\\\/\\\/staging.fbt-avocats.ch\\\/en\\\/#\\\/schema\\\/person\\\/fc6aec890aeb5ba75401bb59536340fb\"},\"breadcrumb\":{\"@id\":\"https:\\\/\\\/staging.fbt-avocats.ch\\\/en\\\/die-neue-rechtssetzung-fur-die-unabhangigen-vermogensverwalter-kosten-und-folgen-fur-die-branche\\\/#breadcrumb\"},\"inLanguage\":\"en-US\",\"potentialAction\":[{\"@type\":\"ReadAction\",\"target\":[\"https:\\\/\\\/staging.fbt-avocats.ch\\\/en\\\/die-neue-rechtssetzung-fur-die-unabhangigen-vermogensverwalter-kosten-und-folgen-fur-die-branche\\\/\"]}]},{\"@type\":\"BreadcrumbList\",\"@id\":\"https:\\\/\\\/staging.fbt-avocats.ch\\\/en\\\/die-neue-rechtssetzung-fur-die-unabhangigen-vermogensverwalter-kosten-und-folgen-fur-die-branche\\\/#breadcrumb\",\"itemListElement\":[{\"@type\":\"ListItem\",\"position\":1,\"name\":\"Home\",\"item\":\"https:\\\/\\\/staging.fbt-avocats.ch\\\/en\\\/\"},{\"@type\":\"ListItem\",\"position\":2,\"name\":\"Regulation &#8211; Die neue Rechtssetzung f\u00fcr die unabh\u00e4ngigen Verm\u00f6gensverwalter: Kosten und Folgen f\u00fcr die Branche\"}]},{\"@type\":\"WebSite\",\"@id\":\"https:\\\/\\\/staging.fbt-avocats.ch\\\/en\\\/#website\",\"url\":\"https:\\\/\\\/staging.fbt-avocats.ch\\\/en\\\/\",\"name\":\"FBT Avocats SA\",\"description\":\"Etudes bas\u00e9es \u00e0 Gen\u00e8ve et Paris\",\"potentialAction\":[{\"@type\":\"SearchAction\",\"target\":{\"@type\":\"EntryPoint\",\"urlTemplate\":\"https:\\\/\\\/staging.fbt-avocats.ch\\\/en\\\/?s={search_term_string}\"},\"query-input\":{\"@type\":\"PropertyValueSpecification\",\"valueRequired\":true,\"valueName\":\"search_term_string\"}}],\"inLanguage\":\"en-US\"},{\"@type\":\"Person\",\"@id\":\"https:\\\/\\\/staging.fbt-avocats.ch\\\/en\\\/#\\\/schema\\\/person\\\/fc6aec890aeb5ba75401bb59536340fb\",\"name\":\"Acey\"}]}<\/script>\n<!-- \/ Yoast SEO Premium plugin. -->","yoast_head_json":{"title":"Regulation - Die neue Rechtssetzung f\u00fcr die unabh\u00e4ngigen Verm\u00f6gensverwalter: Kosten und Folgen f\u00fcr die Branche | FBT Avocats SA","robots":{"index":"noindex","follow":"follow","max-snippet":"max-snippet:-1","max-image-preview":"max-image-preview:large","max-video-preview":"max-video-preview:-1"},"og_locale":"en_US","og_type":"article","og_title":"Regulation - Die neue Rechtssetzung f\u00fcr die unabh\u00e4ngigen Verm\u00f6gensverwalter: Kosten und Folgen f\u00fcr die Branche","og_url":"https:\/\/staging.fbt-avocats.ch\/en\/die-neue-rechtssetzung-fur-die-unabhangigen-vermogensverwalter-kosten-und-folgen-fur-die-branche\/","og_site_name":"FBT Avocats SA","article_published_time":"2017-10-31T08:28:29+00:00","article_modified_time":"2021-12-06T14:17:05+00:00","author":"Acey","twitter_card":"summary_large_image","twitter_misc":{"Written by":"Acey","Est. reading time":"2 minutes"},"schema":{"@context":"https:\/\/schema.org","@graph":[{"@type":"Article","@id":"https:\/\/staging.fbt-avocats.ch\/en\/die-neue-rechtssetzung-fur-die-unabhangigen-vermogensverwalter-kosten-und-folgen-fur-die-branche\/#article","isPartOf":{"@id":"https:\/\/staging.fbt-avocats.ch\/en\/die-neue-rechtssetzung-fur-die-unabhangigen-vermogensverwalter-kosten-und-folgen-fur-die-branche\/"},"author":{"name":"Acey","@id":"https:\/\/staging.fbt-avocats.ch\/en\/#\/schema\/person\/fc6aec890aeb5ba75401bb59536340fb"},"headline":"Regulation &#8211; Die neue Rechtssetzung f\u00fcr die unabh\u00e4ngigen Verm\u00f6gensverwalter: Kosten und Folgen f\u00fcr die Branche","datePublished":"2017-10-31T08:28:29+00:00","dateModified":"2021-12-06T14:17:05+00:00","mainEntityOfPage":{"@id":"https:\/\/staging.fbt-avocats.ch\/en\/die-neue-rechtssetzung-fur-die-unabhangigen-vermogensverwalter-kosten-und-folgen-fur-die-branche\/"},"wordCount":355,"keywords":["BSL Banking in Switzerland and Liechstenstein"],"articleSection":["Publications"],"inLanguage":"en-US"},{"@type":"WebPage","@id":"https:\/\/staging.fbt-avocats.ch\/en\/die-neue-rechtssetzung-fur-die-unabhangigen-vermogensverwalter-kosten-und-folgen-fur-die-branche\/","url":"https:\/\/staging.fbt-avocats.ch\/en\/die-neue-rechtssetzung-fur-die-unabhangigen-vermogensverwalter-kosten-und-folgen-fur-die-branche\/","name":"Regulation - Die neue Rechtssetzung f\u00fcr die unabh\u00e4ngigen Verm\u00f6gensverwalter: Kosten und Folgen f\u00fcr die Branche | FBT Avocats SA","isPartOf":{"@id":"https:\/\/staging.fbt-avocats.ch\/en\/#website"},"datePublished":"2017-10-31T08:28:29+00:00","dateModified":"2021-12-06T14:17:05+00:00","author":{"@id":"https:\/\/staging.fbt-avocats.ch\/en\/#\/schema\/person\/fc6aec890aeb5ba75401bb59536340fb"},"breadcrumb":{"@id":"https:\/\/staging.fbt-avocats.ch\/en\/die-neue-rechtssetzung-fur-die-unabhangigen-vermogensverwalter-kosten-und-folgen-fur-die-branche\/#breadcrumb"},"inLanguage":"en-US","potentialAction":[{"@type":"ReadAction","target":["https:\/\/staging.fbt-avocats.ch\/en\/die-neue-rechtssetzung-fur-die-unabhangigen-vermogensverwalter-kosten-und-folgen-fur-die-branche\/"]}]},{"@type":"BreadcrumbList","@id":"https:\/\/staging.fbt-avocats.ch\/en\/die-neue-rechtssetzung-fur-die-unabhangigen-vermogensverwalter-kosten-und-folgen-fur-die-branche\/#breadcrumb","itemListElement":[{"@type":"ListItem","position":1,"name":"Home","item":"https:\/\/staging.fbt-avocats.ch\/en\/"},{"@type":"ListItem","position":2,"name":"Regulation &#8211; Die neue Rechtssetzung f\u00fcr die unabh\u00e4ngigen Verm\u00f6gensverwalter: Kosten und Folgen f\u00fcr die Branche"}]},{"@type":"WebSite","@id":"https:\/\/staging.fbt-avocats.ch\/en\/#website","url":"https:\/\/staging.fbt-avocats.ch\/en\/","name":"FBT Avocats SA","description":"Etudes bas\u00e9es \u00e0 Gen\u00e8ve et Paris","potentialAction":[{"@type":"SearchAction","target":{"@type":"EntryPoint","urlTemplate":"https:\/\/staging.fbt-avocats.ch\/en\/?s={search_term_string}"},"query-input":{"@type":"PropertyValueSpecification","valueRequired":true,"valueName":"search_term_string"}}],"inLanguage":"en-US"},{"@type":"Person","@id":"https:\/\/staging.fbt-avocats.ch\/en\/#\/schema\/person\/fc6aec890aeb5ba75401bb59536340fb","name":"Acey"}]}},"_links":{"self":[{"href":"https:\/\/staging.fbt-avocats.ch\/en\/wp-json\/wp\/v2\/posts\/16514","targetHints":{"allow":["GET"]}}],"collection":[{"href":"https:\/\/staging.fbt-avocats.ch\/en\/wp-json\/wp\/v2\/posts"}],"about":[{"href":"https:\/\/staging.fbt-avocats.ch\/en\/wp-json\/wp\/v2\/types\/post"}],"author":[{"embeddable":true,"href":"https:\/\/staging.fbt-avocats.ch\/en\/wp-json\/wp\/v2\/users\/2"}],"replies":[{"embeddable":true,"href":"https:\/\/staging.fbt-avocats.ch\/en\/wp-json\/wp\/v2\/comments?post=16514"}],"version-history":[{"count":0,"href":"https:\/\/staging.fbt-avocats.ch\/en\/wp-json\/wp\/v2\/posts\/16514\/revisions"}],"wp:attachment":[{"href":"https:\/\/staging.fbt-avocats.ch\/en\/wp-json\/wp\/v2\/media?parent=16514"}],"wp:term":[{"taxonomy":"category","embeddable":true,"href":"https:\/\/staging.fbt-avocats.ch\/en\/wp-json\/wp\/v2\/categories?post=16514"},{"taxonomy":"post_tag","embeddable":true,"href":"https:\/\/staging.fbt-avocats.ch\/en\/wp-json\/wp\/v2\/tags?post=16514"},{"taxonomy":"datespeciale","embeddable":true,"href":"https:\/\/staging.fbt-avocats.ch\/en\/wp-json\/wp\/v2\/datespeciale?post=16514"}],"curies":[{"name":"wp","href":"https:\/\/api.w.org\/{rel}","templated":true}]}}