{"id":16534,"date":"2016-10-01T11:12:08","date_gmt":"2016-10-01T10:12:08","guid":{"rendered":"https:\/\/www.fbt-avocats.ch\/der-unabhangige-vermogensverwalter-mit-fokus-auf-die-bekampfung-der-steuerflucht\/"},"modified":"2021-04-09T16:06:43","modified_gmt":"2021-04-09T15:06:43","slug":"der-unabhangige-vermogensverwalter-mit-fokus-auf-die-bekampfung-der-steuerflucht","status":"publish","type":"post","link":"https:\/\/staging.fbt-avocats.ch\/en\/der-unabhangige-vermogensverwalter-mit-fokus-auf-die-bekampfung-der-steuerflucht\/","title":{"rendered":"Der unabh\u00e4ngige Verm\u00f6gensverwalter mit Fokus auf die Bek\u00e4mpfung der Steuerflucht"},"content":{"rendered":"\n<style type=\"text\/css\" data-created_by=\"avia_inline_auto\" id=\"style-css-av-av_one_full-9497bbf8bff73ea4c6992cc17fa9ec36\">\n.flex_column.av-av_one_full-9497bbf8bff73ea4c6992cc17fa9ec36{\nborder-radius:0px 0px 0px 0px;\npadding:0px 0px 0px 0px;\n}\n<\/style>\n<div  class='flex_column av-av_one_full-9497bbf8bff73ea4c6992cc17fa9ec36 av_one_full  avia-builder-el-0  avia-builder-el-no-sibling  first flex_column_div av-zero-column-padding  '     ><p>\n<style type=\"text\/css\" data-created_by=\"avia_inline_auto\" id=\"style-css-av-av_heading-46be5de612d11d2053fd052e998b4ded\">\n#top .av-special-heading.av-av_heading-46be5de612d11d2053fd052e998b4ded{\npadding-bottom:10px;\nfont-size:26px;\n}\nbody .av-special-heading.av-av_heading-46be5de612d11d2053fd052e998b4ded .av-special-heading-tag .heading-char{\nfont-size:25px;\n}\n#top #wrap_all .av-special-heading.av-av_heading-46be5de612d11d2053fd052e998b4ded .av-special-heading-tag{\nfont-size:26px;\n}\n.av-special-heading.av-av_heading-46be5de612d11d2053fd052e998b4ded .av-subheading{\nfont-size:15px;\n}\n\n@media only screen and (min-width: 480px) and (max-width: 767px){ \n#top #wrap_all .av-special-heading.av-av_heading-46be5de612d11d2053fd052e998b4ded .av-special-heading-tag{\nfont-size:0.8em;\n}\n}\n\n@media only screen and (max-width: 479px){ \n#top #wrap_all .av-special-heading.av-av_heading-46be5de612d11d2053fd052e998b4ded .av-special-heading-tag{\nfont-size:0.8em;\n}\n}\n<\/style>\n<div  class='av-special-heading av-av_heading-46be5de612d11d2053fd052e998b4ded av-special-heading-h1 blockquote modern-quote  avia-builder-el-1  el_before_av_hr  avia-builder-el-first  av-inherit-size'><h1 class='av-special-heading-tag '  itemprop=\"headline\"  >Der unabh\u00e4ngige Verm\u00f6gensverwalter mit Fokus auf die Bek\u00e4mpfung der Steuerflucht<\/h1><div class='av-subheading av-subheading_below'><p>BSL Banking in Switzerland and Liechstenstein &#8211; Oktober 2016<br \/>\nJean-Luc Bochatay, Pierre-Olivier Etique<\/p>\n<\/div><div class=\"special-heading-border\"><div class=\"special-heading-inner-border\"><\/div><\/div><\/div><br \/>\n\n<style type=\"text\/css\" data-created_by=\"avia_inline_auto\" id=\"style-css-av-av_hr-a7bfac8b270289d974036c90ec0c7caf\">\n#top .hr.hr-invisible.av-av_hr-a7bfac8b270289d974036c90ec0c7caf{\nheight:20px;\n}\n<\/style>\n<div  class='hr av-av_hr-a7bfac8b270289d974036c90ec0c7caf hr-invisible  avia-builder-el-2  el_after_av_heading  el_before_av_textblock '><span class='hr-inner '><span class=\"hr-inner-style\"><\/span><\/span><\/div><br \/>\n<section  class='av_textblock_section av-av_textblock-0366cc7376be6c9e82a3e9cc8987b64f '   itemscope=\"itemscope\" itemtype=\"https:\/\/schema.org\/BlogPosting\" itemprop=\"blogPost\" ><div class='avia_textblock'  itemprop=\"text\" ><div data-canvas-width=\"294.2342331653484\">Kurz vor dem Inkrafttreten der neuen internationalen Norm \u00fcber den automatischen Informationsaustausch (\u00abAIA\u00bb) stellt sich die Frage, ob sich die unabh\u00e4ngigen Verm\u00f6gensverwalter (\u00abUVV\u00bb) weiterhin um die steuerliche Konformit\u00e4t der Guthaben ihrer Kunden k\u00fcmmern m\u00fcssen.<\/div>\n<\/div><\/section><br \/>\n\n<style type=\"text\/css\" data-created_by=\"avia_inline_auto\" id=\"style-css-av-av_hr-a7bfac8b270289d974036c90ec0c7caf\">\n#top .hr.hr-invisible.av-av_hr-a7bfac8b270289d974036c90ec0c7caf{\nheight:20px;\n}\n<\/style>\n<div  class='hr av-av_hr-a7bfac8b270289d974036c90ec0c7caf hr-invisible  avia-builder-el-4  el_after_av_textblock  el_before_av_button '><span class='hr-inner '><span class=\"hr-inner-style\"><\/span><\/span><\/div><br \/>\n<div  class='avia-button-wrap av-av_button-5d3cb3640f0d2566451ccf893fc2974d-wrap avia-button-left  avia-builder-el-5  el_after_av_hr  avia-builder-el-last '>\n<style type=\"text\/css\" data-created_by=\"avia_inline_auto\" id=\"style-css-av-av_button-5d3cb3640f0d2566451ccf893fc2974d\">\n#top #wrap_all .avia-button.av-av_button-5d3cb3640f0d2566451ccf893fc2974d{\nbackground-color:#44525f;\nborder-color:#44525f;\ncolor:#ffffff;\ntransition:all 0.4s ease-in-out;\n}\n#top #wrap_all .avia-button.av-av_button-5d3cb3640f0d2566451ccf893fc2974d .avia-svg-icon svg:first-child{\nfill:#ffffff;\nstroke:#ffffff;\n}\n<\/style>\n<a href='http:\/\/fbt-avocats.ch\/wp-content\/uploads\/2016\/10\/Der-unabh\u00e4ngige-Verm\u00f6gensverwalter-mit-Fokus-auf-die-Bek\u00e4mpfung-der-Steuerflucht.pdf'  class='avia-button av-av_button-5d3cb3640f0d2566451ccf893fc2974d av-link-btn avia-icon_select-no avia-size-large avia-position-left'  target=\"_blank\"  rel=\"noopener noreferrer\"  aria-label=\"Lire la suite\"><span class='avia_iconbox_title' >Lire la suite<\/span><\/a><\/div><\/p><\/div>\n","protected":false},"excerpt":{"rendered":"","protected":false},"author":2,"featured_media":0,"comment_status":"closed","ping_status":"closed","sticky":false,"template":"","format":"standard","meta":{"footnotes":""},"categories":[84],"tags":[276],"datespeciale":[],"class_list":["post-16534","post","type-post","status-publish","format-standard","hentry","category-media-and-news","tag-bsl-banking-in-switzerland-and-liechstenstein-en","competences-banking-and-finance","competences-tax","auteurs-fbt-avocats","auteurs-jean-luc-bochatay-en","date-publication-2016-en","diffusion-medias-en"],"yoast_head":"<!-- This site is optimized with the Yoast SEO Premium plugin v27.4 (Yoast SEO v27.4) - https:\/\/yoast.com\/product\/yoast-seo-premium-wordpress\/ -->\n<title>Der unabh\u00e4ngige Verm\u00f6gensverwalter mit Fokus auf die Bek\u00e4mpfung der Steuerflucht | FBT Avocats SA<\/title>\n<meta name=\"robots\" content=\"noindex, follow, max-snippet:-1, max-image-preview:large, max-video-preview:-1\" \/>\n<meta property=\"og:locale\" content=\"en_US\" \/>\n<meta property=\"og:type\" content=\"article\" \/>\n<meta property=\"og:title\" content=\"Der unabh\u00e4ngige Verm\u00f6gensverwalter mit Fokus auf die Bek\u00e4mpfung der Steuerflucht\" \/>\n<meta property=\"og:url\" content=\"https:\/\/staging.fbt-avocats.ch\/en\/der-unabhangige-vermogensverwalter-mit-fokus-auf-die-bekampfung-der-steuerflucht\/\" \/>\n<meta property=\"og:site_name\" content=\"FBT Avocats SA\" \/>\n<meta property=\"article:published_time\" content=\"2016-10-01T10:12:08+00:00\" \/>\n<meta property=\"article:modified_time\" content=\"2021-04-09T15:06:43+00:00\" \/>\n<meta name=\"author\" content=\"Acey\" \/>\n<meta name=\"twitter:card\" content=\"summary_large_image\" \/>\n<meta name=\"twitter:label1\" content=\"Written by\" \/>\n\t<meta name=\"twitter:data1\" content=\"Acey\" \/>\n\t<meta name=\"twitter:label2\" content=\"Est. reading time\" \/>\n\t<meta name=\"twitter:data2\" content=\"1 minute\" \/>\n<script type=\"application\/ld+json\" class=\"yoast-schema-graph\">{\"@context\":\"https:\\\/\\\/schema.org\",\"@graph\":[{\"@type\":\"Article\",\"@id\":\"https:\\\/\\\/staging.fbt-avocats.ch\\\/en\\\/der-unabhangige-vermogensverwalter-mit-fokus-auf-die-bekampfung-der-steuerflucht\\\/#article\",\"isPartOf\":{\"@id\":\"https:\\\/\\\/staging.fbt-avocats.ch\\\/en\\\/der-unabhangige-vermogensverwalter-mit-fokus-auf-die-bekampfung-der-steuerflucht\\\/\"},\"author\":{\"name\":\"Acey\",\"@id\":\"https:\\\/\\\/staging.fbt-avocats.ch\\\/en\\\/#\\\/schema\\\/person\\\/fc6aec890aeb5ba75401bb59536340fb\"},\"headline\":\"Der unabh\u00e4ngige Verm\u00f6gensverwalter mit Fokus auf die Bek\u00e4mpfung der Steuerflucht\",\"datePublished\":\"2016-10-01T10:12:08+00:00\",\"dateModified\":\"2021-04-09T15:06:43+00:00\",\"mainEntityOfPage\":{\"@id\":\"https:\\\/\\\/staging.fbt-avocats.ch\\\/en\\\/der-unabhangige-vermogensverwalter-mit-fokus-auf-die-bekampfung-der-steuerflucht\\\/\"},\"wordCount\":256,\"keywords\":[\"BSL Banking in Switzerland and Liechstenstein\"],\"articleSection\":[\"Media and News\"],\"inLanguage\":\"en-US\"},{\"@type\":\"WebPage\",\"@id\":\"https:\\\/\\\/staging.fbt-avocats.ch\\\/en\\\/der-unabhangige-vermogensverwalter-mit-fokus-auf-die-bekampfung-der-steuerflucht\\\/\",\"url\":\"https:\\\/\\\/staging.fbt-avocats.ch\\\/en\\\/der-unabhangige-vermogensverwalter-mit-fokus-auf-die-bekampfung-der-steuerflucht\\\/\",\"name\":\"Der unabh\u00e4ngige Verm\u00f6gensverwalter mit Fokus auf die Bek\u00e4mpfung der Steuerflucht | FBT Avocats SA\",\"isPartOf\":{\"@id\":\"https:\\\/\\\/staging.fbt-avocats.ch\\\/en\\\/#website\"},\"datePublished\":\"2016-10-01T10:12:08+00:00\",\"dateModified\":\"2021-04-09T15:06:43+00:00\",\"author\":{\"@id\":\"https:\\\/\\\/staging.fbt-avocats.ch\\\/en\\\/#\\\/schema\\\/person\\\/fc6aec890aeb5ba75401bb59536340fb\"},\"breadcrumb\":{\"@id\":\"https:\\\/\\\/staging.fbt-avocats.ch\\\/en\\\/der-unabhangige-vermogensverwalter-mit-fokus-auf-die-bekampfung-der-steuerflucht\\\/#breadcrumb\"},\"inLanguage\":\"en-US\",\"potentialAction\":[{\"@type\":\"ReadAction\",\"target\":[\"https:\\\/\\\/staging.fbt-avocats.ch\\\/en\\\/der-unabhangige-vermogensverwalter-mit-fokus-auf-die-bekampfung-der-steuerflucht\\\/\"]}]},{\"@type\":\"BreadcrumbList\",\"@id\":\"https:\\\/\\\/staging.fbt-avocats.ch\\\/en\\\/der-unabhangige-vermogensverwalter-mit-fokus-auf-die-bekampfung-der-steuerflucht\\\/#breadcrumb\",\"itemListElement\":[{\"@type\":\"ListItem\",\"position\":1,\"name\":\"Home\",\"item\":\"https:\\\/\\\/staging.fbt-avocats.ch\\\/en\\\/\"},{\"@type\":\"ListItem\",\"position\":2,\"name\":\"Der unabh\u00e4ngige Verm\u00f6gensverwalter mit Fokus auf die Bek\u00e4mpfung der Steuerflucht\"}]},{\"@type\":\"WebSite\",\"@id\":\"https:\\\/\\\/staging.fbt-avocats.ch\\\/en\\\/#website\",\"url\":\"https:\\\/\\\/staging.fbt-avocats.ch\\\/en\\\/\",\"name\":\"FBT Avocats SA\",\"description\":\"Etudes bas\u00e9es \u00e0 Gen\u00e8ve et Paris\",\"potentialAction\":[{\"@type\":\"SearchAction\",\"target\":{\"@type\":\"EntryPoint\",\"urlTemplate\":\"https:\\\/\\\/staging.fbt-avocats.ch\\\/en\\\/?s={search_term_string}\"},\"query-input\":{\"@type\":\"PropertyValueSpecification\",\"valueRequired\":true,\"valueName\":\"search_term_string\"}}],\"inLanguage\":\"en-US\"},{\"@type\":\"Person\",\"@id\":\"https:\\\/\\\/staging.fbt-avocats.ch\\\/en\\\/#\\\/schema\\\/person\\\/fc6aec890aeb5ba75401bb59536340fb\",\"name\":\"Acey\"}]}<\/script>\n<!-- \/ Yoast SEO Premium plugin. -->","yoast_head_json":{"title":"Der unabh\u00e4ngige Verm\u00f6gensverwalter mit Fokus auf die Bek\u00e4mpfung der Steuerflucht | FBT Avocats SA","robots":{"index":"noindex","follow":"follow","max-snippet":"max-snippet:-1","max-image-preview":"max-image-preview:large","max-video-preview":"max-video-preview:-1"},"og_locale":"en_US","og_type":"article","og_title":"Der unabh\u00e4ngige Verm\u00f6gensverwalter mit Fokus auf die Bek\u00e4mpfung der Steuerflucht","og_url":"https:\/\/staging.fbt-avocats.ch\/en\/der-unabhangige-vermogensverwalter-mit-fokus-auf-die-bekampfung-der-steuerflucht\/","og_site_name":"FBT Avocats SA","article_published_time":"2016-10-01T10:12:08+00:00","article_modified_time":"2021-04-09T15:06:43+00:00","author":"Acey","twitter_card":"summary_large_image","twitter_misc":{"Written by":"Acey","Est. reading time":"1 minute"},"schema":{"@context":"https:\/\/schema.org","@graph":[{"@type":"Article","@id":"https:\/\/staging.fbt-avocats.ch\/en\/der-unabhangige-vermogensverwalter-mit-fokus-auf-die-bekampfung-der-steuerflucht\/#article","isPartOf":{"@id":"https:\/\/staging.fbt-avocats.ch\/en\/der-unabhangige-vermogensverwalter-mit-fokus-auf-die-bekampfung-der-steuerflucht\/"},"author":{"name":"Acey","@id":"https:\/\/staging.fbt-avocats.ch\/en\/#\/schema\/person\/fc6aec890aeb5ba75401bb59536340fb"},"headline":"Der unabh\u00e4ngige Verm\u00f6gensverwalter mit Fokus auf die Bek\u00e4mpfung der Steuerflucht","datePublished":"2016-10-01T10:12:08+00:00","dateModified":"2021-04-09T15:06:43+00:00","mainEntityOfPage":{"@id":"https:\/\/staging.fbt-avocats.ch\/en\/der-unabhangige-vermogensverwalter-mit-fokus-auf-die-bekampfung-der-steuerflucht\/"},"wordCount":256,"keywords":["BSL Banking in Switzerland and Liechstenstein"],"articleSection":["Media and News"],"inLanguage":"en-US"},{"@type":"WebPage","@id":"https:\/\/staging.fbt-avocats.ch\/en\/der-unabhangige-vermogensverwalter-mit-fokus-auf-die-bekampfung-der-steuerflucht\/","url":"https:\/\/staging.fbt-avocats.ch\/en\/der-unabhangige-vermogensverwalter-mit-fokus-auf-die-bekampfung-der-steuerflucht\/","name":"Der unabh\u00e4ngige Verm\u00f6gensverwalter mit Fokus auf die Bek\u00e4mpfung der Steuerflucht | FBT Avocats SA","isPartOf":{"@id":"https:\/\/staging.fbt-avocats.ch\/en\/#website"},"datePublished":"2016-10-01T10:12:08+00:00","dateModified":"2021-04-09T15:06:43+00:00","author":{"@id":"https:\/\/staging.fbt-avocats.ch\/en\/#\/schema\/person\/fc6aec890aeb5ba75401bb59536340fb"},"breadcrumb":{"@id":"https:\/\/staging.fbt-avocats.ch\/en\/der-unabhangige-vermogensverwalter-mit-fokus-auf-die-bekampfung-der-steuerflucht\/#breadcrumb"},"inLanguage":"en-US","potentialAction":[{"@type":"ReadAction","target":["https:\/\/staging.fbt-avocats.ch\/en\/der-unabhangige-vermogensverwalter-mit-fokus-auf-die-bekampfung-der-steuerflucht\/"]}]},{"@type":"BreadcrumbList","@id":"https:\/\/staging.fbt-avocats.ch\/en\/der-unabhangige-vermogensverwalter-mit-fokus-auf-die-bekampfung-der-steuerflucht\/#breadcrumb","itemListElement":[{"@type":"ListItem","position":1,"name":"Home","item":"https:\/\/staging.fbt-avocats.ch\/en\/"},{"@type":"ListItem","position":2,"name":"Der unabh\u00e4ngige Verm\u00f6gensverwalter mit Fokus auf die Bek\u00e4mpfung der Steuerflucht"}]},{"@type":"WebSite","@id":"https:\/\/staging.fbt-avocats.ch\/en\/#website","url":"https:\/\/staging.fbt-avocats.ch\/en\/","name":"FBT Avocats SA","description":"Etudes bas\u00e9es \u00e0 Gen\u00e8ve et Paris","potentialAction":[{"@type":"SearchAction","target":{"@type":"EntryPoint","urlTemplate":"https:\/\/staging.fbt-avocats.ch\/en\/?s={search_term_string}"},"query-input":{"@type":"PropertyValueSpecification","valueRequired":true,"valueName":"search_term_string"}}],"inLanguage":"en-US"},{"@type":"Person","@id":"https:\/\/staging.fbt-avocats.ch\/en\/#\/schema\/person\/fc6aec890aeb5ba75401bb59536340fb","name":"Acey"}]}},"_links":{"self":[{"href":"https:\/\/staging.fbt-avocats.ch\/en\/wp-json\/wp\/v2\/posts\/16534","targetHints":{"allow":["GET"]}}],"collection":[{"href":"https:\/\/staging.fbt-avocats.ch\/en\/wp-json\/wp\/v2\/posts"}],"about":[{"href":"https:\/\/staging.fbt-avocats.ch\/en\/wp-json\/wp\/v2\/types\/post"}],"author":[{"embeddable":true,"href":"https:\/\/staging.fbt-avocats.ch\/en\/wp-json\/wp\/v2\/users\/2"}],"replies":[{"embeddable":true,"href":"https:\/\/staging.fbt-avocats.ch\/en\/wp-json\/wp\/v2\/comments?post=16534"}],"version-history":[{"count":0,"href":"https:\/\/staging.fbt-avocats.ch\/en\/wp-json\/wp\/v2\/posts\/16534\/revisions"}],"wp:attachment":[{"href":"https:\/\/staging.fbt-avocats.ch\/en\/wp-json\/wp\/v2\/media?parent=16534"}],"wp:term":[{"taxonomy":"category","embeddable":true,"href":"https:\/\/staging.fbt-avocats.ch\/en\/wp-json\/wp\/v2\/categories?post=16534"},{"taxonomy":"post_tag","embeddable":true,"href":"https:\/\/staging.fbt-avocats.ch\/en\/wp-json\/wp\/v2\/tags?post=16534"},{"taxonomy":"datespeciale","embeddable":true,"href":"https:\/\/staging.fbt-avocats.ch\/en\/wp-json\/wp\/v2\/datespeciale?post=16534"}],"curies":[{"name":"wp","href":"https:\/\/api.w.org\/{rel}","templated":true}]}}