{"id":16570,"date":"2014-09-19T11:44:59","date_gmt":"2014-09-19T10:44:59","guid":{"rendered":"https:\/\/www.fbt-avocats.ch\/der-berufsstand-der-unabhangigen-vermogensverwalter-und-der-umbruch-in-der-regulierung-bestandesaufnahme-und-perspektiven\/"},"modified":"2021-04-09T16:15:19","modified_gmt":"2021-04-09T15:15:19","slug":"der-berufsstand-der-unabhangigen-vermogensverwalter-und-der-umbruch-in-der-regulierung-bestandesaufnahme-und-perspektiven","status":"publish","type":"post","link":"https:\/\/staging.fbt-avocats.ch\/en\/der-berufsstand-der-unabhangigen-vermogensverwalter-und-der-umbruch-in-der-regulierung-bestandesaufnahme-und-perspektiven\/","title":{"rendered":"Der Berufsstand der unabh\u00e4ngigen Verm\u00f6gensverwalter und der Umbruch in der Regulierung: Bestandesaufnahme und Perspektiven"},"content":{"rendered":"\n<style type=\"text\/css\" data-created_by=\"avia_inline_auto\" id=\"style-css-av-av_one_full-9497bbf8bff73ea4c6992cc17fa9ec36\">\n.flex_column.av-av_one_full-9497bbf8bff73ea4c6992cc17fa9ec36{\nborder-radius:0px 0px 0px 0px;\npadding:0px 0px 0px 0px;\n}\n<\/style>\n<div  class='flex_column av-av_one_full-9497bbf8bff73ea4c6992cc17fa9ec36 av_one_full  avia-builder-el-0  avia-builder-el-no-sibling  first flex_column_div av-zero-column-padding  '     ><p>\n<style type=\"text\/css\" data-created_by=\"avia_inline_auto\" id=\"style-css-av-av_heading-ecd776f7f295db481b9b3a5377584b5a\">\n#top .av-special-heading.av-av_heading-ecd776f7f295db481b9b3a5377584b5a{\npadding-bottom:10px;\nfont-size:26px;\n}\nbody .av-special-heading.av-av_heading-ecd776f7f295db481b9b3a5377584b5a .av-special-heading-tag .heading-char{\nfont-size:25px;\n}\n#top #wrap_all .av-special-heading.av-av_heading-ecd776f7f295db481b9b3a5377584b5a .av-special-heading-tag{\nfont-size:26px;\n}\n.av-special-heading.av-av_heading-ecd776f7f295db481b9b3a5377584b5a .av-subheading{\nfont-size:15px;\n}\n\n@media only screen and (min-width: 480px) and (max-width: 767px){ \n#top #wrap_all .av-special-heading.av-av_heading-ecd776f7f295db481b9b3a5377584b5a .av-special-heading-tag{\nfont-size:0.8em;\n}\n}\n\n@media only screen and (max-width: 479px){ \n#top #wrap_all .av-special-heading.av-av_heading-ecd776f7f295db481b9b3a5377584b5a .av-special-heading-tag{\nfont-size:0.8em;\n}\n}\n<\/style>\n<div  class='av-special-heading av-av_heading-ecd776f7f295db481b9b3a5377584b5a av-special-heading-h1 blockquote modern-quote  avia-builder-el-1  el_before_av_hr  avia-builder-el-first  av-inherit-size'><h1 class='av-special-heading-tag '  itemprop=\"headline\"  >Der Berufsstand der unabh\u00e4ngigen Verm\u00f6gensverwalter und der Umbruch in der Regulierung: Bestandesaufnahme und Perspektiven<\/h1><div class='av-subheading av-subheading_below'><p>BSL Banking in Switzerland and Liechtenstein &#8211; September 2014<br \/>\nFr\u00e9d\u00e9rique Bensahel, Pierre-Olivier Etique<\/p>\n<\/div><div class=\"special-heading-border\"><div class=\"special-heading-inner-border\"><\/div><\/div><\/div><br \/>\n\n<style type=\"text\/css\" data-created_by=\"avia_inline_auto\" id=\"style-css-av-av_hr-a7bfac8b270289d974036c90ec0c7caf\">\n#top .hr.hr-invisible.av-av_hr-a7bfac8b270289d974036c90ec0c7caf{\nheight:20px;\n}\n<\/style>\n<div  class='hr av-av_hr-a7bfac8b270289d974036c90ec0c7caf hr-invisible  avia-builder-el-2  el_after_av_heading  el_before_av_textblock '><span class='hr-inner '><span class=\"hr-inner-style\"><\/span><\/span><\/div><br \/>\n<section  class='av_textblock_section av-av_textblock-0366cc7376be6c9e82a3e9cc8987b64f '   itemscope=\"itemscope\" itemtype=\"https:\/\/schema.org\/BlogPosting\" itemprop=\"blogPost\" ><div class='avia_textblock'  itemprop=\"text\" ><p>Die \u00c4nderungen der Gesetze und Regulierungen mit Folgen f\u00fcr die unabh\u00e4ngigen Verm\u00f6gensverwalter jagen sich f\u00f6rmlich. Eine umfassende Ein- sch\u00e4tzung gestaltet sich umso schwieriger und unsicherer, als dass sie so unterschiedliche Themen wie das Bundesgesetz \u00fcber die Bek\u00e4mpfung der Geldw\u00e4scherei und der Terrorismusfinanzierung (\u00abGwG\u00bb), die Verhaltensregeln f\u00fcr die Verm\u00f6gensverwaltung der FINMA oder auch die Zulassungen nach dem Bundesgesetz \u00fcber die kollektiven Kapitalanlagen (\u00abKAG\u00bb) betreffen. Langfristig l\u00e4sst es sich wohl kaum vermeiden, dass die Verm\u00f6gensverwalter einer Aufsicht unterstellt werden. Die Gestaltung dieserAufsicht zeichnet sich im Entwurf des zuk\u00fcnftigen Finanzdienstleistungsgesetzes (\u00abFIDLEG\u00bb) ab, der in diesem Sommer ver\u00f6ffentlicht werden d\u00fcrfte. Der Paradigmenwechsel ist jedoch bereits eingel\u00e4utet: die j\u00fcngsten gesetzgeberischen und regulatorischen Initiativen bezeugen es. Sie werden im Folgenden behandelt.<\/p>\n<\/div><\/section><br \/>\n\n<style type=\"text\/css\" data-created_by=\"avia_inline_auto\" id=\"style-css-av-av_hr-a7bfac8b270289d974036c90ec0c7caf\">\n#top .hr.hr-invisible.av-av_hr-a7bfac8b270289d974036c90ec0c7caf{\nheight:20px;\n}\n<\/style>\n<div  class='hr av-av_hr-a7bfac8b270289d974036c90ec0c7caf hr-invisible  avia-builder-el-4  el_after_av_textblock  el_before_av_button '><span class='hr-inner '><span class=\"hr-inner-style\"><\/span><\/span><\/div><br \/>\n<div  class='avia-button-wrap av-av_button-8d24b07718f98edb57ef83b72552da41-wrap avia-button-left  avia-builder-el-5  el_after_av_hr  avia-builder-el-last '>\n<style type=\"text\/css\" data-created_by=\"avia_inline_auto\" id=\"style-css-av-av_button-8d24b07718f98edb57ef83b72552da41\">\n#top #wrap_all .avia-button.av-av_button-8d24b07718f98edb57ef83b72552da41{\nbackground-color:#44525f;\nborder-color:#44525f;\ncolor:#ffffff;\ntransition:all 0.4s ease-in-out;\n}\n#top #wrap_all .avia-button.av-av_button-8d24b07718f98edb57ef83b72552da41 .avia-svg-icon svg:first-child{\nfill:#ffffff;\nstroke:#ffffff;\n}\n<\/style>\n<a href='http:\/\/fbt-avocats.ch\/wp-content\/uploads\/2016\/04\/FBT-F-Bensahel-et-PO-Etique-D-et-E.pdf'  class='avia-button av-av_button-8d24b07718f98edb57ef83b72552da41 av-link-btn avia-icon_select-no avia-size-large avia-position-left'  target=\"_blank\"  rel=\"noopener noreferrer\"  aria-label=\"Lire la suite\"><span class='avia_iconbox_title' >Lire la suite<\/span><\/a><\/div><\/p><\/div>\n","protected":false},"excerpt":{"rendered":"","protected":false},"author":2,"featured_media":1372,"comment_status":"closed","ping_status":"closed","sticky":false,"template":"","format":"standard","meta":{"footnotes":""},"categories":[84],"tags":[276],"datespeciale":[],"class_list":["post-16570","post","type-post","status-publish","format-standard","has-post-thumbnail","hentry","category-media-and-news","tag-bsl-banking-in-switzerland-and-liechstenstein-en","competences-banking-and-finance","auteurs-fbt-avocats","auteurs-frederique-bensahel-en","date-publication-2014-en","diffusion-medias-en"],"yoast_head":"<!-- This site is optimized with the Yoast SEO Premium plugin v27.4 (Yoast SEO v27.4) - https:\/\/yoast.com\/product\/yoast-seo-premium-wordpress\/ -->\n<title>Der Berufsstand der unabh\u00e4ngigen Verm\u00f6gensverwalter und der Umbruch in der Regulierung: Bestandesaufnahme und Perspektiven | FBT Avocats SA<\/title>\n<meta name=\"robots\" content=\"noindex, follow, max-snippet:-1, max-image-preview:large, max-video-preview:-1\" \/>\n<meta property=\"og:locale\" content=\"en_US\" \/>\n<meta property=\"og:type\" content=\"article\" \/>\n<meta property=\"og:title\" content=\"Der Berufsstand der unabh\u00e4ngigen Verm\u00f6gensverwalter und der Umbruch in der Regulierung: Bestandesaufnahme und Perspektiven\" \/>\n<meta property=\"og:url\" content=\"https:\/\/staging.fbt-avocats.ch\/en\/der-berufsstand-der-unabhangigen-vermogensverwalter-und-der-umbruch-in-der-regulierung-bestandesaufnahme-und-perspektiven\/\" \/>\n<meta property=\"og:site_name\" content=\"FBT Avocats SA\" \/>\n<meta property=\"article:published_time\" content=\"2014-09-19T10:44:59+00:00\" \/>\n<meta property=\"article:modified_time\" content=\"2021-04-09T15:15:19+00:00\" \/>\n<meta property=\"og:image\" content=\"https:\/\/staging.fbt-avocats.ch\/wp-content\/uploads\/2016\/04\/fbt-etude-avocats-icone-document-pdf.png\" \/>\n\t<meta property=\"og:image:width\" content=\"120\" \/>\n\t<meta property=\"og:image:height\" content=\"120\" \/>\n\t<meta property=\"og:image:type\" content=\"image\/png\" \/>\n<meta name=\"author\" content=\"Acey\" \/>\n<meta name=\"twitter:card\" content=\"summary_large_image\" \/>\n<meta name=\"twitter:label1\" content=\"Written by\" \/>\n\t<meta name=\"twitter:data1\" content=\"Acey\" \/>\n\t<meta name=\"twitter:label2\" content=\"Est. reading time\" \/>\n\t<meta name=\"twitter:data2\" content=\"2 minutes\" \/>\n<script type=\"application\/ld+json\" class=\"yoast-schema-graph\">{\"@context\":\"https:\\\/\\\/schema.org\",\"@graph\":[{\"@type\":\"Article\",\"@id\":\"https:\\\/\\\/staging.fbt-avocats.ch\\\/en\\\/der-berufsstand-der-unabhangigen-vermogensverwalter-und-der-umbruch-in-der-regulierung-bestandesaufnahme-und-perspektiven\\\/#article\",\"isPartOf\":{\"@id\":\"https:\\\/\\\/staging.fbt-avocats.ch\\\/en\\\/der-berufsstand-der-unabhangigen-vermogensverwalter-und-der-umbruch-in-der-regulierung-bestandesaufnahme-und-perspektiven\\\/\"},\"author\":{\"name\":\"Acey\",\"@id\":\"https:\\\/\\\/staging.fbt-avocats.ch\\\/en\\\/#\\\/schema\\\/person\\\/fc6aec890aeb5ba75401bb59536340fb\"},\"headline\":\"Der Berufsstand der unabh\u00e4ngigen Verm\u00f6gensverwalter und der Umbruch in der Regulierung: Bestandesaufnahme und Perspektiven\",\"datePublished\":\"2014-09-19T10:44:59+00:00\",\"dateModified\":\"2021-04-09T15:15:19+00:00\",\"mainEntityOfPage\":{\"@id\":\"https:\\\/\\\/staging.fbt-avocats.ch\\\/en\\\/der-berufsstand-der-unabhangigen-vermogensverwalter-und-der-umbruch-in-der-regulierung-bestandesaufnahme-und-perspektiven\\\/\"},\"wordCount\":353,\"image\":{\"@id\":\"https:\\\/\\\/staging.fbt-avocats.ch\\\/en\\\/der-berufsstand-der-unabhangigen-vermogensverwalter-und-der-umbruch-in-der-regulierung-bestandesaufnahme-und-perspektiven\\\/#primaryimage\"},\"thumbnailUrl\":\"https:\\\/\\\/staging.fbt-avocats.ch\\\/wp-content\\\/uploads\\\/2016\\\/04\\\/fbt-etude-avocats-icone-document-pdf.png\",\"keywords\":[\"BSL Banking in Switzerland and Liechstenstein\"],\"articleSection\":[\"Media and News\"],\"inLanguage\":\"en-US\"},{\"@type\":\"WebPage\",\"@id\":\"https:\\\/\\\/staging.fbt-avocats.ch\\\/en\\\/der-berufsstand-der-unabhangigen-vermogensverwalter-und-der-umbruch-in-der-regulierung-bestandesaufnahme-und-perspektiven\\\/\",\"url\":\"https:\\\/\\\/staging.fbt-avocats.ch\\\/en\\\/der-berufsstand-der-unabhangigen-vermogensverwalter-und-der-umbruch-in-der-regulierung-bestandesaufnahme-und-perspektiven\\\/\",\"name\":\"Der Berufsstand der unabh\u00e4ngigen Verm\u00f6gensverwalter und der Umbruch in der Regulierung: Bestandesaufnahme und Perspektiven | FBT Avocats SA\",\"isPartOf\":{\"@id\":\"https:\\\/\\\/staging.fbt-avocats.ch\\\/en\\\/#website\"},\"primaryImageOfPage\":{\"@id\":\"https:\\\/\\\/staging.fbt-avocats.ch\\\/en\\\/der-berufsstand-der-unabhangigen-vermogensverwalter-und-der-umbruch-in-der-regulierung-bestandesaufnahme-und-perspektiven\\\/#primaryimage\"},\"image\":{\"@id\":\"https:\\\/\\\/staging.fbt-avocats.ch\\\/en\\\/der-berufsstand-der-unabhangigen-vermogensverwalter-und-der-umbruch-in-der-regulierung-bestandesaufnahme-und-perspektiven\\\/#primaryimage\"},\"thumbnailUrl\":\"https:\\\/\\\/staging.fbt-avocats.ch\\\/wp-content\\\/uploads\\\/2016\\\/04\\\/fbt-etude-avocats-icone-document-pdf.png\",\"datePublished\":\"2014-09-19T10:44:59+00:00\",\"dateModified\":\"2021-04-09T15:15:19+00:00\",\"author\":{\"@id\":\"https:\\\/\\\/staging.fbt-avocats.ch\\\/en\\\/#\\\/schema\\\/person\\\/fc6aec890aeb5ba75401bb59536340fb\"},\"breadcrumb\":{\"@id\":\"https:\\\/\\\/staging.fbt-avocats.ch\\\/en\\\/der-berufsstand-der-unabhangigen-vermogensverwalter-und-der-umbruch-in-der-regulierung-bestandesaufnahme-und-perspektiven\\\/#breadcrumb\"},\"inLanguage\":\"en-US\",\"potentialAction\":[{\"@type\":\"ReadAction\",\"target\":[\"https:\\\/\\\/staging.fbt-avocats.ch\\\/en\\\/der-berufsstand-der-unabhangigen-vermogensverwalter-und-der-umbruch-in-der-regulierung-bestandesaufnahme-und-perspektiven\\\/\"]}]},{\"@type\":\"ImageObject\",\"inLanguage\":\"en-US\",\"@id\":\"https:\\\/\\\/staging.fbt-avocats.ch\\\/en\\\/der-berufsstand-der-unabhangigen-vermogensverwalter-und-der-umbruch-in-der-regulierung-bestandesaufnahme-und-perspektiven\\\/#primaryimage\",\"url\":\"https:\\\/\\\/staging.fbt-avocats.ch\\\/wp-content\\\/uploads\\\/2016\\\/04\\\/fbt-etude-avocats-icone-document-pdf.png\",\"contentUrl\":\"https:\\\/\\\/staging.fbt-avocats.ch\\\/wp-content\\\/uploads\\\/2016\\\/04\\\/fbt-etude-avocats-icone-document-pdf.png\",\"width\":120,\"height\":120},{\"@type\":\"BreadcrumbList\",\"@id\":\"https:\\\/\\\/staging.fbt-avocats.ch\\\/en\\\/der-berufsstand-der-unabhangigen-vermogensverwalter-und-der-umbruch-in-der-regulierung-bestandesaufnahme-und-perspektiven\\\/#breadcrumb\",\"itemListElement\":[{\"@type\":\"ListItem\",\"position\":1,\"name\":\"Home\",\"item\":\"https:\\\/\\\/staging.fbt-avocats.ch\\\/en\\\/\"},{\"@type\":\"ListItem\",\"position\":2,\"name\":\"Der Berufsstand der unabh\u00e4ngigen Verm\u00f6gensverwalter und der Umbruch in der Regulierung: Bestandesaufnahme und Perspektiven\"}]},{\"@type\":\"WebSite\",\"@id\":\"https:\\\/\\\/staging.fbt-avocats.ch\\\/en\\\/#website\",\"url\":\"https:\\\/\\\/staging.fbt-avocats.ch\\\/en\\\/\",\"name\":\"FBT Avocats SA\",\"description\":\"Etudes bas\u00e9es \u00e0 Gen\u00e8ve et Paris\",\"potentialAction\":[{\"@type\":\"SearchAction\",\"target\":{\"@type\":\"EntryPoint\",\"urlTemplate\":\"https:\\\/\\\/staging.fbt-avocats.ch\\\/en\\\/?s={search_term_string}\"},\"query-input\":{\"@type\":\"PropertyValueSpecification\",\"valueRequired\":true,\"valueName\":\"search_term_string\"}}],\"inLanguage\":\"en-US\"},{\"@type\":\"Person\",\"@id\":\"https:\\\/\\\/staging.fbt-avocats.ch\\\/en\\\/#\\\/schema\\\/person\\\/fc6aec890aeb5ba75401bb59536340fb\",\"name\":\"Acey\"}]}<\/script>\n<!-- \/ Yoast SEO Premium plugin. -->","yoast_head_json":{"title":"Der Berufsstand der unabh\u00e4ngigen Verm\u00f6gensverwalter und der Umbruch in der Regulierung: Bestandesaufnahme und Perspektiven | FBT Avocats SA","robots":{"index":"noindex","follow":"follow","max-snippet":"max-snippet:-1","max-image-preview":"max-image-preview:large","max-video-preview":"max-video-preview:-1"},"og_locale":"en_US","og_type":"article","og_title":"Der Berufsstand der unabh\u00e4ngigen Verm\u00f6gensverwalter und der Umbruch in der Regulierung: Bestandesaufnahme und Perspektiven","og_url":"https:\/\/staging.fbt-avocats.ch\/en\/der-berufsstand-der-unabhangigen-vermogensverwalter-und-der-umbruch-in-der-regulierung-bestandesaufnahme-und-perspektiven\/","og_site_name":"FBT Avocats SA","article_published_time":"2014-09-19T10:44:59+00:00","article_modified_time":"2021-04-09T15:15:19+00:00","og_image":[{"width":120,"height":120,"url":"https:\/\/staging.fbt-avocats.ch\/wp-content\/uploads\/2016\/04\/fbt-etude-avocats-icone-document-pdf.png","type":"image\/png"}],"author":"Acey","twitter_card":"summary_large_image","twitter_misc":{"Written by":"Acey","Est. reading time":"2 minutes"},"schema":{"@context":"https:\/\/schema.org","@graph":[{"@type":"Article","@id":"https:\/\/staging.fbt-avocats.ch\/en\/der-berufsstand-der-unabhangigen-vermogensverwalter-und-der-umbruch-in-der-regulierung-bestandesaufnahme-und-perspektiven\/#article","isPartOf":{"@id":"https:\/\/staging.fbt-avocats.ch\/en\/der-berufsstand-der-unabhangigen-vermogensverwalter-und-der-umbruch-in-der-regulierung-bestandesaufnahme-und-perspektiven\/"},"author":{"name":"Acey","@id":"https:\/\/staging.fbt-avocats.ch\/en\/#\/schema\/person\/fc6aec890aeb5ba75401bb59536340fb"},"headline":"Der Berufsstand der unabh\u00e4ngigen Verm\u00f6gensverwalter und der Umbruch in der Regulierung: Bestandesaufnahme und Perspektiven","datePublished":"2014-09-19T10:44:59+00:00","dateModified":"2021-04-09T15:15:19+00:00","mainEntityOfPage":{"@id":"https:\/\/staging.fbt-avocats.ch\/en\/der-berufsstand-der-unabhangigen-vermogensverwalter-und-der-umbruch-in-der-regulierung-bestandesaufnahme-und-perspektiven\/"},"wordCount":353,"image":{"@id":"https:\/\/staging.fbt-avocats.ch\/en\/der-berufsstand-der-unabhangigen-vermogensverwalter-und-der-umbruch-in-der-regulierung-bestandesaufnahme-und-perspektiven\/#primaryimage"},"thumbnailUrl":"https:\/\/staging.fbt-avocats.ch\/wp-content\/uploads\/2016\/04\/fbt-etude-avocats-icone-document-pdf.png","keywords":["BSL Banking in Switzerland and Liechstenstein"],"articleSection":["Media and News"],"inLanguage":"en-US"},{"@type":"WebPage","@id":"https:\/\/staging.fbt-avocats.ch\/en\/der-berufsstand-der-unabhangigen-vermogensverwalter-und-der-umbruch-in-der-regulierung-bestandesaufnahme-und-perspektiven\/","url":"https:\/\/staging.fbt-avocats.ch\/en\/der-berufsstand-der-unabhangigen-vermogensverwalter-und-der-umbruch-in-der-regulierung-bestandesaufnahme-und-perspektiven\/","name":"Der Berufsstand der unabh\u00e4ngigen Verm\u00f6gensverwalter und der Umbruch in der Regulierung: Bestandesaufnahme und Perspektiven | FBT Avocats SA","isPartOf":{"@id":"https:\/\/staging.fbt-avocats.ch\/en\/#website"},"primaryImageOfPage":{"@id":"https:\/\/staging.fbt-avocats.ch\/en\/der-berufsstand-der-unabhangigen-vermogensverwalter-und-der-umbruch-in-der-regulierung-bestandesaufnahme-und-perspektiven\/#primaryimage"},"image":{"@id":"https:\/\/staging.fbt-avocats.ch\/en\/der-berufsstand-der-unabhangigen-vermogensverwalter-und-der-umbruch-in-der-regulierung-bestandesaufnahme-und-perspektiven\/#primaryimage"},"thumbnailUrl":"https:\/\/staging.fbt-avocats.ch\/wp-content\/uploads\/2016\/04\/fbt-etude-avocats-icone-document-pdf.png","datePublished":"2014-09-19T10:44:59+00:00","dateModified":"2021-04-09T15:15:19+00:00","author":{"@id":"https:\/\/staging.fbt-avocats.ch\/en\/#\/schema\/person\/fc6aec890aeb5ba75401bb59536340fb"},"breadcrumb":{"@id":"https:\/\/staging.fbt-avocats.ch\/en\/der-berufsstand-der-unabhangigen-vermogensverwalter-und-der-umbruch-in-der-regulierung-bestandesaufnahme-und-perspektiven\/#breadcrumb"},"inLanguage":"en-US","potentialAction":[{"@type":"ReadAction","target":["https:\/\/staging.fbt-avocats.ch\/en\/der-berufsstand-der-unabhangigen-vermogensverwalter-und-der-umbruch-in-der-regulierung-bestandesaufnahme-und-perspektiven\/"]}]},{"@type":"ImageObject","inLanguage":"en-US","@id":"https:\/\/staging.fbt-avocats.ch\/en\/der-berufsstand-der-unabhangigen-vermogensverwalter-und-der-umbruch-in-der-regulierung-bestandesaufnahme-und-perspektiven\/#primaryimage","url":"https:\/\/staging.fbt-avocats.ch\/wp-content\/uploads\/2016\/04\/fbt-etude-avocats-icone-document-pdf.png","contentUrl":"https:\/\/staging.fbt-avocats.ch\/wp-content\/uploads\/2016\/04\/fbt-etude-avocats-icone-document-pdf.png","width":120,"height":120},{"@type":"BreadcrumbList","@id":"https:\/\/staging.fbt-avocats.ch\/en\/der-berufsstand-der-unabhangigen-vermogensverwalter-und-der-umbruch-in-der-regulierung-bestandesaufnahme-und-perspektiven\/#breadcrumb","itemListElement":[{"@type":"ListItem","position":1,"name":"Home","item":"https:\/\/staging.fbt-avocats.ch\/en\/"},{"@type":"ListItem","position":2,"name":"Der Berufsstand der unabh\u00e4ngigen Verm\u00f6gensverwalter und der Umbruch in der Regulierung: Bestandesaufnahme und Perspektiven"}]},{"@type":"WebSite","@id":"https:\/\/staging.fbt-avocats.ch\/en\/#website","url":"https:\/\/staging.fbt-avocats.ch\/en\/","name":"FBT Avocats SA","description":"Etudes bas\u00e9es \u00e0 Gen\u00e8ve et Paris","potentialAction":[{"@type":"SearchAction","target":{"@type":"EntryPoint","urlTemplate":"https:\/\/staging.fbt-avocats.ch\/en\/?s={search_term_string}"},"query-input":{"@type":"PropertyValueSpecification","valueRequired":true,"valueName":"search_term_string"}}],"inLanguage":"en-US"},{"@type":"Person","@id":"https:\/\/staging.fbt-avocats.ch\/en\/#\/schema\/person\/fc6aec890aeb5ba75401bb59536340fb","name":"Acey"}]}},"_links":{"self":[{"href":"https:\/\/staging.fbt-avocats.ch\/en\/wp-json\/wp\/v2\/posts\/16570","targetHints":{"allow":["GET"]}}],"collection":[{"href":"https:\/\/staging.fbt-avocats.ch\/en\/wp-json\/wp\/v2\/posts"}],"about":[{"href":"https:\/\/staging.fbt-avocats.ch\/en\/wp-json\/wp\/v2\/types\/post"}],"author":[{"embeddable":true,"href":"https:\/\/staging.fbt-avocats.ch\/en\/wp-json\/wp\/v2\/users\/2"}],"replies":[{"embeddable":true,"href":"https:\/\/staging.fbt-avocats.ch\/en\/wp-json\/wp\/v2\/comments?post=16570"}],"version-history":[{"count":0,"href":"https:\/\/staging.fbt-avocats.ch\/en\/wp-json\/wp\/v2\/posts\/16570\/revisions"}],"wp:featuredmedia":[{"embeddable":true,"href":"https:\/\/staging.fbt-avocats.ch\/en\/wp-json\/wp\/v2\/media\/1372"}],"wp:attachment":[{"href":"https:\/\/staging.fbt-avocats.ch\/en\/wp-json\/wp\/v2\/media?parent=16570"}],"wp:term":[{"taxonomy":"category","embeddable":true,"href":"https:\/\/staging.fbt-avocats.ch\/en\/wp-json\/wp\/v2\/categories?post=16570"},{"taxonomy":"post_tag","embeddable":true,"href":"https:\/\/staging.fbt-avocats.ch\/en\/wp-json\/wp\/v2\/tags?post=16570"},{"taxonomy":"datespeciale","embeddable":true,"href":"https:\/\/staging.fbt-avocats.ch\/en\/wp-json\/wp\/v2\/datespeciale?post=16570"}],"curies":[{"name":"wp","href":"https:\/\/api.w.org\/{rel}","templated":true}]}}