{"id":16592,"date":"2012-11-01T15:19:22","date_gmt":"2012-11-01T14:19:22","guid":{"rendered":"https:\/\/www.fbt-avocats.ch\/decryptage-de-la-loi-sur-les-placements-collectifs-lpcc\/"},"modified":"2021-04-09T16:01:02","modified_gmt":"2021-04-09T15:01:02","slug":"decryptage-de-la-loi-sur-les-placements-collectifs-lpcc","status":"publish","type":"post","link":"https:\/\/staging.fbt-avocats.ch\/en\/decryptage-de-la-loi-sur-les-placements-collectifs-lpcc\/","title":{"rendered":"D\u00e9cryptage de la Loi sur les placements collectifs (LPCC)"},"content":{"rendered":"\n<style type=\"text\/css\" data-created_by=\"avia_inline_auto\" id=\"style-css-av-av_one_full-9497bbf8bff73ea4c6992cc17fa9ec36\">\n.flex_column.av-av_one_full-9497bbf8bff73ea4c6992cc17fa9ec36{\nborder-radius:0px 0px 0px 0px;\npadding:0px 0px 0px 0px;\n}\n<\/style>\n<div  class='flex_column av-av_one_full-9497bbf8bff73ea4c6992cc17fa9ec36 av_one_full  avia-builder-el-0  avia-builder-el-no-sibling  first flex_column_div av-zero-column-padding  '     ><p>\n<style type=\"text\/css\" data-created_by=\"avia_inline_auto\" id=\"style-css-av-av_heading-95545bb2aae983e79b690bf4104be5c9\">\n#top .av-special-heading.av-av_heading-95545bb2aae983e79b690bf4104be5c9{\npadding-bottom:10px;\nfont-size:26px;\n}\nbody .av-special-heading.av-av_heading-95545bb2aae983e79b690bf4104be5c9 .av-special-heading-tag .heading-char{\nfont-size:25px;\n}\n#top #wrap_all .av-special-heading.av-av_heading-95545bb2aae983e79b690bf4104be5c9 .av-special-heading-tag{\nfont-size:26px;\n}\n.av-special-heading.av-av_heading-95545bb2aae983e79b690bf4104be5c9 .av-subheading{\nfont-size:15px;\n}\n\n@media only screen and (min-width: 480px) and (max-width: 767px){ \n#top #wrap_all .av-special-heading.av-av_heading-95545bb2aae983e79b690bf4104be5c9 .av-special-heading-tag{\nfont-size:0.8em;\n}\n}\n\n@media only screen and (max-width: 479px){ \n#top #wrap_all .av-special-heading.av-av_heading-95545bb2aae983e79b690bf4104be5c9 .av-special-heading-tag{\nfont-size:0.8em;\n}\n}\n<\/style>\n<div  class='av-special-heading av-av_heading-95545bb2aae983e79b690bf4104be5c9 av-special-heading-h1 blockquote modern-quote  avia-builder-el-1  el_before_av_hr  avia-builder-el-first  av-inherit-size'><h1 class='av-special-heading-tag '  itemprop=\"headline\"  >D\u00e9cryptage de la Loi sur les placements collectifs (LPCC)<\/h1><div class='av-subheading av-subheading_below'><p>AGEFI &#8211; Indices &#8211; novembre 2012<br \/>\nFr\u00e9d\u00e9rique Bensahel, Michel Abt<\/p>\n<\/div><div class=\"special-heading-border\"><div class=\"special-heading-inner-border\"><\/div><\/div><\/div><br \/>\n\n<style type=\"text\/css\" data-created_by=\"avia_inline_auto\" id=\"style-css-av-av_hr-a7bfac8b270289d974036c90ec0c7caf\">\n#top .hr.hr-invisible.av-av_hr-a7bfac8b270289d974036c90ec0c7caf{\nheight:20px;\n}\n<\/style>\n<div  class='hr av-av_hr-a7bfac8b270289d974036c90ec0c7caf hr-invisible  avia-builder-el-2  el_after_av_heading  el_before_av_textblock '><span class='hr-inner '><span class=\"hr-inner-style\"><\/span><\/span><\/div><br \/>\n<section  class='av_textblock_section av-av_textblock-0366cc7376be6c9e82a3e9cc8987b64f '   itemscope=\"itemscope\" itemtype=\"https:\/\/schema.org\/BlogPosting\" itemprop=\"blogPost\" ><div class='avia_textblock'  itemprop=\"text\" ><p>Cinq ans apr\u00e8s l\u2019entr\u00e9e en vigueur de la Loi sur les placements collectifs de capitaux (LPCC) et alors qu\u2019elle fait l\u2019objet d\u2019une r\u00e9vision partielle, les auteurs de ce commentaire ont voulu aborder les grands sujets de la LPCC de mani\u00e8re pratique tout en tenant compte du projet de r\u00e9vision. L\u2019ouvrage analyse chacun des th\u00e8mes de la LPCC, tels que les dispositions g\u00e9n\u00e9rales, les formes et types de placements collectifs et s\u2019int\u00e9resse aux diff\u00e9rents acteurs li\u00e9s \u00e0 la gestion, \u00e0 l\u2019administration et \u00e0 la distribution des placements collectifs, ainsi qu\u2019\u00e0 l\u2019audit des titulaires d\u2019autorisations. il fait r\u00e9f\u00e9rence tant \u00e0 la loi qu\u2019\u00e0 ses ordonnances d\u2019application, \u00e0 l\u2019auto-r\u00e9glementation et \u00e0 la pratique \u2013 notamment celle de la Finma \u2013 qui s\u2019est d\u00e9velopp\u00e9e depuis 2007. Pour faciliter sa consultation par les praticiens, cet ouvrage est structur\u00e9 par th\u00e8mes plut\u00f4t que par articles. Premier commentaire de la loi en fran\u00e7ais, il comporte les r\u00e9f\u00e9rences utiles et permet au praticien d\u2019appr\u00e9hender toute la r\u00e9glementation suisse relative aux placements collectifs.<\/p>\n<\/div><\/section><br \/>\n\n<style type=\"text\/css\" data-created_by=\"avia_inline_auto\" id=\"style-css-av-av_hr-a7bfac8b270289d974036c90ec0c7caf\">\n#top .hr.hr-invisible.av-av_hr-a7bfac8b270289d974036c90ec0c7caf{\nheight:20px;\n}\n<\/style>\n<div  class='hr av-av_hr-a7bfac8b270289d974036c90ec0c7caf hr-invisible  avia-builder-el-4  el_after_av_textblock  el_before_av_button '><span class='hr-inner '><span class=\"hr-inner-style\"><\/span><\/span><\/div><br \/>\n<div  class='avia-button-wrap av-av_button-fc1f84f08fe505ebd11861c03cf788df-wrap avia-button-left  avia-builder-el-5  el_after_av_hr  avia-builder-el-last '>\n<style type=\"text\/css\" data-created_by=\"avia_inline_auto\" id=\"style-css-av-av_button-fc1f84f08fe505ebd11861c03cf788df\">\n#top #wrap_all .avia-button.av-av_button-fc1f84f08fe505ebd11861c03cf788df{\nbackground-color:#44525f;\nborder-color:#44525f;\ncolor:#ffffff;\ntransition:all 0.4s ease-in-out;\n}\n#top #wrap_all .avia-button.av-av_button-fc1f84f08fe505ebd11861c03cf788df .avia-svg-icon svg:first-child{\nfill:#ffffff;\nstroke:#ffffff;\n}\n<\/style>\n<a href='http:\/\/fbt-avocats.ch\/wp-content\/uploads\/2016\/07\/Decryptage-de-la-LPCC-Indices-Agefi-nov.-2012-MAB-FBE.pdf'  class='avia-button av-av_button-fc1f84f08fe505ebd11861c03cf788df av-link-btn avia-icon_select-no avia-size-large avia-position-left'  target=\"_blank\"  rel=\"noopener noreferrer\"  aria-label=\"Lire la suite\"><span class='avia_iconbox_title' >Lire la suite<\/span><\/a><\/div><\/p><\/div>\n","protected":false},"excerpt":{"rendered":"","protected":false},"author":2,"featured_media":1372,"comment_status":"closed","ping_status":"closed","sticky":false,"template":"","format":"standard","meta":{"footnotes":""},"categories":[84],"tags":[448],"datespeciale":[],"class_list":["post-16592","post","type-post","status-publish","format-standard","has-post-thumbnail","hentry","category-media-and-news","tag-agefi-indices-en","competences-banking-and-finance","auteurs-frederique-bensahel-en","auteurs-michel-abt-en","date-publication-2012-en","diffusion-medias-en"],"yoast_head":"<!-- This site is optimized with the Yoast SEO Premium plugin v27.4 (Yoast SEO v27.4) - https:\/\/yoast.com\/product\/yoast-seo-premium-wordpress\/ -->\n<title>D\u00e9cryptage de la Loi sur les placements collectifs (LPCC) | FBT Avocats SA<\/title>\n<meta name=\"robots\" content=\"noindex, follow, max-snippet:-1, max-image-preview:large, max-video-preview:-1\" \/>\n<meta property=\"og:locale\" content=\"en_US\" \/>\n<meta property=\"og:type\" content=\"article\" \/>\n<meta property=\"og:title\" content=\"D\u00e9cryptage de la Loi sur les placements collectifs (LPCC)\" \/>\n<meta property=\"og:url\" content=\"https:\/\/staging.fbt-avocats.ch\/en\/decryptage-de-la-loi-sur-les-placements-collectifs-lpcc\/\" \/>\n<meta property=\"og:site_name\" content=\"FBT Avocats SA\" \/>\n<meta property=\"article:published_time\" content=\"2012-11-01T14:19:22+00:00\" \/>\n<meta property=\"article:modified_time\" content=\"2021-04-09T15:01:02+00:00\" \/>\n<meta property=\"og:image\" content=\"https:\/\/staging.fbt-avocats.ch\/wp-content\/uploads\/2016\/04\/fbt-etude-avocats-icone-document-pdf.png\" \/>\n\t<meta property=\"og:image:width\" content=\"120\" \/>\n\t<meta property=\"og:image:height\" content=\"120\" \/>\n\t<meta property=\"og:image:type\" content=\"image\/png\" \/>\n<meta name=\"author\" content=\"Acey\" \/>\n<meta name=\"twitter:card\" content=\"summary_large_image\" \/>\n<meta name=\"twitter:label1\" content=\"Written by\" \/>\n\t<meta name=\"twitter:data1\" content=\"Acey\" \/>\n\t<meta name=\"twitter:label2\" content=\"Est. reading time\" \/>\n\t<meta name=\"twitter:data2\" content=\"2 minutes\" \/>\n<script type=\"application\/ld+json\" class=\"yoast-schema-graph\">{\"@context\":\"https:\\\/\\\/schema.org\",\"@graph\":[{\"@type\":\"Article\",\"@id\":\"https:\\\/\\\/staging.fbt-avocats.ch\\\/en\\\/decryptage-de-la-loi-sur-les-placements-collectifs-lpcc\\\/#article\",\"isPartOf\":{\"@id\":\"https:\\\/\\\/staging.fbt-avocats.ch\\\/en\\\/decryptage-de-la-loi-sur-les-placements-collectifs-lpcc\\\/\"},\"author\":{\"name\":\"Acey\",\"@id\":\"https:\\\/\\\/staging.fbt-avocats.ch\\\/en\\\/#\\\/schema\\\/person\\\/fc6aec890aeb5ba75401bb59536340fb\"},\"headline\":\"D\u00e9cryptage de la Loi sur les placements collectifs (LPCC)\",\"datePublished\":\"2012-11-01T14:19:22+00:00\",\"dateModified\":\"2021-04-09T15:01:02+00:00\",\"mainEntityOfPage\":{\"@id\":\"https:\\\/\\\/staging.fbt-avocats.ch\\\/en\\\/decryptage-de-la-loi-sur-les-placements-collectifs-lpcc\\\/\"},\"wordCount\":401,\"image\":{\"@id\":\"https:\\\/\\\/staging.fbt-avocats.ch\\\/en\\\/decryptage-de-la-loi-sur-les-placements-collectifs-lpcc\\\/#primaryimage\"},\"thumbnailUrl\":\"https:\\\/\\\/staging.fbt-avocats.ch\\\/wp-content\\\/uploads\\\/2016\\\/04\\\/fbt-etude-avocats-icone-document-pdf.png\",\"keywords\":[\"AGEFI - Indices\"],\"articleSection\":[\"Media and News\"],\"inLanguage\":\"en-US\"},{\"@type\":\"WebPage\",\"@id\":\"https:\\\/\\\/staging.fbt-avocats.ch\\\/en\\\/decryptage-de-la-loi-sur-les-placements-collectifs-lpcc\\\/\",\"url\":\"https:\\\/\\\/staging.fbt-avocats.ch\\\/en\\\/decryptage-de-la-loi-sur-les-placements-collectifs-lpcc\\\/\",\"name\":\"D\u00e9cryptage de la Loi sur les placements collectifs (LPCC) | FBT Avocats SA\",\"isPartOf\":{\"@id\":\"https:\\\/\\\/staging.fbt-avocats.ch\\\/en\\\/#website\"},\"primaryImageOfPage\":{\"@id\":\"https:\\\/\\\/staging.fbt-avocats.ch\\\/en\\\/decryptage-de-la-loi-sur-les-placements-collectifs-lpcc\\\/#primaryimage\"},\"image\":{\"@id\":\"https:\\\/\\\/staging.fbt-avocats.ch\\\/en\\\/decryptage-de-la-loi-sur-les-placements-collectifs-lpcc\\\/#primaryimage\"},\"thumbnailUrl\":\"https:\\\/\\\/staging.fbt-avocats.ch\\\/wp-content\\\/uploads\\\/2016\\\/04\\\/fbt-etude-avocats-icone-document-pdf.png\",\"datePublished\":\"2012-11-01T14:19:22+00:00\",\"dateModified\":\"2021-04-09T15:01:02+00:00\",\"author\":{\"@id\":\"https:\\\/\\\/staging.fbt-avocats.ch\\\/en\\\/#\\\/schema\\\/person\\\/fc6aec890aeb5ba75401bb59536340fb\"},\"breadcrumb\":{\"@id\":\"https:\\\/\\\/staging.fbt-avocats.ch\\\/en\\\/decryptage-de-la-loi-sur-les-placements-collectifs-lpcc\\\/#breadcrumb\"},\"inLanguage\":\"en-US\",\"potentialAction\":[{\"@type\":\"ReadAction\",\"target\":[\"https:\\\/\\\/staging.fbt-avocats.ch\\\/en\\\/decryptage-de-la-loi-sur-les-placements-collectifs-lpcc\\\/\"]}]},{\"@type\":\"ImageObject\",\"inLanguage\":\"en-US\",\"@id\":\"https:\\\/\\\/staging.fbt-avocats.ch\\\/en\\\/decryptage-de-la-loi-sur-les-placements-collectifs-lpcc\\\/#primaryimage\",\"url\":\"https:\\\/\\\/staging.fbt-avocats.ch\\\/wp-content\\\/uploads\\\/2016\\\/04\\\/fbt-etude-avocats-icone-document-pdf.png\",\"contentUrl\":\"https:\\\/\\\/staging.fbt-avocats.ch\\\/wp-content\\\/uploads\\\/2016\\\/04\\\/fbt-etude-avocats-icone-document-pdf.png\",\"width\":120,\"height\":120},{\"@type\":\"BreadcrumbList\",\"@id\":\"https:\\\/\\\/staging.fbt-avocats.ch\\\/en\\\/decryptage-de-la-loi-sur-les-placements-collectifs-lpcc\\\/#breadcrumb\",\"itemListElement\":[{\"@type\":\"ListItem\",\"position\":1,\"name\":\"Home\",\"item\":\"https:\\\/\\\/staging.fbt-avocats.ch\\\/en\\\/\"},{\"@type\":\"ListItem\",\"position\":2,\"name\":\"D\u00e9cryptage de la Loi sur les placements collectifs (LPCC)\"}]},{\"@type\":\"WebSite\",\"@id\":\"https:\\\/\\\/staging.fbt-avocats.ch\\\/en\\\/#website\",\"url\":\"https:\\\/\\\/staging.fbt-avocats.ch\\\/en\\\/\",\"name\":\"FBT Avocats SA\",\"description\":\"Etudes bas\u00e9es \u00e0 Gen\u00e8ve et Paris\",\"potentialAction\":[{\"@type\":\"SearchAction\",\"target\":{\"@type\":\"EntryPoint\",\"urlTemplate\":\"https:\\\/\\\/staging.fbt-avocats.ch\\\/en\\\/?s={search_term_string}\"},\"query-input\":{\"@type\":\"PropertyValueSpecification\",\"valueRequired\":true,\"valueName\":\"search_term_string\"}}],\"inLanguage\":\"en-US\"},{\"@type\":\"Person\",\"@id\":\"https:\\\/\\\/staging.fbt-avocats.ch\\\/en\\\/#\\\/schema\\\/person\\\/fc6aec890aeb5ba75401bb59536340fb\",\"name\":\"Acey\"}]}<\/script>\n<!-- \/ Yoast SEO Premium plugin. -->","yoast_head_json":{"title":"D\u00e9cryptage de la Loi sur les placements collectifs (LPCC) | FBT Avocats SA","robots":{"index":"noindex","follow":"follow","max-snippet":"max-snippet:-1","max-image-preview":"max-image-preview:large","max-video-preview":"max-video-preview:-1"},"og_locale":"en_US","og_type":"article","og_title":"D\u00e9cryptage de la Loi sur les placements collectifs (LPCC)","og_url":"https:\/\/staging.fbt-avocats.ch\/en\/decryptage-de-la-loi-sur-les-placements-collectifs-lpcc\/","og_site_name":"FBT Avocats SA","article_published_time":"2012-11-01T14:19:22+00:00","article_modified_time":"2021-04-09T15:01:02+00:00","og_image":[{"width":120,"height":120,"url":"https:\/\/staging.fbt-avocats.ch\/wp-content\/uploads\/2016\/04\/fbt-etude-avocats-icone-document-pdf.png","type":"image\/png"}],"author":"Acey","twitter_card":"summary_large_image","twitter_misc":{"Written by":"Acey","Est. reading time":"2 minutes"},"schema":{"@context":"https:\/\/schema.org","@graph":[{"@type":"Article","@id":"https:\/\/staging.fbt-avocats.ch\/en\/decryptage-de-la-loi-sur-les-placements-collectifs-lpcc\/#article","isPartOf":{"@id":"https:\/\/staging.fbt-avocats.ch\/en\/decryptage-de-la-loi-sur-les-placements-collectifs-lpcc\/"},"author":{"name":"Acey","@id":"https:\/\/staging.fbt-avocats.ch\/en\/#\/schema\/person\/fc6aec890aeb5ba75401bb59536340fb"},"headline":"D\u00e9cryptage de la Loi sur les placements collectifs (LPCC)","datePublished":"2012-11-01T14:19:22+00:00","dateModified":"2021-04-09T15:01:02+00:00","mainEntityOfPage":{"@id":"https:\/\/staging.fbt-avocats.ch\/en\/decryptage-de-la-loi-sur-les-placements-collectifs-lpcc\/"},"wordCount":401,"image":{"@id":"https:\/\/staging.fbt-avocats.ch\/en\/decryptage-de-la-loi-sur-les-placements-collectifs-lpcc\/#primaryimage"},"thumbnailUrl":"https:\/\/staging.fbt-avocats.ch\/wp-content\/uploads\/2016\/04\/fbt-etude-avocats-icone-document-pdf.png","keywords":["AGEFI - Indices"],"articleSection":["Media and News"],"inLanguage":"en-US"},{"@type":"WebPage","@id":"https:\/\/staging.fbt-avocats.ch\/en\/decryptage-de-la-loi-sur-les-placements-collectifs-lpcc\/","url":"https:\/\/staging.fbt-avocats.ch\/en\/decryptage-de-la-loi-sur-les-placements-collectifs-lpcc\/","name":"D\u00e9cryptage de la Loi sur les placements collectifs (LPCC) | FBT Avocats SA","isPartOf":{"@id":"https:\/\/staging.fbt-avocats.ch\/en\/#website"},"primaryImageOfPage":{"@id":"https:\/\/staging.fbt-avocats.ch\/en\/decryptage-de-la-loi-sur-les-placements-collectifs-lpcc\/#primaryimage"},"image":{"@id":"https:\/\/staging.fbt-avocats.ch\/en\/decryptage-de-la-loi-sur-les-placements-collectifs-lpcc\/#primaryimage"},"thumbnailUrl":"https:\/\/staging.fbt-avocats.ch\/wp-content\/uploads\/2016\/04\/fbt-etude-avocats-icone-document-pdf.png","datePublished":"2012-11-01T14:19:22+00:00","dateModified":"2021-04-09T15:01:02+00:00","author":{"@id":"https:\/\/staging.fbt-avocats.ch\/en\/#\/schema\/person\/fc6aec890aeb5ba75401bb59536340fb"},"breadcrumb":{"@id":"https:\/\/staging.fbt-avocats.ch\/en\/decryptage-de-la-loi-sur-les-placements-collectifs-lpcc\/#breadcrumb"},"inLanguage":"en-US","potentialAction":[{"@type":"ReadAction","target":["https:\/\/staging.fbt-avocats.ch\/en\/decryptage-de-la-loi-sur-les-placements-collectifs-lpcc\/"]}]},{"@type":"ImageObject","inLanguage":"en-US","@id":"https:\/\/staging.fbt-avocats.ch\/en\/decryptage-de-la-loi-sur-les-placements-collectifs-lpcc\/#primaryimage","url":"https:\/\/staging.fbt-avocats.ch\/wp-content\/uploads\/2016\/04\/fbt-etude-avocats-icone-document-pdf.png","contentUrl":"https:\/\/staging.fbt-avocats.ch\/wp-content\/uploads\/2016\/04\/fbt-etude-avocats-icone-document-pdf.png","width":120,"height":120},{"@type":"BreadcrumbList","@id":"https:\/\/staging.fbt-avocats.ch\/en\/decryptage-de-la-loi-sur-les-placements-collectifs-lpcc\/#breadcrumb","itemListElement":[{"@type":"ListItem","position":1,"name":"Home","item":"https:\/\/staging.fbt-avocats.ch\/en\/"},{"@type":"ListItem","position":2,"name":"D\u00e9cryptage de la Loi sur les placements collectifs (LPCC)"}]},{"@type":"WebSite","@id":"https:\/\/staging.fbt-avocats.ch\/en\/#website","url":"https:\/\/staging.fbt-avocats.ch\/en\/","name":"FBT Avocats SA","description":"Etudes bas\u00e9es \u00e0 Gen\u00e8ve et Paris","potentialAction":[{"@type":"SearchAction","target":{"@type":"EntryPoint","urlTemplate":"https:\/\/staging.fbt-avocats.ch\/en\/?s={search_term_string}"},"query-input":{"@type":"PropertyValueSpecification","valueRequired":true,"valueName":"search_term_string"}}],"inLanguage":"en-US"},{"@type":"Person","@id":"https:\/\/staging.fbt-avocats.ch\/en\/#\/schema\/person\/fc6aec890aeb5ba75401bb59536340fb","name":"Acey"}]}},"_links":{"self":[{"href":"https:\/\/staging.fbt-avocats.ch\/en\/wp-json\/wp\/v2\/posts\/16592","targetHints":{"allow":["GET"]}}],"collection":[{"href":"https:\/\/staging.fbt-avocats.ch\/en\/wp-json\/wp\/v2\/posts"}],"about":[{"href":"https:\/\/staging.fbt-avocats.ch\/en\/wp-json\/wp\/v2\/types\/post"}],"author":[{"embeddable":true,"href":"https:\/\/staging.fbt-avocats.ch\/en\/wp-json\/wp\/v2\/users\/2"}],"replies":[{"embeddable":true,"href":"https:\/\/staging.fbt-avocats.ch\/en\/wp-json\/wp\/v2\/comments?post=16592"}],"version-history":[{"count":0,"href":"https:\/\/staging.fbt-avocats.ch\/en\/wp-json\/wp\/v2\/posts\/16592\/revisions"}],"wp:featuredmedia":[{"embeddable":true,"href":"https:\/\/staging.fbt-avocats.ch\/en\/wp-json\/wp\/v2\/media\/1372"}],"wp:attachment":[{"href":"https:\/\/staging.fbt-avocats.ch\/en\/wp-json\/wp\/v2\/media?parent=16592"}],"wp:term":[{"taxonomy":"category","embeddable":true,"href":"https:\/\/staging.fbt-avocats.ch\/en\/wp-json\/wp\/v2\/categories?post=16592"},{"taxonomy":"post_tag","embeddable":true,"href":"https:\/\/staging.fbt-avocats.ch\/en\/wp-json\/wp\/v2\/tags?post=16592"},{"taxonomy":"datespeciale","embeddable":true,"href":"https:\/\/staging.fbt-avocats.ch\/en\/wp-json\/wp\/v2\/datespeciale?post=16592"}],"curies":[{"name":"wp","href":"https:\/\/api.w.org\/{rel}","templated":true}]}}