{"id":16652,"date":"1993-10-01T21:01:17","date_gmt":"1993-10-01T20:01:17","guid":{"rendered":"https:\/\/www.fbt-avocats.ch\/contrats-de-services-repertoire-arrets-tribunal-federal\/"},"modified":"1993-10-01T21:01:17","modified_gmt":"1993-10-01T20:01:17","slug":"contrats-de-services-repertoire-arrets-tribunal-federal","status":"publish","type":"post","link":"https:\/\/staging.fbt-avocats.ch\/en\/contrats-de-services-repertoire-arrets-tribunal-federal\/","title":{"rendered":"Les contrats de services: R\u00e9pertoire des arr\u00eats du Tribunal f\u00e9d\u00e9ral"},"content":{"rendered":"","protected":false},"excerpt":{"rendered":"","protected":false},"author":2,"featured_media":0,"comment_status":"closed","ping_status":"closed","sticky":false,"template":"","format":"standard","meta":{"footnotes":""},"categories":[85],"tags":[278],"datespeciale":[],"class_list":["post-16652","post","type-post","status-publish","format-standard","hentry","category-publications","tag-cedidac-en","auteurs-marco-villa-en","date-publication-1993-en","diffusion-publications-en"],"yoast_head":"<!-- This site is optimized with the Yoast SEO Premium plugin v27.4 (Yoast SEO v27.4) - https:\/\/yoast.com\/product\/yoast-seo-premium-wordpress\/ -->\n<title>Les contrats de services: R\u00e9pertoire des arr\u00eats du Tribunal f\u00e9d\u00e9ral | FBT Avocats SA<\/title>\n<meta name=\"robots\" content=\"noindex, follow, max-snippet:-1, max-image-preview:large, max-video-preview:-1\" \/>\n<meta property=\"og:locale\" content=\"en_US\" \/>\n<meta property=\"og:type\" content=\"article\" \/>\n<meta property=\"og:title\" content=\"Les contrats de services: R\u00e9pertoire des arr\u00eats du Tribunal f\u00e9d\u00e9ral\" \/>\n<meta property=\"og:url\" content=\"https:\/\/staging.fbt-avocats.ch\/en\/contrats-de-services-repertoire-arrets-tribunal-federal\/\" \/>\n<meta property=\"og:site_name\" content=\"FBT Avocats SA\" \/>\n<meta property=\"article:published_time\" content=\"1993-10-01T20:01:17+00:00\" \/>\n<meta name=\"author\" content=\"Acey\" \/>\n<meta name=\"twitter:card\" content=\"summary_large_image\" \/>\n<meta name=\"twitter:label1\" content=\"Written by\" \/>\n\t<meta name=\"twitter:data1\" content=\"Acey\" \/>\n<script type=\"application\/ld+json\" class=\"yoast-schema-graph\">{\"@context\":\"https:\\\/\\\/schema.org\",\"@graph\":[{\"@type\":\"Article\",\"@id\":\"https:\\\/\\\/staging.fbt-avocats.ch\\\/en\\\/contrats-de-services-repertoire-arrets-tribunal-federal\\\/#article\",\"isPartOf\":{\"@id\":\"https:\\\/\\\/staging.fbt-avocats.ch\\\/en\\\/contrats-de-services-repertoire-arrets-tribunal-federal\\\/\"},\"author\":{\"name\":\"Acey\",\"@id\":\"https:\\\/\\\/staging.fbt-avocats.ch\\\/en\\\/#\\\/schema\\\/person\\\/fc6aec890aeb5ba75401bb59536340fb\"},\"headline\":\"Les contrats de services: R\u00e9pertoire des arr\u00eats du Tribunal f\u00e9d\u00e9ral\",\"datePublished\":\"1993-10-01T20:01:17+00:00\",\"mainEntityOfPage\":{\"@id\":\"https:\\\/\\\/staging.fbt-avocats.ch\\\/en\\\/contrats-de-services-repertoire-arrets-tribunal-federal\\\/\"},\"wordCount\":14,\"keywords\":[\"CEDIDAC\"],\"articleSection\":[\"Publications\"],\"inLanguage\":\"en-US\"},{\"@type\":\"WebPage\",\"@id\":\"https:\\\/\\\/staging.fbt-avocats.ch\\\/en\\\/contrats-de-services-repertoire-arrets-tribunal-federal\\\/\",\"url\":\"https:\\\/\\\/staging.fbt-avocats.ch\\\/en\\\/contrats-de-services-repertoire-arrets-tribunal-federal\\\/\",\"name\":\"Les contrats de services: R\u00e9pertoire des arr\u00eats du Tribunal f\u00e9d\u00e9ral | FBT Avocats SA\",\"isPartOf\":{\"@id\":\"https:\\\/\\\/staging.fbt-avocats.ch\\\/en\\\/#website\"},\"datePublished\":\"1993-10-01T20:01:17+00:00\",\"author\":{\"@id\":\"https:\\\/\\\/staging.fbt-avocats.ch\\\/en\\\/#\\\/schema\\\/person\\\/fc6aec890aeb5ba75401bb59536340fb\"},\"breadcrumb\":{\"@id\":\"https:\\\/\\\/staging.fbt-avocats.ch\\\/en\\\/contrats-de-services-repertoire-arrets-tribunal-federal\\\/#breadcrumb\"},\"inLanguage\":\"en-US\",\"potentialAction\":[{\"@type\":\"ReadAction\",\"target\":[\"https:\\\/\\\/staging.fbt-avocats.ch\\\/en\\\/contrats-de-services-repertoire-arrets-tribunal-federal\\\/\"]}]},{\"@type\":\"BreadcrumbList\",\"@id\":\"https:\\\/\\\/staging.fbt-avocats.ch\\\/en\\\/contrats-de-services-repertoire-arrets-tribunal-federal\\\/#breadcrumb\",\"itemListElement\":[{\"@type\":\"ListItem\",\"position\":1,\"name\":\"Home\",\"item\":\"https:\\\/\\\/staging.fbt-avocats.ch\\\/en\\\/\"},{\"@type\":\"ListItem\",\"position\":2,\"name\":\"Les contrats de services: R\u00e9pertoire des arr\u00eats du Tribunal f\u00e9d\u00e9ral\"}]},{\"@type\":\"WebSite\",\"@id\":\"https:\\\/\\\/staging.fbt-avocats.ch\\\/en\\\/#website\",\"url\":\"https:\\\/\\\/staging.fbt-avocats.ch\\\/en\\\/\",\"name\":\"FBT Avocats SA\",\"description\":\"Etudes bas\u00e9es \u00e0 Gen\u00e8ve et Paris\",\"potentialAction\":[{\"@type\":\"SearchAction\",\"target\":{\"@type\":\"EntryPoint\",\"urlTemplate\":\"https:\\\/\\\/staging.fbt-avocats.ch\\\/en\\\/?s={search_term_string}\"},\"query-input\":{\"@type\":\"PropertyValueSpecification\",\"valueRequired\":true,\"valueName\":\"search_term_string\"}}],\"inLanguage\":\"en-US\"},{\"@type\":\"Person\",\"@id\":\"https:\\\/\\\/staging.fbt-avocats.ch\\\/en\\\/#\\\/schema\\\/person\\\/fc6aec890aeb5ba75401bb59536340fb\",\"name\":\"Acey\"}]}<\/script>\n<!-- \/ Yoast SEO Premium plugin. -->","yoast_head_json":{"title":"Les contrats de services: R\u00e9pertoire des arr\u00eats du Tribunal f\u00e9d\u00e9ral | FBT Avocats SA","robots":{"index":"noindex","follow":"follow","max-snippet":"max-snippet:-1","max-image-preview":"max-image-preview:large","max-video-preview":"max-video-preview:-1"},"og_locale":"en_US","og_type":"article","og_title":"Les contrats de services: R\u00e9pertoire des arr\u00eats du Tribunal f\u00e9d\u00e9ral","og_url":"https:\/\/staging.fbt-avocats.ch\/en\/contrats-de-services-repertoire-arrets-tribunal-federal\/","og_site_name":"FBT Avocats SA","article_published_time":"1993-10-01T20:01:17+00:00","author":"Acey","twitter_card":"summary_large_image","twitter_misc":{"Written by":"Acey"},"schema":{"@context":"https:\/\/schema.org","@graph":[{"@type":"Article","@id":"https:\/\/staging.fbt-avocats.ch\/en\/contrats-de-services-repertoire-arrets-tribunal-federal\/#article","isPartOf":{"@id":"https:\/\/staging.fbt-avocats.ch\/en\/contrats-de-services-repertoire-arrets-tribunal-federal\/"},"author":{"name":"Acey","@id":"https:\/\/staging.fbt-avocats.ch\/en\/#\/schema\/person\/fc6aec890aeb5ba75401bb59536340fb"},"headline":"Les contrats de services: R\u00e9pertoire des arr\u00eats du Tribunal f\u00e9d\u00e9ral","datePublished":"1993-10-01T20:01:17+00:00","mainEntityOfPage":{"@id":"https:\/\/staging.fbt-avocats.ch\/en\/contrats-de-services-repertoire-arrets-tribunal-federal\/"},"wordCount":14,"keywords":["CEDIDAC"],"articleSection":["Publications"],"inLanguage":"en-US"},{"@type":"WebPage","@id":"https:\/\/staging.fbt-avocats.ch\/en\/contrats-de-services-repertoire-arrets-tribunal-federal\/","url":"https:\/\/staging.fbt-avocats.ch\/en\/contrats-de-services-repertoire-arrets-tribunal-federal\/","name":"Les contrats de services: R\u00e9pertoire des arr\u00eats du Tribunal f\u00e9d\u00e9ral | FBT Avocats SA","isPartOf":{"@id":"https:\/\/staging.fbt-avocats.ch\/en\/#website"},"datePublished":"1993-10-01T20:01:17+00:00","author":{"@id":"https:\/\/staging.fbt-avocats.ch\/en\/#\/schema\/person\/fc6aec890aeb5ba75401bb59536340fb"},"breadcrumb":{"@id":"https:\/\/staging.fbt-avocats.ch\/en\/contrats-de-services-repertoire-arrets-tribunal-federal\/#breadcrumb"},"inLanguage":"en-US","potentialAction":[{"@type":"ReadAction","target":["https:\/\/staging.fbt-avocats.ch\/en\/contrats-de-services-repertoire-arrets-tribunal-federal\/"]}]},{"@type":"BreadcrumbList","@id":"https:\/\/staging.fbt-avocats.ch\/en\/contrats-de-services-repertoire-arrets-tribunal-federal\/#breadcrumb","itemListElement":[{"@type":"ListItem","position":1,"name":"Home","item":"https:\/\/staging.fbt-avocats.ch\/en\/"},{"@type":"ListItem","position":2,"name":"Les contrats de services: R\u00e9pertoire des arr\u00eats du Tribunal f\u00e9d\u00e9ral"}]},{"@type":"WebSite","@id":"https:\/\/staging.fbt-avocats.ch\/en\/#website","url":"https:\/\/staging.fbt-avocats.ch\/en\/","name":"FBT Avocats SA","description":"Etudes bas\u00e9es \u00e0 Gen\u00e8ve et Paris","potentialAction":[{"@type":"SearchAction","target":{"@type":"EntryPoint","urlTemplate":"https:\/\/staging.fbt-avocats.ch\/en\/?s={search_term_string}"},"query-input":{"@type":"PropertyValueSpecification","valueRequired":true,"valueName":"search_term_string"}}],"inLanguage":"en-US"},{"@type":"Person","@id":"https:\/\/staging.fbt-avocats.ch\/en\/#\/schema\/person\/fc6aec890aeb5ba75401bb59536340fb","name":"Acey"}]}},"_links":{"self":[{"href":"https:\/\/staging.fbt-avocats.ch\/en\/wp-json\/wp\/v2\/posts\/16652","targetHints":{"allow":["GET"]}}],"collection":[{"href":"https:\/\/staging.fbt-avocats.ch\/en\/wp-json\/wp\/v2\/posts"}],"about":[{"href":"https:\/\/staging.fbt-avocats.ch\/en\/wp-json\/wp\/v2\/types\/post"}],"author":[{"embeddable":true,"href":"https:\/\/staging.fbt-avocats.ch\/en\/wp-json\/wp\/v2\/users\/2"}],"replies":[{"embeddable":true,"href":"https:\/\/staging.fbt-avocats.ch\/en\/wp-json\/wp\/v2\/comments?post=16652"}],"version-history":[{"count":0,"href":"https:\/\/staging.fbt-avocats.ch\/en\/wp-json\/wp\/v2\/posts\/16652\/revisions"}],"wp:attachment":[{"href":"https:\/\/staging.fbt-avocats.ch\/en\/wp-json\/wp\/v2\/media?parent=16652"}],"wp:term":[{"taxonomy":"category","embeddable":true,"href":"https:\/\/staging.fbt-avocats.ch\/en\/wp-json\/wp\/v2\/categories?post=16652"},{"taxonomy":"post_tag","embeddable":true,"href":"https:\/\/staging.fbt-avocats.ch\/en\/wp-json\/wp\/v2\/tags?post=16652"},{"taxonomy":"datespeciale","embeddable":true,"href":"https:\/\/staging.fbt-avocats.ch\/en\/wp-json\/wp\/v2\/datespeciale?post=16652"}],"curies":[{"name":"wp","href":"https:\/\/api.w.org\/{rel}","templated":true}]}}