{"id":16742,"date":"2013-10-14T13:30:24","date_gmt":"2013-10-14T12:30:24","guid":{"rendered":"https:\/\/www.fbt-avocats.ch\/marketing-vente-de-fonds-de-placement-gerants-independants-situez\/"},"modified":"2019-09-13T14:23:23","modified_gmt":"2019-09-13T13:23:23","slug":"marketing-vente-de-fonds-de-placement-gerants-independants-situez","status":"publish","type":"post","link":"https:\/\/staging.fbt-avocats.ch\/en\/marketing-vente-de-fonds-de-placement-gerants-independants-situez\/","title":{"rendered":"Marketing et vente de fonds de placement : g\u00e9rants ind\u00e9pendants o\u00f9 vous situez-vous ?"},"content":{"rendered":"\n<style type=\"text\/css\" data-created_by=\"avia_inline_auto\" id=\"style-css-av-av_one_full-9497bbf8bff73ea4c6992cc17fa9ec36\">\n.flex_column.av-av_one_full-9497bbf8bff73ea4c6992cc17fa9ec36{\nborder-radius:0px 0px 0px 0px;\npadding:0px 0px 0px 0px;\n}\n<\/style>\n<div  class='flex_column av-av_one_full-9497bbf8bff73ea4c6992cc17fa9ec36 av_one_full  avia-builder-el-0  avia-builder-el-no-sibling  first flex_column_div av-zero-column-padding  '     ><p>\n<style type=\"text\/css\" data-created_by=\"avia_inline_auto\" id=\"style-css-av-av_heading-7b47a352ac5180d6ab11e7ce5797bb8f\">\n#top .av-special-heading.av-av_heading-7b47a352ac5180d6ab11e7ce5797bb8f{\npadding-bottom:10px;\n}\nbody .av-special-heading.av-av_heading-7b47a352ac5180d6ab11e7ce5797bb8f .av-special-heading-tag .heading-char{\nfont-size:25px;\n}\n.av-special-heading.av-av_heading-7b47a352ac5180d6ab11e7ce5797bb8f .av-subheading{\nfont-size:15px;\n}\n<\/style>\n<div  class='av-special-heading av-av_heading-7b47a352ac5180d6ab11e7ce5797bb8f av-special-heading-h2 blockquote modern-quote  avia-builder-el-1  el_before_av_hr  avia-builder-el-first '><h2 class='av-special-heading-tag '  itemprop=\"headline\"  >Marketing et vente de fonds de placement : g\u00e9rants ind\u00e9pendants o\u00f9 vous situez-vous ?<\/h2><div class='av-subheading av-subheading_below'><p>InvestNews &#8211; septembre 2013<br \/>\nFr\u00e9d\u00e9rique Bensahel, Michel Abt<\/p>\n<\/div><div class=\"special-heading-border\"><div class=\"special-heading-inner-border\"><\/div><\/div><\/div><br \/>\n\n<style type=\"text\/css\" data-created_by=\"avia_inline_auto\" id=\"style-css-av-av_hr-a7bfac8b270289d974036c90ec0c7caf\">\n#top .hr.hr-invisible.av-av_hr-a7bfac8b270289d974036c90ec0c7caf{\nheight:20px;\n}\n<\/style>\n<div  class='hr av-av_hr-a7bfac8b270289d974036c90ec0c7caf hr-invisible  avia-builder-el-2  el_after_av_heading  el_before_av_textblock '><span class='hr-inner '><span class=\"hr-inner-style\"><\/span><\/span><\/div><br \/>\n<section  class='av_textblock_section av-av_textblock-0366cc7376be6c9e82a3e9cc8987b64f '   itemscope=\"itemscope\" itemtype=\"https:\/\/schema.org\/BlogPosting\" itemprop=\"blogPost\" ><div class='avia_textblock'  itemprop=\"text\" ><div data-canvas-width=\"431.1431666666666\">\n<div data-canvas-width=\"350.428919217475\">Alors que la Loi f\u00e9d\u00e9rale sur les placements collectifs de capitaux r\u00e9vis\u00e9e (LPCC) et son ordonnance d\u2019application (OPCC) sont entr\u00e9es en vigueur le 1er mars 2013 et qu\u2019\u00e0 l\u2019heure o\u00f9 nous \u00e9crivons ces lignes la circulaire FINMA sur la distribution est toujours \u00e0 l\u2019\u00e9tat de projet, les g\u00e9rants ind\u00e9pendants, les conseillers en placement et nombre d\u2019autres intervenants du march\u00e9 des fonds de placement en Suisse et \u00e0 l\u2019\u00e9tranger cherchent leur voie sur la mani\u00e8re de promouvoir et de vendre des fonds de placement sur le march\u00e9 suisse.<\/div>\n<\/div>\n<\/div><\/section><br \/>\n\n<style type=\"text\/css\" data-created_by=\"avia_inline_auto\" id=\"style-css-av-av_hr-a7bfac8b270289d974036c90ec0c7caf\">\n#top .hr.hr-invisible.av-av_hr-a7bfac8b270289d974036c90ec0c7caf{\nheight:20px;\n}\n<\/style>\n<div  class='hr av-av_hr-a7bfac8b270289d974036c90ec0c7caf hr-invisible  avia-builder-el-4  el_after_av_textblock  el_before_av_button '><span class='hr-inner '><span class=\"hr-inner-style\"><\/span><\/span><\/div><br \/>\n<div  class='avia-button-wrap av-av_button-a9dd1e2cd87c30124d32eff4600f2953-wrap avia-button-left  avia-builder-el-5  el_after_av_hr  avia-builder-el-last '>\n<style type=\"text\/css\" data-created_by=\"avia_inline_auto\" id=\"style-css-av-av_button-a9dd1e2cd87c30124d32eff4600f2953\">\n#top #wrap_all .avia-button.av-av_button-a9dd1e2cd87c30124d32eff4600f2953{\nbackground-color:#44525f;\nborder-color:#44525f;\ncolor:#ffffff;\ntransition:all 0.4s ease-in-out;\n}\n#top #wrap_all .avia-button.av-av_button-a9dd1e2cd87c30124d32eff4600f2953 .avia-svg-icon svg:first-child{\nfill:#ffffff;\nstroke:#ffffff;\n}\n<\/style>\n<a href='http:\/\/fbt-avocats.ch\/wp-content\/uploads\/2016\/06\/p.028-030-FBT_Avocats.pdf'  class='avia-button av-av_button-a9dd1e2cd87c30124d32eff4600f2953 av-link-btn avia-icon_select-no avia-size-large avia-position-left'  target=\"_blank\"  rel=\"noopener noreferrer\"  aria-label=\"Lire la suite\"><span class='avia_iconbox_title' >Lire la suite<\/span><\/a><\/div><\/p><\/div>\n","protected":false},"excerpt":{"rendered":"","protected":false},"author":2,"featured_media":1372,"comment_status":"closed","ping_status":"closed","sticky":false,"template":"","format":"standard","meta":{"footnotes":""},"categories":[85],"tags":[],"datespeciale":[],"class_list":["post-16742","post","type-post","status-publish","format-standard","has-post-thumbnail","hentry","category-publications","competences-banking-and-finance","auteurs-frederique-bensahel-en","auteurs-michel-abt-en","date-publication-2013-en","diffusion-publications-en"],"yoast_head":"<!-- This site is optimized with the Yoast SEO Premium plugin v27.4 (Yoast SEO v27.4) - https:\/\/yoast.com\/product\/yoast-seo-premium-wordpress\/ -->\n<title>Marketing et vente de fonds de placement : g\u00e9rants ind\u00e9pendants o\u00f9 vous situez-vous ? | FBT Avocats SA<\/title>\n<meta name=\"robots\" content=\"noindex, follow, max-snippet:-1, max-image-preview:large, max-video-preview:-1\" \/>\n<meta property=\"og:locale\" content=\"en_US\" \/>\n<meta property=\"og:type\" content=\"article\" \/>\n<meta property=\"og:title\" content=\"Marketing et vente de fonds de placement : g\u00e9rants ind\u00e9pendants o\u00f9 vous situez-vous ?\" \/>\n<meta property=\"og:url\" content=\"https:\/\/staging.fbt-avocats.ch\/en\/marketing-vente-de-fonds-de-placement-gerants-independants-situez\/\" \/>\n<meta property=\"og:site_name\" content=\"FBT Avocats SA\" \/>\n<meta property=\"article:published_time\" content=\"2013-10-14T12:30:24+00:00\" \/>\n<meta property=\"article:modified_time\" content=\"2019-09-13T13:23:23+00:00\" \/>\n<meta property=\"og:image\" content=\"https:\/\/staging.fbt-avocats.ch\/wp-content\/uploads\/2016\/04\/fbt-etude-avocats-icone-document-pdf.png\" \/>\n\t<meta property=\"og:image:width\" content=\"120\" \/>\n\t<meta property=\"og:image:height\" content=\"120\" \/>\n\t<meta property=\"og:image:type\" content=\"image\/png\" \/>\n<meta name=\"author\" content=\"Acey\" \/>\n<meta name=\"twitter:card\" content=\"summary_large_image\" \/>\n<meta name=\"twitter:label1\" content=\"Written by\" \/>\n\t<meta name=\"twitter:data1\" content=\"Acey\" \/>\n\t<meta name=\"twitter:label2\" content=\"Est. reading time\" \/>\n\t<meta name=\"twitter:data2\" content=\"2 minutes\" \/>\n<script type=\"application\/ld+json\" class=\"yoast-schema-graph\">{\"@context\":\"https:\\\/\\\/schema.org\",\"@graph\":[{\"@type\":\"Article\",\"@id\":\"https:\\\/\\\/staging.fbt-avocats.ch\\\/en\\\/marketing-vente-de-fonds-de-placement-gerants-independants-situez\\\/#article\",\"isPartOf\":{\"@id\":\"https:\\\/\\\/staging.fbt-avocats.ch\\\/en\\\/marketing-vente-de-fonds-de-placement-gerants-independants-situez\\\/\"},\"author\":{\"name\":\"Acey\",\"@id\":\"https:\\\/\\\/staging.fbt-avocats.ch\\\/en\\\/#\\\/schema\\\/person\\\/fc6aec890aeb5ba75401bb59536340fb\"},\"headline\":\"Marketing et vente de fonds de placement : g\u00e9rants ind\u00e9pendants o\u00f9 vous situez-vous ?\",\"datePublished\":\"2013-10-14T12:30:24+00:00\",\"dateModified\":\"2019-09-13T13:23:23+00:00\",\"mainEntityOfPage\":{\"@id\":\"https:\\\/\\\/staging.fbt-avocats.ch\\\/en\\\/marketing-vente-de-fonds-de-placement-gerants-independants-situez\\\/\"},\"wordCount\":314,\"image\":{\"@id\":\"https:\\\/\\\/staging.fbt-avocats.ch\\\/en\\\/marketing-vente-de-fonds-de-placement-gerants-independants-situez\\\/#primaryimage\"},\"thumbnailUrl\":\"https:\\\/\\\/staging.fbt-avocats.ch\\\/wp-content\\\/uploads\\\/2016\\\/04\\\/fbt-etude-avocats-icone-document-pdf.png\",\"articleSection\":[\"Publications\"],\"inLanguage\":\"en-US\"},{\"@type\":\"WebPage\",\"@id\":\"https:\\\/\\\/staging.fbt-avocats.ch\\\/en\\\/marketing-vente-de-fonds-de-placement-gerants-independants-situez\\\/\",\"url\":\"https:\\\/\\\/staging.fbt-avocats.ch\\\/en\\\/marketing-vente-de-fonds-de-placement-gerants-independants-situez\\\/\",\"name\":\"Marketing et vente de fonds de placement : g\u00e9rants ind\u00e9pendants o\u00f9 vous situez-vous ? | FBT Avocats SA\",\"isPartOf\":{\"@id\":\"https:\\\/\\\/staging.fbt-avocats.ch\\\/en\\\/#website\"},\"primaryImageOfPage\":{\"@id\":\"https:\\\/\\\/staging.fbt-avocats.ch\\\/en\\\/marketing-vente-de-fonds-de-placement-gerants-independants-situez\\\/#primaryimage\"},\"image\":{\"@id\":\"https:\\\/\\\/staging.fbt-avocats.ch\\\/en\\\/marketing-vente-de-fonds-de-placement-gerants-independants-situez\\\/#primaryimage\"},\"thumbnailUrl\":\"https:\\\/\\\/staging.fbt-avocats.ch\\\/wp-content\\\/uploads\\\/2016\\\/04\\\/fbt-etude-avocats-icone-document-pdf.png\",\"datePublished\":\"2013-10-14T12:30:24+00:00\",\"dateModified\":\"2019-09-13T13:23:23+00:00\",\"author\":{\"@id\":\"https:\\\/\\\/staging.fbt-avocats.ch\\\/en\\\/#\\\/schema\\\/person\\\/fc6aec890aeb5ba75401bb59536340fb\"},\"breadcrumb\":{\"@id\":\"https:\\\/\\\/staging.fbt-avocats.ch\\\/en\\\/marketing-vente-de-fonds-de-placement-gerants-independants-situez\\\/#breadcrumb\"},\"inLanguage\":\"en-US\",\"potentialAction\":[{\"@type\":\"ReadAction\",\"target\":[\"https:\\\/\\\/staging.fbt-avocats.ch\\\/en\\\/marketing-vente-de-fonds-de-placement-gerants-independants-situez\\\/\"]}]},{\"@type\":\"ImageObject\",\"inLanguage\":\"en-US\",\"@id\":\"https:\\\/\\\/staging.fbt-avocats.ch\\\/en\\\/marketing-vente-de-fonds-de-placement-gerants-independants-situez\\\/#primaryimage\",\"url\":\"https:\\\/\\\/staging.fbt-avocats.ch\\\/wp-content\\\/uploads\\\/2016\\\/04\\\/fbt-etude-avocats-icone-document-pdf.png\",\"contentUrl\":\"https:\\\/\\\/staging.fbt-avocats.ch\\\/wp-content\\\/uploads\\\/2016\\\/04\\\/fbt-etude-avocats-icone-document-pdf.png\",\"width\":120,\"height\":120},{\"@type\":\"BreadcrumbList\",\"@id\":\"https:\\\/\\\/staging.fbt-avocats.ch\\\/en\\\/marketing-vente-de-fonds-de-placement-gerants-independants-situez\\\/#breadcrumb\",\"itemListElement\":[{\"@type\":\"ListItem\",\"position\":1,\"name\":\"Home\",\"item\":\"https:\\\/\\\/staging.fbt-avocats.ch\\\/en\\\/\"},{\"@type\":\"ListItem\",\"position\":2,\"name\":\"Marketing et vente de fonds de placement : g\u00e9rants ind\u00e9pendants o\u00f9 vous situez-vous ?\"}]},{\"@type\":\"WebSite\",\"@id\":\"https:\\\/\\\/staging.fbt-avocats.ch\\\/en\\\/#website\",\"url\":\"https:\\\/\\\/staging.fbt-avocats.ch\\\/en\\\/\",\"name\":\"FBT Avocats SA\",\"description\":\"Etudes bas\u00e9es \u00e0 Gen\u00e8ve et Paris\",\"potentialAction\":[{\"@type\":\"SearchAction\",\"target\":{\"@type\":\"EntryPoint\",\"urlTemplate\":\"https:\\\/\\\/staging.fbt-avocats.ch\\\/en\\\/?s={search_term_string}\"},\"query-input\":{\"@type\":\"PropertyValueSpecification\",\"valueRequired\":true,\"valueName\":\"search_term_string\"}}],\"inLanguage\":\"en-US\"},{\"@type\":\"Person\",\"@id\":\"https:\\\/\\\/staging.fbt-avocats.ch\\\/en\\\/#\\\/schema\\\/person\\\/fc6aec890aeb5ba75401bb59536340fb\",\"name\":\"Acey\"}]}<\/script>\n<!-- \/ Yoast SEO Premium plugin. -->","yoast_head_json":{"title":"Marketing et vente de fonds de placement : g\u00e9rants ind\u00e9pendants o\u00f9 vous situez-vous ? | FBT Avocats SA","robots":{"index":"noindex","follow":"follow","max-snippet":"max-snippet:-1","max-image-preview":"max-image-preview:large","max-video-preview":"max-video-preview:-1"},"og_locale":"en_US","og_type":"article","og_title":"Marketing et vente de fonds de placement : g\u00e9rants ind\u00e9pendants o\u00f9 vous situez-vous ?","og_url":"https:\/\/staging.fbt-avocats.ch\/en\/marketing-vente-de-fonds-de-placement-gerants-independants-situez\/","og_site_name":"FBT Avocats SA","article_published_time":"2013-10-14T12:30:24+00:00","article_modified_time":"2019-09-13T13:23:23+00:00","og_image":[{"width":120,"height":120,"url":"https:\/\/staging.fbt-avocats.ch\/wp-content\/uploads\/2016\/04\/fbt-etude-avocats-icone-document-pdf.png","type":"image\/png"}],"author":"Acey","twitter_card":"summary_large_image","twitter_misc":{"Written by":"Acey","Est. reading time":"2 minutes"},"schema":{"@context":"https:\/\/schema.org","@graph":[{"@type":"Article","@id":"https:\/\/staging.fbt-avocats.ch\/en\/marketing-vente-de-fonds-de-placement-gerants-independants-situez\/#article","isPartOf":{"@id":"https:\/\/staging.fbt-avocats.ch\/en\/marketing-vente-de-fonds-de-placement-gerants-independants-situez\/"},"author":{"name":"Acey","@id":"https:\/\/staging.fbt-avocats.ch\/en\/#\/schema\/person\/fc6aec890aeb5ba75401bb59536340fb"},"headline":"Marketing et vente de fonds de placement : g\u00e9rants ind\u00e9pendants o\u00f9 vous situez-vous ?","datePublished":"2013-10-14T12:30:24+00:00","dateModified":"2019-09-13T13:23:23+00:00","mainEntityOfPage":{"@id":"https:\/\/staging.fbt-avocats.ch\/en\/marketing-vente-de-fonds-de-placement-gerants-independants-situez\/"},"wordCount":314,"image":{"@id":"https:\/\/staging.fbt-avocats.ch\/en\/marketing-vente-de-fonds-de-placement-gerants-independants-situez\/#primaryimage"},"thumbnailUrl":"https:\/\/staging.fbt-avocats.ch\/wp-content\/uploads\/2016\/04\/fbt-etude-avocats-icone-document-pdf.png","articleSection":["Publications"],"inLanguage":"en-US"},{"@type":"WebPage","@id":"https:\/\/staging.fbt-avocats.ch\/en\/marketing-vente-de-fonds-de-placement-gerants-independants-situez\/","url":"https:\/\/staging.fbt-avocats.ch\/en\/marketing-vente-de-fonds-de-placement-gerants-independants-situez\/","name":"Marketing et vente de fonds de placement : g\u00e9rants ind\u00e9pendants o\u00f9 vous situez-vous ? | FBT Avocats SA","isPartOf":{"@id":"https:\/\/staging.fbt-avocats.ch\/en\/#website"},"primaryImageOfPage":{"@id":"https:\/\/staging.fbt-avocats.ch\/en\/marketing-vente-de-fonds-de-placement-gerants-independants-situez\/#primaryimage"},"image":{"@id":"https:\/\/staging.fbt-avocats.ch\/en\/marketing-vente-de-fonds-de-placement-gerants-independants-situez\/#primaryimage"},"thumbnailUrl":"https:\/\/staging.fbt-avocats.ch\/wp-content\/uploads\/2016\/04\/fbt-etude-avocats-icone-document-pdf.png","datePublished":"2013-10-14T12:30:24+00:00","dateModified":"2019-09-13T13:23:23+00:00","author":{"@id":"https:\/\/staging.fbt-avocats.ch\/en\/#\/schema\/person\/fc6aec890aeb5ba75401bb59536340fb"},"breadcrumb":{"@id":"https:\/\/staging.fbt-avocats.ch\/en\/marketing-vente-de-fonds-de-placement-gerants-independants-situez\/#breadcrumb"},"inLanguage":"en-US","potentialAction":[{"@type":"ReadAction","target":["https:\/\/staging.fbt-avocats.ch\/en\/marketing-vente-de-fonds-de-placement-gerants-independants-situez\/"]}]},{"@type":"ImageObject","inLanguage":"en-US","@id":"https:\/\/staging.fbt-avocats.ch\/en\/marketing-vente-de-fonds-de-placement-gerants-independants-situez\/#primaryimage","url":"https:\/\/staging.fbt-avocats.ch\/wp-content\/uploads\/2016\/04\/fbt-etude-avocats-icone-document-pdf.png","contentUrl":"https:\/\/staging.fbt-avocats.ch\/wp-content\/uploads\/2016\/04\/fbt-etude-avocats-icone-document-pdf.png","width":120,"height":120},{"@type":"BreadcrumbList","@id":"https:\/\/staging.fbt-avocats.ch\/en\/marketing-vente-de-fonds-de-placement-gerants-independants-situez\/#breadcrumb","itemListElement":[{"@type":"ListItem","position":1,"name":"Home","item":"https:\/\/staging.fbt-avocats.ch\/en\/"},{"@type":"ListItem","position":2,"name":"Marketing et vente de fonds de placement : g\u00e9rants ind\u00e9pendants o\u00f9 vous situez-vous ?"}]},{"@type":"WebSite","@id":"https:\/\/staging.fbt-avocats.ch\/en\/#website","url":"https:\/\/staging.fbt-avocats.ch\/en\/","name":"FBT Avocats SA","description":"Etudes bas\u00e9es \u00e0 Gen\u00e8ve et Paris","potentialAction":[{"@type":"SearchAction","target":{"@type":"EntryPoint","urlTemplate":"https:\/\/staging.fbt-avocats.ch\/en\/?s={search_term_string}"},"query-input":{"@type":"PropertyValueSpecification","valueRequired":true,"valueName":"search_term_string"}}],"inLanguage":"en-US"},{"@type":"Person","@id":"https:\/\/staging.fbt-avocats.ch\/en\/#\/schema\/person\/fc6aec890aeb5ba75401bb59536340fb","name":"Acey"}]}},"_links":{"self":[{"href":"https:\/\/staging.fbt-avocats.ch\/en\/wp-json\/wp\/v2\/posts\/16742","targetHints":{"allow":["GET"]}}],"collection":[{"href":"https:\/\/staging.fbt-avocats.ch\/en\/wp-json\/wp\/v2\/posts"}],"about":[{"href":"https:\/\/staging.fbt-avocats.ch\/en\/wp-json\/wp\/v2\/types\/post"}],"author":[{"embeddable":true,"href":"https:\/\/staging.fbt-avocats.ch\/en\/wp-json\/wp\/v2\/users\/2"}],"replies":[{"embeddable":true,"href":"https:\/\/staging.fbt-avocats.ch\/en\/wp-json\/wp\/v2\/comments?post=16742"}],"version-history":[{"count":0,"href":"https:\/\/staging.fbt-avocats.ch\/en\/wp-json\/wp\/v2\/posts\/16742\/revisions"}],"wp:featuredmedia":[{"embeddable":true,"href":"https:\/\/staging.fbt-avocats.ch\/en\/wp-json\/wp\/v2\/media\/1372"}],"wp:attachment":[{"href":"https:\/\/staging.fbt-avocats.ch\/en\/wp-json\/wp\/v2\/media?parent=16742"}],"wp:term":[{"taxonomy":"category","embeddable":true,"href":"https:\/\/staging.fbt-avocats.ch\/en\/wp-json\/wp\/v2\/categories?post=16742"},{"taxonomy":"post_tag","embeddable":true,"href":"https:\/\/staging.fbt-avocats.ch\/en\/wp-json\/wp\/v2\/tags?post=16742"},{"taxonomy":"datespeciale","embeddable":true,"href":"https:\/\/staging.fbt-avocats.ch\/en\/wp-json\/wp\/v2\/datespeciale?post=16742"}],"curies":[{"name":"wp","href":"https:\/\/api.w.org\/{rel}","templated":true}]}}