{"id":16763,"date":"2013-05-06T14:10:20","date_gmt":"2013-05-06T13:10:20","guid":{"rendered":"https:\/\/www.fbt-avocats.ch\/eintreten-in-kraft-kag-welche-konsequenzen-hat-das-fur-unabhangige-vermogensverwalter\/"},"modified":"2019-09-13T14:25:28","modified_gmt":"2019-09-13T13:25:28","slug":"eintreten-in-kraft-kag-welche-konsequenzen-hat-das-fur-unabhangige-vermogensverwalter","status":"publish","type":"post","link":"https:\/\/staging.fbt-avocats.ch\/en\/eintreten-in-kraft-kag-welche-konsequenzen-hat-das-fur-unabhangige-vermogensverwalter\/","title":{"rendered":"Eintreten in Kraft des KAG &#8211; Welche Konsequenzen hat das f\u00fcr unabh\u00e4ngige Verm\u00f6gensverwalter?"},"content":{"rendered":"\n<style type=\"text\/css\" data-created_by=\"avia_inline_auto\" id=\"style-css-av-av_one_full-9497bbf8bff73ea4c6992cc17fa9ec36\">\n.flex_column.av-av_one_full-9497bbf8bff73ea4c6992cc17fa9ec36{\nborder-radius:0px 0px 0px 0px;\npadding:0px 0px 0px 0px;\n}\n<\/style>\n<div  class='flex_column av-av_one_full-9497bbf8bff73ea4c6992cc17fa9ec36 av_one_full  avia-builder-el-0  avia-builder-el-no-sibling  first flex_column_div av-zero-column-padding  '     ><p>\n<style type=\"text\/css\" data-created_by=\"avia_inline_auto\" id=\"style-css-av-av_heading-651a0c6fb080e690de8c48b59c4fd808\">\n#top .av-special-heading.av-av_heading-651a0c6fb080e690de8c48b59c4fd808{\npadding-bottom:10px;\n}\nbody .av-special-heading.av-av_heading-651a0c6fb080e690de8c48b59c4fd808 .av-special-heading-tag .heading-char{\nfont-size:25px;\n}\n.av-special-heading.av-av_heading-651a0c6fb080e690de8c48b59c4fd808 .av-subheading{\nfont-size:15px;\n}\n<\/style>\n<div  class='av-special-heading av-av_heading-651a0c6fb080e690de8c48b59c4fd808 av-special-heading-h2 blockquote modern-quote  avia-builder-el-1  el_before_av_hr  avia-builder-el-first '><h2 class='av-special-heading-tag '  itemprop=\"headline\"  >Eintreten in Kraft des KAG &#8211; Welche Konsequenzen hat das f\u00fcr unabh\u00e4ngige Verm\u00f6gensverwalter?<\/h2><div class='av-subheading av-subheading_below'><p>InvestNews &#8211; mai 2013<br \/>\nFr\u00e9d\u00e9rique Bensahel<\/p>\n<\/div><div class=\"special-heading-border\"><div class=\"special-heading-inner-border\"><\/div><\/div><\/div><br \/>\n\n<style type=\"text\/css\" data-created_by=\"avia_inline_auto\" id=\"style-css-av-av_hr-a7bfac8b270289d974036c90ec0c7caf\">\n#top .hr.hr-invisible.av-av_hr-a7bfac8b270289d974036c90ec0c7caf{\nheight:20px;\n}\n<\/style>\n<div  class='hr av-av_hr-a7bfac8b270289d974036c90ec0c7caf hr-invisible  avia-builder-el-2  el_after_av_heading  el_before_av_textblock '><span class='hr-inner '><span class=\"hr-inner-style\"><\/span><\/span><\/div><br \/>\n<section  class='av_textblock_section av-av_textblock-0366cc7376be6c9e82a3e9cc8987b64f '   itemscope=\"itemscope\" itemtype=\"https:\/\/schema.org\/BlogPosting\" itemprop=\"blogPost\" ><div class='avia_textblock'  itemprop=\"text\" ><div data-canvas-width=\"431.1431666666666\">\n<div data-canvas-width=\"267.09999999999997\">Nach einem zweij\u00e4hrigen Gesetzgebungsverfahren sind das revidierte KAG und seine Durchf\u00fchrungsverordnung am 1.3.2013 in Kraft getreten. Die neue Rechtslage erlaubt es Schweizer Verwaltern ausl\u00e4ndischer Fonds, weiterhin europ\u00e4ische und in der EU vertriebene Fonds zu verwalten. Sie verbessert den Schutz der Anleger und bewahrt die Wettbewerbsf\u00e4higkeit des Schweizer Finanzplatzes.<\/div>\n<\/div>\n<\/div><\/section><br \/>\n\n<style type=\"text\/css\" data-created_by=\"avia_inline_auto\" id=\"style-css-av-av_hr-a7bfac8b270289d974036c90ec0c7caf\">\n#top .hr.hr-invisible.av-av_hr-a7bfac8b270289d974036c90ec0c7caf{\nheight:20px;\n}\n<\/style>\n<div  class='hr av-av_hr-a7bfac8b270289d974036c90ec0c7caf hr-invisible  avia-builder-el-4  el_after_av_textblock  el_before_av_button '><span class='hr-inner '><span class=\"hr-inner-style\"><\/span><\/span><\/div><br \/>\n<div  class='avia-button-wrap av-av_button-42d99eedb145c2b764ae06c3e6263254-wrap avia-button-left  avia-builder-el-5  el_after_av_hr  avia-builder-el-last '>\n<style type=\"text\/css\" data-created_by=\"avia_inline_auto\" id=\"style-css-av-av_button-42d99eedb145c2b764ae06c3e6263254\">\n#top #wrap_all .avia-button.av-av_button-42d99eedb145c2b764ae06c3e6263254{\nbackground-color:#44525f;\nborder-color:#44525f;\ncolor:#ffffff;\ntransition:all 0.4s ease-in-out;\n}\n#top #wrap_all .avia-button.av-av_button-42d99eedb145c2b764ae06c3e6263254 .avia-svg-icon svg:first-child{\nfill:#ffffff;\nstroke:#ffffff;\n}\n<\/style>\n<a href='http:\/\/fbt-avocats.ch\/wp-content\/uploads\/2016\/06\/FBT_DE.pdf'  class='avia-button av-av_button-42d99eedb145c2b764ae06c3e6263254 av-link-btn avia-icon_select-no avia-size-large avia-position-left'  target=\"_blank\"  rel=\"noopener noreferrer\"  aria-label=\"Lire la suite\"><span class='avia_iconbox_title' >Lire la suite<\/span><\/a><\/div><\/p><\/div>\n","protected":false},"excerpt":{"rendered":"","protected":false},"author":2,"featured_media":1372,"comment_status":"closed","ping_status":"closed","sticky":false,"template":"","format":"standard","meta":{"footnotes":""},"categories":[85],"tags":[],"datespeciale":[],"class_list":["post-16763","post","type-post","status-publish","format-standard","has-post-thumbnail","hentry","category-publications","competences-banking-and-finance","auteurs-frederique-bensahel-en","date-publication-2013-en","diffusion-publications-en"],"yoast_head":"<!-- This site is optimized with the Yoast SEO Premium plugin v27.4 (Yoast SEO v27.4) - https:\/\/yoast.com\/product\/yoast-seo-premium-wordpress\/ -->\n<title>Eintreten in Kraft des KAG - Welche Konsequenzen hat das f\u00fcr unabh\u00e4ngige Verm\u00f6gensverwalter? | FBT Avocats SA<\/title>\n<meta name=\"robots\" content=\"noindex, follow, max-snippet:-1, max-image-preview:large, max-video-preview:-1\" \/>\n<meta property=\"og:locale\" content=\"en_US\" \/>\n<meta property=\"og:type\" content=\"article\" \/>\n<meta property=\"og:title\" content=\"Eintreten in Kraft des KAG - Welche Konsequenzen hat das f\u00fcr unabh\u00e4ngige Verm\u00f6gensverwalter?\" \/>\n<meta property=\"og:url\" content=\"https:\/\/staging.fbt-avocats.ch\/en\/eintreten-in-kraft-kag-welche-konsequenzen-hat-das-fur-unabhangige-vermogensverwalter\/\" \/>\n<meta property=\"og:site_name\" content=\"FBT Avocats SA\" \/>\n<meta property=\"article:published_time\" content=\"2013-05-06T13:10:20+00:00\" \/>\n<meta property=\"article:modified_time\" content=\"2019-09-13T13:25:28+00:00\" \/>\n<meta property=\"og:image\" content=\"https:\/\/staging.fbt-avocats.ch\/wp-content\/uploads\/2016\/04\/fbt-etude-avocats-icone-document-pdf.png\" \/>\n\t<meta property=\"og:image:width\" content=\"120\" \/>\n\t<meta property=\"og:image:height\" content=\"120\" \/>\n\t<meta property=\"og:image:type\" content=\"image\/png\" \/>\n<meta name=\"author\" content=\"Acey\" \/>\n<meta name=\"twitter:card\" content=\"summary_large_image\" \/>\n<meta name=\"twitter:label1\" content=\"Written by\" \/>\n\t<meta name=\"twitter:data1\" content=\"Acey\" \/>\n\t<meta name=\"twitter:label2\" content=\"Est. reading time\" \/>\n\t<meta name=\"twitter:data2\" content=\"1 minute\" \/>\n<script type=\"application\/ld+json\" class=\"yoast-schema-graph\">{\"@context\":\"https:\\\/\\\/schema.org\",\"@graph\":[{\"@type\":\"Article\",\"@id\":\"https:\\\/\\\/staging.fbt-avocats.ch\\\/en\\\/eintreten-in-kraft-kag-welche-konsequenzen-hat-das-fur-unabhangige-vermogensverwalter\\\/#article\",\"isPartOf\":{\"@id\":\"https:\\\/\\\/staging.fbt-avocats.ch\\\/en\\\/eintreten-in-kraft-kag-welche-konsequenzen-hat-das-fur-unabhangige-vermogensverwalter\\\/\"},\"author\":{\"name\":\"Acey\",\"@id\":\"https:\\\/\\\/staging.fbt-avocats.ch\\\/en\\\/#\\\/schema\\\/person\\\/fc6aec890aeb5ba75401bb59536340fb\"},\"headline\":\"Eintreten in Kraft des KAG &#8211; Welche Konsequenzen hat das f\u00fcr unabh\u00e4ngige Verm\u00f6gensverwalter?\",\"datePublished\":\"2013-05-06T13:10:20+00:00\",\"dateModified\":\"2019-09-13T13:25:28+00:00\",\"mainEntityOfPage\":{\"@id\":\"https:\\\/\\\/staging.fbt-avocats.ch\\\/en\\\/eintreten-in-kraft-kag-welche-konsequenzen-hat-das-fur-unabhangige-vermogensverwalter\\\/\"},\"wordCount\":269,\"image\":{\"@id\":\"https:\\\/\\\/staging.fbt-avocats.ch\\\/en\\\/eintreten-in-kraft-kag-welche-konsequenzen-hat-das-fur-unabhangige-vermogensverwalter\\\/#primaryimage\"},\"thumbnailUrl\":\"https:\\\/\\\/staging.fbt-avocats.ch\\\/wp-content\\\/uploads\\\/2016\\\/04\\\/fbt-etude-avocats-icone-document-pdf.png\",\"articleSection\":[\"Publications\"],\"inLanguage\":\"en-US\"},{\"@type\":\"WebPage\",\"@id\":\"https:\\\/\\\/staging.fbt-avocats.ch\\\/en\\\/eintreten-in-kraft-kag-welche-konsequenzen-hat-das-fur-unabhangige-vermogensverwalter\\\/\",\"url\":\"https:\\\/\\\/staging.fbt-avocats.ch\\\/en\\\/eintreten-in-kraft-kag-welche-konsequenzen-hat-das-fur-unabhangige-vermogensverwalter\\\/\",\"name\":\"Eintreten in Kraft des KAG - Welche Konsequenzen hat das f\u00fcr unabh\u00e4ngige Verm\u00f6gensverwalter? | FBT Avocats SA\",\"isPartOf\":{\"@id\":\"https:\\\/\\\/staging.fbt-avocats.ch\\\/en\\\/#website\"},\"primaryImageOfPage\":{\"@id\":\"https:\\\/\\\/staging.fbt-avocats.ch\\\/en\\\/eintreten-in-kraft-kag-welche-konsequenzen-hat-das-fur-unabhangige-vermogensverwalter\\\/#primaryimage\"},\"image\":{\"@id\":\"https:\\\/\\\/staging.fbt-avocats.ch\\\/en\\\/eintreten-in-kraft-kag-welche-konsequenzen-hat-das-fur-unabhangige-vermogensverwalter\\\/#primaryimage\"},\"thumbnailUrl\":\"https:\\\/\\\/staging.fbt-avocats.ch\\\/wp-content\\\/uploads\\\/2016\\\/04\\\/fbt-etude-avocats-icone-document-pdf.png\",\"datePublished\":\"2013-05-06T13:10:20+00:00\",\"dateModified\":\"2019-09-13T13:25:28+00:00\",\"author\":{\"@id\":\"https:\\\/\\\/staging.fbt-avocats.ch\\\/en\\\/#\\\/schema\\\/person\\\/fc6aec890aeb5ba75401bb59536340fb\"},\"breadcrumb\":{\"@id\":\"https:\\\/\\\/staging.fbt-avocats.ch\\\/en\\\/eintreten-in-kraft-kag-welche-konsequenzen-hat-das-fur-unabhangige-vermogensverwalter\\\/#breadcrumb\"},\"inLanguage\":\"en-US\",\"potentialAction\":[{\"@type\":\"ReadAction\",\"target\":[\"https:\\\/\\\/staging.fbt-avocats.ch\\\/en\\\/eintreten-in-kraft-kag-welche-konsequenzen-hat-das-fur-unabhangige-vermogensverwalter\\\/\"]}]},{\"@type\":\"ImageObject\",\"inLanguage\":\"en-US\",\"@id\":\"https:\\\/\\\/staging.fbt-avocats.ch\\\/en\\\/eintreten-in-kraft-kag-welche-konsequenzen-hat-das-fur-unabhangige-vermogensverwalter\\\/#primaryimage\",\"url\":\"https:\\\/\\\/staging.fbt-avocats.ch\\\/wp-content\\\/uploads\\\/2016\\\/04\\\/fbt-etude-avocats-icone-document-pdf.png\",\"contentUrl\":\"https:\\\/\\\/staging.fbt-avocats.ch\\\/wp-content\\\/uploads\\\/2016\\\/04\\\/fbt-etude-avocats-icone-document-pdf.png\",\"width\":120,\"height\":120},{\"@type\":\"BreadcrumbList\",\"@id\":\"https:\\\/\\\/staging.fbt-avocats.ch\\\/en\\\/eintreten-in-kraft-kag-welche-konsequenzen-hat-das-fur-unabhangige-vermogensverwalter\\\/#breadcrumb\",\"itemListElement\":[{\"@type\":\"ListItem\",\"position\":1,\"name\":\"Home\",\"item\":\"https:\\\/\\\/staging.fbt-avocats.ch\\\/en\\\/\"},{\"@type\":\"ListItem\",\"position\":2,\"name\":\"Eintreten in Kraft des KAG &#8211; Welche Konsequenzen hat das f\u00fcr unabh\u00e4ngige Verm\u00f6gensverwalter?\"}]},{\"@type\":\"WebSite\",\"@id\":\"https:\\\/\\\/staging.fbt-avocats.ch\\\/en\\\/#website\",\"url\":\"https:\\\/\\\/staging.fbt-avocats.ch\\\/en\\\/\",\"name\":\"FBT Avocats SA\",\"description\":\"Etudes bas\u00e9es \u00e0 Gen\u00e8ve et Paris\",\"potentialAction\":[{\"@type\":\"SearchAction\",\"target\":{\"@type\":\"EntryPoint\",\"urlTemplate\":\"https:\\\/\\\/staging.fbt-avocats.ch\\\/en\\\/?s={search_term_string}\"},\"query-input\":{\"@type\":\"PropertyValueSpecification\",\"valueRequired\":true,\"valueName\":\"search_term_string\"}}],\"inLanguage\":\"en-US\"},{\"@type\":\"Person\",\"@id\":\"https:\\\/\\\/staging.fbt-avocats.ch\\\/en\\\/#\\\/schema\\\/person\\\/fc6aec890aeb5ba75401bb59536340fb\",\"name\":\"Acey\"}]}<\/script>\n<!-- \/ Yoast SEO Premium plugin. -->","yoast_head_json":{"title":"Eintreten in Kraft des KAG - Welche Konsequenzen hat das f\u00fcr unabh\u00e4ngige Verm\u00f6gensverwalter? | FBT Avocats SA","robots":{"index":"noindex","follow":"follow","max-snippet":"max-snippet:-1","max-image-preview":"max-image-preview:large","max-video-preview":"max-video-preview:-1"},"og_locale":"en_US","og_type":"article","og_title":"Eintreten in Kraft des KAG - Welche Konsequenzen hat das f\u00fcr unabh\u00e4ngige Verm\u00f6gensverwalter?","og_url":"https:\/\/staging.fbt-avocats.ch\/en\/eintreten-in-kraft-kag-welche-konsequenzen-hat-das-fur-unabhangige-vermogensverwalter\/","og_site_name":"FBT Avocats SA","article_published_time":"2013-05-06T13:10:20+00:00","article_modified_time":"2019-09-13T13:25:28+00:00","og_image":[{"width":120,"height":120,"url":"https:\/\/staging.fbt-avocats.ch\/wp-content\/uploads\/2016\/04\/fbt-etude-avocats-icone-document-pdf.png","type":"image\/png"}],"author":"Acey","twitter_card":"summary_large_image","twitter_misc":{"Written by":"Acey","Est. reading time":"1 minute"},"schema":{"@context":"https:\/\/schema.org","@graph":[{"@type":"Article","@id":"https:\/\/staging.fbt-avocats.ch\/en\/eintreten-in-kraft-kag-welche-konsequenzen-hat-das-fur-unabhangige-vermogensverwalter\/#article","isPartOf":{"@id":"https:\/\/staging.fbt-avocats.ch\/en\/eintreten-in-kraft-kag-welche-konsequenzen-hat-das-fur-unabhangige-vermogensverwalter\/"},"author":{"name":"Acey","@id":"https:\/\/staging.fbt-avocats.ch\/en\/#\/schema\/person\/fc6aec890aeb5ba75401bb59536340fb"},"headline":"Eintreten in Kraft des KAG &#8211; Welche Konsequenzen hat das f\u00fcr unabh\u00e4ngige Verm\u00f6gensverwalter?","datePublished":"2013-05-06T13:10:20+00:00","dateModified":"2019-09-13T13:25:28+00:00","mainEntityOfPage":{"@id":"https:\/\/staging.fbt-avocats.ch\/en\/eintreten-in-kraft-kag-welche-konsequenzen-hat-das-fur-unabhangige-vermogensverwalter\/"},"wordCount":269,"image":{"@id":"https:\/\/staging.fbt-avocats.ch\/en\/eintreten-in-kraft-kag-welche-konsequenzen-hat-das-fur-unabhangige-vermogensverwalter\/#primaryimage"},"thumbnailUrl":"https:\/\/staging.fbt-avocats.ch\/wp-content\/uploads\/2016\/04\/fbt-etude-avocats-icone-document-pdf.png","articleSection":["Publications"],"inLanguage":"en-US"},{"@type":"WebPage","@id":"https:\/\/staging.fbt-avocats.ch\/en\/eintreten-in-kraft-kag-welche-konsequenzen-hat-das-fur-unabhangige-vermogensverwalter\/","url":"https:\/\/staging.fbt-avocats.ch\/en\/eintreten-in-kraft-kag-welche-konsequenzen-hat-das-fur-unabhangige-vermogensverwalter\/","name":"Eintreten in Kraft des KAG - Welche Konsequenzen hat das f\u00fcr unabh\u00e4ngige Verm\u00f6gensverwalter? | FBT Avocats SA","isPartOf":{"@id":"https:\/\/staging.fbt-avocats.ch\/en\/#website"},"primaryImageOfPage":{"@id":"https:\/\/staging.fbt-avocats.ch\/en\/eintreten-in-kraft-kag-welche-konsequenzen-hat-das-fur-unabhangige-vermogensverwalter\/#primaryimage"},"image":{"@id":"https:\/\/staging.fbt-avocats.ch\/en\/eintreten-in-kraft-kag-welche-konsequenzen-hat-das-fur-unabhangige-vermogensverwalter\/#primaryimage"},"thumbnailUrl":"https:\/\/staging.fbt-avocats.ch\/wp-content\/uploads\/2016\/04\/fbt-etude-avocats-icone-document-pdf.png","datePublished":"2013-05-06T13:10:20+00:00","dateModified":"2019-09-13T13:25:28+00:00","author":{"@id":"https:\/\/staging.fbt-avocats.ch\/en\/#\/schema\/person\/fc6aec890aeb5ba75401bb59536340fb"},"breadcrumb":{"@id":"https:\/\/staging.fbt-avocats.ch\/en\/eintreten-in-kraft-kag-welche-konsequenzen-hat-das-fur-unabhangige-vermogensverwalter\/#breadcrumb"},"inLanguage":"en-US","potentialAction":[{"@type":"ReadAction","target":["https:\/\/staging.fbt-avocats.ch\/en\/eintreten-in-kraft-kag-welche-konsequenzen-hat-das-fur-unabhangige-vermogensverwalter\/"]}]},{"@type":"ImageObject","inLanguage":"en-US","@id":"https:\/\/staging.fbt-avocats.ch\/en\/eintreten-in-kraft-kag-welche-konsequenzen-hat-das-fur-unabhangige-vermogensverwalter\/#primaryimage","url":"https:\/\/staging.fbt-avocats.ch\/wp-content\/uploads\/2016\/04\/fbt-etude-avocats-icone-document-pdf.png","contentUrl":"https:\/\/staging.fbt-avocats.ch\/wp-content\/uploads\/2016\/04\/fbt-etude-avocats-icone-document-pdf.png","width":120,"height":120},{"@type":"BreadcrumbList","@id":"https:\/\/staging.fbt-avocats.ch\/en\/eintreten-in-kraft-kag-welche-konsequenzen-hat-das-fur-unabhangige-vermogensverwalter\/#breadcrumb","itemListElement":[{"@type":"ListItem","position":1,"name":"Home","item":"https:\/\/staging.fbt-avocats.ch\/en\/"},{"@type":"ListItem","position":2,"name":"Eintreten in Kraft des KAG &#8211; Welche Konsequenzen hat das f\u00fcr unabh\u00e4ngige Verm\u00f6gensverwalter?"}]},{"@type":"WebSite","@id":"https:\/\/staging.fbt-avocats.ch\/en\/#website","url":"https:\/\/staging.fbt-avocats.ch\/en\/","name":"FBT Avocats SA","description":"Etudes bas\u00e9es \u00e0 Gen\u00e8ve et Paris","potentialAction":[{"@type":"SearchAction","target":{"@type":"EntryPoint","urlTemplate":"https:\/\/staging.fbt-avocats.ch\/en\/?s={search_term_string}"},"query-input":{"@type":"PropertyValueSpecification","valueRequired":true,"valueName":"search_term_string"}}],"inLanguage":"en-US"},{"@type":"Person","@id":"https:\/\/staging.fbt-avocats.ch\/en\/#\/schema\/person\/fc6aec890aeb5ba75401bb59536340fb","name":"Acey"}]}},"_links":{"self":[{"href":"https:\/\/staging.fbt-avocats.ch\/en\/wp-json\/wp\/v2\/posts\/16763","targetHints":{"allow":["GET"]}}],"collection":[{"href":"https:\/\/staging.fbt-avocats.ch\/en\/wp-json\/wp\/v2\/posts"}],"about":[{"href":"https:\/\/staging.fbt-avocats.ch\/en\/wp-json\/wp\/v2\/types\/post"}],"author":[{"embeddable":true,"href":"https:\/\/staging.fbt-avocats.ch\/en\/wp-json\/wp\/v2\/users\/2"}],"replies":[{"embeddable":true,"href":"https:\/\/staging.fbt-avocats.ch\/en\/wp-json\/wp\/v2\/comments?post=16763"}],"version-history":[{"count":0,"href":"https:\/\/staging.fbt-avocats.ch\/en\/wp-json\/wp\/v2\/posts\/16763\/revisions"}],"wp:featuredmedia":[{"embeddable":true,"href":"https:\/\/staging.fbt-avocats.ch\/en\/wp-json\/wp\/v2\/media\/1372"}],"wp:attachment":[{"href":"https:\/\/staging.fbt-avocats.ch\/en\/wp-json\/wp\/v2\/media?parent=16763"}],"wp:term":[{"taxonomy":"category","embeddable":true,"href":"https:\/\/staging.fbt-avocats.ch\/en\/wp-json\/wp\/v2\/categories?post=16763"},{"taxonomy":"post_tag","embeddable":true,"href":"https:\/\/staging.fbt-avocats.ch\/en\/wp-json\/wp\/v2\/tags?post=16763"},{"taxonomy":"datespeciale","embeddable":true,"href":"https:\/\/staging.fbt-avocats.ch\/en\/wp-json\/wp\/v2\/datespeciale?post=16763"}],"curies":[{"name":"wp","href":"https:\/\/api.w.org\/{rel}","templated":true}]}}