{"id":17735,"date":"2019-05-06T09:00:55","date_gmt":"2019-05-06T08:00:55","guid":{"rendered":"https:\/\/www.fbt-avocats.ch\/ranking-of-the-best-2019-law-firms-reports-from-bilanz-and-temps\/"},"modified":"2019-05-06T09:00:55","modified_gmt":"2019-05-06T08:00:55","slug":"ranking-of-the-best-2019-law-firms-reports-from-bilanz-and-temps","status":"publish","type":"post","link":"https:\/\/staging.fbt-avocats.ch\/en\/ranking-of-the-best-2019-law-firms-reports-from-bilanz-and-temps\/","title":{"rendered":"Ranking of the best 2019 law firms \u2013 Reports from BILANZ and Le Temps"},"content":{"rendered":"\n<style type=\"text\/css\" data-created_by=\"avia_inline_auto\" id=\"style-css-av-8kkpoq-50afed910955cca10a9229505e620b0d\">\n.flex_column.av-8kkpoq-50afed910955cca10a9229505e620b0d{\nborder-radius:0px 0px 0px 0px;\npadding:0px 0px 0px 0px;\n}\n<\/style>\n<div  class='flex_column av-8kkpoq-50afed910955cca10a9229505e620b0d av_one_full  avia-builder-el-0  avia-builder-el-no-sibling  first flex_column_div av-zero-column-padding  '     ><p>\n<style type=\"text\/css\" data-created_by=\"avia_inline_auto\" id=\"style-css-av-jvca2yan-9d142ad72889d4403404358188537223\">\n#top .av-special-heading.av-jvca2yan-9d142ad72889d4403404358188537223{\npadding-bottom:10px;\nfont-size:26px;\n}\nbody .av-special-heading.av-jvca2yan-9d142ad72889d4403404358188537223 .av-special-heading-tag .heading-char{\nfont-size:25px;\n}\n#top #wrap_all .av-special-heading.av-jvca2yan-9d142ad72889d4403404358188537223 .av-special-heading-tag{\nfont-size:26px;\n}\n.av-special-heading.av-jvca2yan-9d142ad72889d4403404358188537223 .av-subheading{\nfont-size:15px;\n}\n\n@media only screen and (min-width: 480px) and (max-width: 767px){ \n#top #wrap_all .av-special-heading.av-jvca2yan-9d142ad72889d4403404358188537223 .av-special-heading-tag{\nfont-size:0.8em;\n}\n}\n\n@media only screen and (max-width: 479px){ \n#top #wrap_all .av-special-heading.av-jvca2yan-9d142ad72889d4403404358188537223 .av-special-heading-tag{\nfont-size:0.8em;\n}\n}\n<\/style>\n<div  class='av-special-heading av-jvca2yan-9d142ad72889d4403404358188537223 av-special-heading-h1 blockquote modern-quote  avia-builder-el-1  el_before_av_hr  avia-builder-el-first  av-inherit-size'><h1 class='av-special-heading-tag '  itemprop=\"headline\"  >Ranking of the best 2019 law firms \u2013 Reports from BILANZ and Le Temps<\/h1><div class='av-subheading av-subheading_below'><p>Le Temps &#8211; Mai 2019<\/p>\n<\/div><div class=\"special-heading-border\"><div class=\"special-heading-inner-border\"><\/div><\/div><\/div><br \/>\n\n<style type=\"text\/css\" data-created_by=\"avia_inline_auto\" id=\"style-css-av-iibre-b319231fdd2bc1e2ab6cc79884814c61\">\n#top .hr.hr-invisible.av-iibre-b319231fdd2bc1e2ab6cc79884814c61{\nheight:20px;\n}\n<\/style>\n<div  class='hr av-iibre-b319231fdd2bc1e2ab6cc79884814c61 hr-invisible  avia-builder-el-2  el_after_av_heading  el_before_av_textblock '><span class='hr-inner '><span class=\"hr-inner-style\"><\/span><\/span><\/div><br \/>\n<section  class='av_textblock_section av-4oef0q-8d430e3e6f4e50c0c67275f6891e9bf0 '   itemscope=\"itemscope\" itemtype=\"https:\/\/schema.org\/BlogPosting\" itemprop=\"blogPost\" ><div class='avia_textblock'  itemprop=\"text\" ><div data-canvas-width=\"431.1431666666666\">\n<div class=\"textLayer\">\n<p><strong>Classement des meilleures \u00e9tudes d\u2019avocats 2019 \u2013 Rapport BILANZ et Le Temps<\/strong><\/p>\n<p>FBT Avocats SA a \u00e9t\u00e9 cit\u00e9e cette ann\u00e9e encore au nombre des vingt meilleures \u00e9tudes d\u2019avocats suisses dans les domaines du droit bancaire et des march\u00e9s des capitaux, ainsi que de la\u00a0compliance.<br \/>\nLe rapport de Bilanz et Le Temps r\u00e9unit les recommandations de plus de 7\u2019200 avocats, 430 juristes d\u2019entreprises et chefs des services juridiques des 500 entreprises les plus importantes de Suisse.<\/p>\n<hr \/>\n<p><strong>Ranking of the best 2019 law firms \u2013 Reports from BILANZ and Le Temps<\/strong><\/p>\n<p>FBT Attorneys-at-Law features again among the best twenty Swiss law firms in the areas of Banking and Capital Market Law as well as Compliance.<br \/>\nThe BILANZ and Le Temps reports gather recommendations from more than 7\u2019200 Lawyers, 430 In-house Lawyers and General Counsels of the 500 leading companies in Switzerland.<\/p>\n<\/div>\n<div class=\"textLayer\"><\/div>\n<\/div>\n<\/div><\/section><br \/>\n\n<style type=\"text\/css\" data-created_by=\"avia_inline_auto\" id=\"style-css-av-27hjje-eb3d491dd10dd5b78d6a7b9df7bc285f\">\n#top .hr.hr-invisible.av-27hjje-eb3d491dd10dd5b78d6a7b9df7bc285f{\nheight:20px;\n}\n<\/style>\n<div  class='hr av-27hjje-eb3d491dd10dd5b78d6a7b9df7bc285f hr-invisible  avia-builder-el-4  el_after_av_textblock  avia-builder-el-last '><span class='hr-inner '><span class=\"hr-inner-style\"><\/span><\/span><\/div><\/p><\/div>\n","protected":false},"excerpt":{"rendered":"","protected":false},"author":18,"featured_media":0,"comment_status":"closed","ping_status":"closed","sticky":false,"template":"","format":"standard","meta":{"footnotes":""},"categories":[84],"tags":[290],"datespeciale":[],"class_list":["post-17735","post","type-post","status-publish","format-standard","hentry","category-media-and-news","tag-le-temps-en","auteurs-fbt-avocats","date-publication-2019-en","diffusion-medias-en"],"yoast_head":"<!-- This site is optimized with the Yoast SEO Premium plugin v27.4 (Yoast SEO v27.4) - https:\/\/yoast.com\/product\/yoast-seo-premium-wordpress\/ -->\n<title>Ranking of the best 2019 law firms \u2013 Reports from BILANZ and Le Temps | FBT Avocats SA<\/title>\n<meta name=\"robots\" content=\"noindex, follow, max-snippet:-1, max-image-preview:large, max-video-preview:-1\" \/>\n<meta property=\"og:locale\" content=\"en_US\" \/>\n<meta property=\"og:type\" content=\"article\" \/>\n<meta property=\"og:title\" content=\"Ranking of the best 2019 law firms \u2013 Reports from BILANZ and Le Temps\" \/>\n<meta property=\"og:url\" content=\"https:\/\/staging.fbt-avocats.ch\/en\/ranking-of-the-best-2019-law-firms-reports-from-bilanz-and-temps\/\" \/>\n<meta property=\"og:site_name\" content=\"FBT Avocats SA\" \/>\n<meta property=\"article:published_time\" content=\"2019-05-06T08:00:55+00:00\" \/>\n<meta name=\"author\" content=\"Helder Carvalho\" \/>\n<meta name=\"twitter:card\" content=\"summary_large_image\" \/>\n<meta name=\"twitter:label1\" content=\"Written by\" \/>\n\t<meta name=\"twitter:data1\" content=\"Helder Carvalho\" \/>\n\t<meta name=\"twitter:label2\" content=\"Est. reading time\" \/>\n\t<meta name=\"twitter:data2\" content=\"2 minutes\" \/>\n<script type=\"application\/ld+json\" class=\"yoast-schema-graph\">{\"@context\":\"https:\\\/\\\/schema.org\",\"@graph\":[{\"@type\":\"Article\",\"@id\":\"https:\\\/\\\/staging.fbt-avocats.ch\\\/en\\\/ranking-of-the-best-2019-law-firms-reports-from-bilanz-and-temps\\\/#article\",\"isPartOf\":{\"@id\":\"https:\\\/\\\/staging.fbt-avocats.ch\\\/en\\\/ranking-of-the-best-2019-law-firms-reports-from-bilanz-and-temps\\\/\"},\"author\":{\"name\":\"Helder Carvalho\",\"@id\":\"https:\\\/\\\/staging.fbt-avocats.ch\\\/en\\\/#\\\/schema\\\/person\\\/59cfd6ef8354572f3769bd501839bddd\"},\"headline\":\"Ranking of the best 2019 law firms \u2013 Reports from BILANZ and Le Temps\",\"datePublished\":\"2019-05-06T08:00:55+00:00\",\"mainEntityOfPage\":{\"@id\":\"https:\\\/\\\/staging.fbt-avocats.ch\\\/en\\\/ranking-of-the-best-2019-law-firms-reports-from-bilanz-and-temps\\\/\"},\"wordCount\":352,\"keywords\":[\"Le Temps\"],\"articleSection\":[\"Media and News\"],\"inLanguage\":\"en-US\"},{\"@type\":\"WebPage\",\"@id\":\"https:\\\/\\\/staging.fbt-avocats.ch\\\/en\\\/ranking-of-the-best-2019-law-firms-reports-from-bilanz-and-temps\\\/\",\"url\":\"https:\\\/\\\/staging.fbt-avocats.ch\\\/en\\\/ranking-of-the-best-2019-law-firms-reports-from-bilanz-and-temps\\\/\",\"name\":\"Ranking of the best 2019 law firms \u2013 Reports from BILANZ and Le Temps | FBT Avocats SA\",\"isPartOf\":{\"@id\":\"https:\\\/\\\/staging.fbt-avocats.ch\\\/en\\\/#website\"},\"datePublished\":\"2019-05-06T08:00:55+00:00\",\"author\":{\"@id\":\"https:\\\/\\\/staging.fbt-avocats.ch\\\/en\\\/#\\\/schema\\\/person\\\/59cfd6ef8354572f3769bd501839bddd\"},\"breadcrumb\":{\"@id\":\"https:\\\/\\\/staging.fbt-avocats.ch\\\/en\\\/ranking-of-the-best-2019-law-firms-reports-from-bilanz-and-temps\\\/#breadcrumb\"},\"inLanguage\":\"en-US\",\"potentialAction\":[{\"@type\":\"ReadAction\",\"target\":[\"https:\\\/\\\/staging.fbt-avocats.ch\\\/en\\\/ranking-of-the-best-2019-law-firms-reports-from-bilanz-and-temps\\\/\"]}]},{\"@type\":\"BreadcrumbList\",\"@id\":\"https:\\\/\\\/staging.fbt-avocats.ch\\\/en\\\/ranking-of-the-best-2019-law-firms-reports-from-bilanz-and-temps\\\/#breadcrumb\",\"itemListElement\":[{\"@type\":\"ListItem\",\"position\":1,\"name\":\"Home\",\"item\":\"https:\\\/\\\/staging.fbt-avocats.ch\\\/en\\\/\"},{\"@type\":\"ListItem\",\"position\":2,\"name\":\"Ranking of the best 2019 law firms \u2013 Reports from BILANZ and Le Temps\"}]},{\"@type\":\"WebSite\",\"@id\":\"https:\\\/\\\/staging.fbt-avocats.ch\\\/en\\\/#website\",\"url\":\"https:\\\/\\\/staging.fbt-avocats.ch\\\/en\\\/\",\"name\":\"FBT Avocats SA\",\"description\":\"Etudes bas\u00e9es \u00e0 Gen\u00e8ve et Paris\",\"potentialAction\":[{\"@type\":\"SearchAction\",\"target\":{\"@type\":\"EntryPoint\",\"urlTemplate\":\"https:\\\/\\\/staging.fbt-avocats.ch\\\/en\\\/?s={search_term_string}\"},\"query-input\":{\"@type\":\"PropertyValueSpecification\",\"valueRequired\":true,\"valueName\":\"search_term_string\"}}],\"inLanguage\":\"en-US\"},{\"@type\":\"Person\",\"@id\":\"https:\\\/\\\/staging.fbt-avocats.ch\\\/en\\\/#\\\/schema\\\/person\\\/59cfd6ef8354572f3769bd501839bddd\",\"name\":\"Helder Carvalho\"}]}<\/script>\n<!-- \/ Yoast SEO Premium plugin. -->","yoast_head_json":{"title":"Ranking of the best 2019 law firms \u2013 Reports from BILANZ and Le Temps | FBT Avocats SA","robots":{"index":"noindex","follow":"follow","max-snippet":"max-snippet:-1","max-image-preview":"max-image-preview:large","max-video-preview":"max-video-preview:-1"},"og_locale":"en_US","og_type":"article","og_title":"Ranking of the best 2019 law firms \u2013 Reports from BILANZ and Le Temps","og_url":"https:\/\/staging.fbt-avocats.ch\/en\/ranking-of-the-best-2019-law-firms-reports-from-bilanz-and-temps\/","og_site_name":"FBT Avocats SA","article_published_time":"2019-05-06T08:00:55+00:00","author":"Helder Carvalho","twitter_card":"summary_large_image","twitter_misc":{"Written by":"Helder Carvalho","Est. reading time":"2 minutes"},"schema":{"@context":"https:\/\/schema.org","@graph":[{"@type":"Article","@id":"https:\/\/staging.fbt-avocats.ch\/en\/ranking-of-the-best-2019-law-firms-reports-from-bilanz-and-temps\/#article","isPartOf":{"@id":"https:\/\/staging.fbt-avocats.ch\/en\/ranking-of-the-best-2019-law-firms-reports-from-bilanz-and-temps\/"},"author":{"name":"Helder Carvalho","@id":"https:\/\/staging.fbt-avocats.ch\/en\/#\/schema\/person\/59cfd6ef8354572f3769bd501839bddd"},"headline":"Ranking of the best 2019 law firms \u2013 Reports from BILANZ and Le Temps","datePublished":"2019-05-06T08:00:55+00:00","mainEntityOfPage":{"@id":"https:\/\/staging.fbt-avocats.ch\/en\/ranking-of-the-best-2019-law-firms-reports-from-bilanz-and-temps\/"},"wordCount":352,"keywords":["Le Temps"],"articleSection":["Media and News"],"inLanguage":"en-US"},{"@type":"WebPage","@id":"https:\/\/staging.fbt-avocats.ch\/en\/ranking-of-the-best-2019-law-firms-reports-from-bilanz-and-temps\/","url":"https:\/\/staging.fbt-avocats.ch\/en\/ranking-of-the-best-2019-law-firms-reports-from-bilanz-and-temps\/","name":"Ranking of the best 2019 law firms \u2013 Reports from BILANZ and Le Temps | FBT Avocats SA","isPartOf":{"@id":"https:\/\/staging.fbt-avocats.ch\/en\/#website"},"datePublished":"2019-05-06T08:00:55+00:00","author":{"@id":"https:\/\/staging.fbt-avocats.ch\/en\/#\/schema\/person\/59cfd6ef8354572f3769bd501839bddd"},"breadcrumb":{"@id":"https:\/\/staging.fbt-avocats.ch\/en\/ranking-of-the-best-2019-law-firms-reports-from-bilanz-and-temps\/#breadcrumb"},"inLanguage":"en-US","potentialAction":[{"@type":"ReadAction","target":["https:\/\/staging.fbt-avocats.ch\/en\/ranking-of-the-best-2019-law-firms-reports-from-bilanz-and-temps\/"]}]},{"@type":"BreadcrumbList","@id":"https:\/\/staging.fbt-avocats.ch\/en\/ranking-of-the-best-2019-law-firms-reports-from-bilanz-and-temps\/#breadcrumb","itemListElement":[{"@type":"ListItem","position":1,"name":"Home","item":"https:\/\/staging.fbt-avocats.ch\/en\/"},{"@type":"ListItem","position":2,"name":"Ranking of the best 2019 law firms \u2013 Reports from BILANZ and Le Temps"}]},{"@type":"WebSite","@id":"https:\/\/staging.fbt-avocats.ch\/en\/#website","url":"https:\/\/staging.fbt-avocats.ch\/en\/","name":"FBT Avocats SA","description":"Etudes bas\u00e9es \u00e0 Gen\u00e8ve et Paris","potentialAction":[{"@type":"SearchAction","target":{"@type":"EntryPoint","urlTemplate":"https:\/\/staging.fbt-avocats.ch\/en\/?s={search_term_string}"},"query-input":{"@type":"PropertyValueSpecification","valueRequired":true,"valueName":"search_term_string"}}],"inLanguage":"en-US"},{"@type":"Person","@id":"https:\/\/staging.fbt-avocats.ch\/en\/#\/schema\/person\/59cfd6ef8354572f3769bd501839bddd","name":"Helder Carvalho"}]}},"_links":{"self":[{"href":"https:\/\/staging.fbt-avocats.ch\/en\/wp-json\/wp\/v2\/posts\/17735","targetHints":{"allow":["GET"]}}],"collection":[{"href":"https:\/\/staging.fbt-avocats.ch\/en\/wp-json\/wp\/v2\/posts"}],"about":[{"href":"https:\/\/staging.fbt-avocats.ch\/en\/wp-json\/wp\/v2\/types\/post"}],"author":[{"embeddable":true,"href":"https:\/\/staging.fbt-avocats.ch\/en\/wp-json\/wp\/v2\/users\/18"}],"replies":[{"embeddable":true,"href":"https:\/\/staging.fbt-avocats.ch\/en\/wp-json\/wp\/v2\/comments?post=17735"}],"version-history":[{"count":0,"href":"https:\/\/staging.fbt-avocats.ch\/en\/wp-json\/wp\/v2\/posts\/17735\/revisions"}],"wp:attachment":[{"href":"https:\/\/staging.fbt-avocats.ch\/en\/wp-json\/wp\/v2\/media?parent=17735"}],"wp:term":[{"taxonomy":"category","embeddable":true,"href":"https:\/\/staging.fbt-avocats.ch\/en\/wp-json\/wp\/v2\/categories?post=17735"},{"taxonomy":"post_tag","embeddable":true,"href":"https:\/\/staging.fbt-avocats.ch\/en\/wp-json\/wp\/v2\/tags?post=17735"},{"taxonomy":"datespeciale","embeddable":true,"href":"https:\/\/staging.fbt-avocats.ch\/en\/wp-json\/wp\/v2\/datespeciale?post=17735"}],"curies":[{"name":"wp","href":"https:\/\/api.w.org\/{rel}","templated":true}]}}