{"id":17740,"date":"2018-04-11T13:25:31","date_gmt":"2018-04-11T12:25:31","guid":{"rendered":"https:\/\/www.fbt-avocats.ch\/allnews-serge-fasel-nomme-membre-conseil-dadministration-de-bcge\/"},"modified":"2022-05-16T16:43:16","modified_gmt":"2022-05-16T15:43:16","slug":"allnews-serge-fasel-nomme-membre-conseil-dadministration-de-bcge","status":"publish","type":"post","link":"https:\/\/staging.fbt-avocats.ch\/en\/allnews-serge-fasel-nomme-membre-conseil-dadministration-de-bcge\/","title":{"rendered":"Allnews &#8211; Serge Fasel nomm\u00e9 membre du conseil d&#8217;administration de la BCGE"},"content":{"rendered":"<section  class='av_textblock_section av-av_textblock-396ddf1f42196ca838231e61a4602801 '   itemscope=\"itemscope\" itemtype=\"https:\/\/schema.org\/BlogPosting\" itemprop=\"blogPost\" ><div class='avia_textblock'  itemprop=\"text\" ><div class=\"page\" title=\"Page 1\"><\/div>\n<p>Allnews &#8211; 11 avril 2018<\/p>\n<p>Serge Fasel<\/p>\n<p>Nomm\u00e9 membre du conseil d&#8217;administration de la BCGE<\/p>\n<\/div><\/section>\n\n<style type=\"text\/css\" data-created_by=\"avia_inline_auto\" id=\"style-css-av-av_hr-a6de236e6c183bbbd700292deacd2b52\">\n#top .hr.hr-invisible.av-av_hr-a6de236e6c183bbbd700292deacd2b52{\nheight:20px;\n}\n<\/style>\n<div  class='hr av-av_hr-a6de236e6c183bbbd700292deacd2b52 hr-invisible  avia-builder-el-1  el_after_av_textblock  el_before_av_button '><span class='hr-inner '><span class=\"hr-inner-style\"><\/span><\/span><\/div>\n<div  class='avia-button-wrap av-av_button-17fedee17d5cdcc4e742f5b41c911e17-wrap avia-button-left  avia-builder-el-2  el_after_av_hr  avia-builder-el-last '>\n<style type=\"text\/css\" data-created_by=\"avia_inline_auto\" id=\"style-css-av-av_button-17fedee17d5cdcc4e742f5b41c911e17\">\n#top #wrap_all .avia-button.av-av_button-17fedee17d5cdcc4e742f5b41c911e17{\nbackground-color:#44525f;\nborder-color:#44525f;\ncolor:#ffffff;\ntransition:all 0.4s ease-in-out;\n}\n#top #wrap_all .avia-button.av-av_button-17fedee17d5cdcc4e742f5b41c911e17 .avia-svg-icon svg:first-child{\nfill:#ffffff;\nstroke:#ffffff;\n}\n<\/style>\n<a href='https:\/\/staging.fbt-avocats.ch\/wp-content\/uploads\/2018\/04\/Allnews-La-BCGE-accueille-trois-nouveaux-administrateurs.pdf'  class='avia-button av-av_button-17fedee17d5cdcc4e742f5b41c911e17 av-link-btn avia-icon_select-no avia-size-large avia-position-left'  target=\"_blank\"  rel=\"noopener noreferrer\"  aria-label=\"Lire la suite (PDF)\"><span class='avia_iconbox_title' >Lire la suite (PDF)<\/span><\/a><\/div>\n","protected":false},"excerpt":{"rendered":"","protected":false},"author":2,"featured_media":0,"comment_status":"closed","ping_status":"closed","sticky":false,"template":"","format":"standard","meta":{"footnotes":""},"categories":[84],"tags":[560],"datespeciale":[],"class_list":["post-17740","post","type-post","status-publish","format-standard","hentry","category-media-and-news","tag-allnews-en","competences-litigation-and-arbitration","auteurs-serge-fasel-en","date-publication-2018-en","diffusion-medias-en"],"yoast_head":"<!-- This site is optimized with the Yoast SEO Premium plugin v27.4 (Yoast SEO v27.4) - https:\/\/yoast.com\/product\/yoast-seo-premium-wordpress\/ -->\n<title>Allnews - Serge Fasel nomm\u00e9 membre du conseil d&#039;administration de la BCGE | FBT Avocats SA<\/title>\n<meta name=\"robots\" content=\"noindex, follow, max-snippet:-1, max-image-preview:large, max-video-preview:-1\" \/>\n<meta property=\"og:locale\" content=\"en_US\" \/>\n<meta property=\"og:type\" content=\"article\" \/>\n<meta property=\"og:title\" content=\"Allnews - Serge Fasel nomm\u00e9 membre du conseil d&#039;administration de la BCGE\" \/>\n<meta property=\"og:url\" content=\"https:\/\/staging.fbt-avocats.ch\/en\/allnews-serge-fasel-nomme-membre-conseil-dadministration-de-bcge\/\" \/>\n<meta property=\"og:site_name\" content=\"FBT Avocats SA\" \/>\n<meta property=\"article:published_time\" content=\"2018-04-11T12:25:31+00:00\" \/>\n<meta property=\"article:modified_time\" content=\"2022-05-16T15:43:16+00:00\" \/>\n<meta name=\"author\" content=\"Acey\" \/>\n<meta name=\"twitter:card\" content=\"summary_large_image\" \/>\n<meta name=\"twitter:label1\" content=\"Written by\" \/>\n\t<meta name=\"twitter:data1\" content=\"Acey\" \/>\n\t<meta name=\"twitter:label2\" content=\"Est. reading time\" \/>\n\t<meta name=\"twitter:data2\" content=\"1 minute\" \/>\n<script type=\"application\/ld+json\" class=\"yoast-schema-graph\">{\"@context\":\"https:\\\/\\\/schema.org\",\"@graph\":[{\"@type\":\"Article\",\"@id\":\"https:\\\/\\\/staging.fbt-avocats.ch\\\/en\\\/allnews-serge-fasel-nomme-membre-conseil-dadministration-de-bcge\\\/#article\",\"isPartOf\":{\"@id\":\"https:\\\/\\\/staging.fbt-avocats.ch\\\/en\\\/allnews-serge-fasel-nomme-membre-conseil-dadministration-de-bcge\\\/\"},\"author\":{\"name\":\"Acey\",\"@id\":\"https:\\\/\\\/staging.fbt-avocats.ch\\\/en\\\/#\\\/schema\\\/person\\\/fc6aec890aeb5ba75401bb59536340fb\"},\"headline\":\"Allnews &#8211; Serge Fasel nomm\u00e9 membre du conseil d&#8217;administration de la BCGE\",\"datePublished\":\"2018-04-11T12:25:31+00:00\",\"dateModified\":\"2022-05-16T15:43:16+00:00\",\"mainEntityOfPage\":{\"@id\":\"https:\\\/\\\/staging.fbt-avocats.ch\\\/en\\\/allnews-serge-fasel-nomme-membre-conseil-dadministration-de-bcge\\\/\"},\"wordCount\":116,\"keywords\":[\"Allnews\"],\"articleSection\":[\"Media and News\"],\"inLanguage\":\"en-US\"},{\"@type\":\"WebPage\",\"@id\":\"https:\\\/\\\/staging.fbt-avocats.ch\\\/en\\\/allnews-serge-fasel-nomme-membre-conseil-dadministration-de-bcge\\\/\",\"url\":\"https:\\\/\\\/staging.fbt-avocats.ch\\\/en\\\/allnews-serge-fasel-nomme-membre-conseil-dadministration-de-bcge\\\/\",\"name\":\"Allnews - Serge Fasel nomm\u00e9 membre du conseil d'administration de la BCGE | FBT Avocats SA\",\"isPartOf\":{\"@id\":\"https:\\\/\\\/staging.fbt-avocats.ch\\\/en\\\/#website\"},\"datePublished\":\"2018-04-11T12:25:31+00:00\",\"dateModified\":\"2022-05-16T15:43:16+00:00\",\"author\":{\"@id\":\"https:\\\/\\\/staging.fbt-avocats.ch\\\/en\\\/#\\\/schema\\\/person\\\/fc6aec890aeb5ba75401bb59536340fb\"},\"breadcrumb\":{\"@id\":\"https:\\\/\\\/staging.fbt-avocats.ch\\\/en\\\/allnews-serge-fasel-nomme-membre-conseil-dadministration-de-bcge\\\/#breadcrumb\"},\"inLanguage\":\"en-US\",\"potentialAction\":[{\"@type\":\"ReadAction\",\"target\":[\"https:\\\/\\\/staging.fbt-avocats.ch\\\/en\\\/allnews-serge-fasel-nomme-membre-conseil-dadministration-de-bcge\\\/\"]}]},{\"@type\":\"BreadcrumbList\",\"@id\":\"https:\\\/\\\/staging.fbt-avocats.ch\\\/en\\\/allnews-serge-fasel-nomme-membre-conseil-dadministration-de-bcge\\\/#breadcrumb\",\"itemListElement\":[{\"@type\":\"ListItem\",\"position\":1,\"name\":\"Home\",\"item\":\"https:\\\/\\\/staging.fbt-avocats.ch\\\/en\\\/\"},{\"@type\":\"ListItem\",\"position\":2,\"name\":\"Allnews &#8211; Serge Fasel nomm\u00e9 membre du conseil d&#8217;administration de la BCGE\"}]},{\"@type\":\"WebSite\",\"@id\":\"https:\\\/\\\/staging.fbt-avocats.ch\\\/en\\\/#website\",\"url\":\"https:\\\/\\\/staging.fbt-avocats.ch\\\/en\\\/\",\"name\":\"FBT Avocats SA\",\"description\":\"Etudes bas\u00e9es \u00e0 Gen\u00e8ve et Paris\",\"potentialAction\":[{\"@type\":\"SearchAction\",\"target\":{\"@type\":\"EntryPoint\",\"urlTemplate\":\"https:\\\/\\\/staging.fbt-avocats.ch\\\/en\\\/?s={search_term_string}\"},\"query-input\":{\"@type\":\"PropertyValueSpecification\",\"valueRequired\":true,\"valueName\":\"search_term_string\"}}],\"inLanguage\":\"en-US\"},{\"@type\":\"Person\",\"@id\":\"https:\\\/\\\/staging.fbt-avocats.ch\\\/en\\\/#\\\/schema\\\/person\\\/fc6aec890aeb5ba75401bb59536340fb\",\"name\":\"Acey\"}]}<\/script>\n<!-- \/ Yoast SEO Premium plugin. -->","yoast_head_json":{"title":"Allnews - Serge Fasel nomm\u00e9 membre du conseil d'administration de la BCGE | FBT Avocats SA","robots":{"index":"noindex","follow":"follow","max-snippet":"max-snippet:-1","max-image-preview":"max-image-preview:large","max-video-preview":"max-video-preview:-1"},"og_locale":"en_US","og_type":"article","og_title":"Allnews - Serge Fasel nomm\u00e9 membre du conseil d'administration de la BCGE","og_url":"https:\/\/staging.fbt-avocats.ch\/en\/allnews-serge-fasel-nomme-membre-conseil-dadministration-de-bcge\/","og_site_name":"FBT Avocats SA","article_published_time":"2018-04-11T12:25:31+00:00","article_modified_time":"2022-05-16T15:43:16+00:00","author":"Acey","twitter_card":"summary_large_image","twitter_misc":{"Written by":"Acey","Est. reading time":"1 minute"},"schema":{"@context":"https:\/\/schema.org","@graph":[{"@type":"Article","@id":"https:\/\/staging.fbt-avocats.ch\/en\/allnews-serge-fasel-nomme-membre-conseil-dadministration-de-bcge\/#article","isPartOf":{"@id":"https:\/\/staging.fbt-avocats.ch\/en\/allnews-serge-fasel-nomme-membre-conseil-dadministration-de-bcge\/"},"author":{"name":"Acey","@id":"https:\/\/staging.fbt-avocats.ch\/en\/#\/schema\/person\/fc6aec890aeb5ba75401bb59536340fb"},"headline":"Allnews &#8211; Serge Fasel nomm\u00e9 membre du conseil d&#8217;administration de la BCGE","datePublished":"2018-04-11T12:25:31+00:00","dateModified":"2022-05-16T15:43:16+00:00","mainEntityOfPage":{"@id":"https:\/\/staging.fbt-avocats.ch\/en\/allnews-serge-fasel-nomme-membre-conseil-dadministration-de-bcge\/"},"wordCount":116,"keywords":["Allnews"],"articleSection":["Media and News"],"inLanguage":"en-US"},{"@type":"WebPage","@id":"https:\/\/staging.fbt-avocats.ch\/en\/allnews-serge-fasel-nomme-membre-conseil-dadministration-de-bcge\/","url":"https:\/\/staging.fbt-avocats.ch\/en\/allnews-serge-fasel-nomme-membre-conseil-dadministration-de-bcge\/","name":"Allnews - Serge Fasel nomm\u00e9 membre du conseil d'administration de la BCGE | FBT Avocats SA","isPartOf":{"@id":"https:\/\/staging.fbt-avocats.ch\/en\/#website"},"datePublished":"2018-04-11T12:25:31+00:00","dateModified":"2022-05-16T15:43:16+00:00","author":{"@id":"https:\/\/staging.fbt-avocats.ch\/en\/#\/schema\/person\/fc6aec890aeb5ba75401bb59536340fb"},"breadcrumb":{"@id":"https:\/\/staging.fbt-avocats.ch\/en\/allnews-serge-fasel-nomme-membre-conseil-dadministration-de-bcge\/#breadcrumb"},"inLanguage":"en-US","potentialAction":[{"@type":"ReadAction","target":["https:\/\/staging.fbt-avocats.ch\/en\/allnews-serge-fasel-nomme-membre-conseil-dadministration-de-bcge\/"]}]},{"@type":"BreadcrumbList","@id":"https:\/\/staging.fbt-avocats.ch\/en\/allnews-serge-fasel-nomme-membre-conseil-dadministration-de-bcge\/#breadcrumb","itemListElement":[{"@type":"ListItem","position":1,"name":"Home","item":"https:\/\/staging.fbt-avocats.ch\/en\/"},{"@type":"ListItem","position":2,"name":"Allnews &#8211; Serge Fasel nomm\u00e9 membre du conseil d&#8217;administration de la BCGE"}]},{"@type":"WebSite","@id":"https:\/\/staging.fbt-avocats.ch\/en\/#website","url":"https:\/\/staging.fbt-avocats.ch\/en\/","name":"FBT Avocats SA","description":"Etudes bas\u00e9es \u00e0 Gen\u00e8ve et Paris","potentialAction":[{"@type":"SearchAction","target":{"@type":"EntryPoint","urlTemplate":"https:\/\/staging.fbt-avocats.ch\/en\/?s={search_term_string}"},"query-input":{"@type":"PropertyValueSpecification","valueRequired":true,"valueName":"search_term_string"}}],"inLanguage":"en-US"},{"@type":"Person","@id":"https:\/\/staging.fbt-avocats.ch\/en\/#\/schema\/person\/fc6aec890aeb5ba75401bb59536340fb","name":"Acey"}]}},"_links":{"self":[{"href":"https:\/\/staging.fbt-avocats.ch\/en\/wp-json\/wp\/v2\/posts\/17740","targetHints":{"allow":["GET"]}}],"collection":[{"href":"https:\/\/staging.fbt-avocats.ch\/en\/wp-json\/wp\/v2\/posts"}],"about":[{"href":"https:\/\/staging.fbt-avocats.ch\/en\/wp-json\/wp\/v2\/types\/post"}],"author":[{"embeddable":true,"href":"https:\/\/staging.fbt-avocats.ch\/en\/wp-json\/wp\/v2\/users\/2"}],"replies":[{"embeddable":true,"href":"https:\/\/staging.fbt-avocats.ch\/en\/wp-json\/wp\/v2\/comments?post=17740"}],"version-history":[{"count":0,"href":"https:\/\/staging.fbt-avocats.ch\/en\/wp-json\/wp\/v2\/posts\/17740\/revisions"}],"wp:attachment":[{"href":"https:\/\/staging.fbt-avocats.ch\/en\/wp-json\/wp\/v2\/media?parent=17740"}],"wp:term":[{"taxonomy":"category","embeddable":true,"href":"https:\/\/staging.fbt-avocats.ch\/en\/wp-json\/wp\/v2\/categories?post=17740"},{"taxonomy":"post_tag","embeddable":true,"href":"https:\/\/staging.fbt-avocats.ch\/en\/wp-json\/wp\/v2\/tags?post=17740"},{"taxonomy":"datespeciale","embeddable":true,"href":"https:\/\/staging.fbt-avocats.ch\/en\/wp-json\/wp\/v2\/datespeciale?post=17740"}],"curies":[{"name":"wp","href":"https:\/\/api.w.org\/{rel}","templated":true}]}}