{"id":17745,"date":"2018-03-05T16:53:25","date_gmt":"2018-03-05T15:53:25","guid":{"rendered":"https:\/\/www.fbt-avocats.ch\/mifid-ii-gerants-independants\/"},"modified":"2025-10-20T10:51:41","modified_gmt":"2025-10-20T09:51:41","slug":"mifid-ii-gerants-independants","status":"publish","type":"post","link":"https:\/\/staging.fbt-avocats.ch\/en\/mifid-ii-gerants-independants\/","title":{"rendered":"MiFID II et g\u00e9rants ind\u00e9pendants"},"content":{"rendered":"<section  class='av_textblock_section av-812d4y-25d37aa73d1dc6a97ffeddd215772089 '   itemscope=\"itemscope\" itemtype=\"https:\/\/schema.org\/BlogPosting\" itemprop=\"blogPost\" ><div class='avia_textblock'  itemprop=\"text\" ><\/div><\/section>\n\n<style type=\"text\/css\" data-created_by=\"avia_inline_auto\" id=\"style-css-av-5j64ia-a9aec306b90fbc95353d9817afc83c08\">\n.flex_column.av-5j64ia-a9aec306b90fbc95353d9817afc83c08{\nborder-radius:0px 0px 0px 0px;\npadding:0px 0px 0px 0px;\n}\n<\/style>\n<div  class='flex_column av-5j64ia-a9aec306b90fbc95353d9817afc83c08 av_one_full  avia-builder-el-1  el_after_av_textblock  avia-builder-el-last  first flex_column_div av-zero-column-padding  column-top-margin'     ><p>\n<style type=\"text\/css\" data-created_by=\"avia_inline_auto\" id=\"style-css-av-js4tf21w-1631b3c243b13acac0cf9546684dbf05\">\n#top .av-special-heading.av-js4tf21w-1631b3c243b13acac0cf9546684dbf05{\npadding-bottom:10px;\nfont-size:26px;\n}\nbody .av-special-heading.av-js4tf21w-1631b3c243b13acac0cf9546684dbf05 .av-special-heading-tag .heading-char{\nfont-size:25px;\n}\n#top #wrap_all .av-special-heading.av-js4tf21w-1631b3c243b13acac0cf9546684dbf05 .av-special-heading-tag{\nfont-size:26px;\n}\n.av-special-heading.av-js4tf21w-1631b3c243b13acac0cf9546684dbf05 .av-subheading{\nfont-size:15px;\n}\n\n@media only screen and (min-width: 480px) and (max-width: 767px){ \n#top #wrap_all .av-special-heading.av-js4tf21w-1631b3c243b13acac0cf9546684dbf05 .av-special-heading-tag{\nfont-size:0.8em;\n}\n}\n\n@media only screen and (max-width: 479px){ \n#top #wrap_all .av-special-heading.av-js4tf21w-1631b3c243b13acac0cf9546684dbf05 .av-special-heading-tag{\nfont-size:0.8em;\n}\n}\n<\/style>\n<div  class='av-special-heading av-js4tf21w-1631b3c243b13acac0cf9546684dbf05 av-special-heading-h1 blockquote modern-quote  avia-builder-el-2  el_before_av_hr  avia-builder-el-first  av-inherit-size'><h1 class='av-special-heading-tag '  itemprop=\"headline\"  >MiFID II et g\u00e9rants ind\u00e9pendants<\/h1><div class='av-subheading av-subheading_below'><p>Allnews &#8211; Mars 2018<br \/>\nPierre-Olivier Etique<\/p>\n<\/div><div class=\"special-heading-border\"><div class=\"special-heading-inner-border\"><\/div><\/div><\/div><br \/>\n\n<style type=\"text\/css\" data-created_by=\"avia_inline_auto\" id=\"style-css-av-3x3xle-40831ecf2d1e0addf5beee057f58334c\">\n#top .hr.hr-invisible.av-3x3xle-40831ecf2d1e0addf5beee057f58334c{\nheight:20px;\n}\n<\/style>\n<div  class='hr av-3x3xle-40831ecf2d1e0addf5beee057f58334c hr-invisible  avia-builder-el-3  el_after_av_heading  el_before_av_textblock '><span class='hr-inner '><span class=\"hr-inner-style\"><\/span><\/span><\/div><br \/>\n<section  class='av_textblock_section av-js4t3z6j-2261f433bcbbc092f920f977f82b3fdc '   itemscope=\"itemscope\" itemtype=\"https:\/\/schema.org\/BlogPosting\" itemprop=\"blogPost\" ><div class='avia_textblock'  itemprop=\"text\" ><div data-canvas-width=\"431.1431666666666\">\n<div class=\"textLayer\">\n<div data-canvas-width=\"318.9300803304\"><span class=\"fontstyle0\">Selon <strong>Ma\u00eetre Pierre-Olivier Etique,<\/strong> associ\u00e9 et membre du groupe bancaire et financier de <strong>FBT<\/strong><br \/>\n<strong>Avocats,<\/strong> \u00abMiFID II n\u2019est pas directement applicable aux g\u00e9rants de fortune ind\u00e9pendants qui<br \/>\nop\u00e8rent depuis la Suisse en faveur d\u2019une client\u00e8le \u00e9tablie dans l\u2019EEE. Cette r\u00e9glementation<br \/>\neurop\u00e9enne peut n\u00e9anmoins avoir des effets indirects sur les soci\u00e9t\u00e9s de gestion en Suisse, selon la<br \/>\nmani\u00e8re dont celles-ci ciblent leur \u00abclient\u00e8le europ\u00e9enne\u00bb et ex\u00e9cutent concr\u00e8tement leurs mandats.<br \/>\nEn d\u00e9}nitive, l\u2019application de MiFID II doit \u00eatre appr\u00e9hend\u00e9e dans la perspective plus globale des<br \/>\nrisques juridiques r\u00e9sultant des activit\u00e9s transfronti\u00e8res du g\u00e9rant\u00bb.<\/span><\/div>\n<div data-canvas-width=\"318.9300803304\"><\/div>\n<div data-canvas-width=\"318.9300803304\"><\/div>\n<div data-canvas-width=\"318.9300803304\"><\/div>\n<div data-canvas-width=\"318.9300803304\"><\/div>\n<div data-canvas-width=\"318.9300803304\"><\/div>\n<div data-canvas-width=\"318.9300803304\"><\/div>\n<div data-canvas-width=\"318.9300803304\"><\/div>\n<div data-canvas-width=\"318.9300803304\"><\/div>\n<div data-canvas-width=\"318.9300803304\"><\/div>\n<\/div>\n<\/div>\n<\/div><\/section><br \/>\n\n<style type=\"text\/css\" data-created_by=\"avia_inline_auto\" id=\"style-css-av-2fnuma-18e81c4a0c00ce808ccd9b7a44c81cf4\">\n#top .hr.hr-invisible.av-2fnuma-18e81c4a0c00ce808ccd9b7a44c81cf4{\nheight:20px;\n}\n<\/style>\n<div  class='hr av-2fnuma-18e81c4a0c00ce808ccd9b7a44c81cf4 hr-invisible  avia-builder-el-5  el_after_av_textblock  el_before_av_button '><span class='hr-inner '><span class=\"hr-inner-style\"><\/span><\/span><\/div><br \/>\n<div  class='avia-button-wrap av-js4t4f4d-7f2ed7fc41ed0b680881e18f02c1092b-wrap avia-button-left  avia-builder-el-6  el_after_av_hr  avia-builder-el-last '>\n<style type=\"text\/css\" data-created_by=\"avia_inline_auto\" id=\"style-css-av-js4t4f4d-7f2ed7fc41ed0b680881e18f02c1092b\">\n#top #wrap_all .avia-button.av-js4t4f4d-7f2ed7fc41ed0b680881e18f02c1092b{\nbackground-color:#44525f;\nborder-color:#44525f;\ncolor:#ffffff;\ntransition:all 0.4s ease-in-out;\n}\n#top #wrap_all .avia-button.av-js4t4f4d-7f2ed7fc41ed0b680881e18f02c1092b .avia-svg-icon svg:first-child{\nfill:#ffffff;\nstroke:#ffffff;\n}\n<\/style>\n<a href='https:\/\/staging.fbt-avocats.ch\/wp-content\/uploads\/2019\/02\/Allnews-MiFID-II-et-g\u00e9rants-ind\u00e9pendants.pdf'  class='avia-button av-js4t4f4d-7f2ed7fc41ed0b680881e18f02c1092b av-link-btn avia-icon_select-no avia-size-large avia-position-left'  target=\"_blank\"  rel=\"noopener noreferrer\"  aria-label=\"Lire la suite\"><span class='avia_iconbox_title' >Lire la suite<\/span><\/a><\/div><\/p><\/div>\n","protected":false},"excerpt":{"rendered":"","protected":false},"author":2,"featured_media":0,"comment_status":"closed","ping_status":"closed","sticky":false,"template":"","format":"standard","meta":{"footnotes":""},"categories":[84],"tags":[560],"datespeciale":[],"class_list":["post-17745","post","type-post","status-publish","format-standard","hentry","category-media-and-news","tag-allnews-en","competences-banking-and-finance","auteurs-fbt-avocats","date-publication-2018-en","diffusion-groupe-bancaire-en","diffusion-medias-en"],"yoast_head":"<!-- This site is optimized with the Yoast SEO Premium plugin v27.4 (Yoast SEO v27.4) - https:\/\/yoast.com\/product\/yoast-seo-premium-wordpress\/ -->\n<title>MiFID II et g\u00e9rants ind\u00e9pendants | FBT Avocats SA<\/title>\n<meta name=\"robots\" content=\"noindex, follow, max-snippet:-1, max-image-preview:large, max-video-preview:-1\" \/>\n<meta property=\"og:locale\" content=\"en_US\" \/>\n<meta property=\"og:type\" content=\"article\" \/>\n<meta property=\"og:title\" content=\"MiFID II et g\u00e9rants ind\u00e9pendants\" \/>\n<meta property=\"og:url\" content=\"https:\/\/staging.fbt-avocats.ch\/en\/mifid-ii-gerants-independants\/\" \/>\n<meta property=\"og:site_name\" content=\"FBT Avocats SA\" \/>\n<meta property=\"article:published_time\" content=\"2018-03-05T15:53:25+00:00\" \/>\n<meta property=\"article:modified_time\" content=\"2025-10-20T09:51:41+00:00\" \/>\n<meta name=\"author\" content=\"Acey\" \/>\n<meta name=\"twitter:card\" content=\"summary_large_image\" \/>\n<meta name=\"twitter:label1\" content=\"Written by\" \/>\n\t<meta name=\"twitter:data1\" content=\"Acey\" \/>\n\t<meta name=\"twitter:label2\" content=\"Est. reading time\" \/>\n\t<meta name=\"twitter:data2\" content=\"2 minutes\" \/>\n<script type=\"application\/ld+json\" class=\"yoast-schema-graph\">{\"@context\":\"https:\\\/\\\/schema.org\",\"@graph\":[{\"@type\":\"Article\",\"@id\":\"https:\\\/\\\/staging.fbt-avocats.ch\\\/en\\\/mifid-ii-gerants-independants\\\/#article\",\"isPartOf\":{\"@id\":\"https:\\\/\\\/staging.fbt-avocats.ch\\\/en\\\/mifid-ii-gerants-independants\\\/\"},\"author\":{\"name\":\"Acey\",\"@id\":\"https:\\\/\\\/staging.fbt-avocats.ch\\\/en\\\/#\\\/schema\\\/person\\\/fc6aec890aeb5ba75401bb59536340fb\"},\"headline\":\"MiFID II et g\u00e9rants ind\u00e9pendants\",\"datePublished\":\"2018-03-05T15:53:25+00:00\",\"dateModified\":\"2025-10-20T09:51:41+00:00\",\"mainEntityOfPage\":{\"@id\":\"https:\\\/\\\/staging.fbt-avocats.ch\\\/en\\\/mifid-ii-gerants-independants\\\/\"},\"wordCount\":381,\"keywords\":[\"Allnews\"],\"articleSection\":[\"Media and News\"],\"inLanguage\":\"en-US\"},{\"@type\":\"WebPage\",\"@id\":\"https:\\\/\\\/staging.fbt-avocats.ch\\\/en\\\/mifid-ii-gerants-independants\\\/\",\"url\":\"https:\\\/\\\/staging.fbt-avocats.ch\\\/en\\\/mifid-ii-gerants-independants\\\/\",\"name\":\"MiFID II et g\u00e9rants ind\u00e9pendants | FBT Avocats SA\",\"isPartOf\":{\"@id\":\"https:\\\/\\\/staging.fbt-avocats.ch\\\/en\\\/#website\"},\"datePublished\":\"2018-03-05T15:53:25+00:00\",\"dateModified\":\"2025-10-20T09:51:41+00:00\",\"author\":{\"@id\":\"https:\\\/\\\/staging.fbt-avocats.ch\\\/en\\\/#\\\/schema\\\/person\\\/fc6aec890aeb5ba75401bb59536340fb\"},\"breadcrumb\":{\"@id\":\"https:\\\/\\\/staging.fbt-avocats.ch\\\/en\\\/mifid-ii-gerants-independants\\\/#breadcrumb\"},\"inLanguage\":\"en-US\",\"potentialAction\":[{\"@type\":\"ReadAction\",\"target\":[\"https:\\\/\\\/staging.fbt-avocats.ch\\\/en\\\/mifid-ii-gerants-independants\\\/\"]}]},{\"@type\":\"BreadcrumbList\",\"@id\":\"https:\\\/\\\/staging.fbt-avocats.ch\\\/en\\\/mifid-ii-gerants-independants\\\/#breadcrumb\",\"itemListElement\":[{\"@type\":\"ListItem\",\"position\":1,\"name\":\"Home\",\"item\":\"https:\\\/\\\/staging.fbt-avocats.ch\\\/en\\\/\"},{\"@type\":\"ListItem\",\"position\":2,\"name\":\"MiFID II et g\u00e9rants ind\u00e9pendants\"}]},{\"@type\":\"WebSite\",\"@id\":\"https:\\\/\\\/staging.fbt-avocats.ch\\\/en\\\/#website\",\"url\":\"https:\\\/\\\/staging.fbt-avocats.ch\\\/en\\\/\",\"name\":\"FBT Avocats SA\",\"description\":\"Etudes bas\u00e9es \u00e0 Gen\u00e8ve et Paris\",\"potentialAction\":[{\"@type\":\"SearchAction\",\"target\":{\"@type\":\"EntryPoint\",\"urlTemplate\":\"https:\\\/\\\/staging.fbt-avocats.ch\\\/en\\\/?s={search_term_string}\"},\"query-input\":{\"@type\":\"PropertyValueSpecification\",\"valueRequired\":true,\"valueName\":\"search_term_string\"}}],\"inLanguage\":\"en-US\"},{\"@type\":\"Person\",\"@id\":\"https:\\\/\\\/staging.fbt-avocats.ch\\\/en\\\/#\\\/schema\\\/person\\\/fc6aec890aeb5ba75401bb59536340fb\",\"name\":\"Acey\"}]}<\/script>\n<!-- \/ Yoast SEO Premium plugin. -->","yoast_head_json":{"title":"MiFID II et g\u00e9rants ind\u00e9pendants | FBT Avocats SA","robots":{"index":"noindex","follow":"follow","max-snippet":"max-snippet:-1","max-image-preview":"max-image-preview:large","max-video-preview":"max-video-preview:-1"},"og_locale":"en_US","og_type":"article","og_title":"MiFID II et g\u00e9rants ind\u00e9pendants","og_url":"https:\/\/staging.fbt-avocats.ch\/en\/mifid-ii-gerants-independants\/","og_site_name":"FBT Avocats SA","article_published_time":"2018-03-05T15:53:25+00:00","article_modified_time":"2025-10-20T09:51:41+00:00","author":"Acey","twitter_card":"summary_large_image","twitter_misc":{"Written by":"Acey","Est. reading time":"2 minutes"},"schema":{"@context":"https:\/\/schema.org","@graph":[{"@type":"Article","@id":"https:\/\/staging.fbt-avocats.ch\/en\/mifid-ii-gerants-independants\/#article","isPartOf":{"@id":"https:\/\/staging.fbt-avocats.ch\/en\/mifid-ii-gerants-independants\/"},"author":{"name":"Acey","@id":"https:\/\/staging.fbt-avocats.ch\/en\/#\/schema\/person\/fc6aec890aeb5ba75401bb59536340fb"},"headline":"MiFID II et g\u00e9rants ind\u00e9pendants","datePublished":"2018-03-05T15:53:25+00:00","dateModified":"2025-10-20T09:51:41+00:00","mainEntityOfPage":{"@id":"https:\/\/staging.fbt-avocats.ch\/en\/mifid-ii-gerants-independants\/"},"wordCount":381,"keywords":["Allnews"],"articleSection":["Media and News"],"inLanguage":"en-US"},{"@type":"WebPage","@id":"https:\/\/staging.fbt-avocats.ch\/en\/mifid-ii-gerants-independants\/","url":"https:\/\/staging.fbt-avocats.ch\/en\/mifid-ii-gerants-independants\/","name":"MiFID II et g\u00e9rants ind\u00e9pendants | FBT Avocats SA","isPartOf":{"@id":"https:\/\/staging.fbt-avocats.ch\/en\/#website"},"datePublished":"2018-03-05T15:53:25+00:00","dateModified":"2025-10-20T09:51:41+00:00","author":{"@id":"https:\/\/staging.fbt-avocats.ch\/en\/#\/schema\/person\/fc6aec890aeb5ba75401bb59536340fb"},"breadcrumb":{"@id":"https:\/\/staging.fbt-avocats.ch\/en\/mifid-ii-gerants-independants\/#breadcrumb"},"inLanguage":"en-US","potentialAction":[{"@type":"ReadAction","target":["https:\/\/staging.fbt-avocats.ch\/en\/mifid-ii-gerants-independants\/"]}]},{"@type":"BreadcrumbList","@id":"https:\/\/staging.fbt-avocats.ch\/en\/mifid-ii-gerants-independants\/#breadcrumb","itemListElement":[{"@type":"ListItem","position":1,"name":"Home","item":"https:\/\/staging.fbt-avocats.ch\/en\/"},{"@type":"ListItem","position":2,"name":"MiFID II et g\u00e9rants ind\u00e9pendants"}]},{"@type":"WebSite","@id":"https:\/\/staging.fbt-avocats.ch\/en\/#website","url":"https:\/\/staging.fbt-avocats.ch\/en\/","name":"FBT Avocats SA","description":"Etudes bas\u00e9es \u00e0 Gen\u00e8ve et Paris","potentialAction":[{"@type":"SearchAction","target":{"@type":"EntryPoint","urlTemplate":"https:\/\/staging.fbt-avocats.ch\/en\/?s={search_term_string}"},"query-input":{"@type":"PropertyValueSpecification","valueRequired":true,"valueName":"search_term_string"}}],"inLanguage":"en-US"},{"@type":"Person","@id":"https:\/\/staging.fbt-avocats.ch\/en\/#\/schema\/person\/fc6aec890aeb5ba75401bb59536340fb","name":"Acey"}]}},"_links":{"self":[{"href":"https:\/\/staging.fbt-avocats.ch\/en\/wp-json\/wp\/v2\/posts\/17745","targetHints":{"allow":["GET"]}}],"collection":[{"href":"https:\/\/staging.fbt-avocats.ch\/en\/wp-json\/wp\/v2\/posts"}],"about":[{"href":"https:\/\/staging.fbt-avocats.ch\/en\/wp-json\/wp\/v2\/types\/post"}],"author":[{"embeddable":true,"href":"https:\/\/staging.fbt-avocats.ch\/en\/wp-json\/wp\/v2\/users\/2"}],"replies":[{"embeddable":true,"href":"https:\/\/staging.fbt-avocats.ch\/en\/wp-json\/wp\/v2\/comments?post=17745"}],"version-history":[{"count":0,"href":"https:\/\/staging.fbt-avocats.ch\/en\/wp-json\/wp\/v2\/posts\/17745\/revisions"}],"wp:attachment":[{"href":"https:\/\/staging.fbt-avocats.ch\/en\/wp-json\/wp\/v2\/media?parent=17745"}],"wp:term":[{"taxonomy":"category","embeddable":true,"href":"https:\/\/staging.fbt-avocats.ch\/en\/wp-json\/wp\/v2\/categories?post=17745"},{"taxonomy":"post_tag","embeddable":true,"href":"https:\/\/staging.fbt-avocats.ch\/en\/wp-json\/wp\/v2\/tags?post=17745"},{"taxonomy":"datespeciale","embeddable":true,"href":"https:\/\/staging.fbt-avocats.ch\/en\/wp-json\/wp\/v2\/datespeciale?post=17745"}],"curies":[{"name":"wp","href":"https:\/\/api.w.org\/{rel}","templated":true}]}}