{"id":17753,"date":"2015-10-01T10:43:40","date_gmt":"2015-10-01T09:43:40","guid":{"rendered":"https:\/\/www.fbt-avocats.ch\/fiscalite-patrimoniale-internationale-une-matiere-en-pleine-evolution\/"},"modified":"2015-10-01T10:43:40","modified_gmt":"2015-10-01T09:43:40","slug":"fiscalite-patrimoniale-internationale-une-matiere-en-pleine-evolution","status":"publish","type":"post","link":"https:\/\/staging.fbt-avocats.ch\/en\/fiscalite-patrimoniale-internationale-une-matiere-en-pleine-evolution\/","title":{"rendered":"Fiscalit\u00e9 patrimoniale internationale, une mati\u00e8re en pleine \u00e9volution"},"content":{"rendered":"\n<style type=\"text\/css\" data-created_by=\"avia_inline_auto\" id=\"style-css-av-av_one_full-9497bbf8bff73ea4c6992cc17fa9ec36\">\n.flex_column.av-av_one_full-9497bbf8bff73ea4c6992cc17fa9ec36{\nborder-radius:0px 0px 0px 0px;\npadding:0px 0px 0px 0px;\n}\n<\/style>\n<div  class='flex_column av-av_one_full-9497bbf8bff73ea4c6992cc17fa9ec36 av_one_full  avia-builder-el-0  avia-builder-el-no-sibling  first flex_column_div av-zero-column-padding  '     ><p>\n<style type=\"text\/css\" data-created_by=\"avia_inline_auto\" id=\"style-css-av-av_heading-046b0abcdd6756e538d75ada85112ff8\">\n#top .av-special-heading.av-av_heading-046b0abcdd6756e538d75ada85112ff8{\npadding-bottom:10px;\n}\nbody .av-special-heading.av-av_heading-046b0abcdd6756e538d75ada85112ff8 .av-special-heading-tag .heading-char{\nfont-size:25px;\n}\n.av-special-heading.av-av_heading-046b0abcdd6756e538d75ada85112ff8 .av-subheading{\nfont-size:15px;\n}\n<\/style>\n<div  class='av-special-heading av-av_heading-046b0abcdd6756e538d75ada85112ff8 av-special-heading-h1 blockquote modern-quote  avia-builder-el-1  el_before_av_hr  avia-builder-el-first '><h1 class='av-special-heading-tag '  itemprop=\"headline\"  >Fiscalit\u00e9 patrimoniale internationale, une mati\u00e8re en pleine \u00e9volution<\/h1><div class='av-subheading av-subheading_below'><p>C&#8217;est \u00e0 vous! Magazine du MEDEF Paris &#8211; octobre 2015<br \/>\nAlain Moreau<\/p>\n<\/div><div class=\"special-heading-border\"><div class=\"special-heading-inner-border\"><\/div><\/div><\/div><br \/>\n\n<style type=\"text\/css\" data-created_by=\"avia_inline_auto\" id=\"style-css-av-av_hr-a7bfac8b270289d974036c90ec0c7caf\">\n#top .hr.hr-invisible.av-av_hr-a7bfac8b270289d974036c90ec0c7caf{\nheight:20px;\n}\n<\/style>\n<div  class='hr av-av_hr-a7bfac8b270289d974036c90ec0c7caf hr-invisible  avia-builder-el-2  el_after_av_heading  el_before_av_textblock '><span class='hr-inner '><span class=\"hr-inner-style\"><\/span><\/span><\/div><br \/>\n<section  class='av_textblock_section av-av_textblock-396ddf1f42196ca838231e61a4602801 '   itemscope=\"itemscope\" itemtype=\"https:\/\/schema.org\/BlogPosting\" itemprop=\"blogPost\" ><div class='avia_textblock'  itemprop=\"text\" ><p>Fond\u00e9e en 1993, FBT Avocats SA (FBT) est un cabinet d\u2019avocats sp\u00e9cialis\u00e9 dans le droit des affaires, implant\u00e9 \u00e0 Gen\u00e8ve et \u00e0 Paris. En Suisse et en France, FBT est particuli\u00e8rement actif en mati\u00e8re de fiscalit\u00e9 patrimoniale nationale, mais surtout internationale, constituant ainsi une sorte de \u00ab hub \u00bb fiscal vers d\u2019autres juridictions.<\/p>\n<p>Pour la France, Ma\u00eetre Alain Moreau est associ\u00e9 et responsable du bureau de Paris, lequel compte 8 avocats, tous intervenants exclusivement en mani\u00e8re de fiscalit\u00e9 patrimoniale. Alain Moreau poss\u00e8de la sp\u00e9cialisation \u00abdroit fiscal\u00bb de l\u2019Ordre des Avocats de Paris et est membre de l\u2019IACF et de l\u2019IFA. Il pratique le droit fiscal fran\u00e7ais et international depuis plus de vingt ans et est un sp\u00e9cialiste reconnu de la fiscalit\u00e9 patrimoniale, de la planification fiscale mais \u00e9galement des proc\u00e9dures fiscales. A ce titre, Alain Moreau g\u00e8re de nombreux contentieux fiscaux, souvent avec des implications internationales, et parfois des risques p\u00e9naux.<\/p>\n<p><strong>Rencontre avec Alain Moreau, qui nous parle de son m\u00e9tier de fiscaliste international.<\/strong><\/p>\n<\/div><\/section><br \/>\n\n<style type=\"text\/css\" data-created_by=\"avia_inline_auto\" id=\"style-css-av-av_hr-a7bfac8b270289d974036c90ec0c7caf\">\n#top .hr.hr-invisible.av-av_hr-a7bfac8b270289d974036c90ec0c7caf{\nheight:20px;\n}\n<\/style>\n<div  class='hr av-av_hr-a7bfac8b270289d974036c90ec0c7caf hr-invisible  avia-builder-el-4  el_after_av_textblock  el_before_av_button '><span class='hr-inner '><span class=\"hr-inner-style\"><\/span><\/span><\/div><br \/>\n<div  class='avia-button-wrap av-av_button-c80b53b74201ddd36cef296f57abdf54-wrap avia-button-left  avia-builder-el-5  el_after_av_hr  avia-builder-el-last '>\n<style type=\"text\/css\" data-created_by=\"avia_inline_auto\" id=\"style-css-av-av_button-c80b53b74201ddd36cef296f57abdf54\">\n#top #wrap_all .avia-button.av-av_button-c80b53b74201ddd36cef296f57abdf54{\nbackground-color:#44525f;\nborder-color:#44525f;\ncolor:#ffffff;\ntransition:all 0.4s ease-in-out;\n}\n#top #wrap_all .avia-button.av-av_button-c80b53b74201ddd36cef296f57abdf54 .avia-svg-icon svg:first-child{\nfill:#ffffff;\nstroke:#ffffff;\n}\n<\/style>\n<a href='http:\/\/fbt-avocats.ch\/wp-content\/uploads\/2016\/07\/Fiscalite-patrimoniale-MEDEF-oct.-2015-AMO.pdf'  class='avia-button av-av_button-c80b53b74201ddd36cef296f57abdf54 av-link-btn avia-icon_select-no avia-size-large avia-position-left'  target=\"_blank\"  rel=\"noopener noreferrer\"  aria-label=\"Lire la suite\"><span class='avia_iconbox_title' >Lire la suite<\/span><\/a><\/div><\/p><\/div>\n","protected":false},"excerpt":{"rendered":"","protected":false},"author":2,"featured_media":1372,"comment_status":"closed","ping_status":"closed","sticky":false,"template":"","format":"standard","meta":{"footnotes":""},"categories":[84],"tags":[291],"datespeciale":[],"class_list":["post-17753","post","type-post","status-publish","format-standard","has-post-thumbnail","hentry","category-media-and-news","tag-magazine-du-medef-paris-en","competences-tax","auteurs-alain-moreau-en","date-publication-2015-en","diffusion-medias-en"],"yoast_head":"<!-- This site is optimized with the Yoast SEO Premium plugin v27.4 (Yoast SEO v27.4) - https:\/\/yoast.com\/product\/yoast-seo-premium-wordpress\/ -->\n<title>Fiscalit\u00e9 patrimoniale internationale, une mati\u00e8re en pleine \u00e9volution | FBT Avocats SA<\/title>\n<meta name=\"robots\" content=\"noindex, follow, max-snippet:-1, max-image-preview:large, max-video-preview:-1\" \/>\n<meta property=\"og:locale\" content=\"en_US\" \/>\n<meta property=\"og:type\" content=\"article\" \/>\n<meta property=\"og:title\" content=\"Fiscalit\u00e9 patrimoniale internationale, une mati\u00e8re en pleine \u00e9volution\" \/>\n<meta property=\"og:url\" content=\"https:\/\/staging.fbt-avocats.ch\/en\/fiscalite-patrimoniale-internationale-une-matiere-en-pleine-evolution\/\" \/>\n<meta property=\"og:site_name\" content=\"FBT Avocats SA\" \/>\n<meta property=\"article:published_time\" content=\"2015-10-01T09:43:40+00:00\" \/>\n<meta property=\"og:image\" content=\"https:\/\/staging.fbt-avocats.ch\/wp-content\/uploads\/2016\/04\/fbt-etude-avocats-icone-document-pdf.png\" \/>\n\t<meta property=\"og:image:width\" content=\"120\" \/>\n\t<meta property=\"og:image:height\" content=\"120\" \/>\n\t<meta property=\"og:image:type\" content=\"image\/png\" \/>\n<meta name=\"author\" content=\"Acey\" \/>\n<meta name=\"twitter:card\" content=\"summary_large_image\" \/>\n<meta name=\"twitter:label1\" content=\"Written by\" \/>\n\t<meta name=\"twitter:data1\" content=\"Acey\" \/>\n\t<meta name=\"twitter:label2\" content=\"Est. reading time\" \/>\n\t<meta name=\"twitter:data2\" content=\"2 minutes\" \/>\n<script type=\"application\/ld+json\" class=\"yoast-schema-graph\">{\"@context\":\"https:\\\/\\\/schema.org\",\"@graph\":[{\"@type\":\"Article\",\"@id\":\"https:\\\/\\\/staging.fbt-avocats.ch\\\/en\\\/fiscalite-patrimoniale-internationale-une-matiere-en-pleine-evolution\\\/#article\",\"isPartOf\":{\"@id\":\"https:\\\/\\\/staging.fbt-avocats.ch\\\/en\\\/fiscalite-patrimoniale-internationale-une-matiere-en-pleine-evolution\\\/\"},\"author\":{\"name\":\"Acey\",\"@id\":\"https:\\\/\\\/staging.fbt-avocats.ch\\\/en\\\/#\\\/schema\\\/person\\\/fc6aec890aeb5ba75401bb59536340fb\"},\"headline\":\"Fiscalit\u00e9 patrimoniale internationale, une mati\u00e8re en pleine \u00e9volution\",\"datePublished\":\"2015-10-01T09:43:40+00:00\",\"mainEntityOfPage\":{\"@id\":\"https:\\\/\\\/staging.fbt-avocats.ch\\\/en\\\/fiscalite-patrimoniale-internationale-une-matiere-en-pleine-evolution\\\/\"},\"wordCount\":391,\"image\":{\"@id\":\"https:\\\/\\\/staging.fbt-avocats.ch\\\/en\\\/fiscalite-patrimoniale-internationale-une-matiere-en-pleine-evolution\\\/#primaryimage\"},\"thumbnailUrl\":\"https:\\\/\\\/staging.fbt-avocats.ch\\\/wp-content\\\/uploads\\\/2016\\\/04\\\/fbt-etude-avocats-icone-document-pdf.png\",\"keywords\":[\"Magazine du MEDEF Paris\"],\"articleSection\":[\"Media and News\"],\"inLanguage\":\"en-US\"},{\"@type\":\"WebPage\",\"@id\":\"https:\\\/\\\/staging.fbt-avocats.ch\\\/en\\\/fiscalite-patrimoniale-internationale-une-matiere-en-pleine-evolution\\\/\",\"url\":\"https:\\\/\\\/staging.fbt-avocats.ch\\\/en\\\/fiscalite-patrimoniale-internationale-une-matiere-en-pleine-evolution\\\/\",\"name\":\"Fiscalit\u00e9 patrimoniale internationale, une mati\u00e8re en pleine \u00e9volution | FBT Avocats SA\",\"isPartOf\":{\"@id\":\"https:\\\/\\\/staging.fbt-avocats.ch\\\/en\\\/#website\"},\"primaryImageOfPage\":{\"@id\":\"https:\\\/\\\/staging.fbt-avocats.ch\\\/en\\\/fiscalite-patrimoniale-internationale-une-matiere-en-pleine-evolution\\\/#primaryimage\"},\"image\":{\"@id\":\"https:\\\/\\\/staging.fbt-avocats.ch\\\/en\\\/fiscalite-patrimoniale-internationale-une-matiere-en-pleine-evolution\\\/#primaryimage\"},\"thumbnailUrl\":\"https:\\\/\\\/staging.fbt-avocats.ch\\\/wp-content\\\/uploads\\\/2016\\\/04\\\/fbt-etude-avocats-icone-document-pdf.png\",\"datePublished\":\"2015-10-01T09:43:40+00:00\",\"author\":{\"@id\":\"https:\\\/\\\/staging.fbt-avocats.ch\\\/en\\\/#\\\/schema\\\/person\\\/fc6aec890aeb5ba75401bb59536340fb\"},\"breadcrumb\":{\"@id\":\"https:\\\/\\\/staging.fbt-avocats.ch\\\/en\\\/fiscalite-patrimoniale-internationale-une-matiere-en-pleine-evolution\\\/#breadcrumb\"},\"inLanguage\":\"en-US\",\"potentialAction\":[{\"@type\":\"ReadAction\",\"target\":[\"https:\\\/\\\/staging.fbt-avocats.ch\\\/en\\\/fiscalite-patrimoniale-internationale-une-matiere-en-pleine-evolution\\\/\"]}]},{\"@type\":\"ImageObject\",\"inLanguage\":\"en-US\",\"@id\":\"https:\\\/\\\/staging.fbt-avocats.ch\\\/en\\\/fiscalite-patrimoniale-internationale-une-matiere-en-pleine-evolution\\\/#primaryimage\",\"url\":\"https:\\\/\\\/staging.fbt-avocats.ch\\\/wp-content\\\/uploads\\\/2016\\\/04\\\/fbt-etude-avocats-icone-document-pdf.png\",\"contentUrl\":\"https:\\\/\\\/staging.fbt-avocats.ch\\\/wp-content\\\/uploads\\\/2016\\\/04\\\/fbt-etude-avocats-icone-document-pdf.png\",\"width\":120,\"height\":120},{\"@type\":\"BreadcrumbList\",\"@id\":\"https:\\\/\\\/staging.fbt-avocats.ch\\\/en\\\/fiscalite-patrimoniale-internationale-une-matiere-en-pleine-evolution\\\/#breadcrumb\",\"itemListElement\":[{\"@type\":\"ListItem\",\"position\":1,\"name\":\"Home\",\"item\":\"https:\\\/\\\/staging.fbt-avocats.ch\\\/en\\\/\"},{\"@type\":\"ListItem\",\"position\":2,\"name\":\"Fiscalit\u00e9 patrimoniale internationale, une mati\u00e8re en pleine \u00e9volution\"}]},{\"@type\":\"WebSite\",\"@id\":\"https:\\\/\\\/staging.fbt-avocats.ch\\\/en\\\/#website\",\"url\":\"https:\\\/\\\/staging.fbt-avocats.ch\\\/en\\\/\",\"name\":\"FBT Avocats SA\",\"description\":\"Etudes bas\u00e9es \u00e0 Gen\u00e8ve et Paris\",\"potentialAction\":[{\"@type\":\"SearchAction\",\"target\":{\"@type\":\"EntryPoint\",\"urlTemplate\":\"https:\\\/\\\/staging.fbt-avocats.ch\\\/en\\\/?s={search_term_string}\"},\"query-input\":{\"@type\":\"PropertyValueSpecification\",\"valueRequired\":true,\"valueName\":\"search_term_string\"}}],\"inLanguage\":\"en-US\"},{\"@type\":\"Person\",\"@id\":\"https:\\\/\\\/staging.fbt-avocats.ch\\\/en\\\/#\\\/schema\\\/person\\\/fc6aec890aeb5ba75401bb59536340fb\",\"name\":\"Acey\"}]}<\/script>\n<!-- \/ Yoast SEO Premium plugin. -->","yoast_head_json":{"title":"Fiscalit\u00e9 patrimoniale internationale, une mati\u00e8re en pleine \u00e9volution | FBT Avocats SA","robots":{"index":"noindex","follow":"follow","max-snippet":"max-snippet:-1","max-image-preview":"max-image-preview:large","max-video-preview":"max-video-preview:-1"},"og_locale":"en_US","og_type":"article","og_title":"Fiscalit\u00e9 patrimoniale internationale, une mati\u00e8re en pleine \u00e9volution","og_url":"https:\/\/staging.fbt-avocats.ch\/en\/fiscalite-patrimoniale-internationale-une-matiere-en-pleine-evolution\/","og_site_name":"FBT Avocats SA","article_published_time":"2015-10-01T09:43:40+00:00","og_image":[{"width":120,"height":120,"url":"https:\/\/staging.fbt-avocats.ch\/wp-content\/uploads\/2016\/04\/fbt-etude-avocats-icone-document-pdf.png","type":"image\/png"}],"author":"Acey","twitter_card":"summary_large_image","twitter_misc":{"Written by":"Acey","Est. reading time":"2 minutes"},"schema":{"@context":"https:\/\/schema.org","@graph":[{"@type":"Article","@id":"https:\/\/staging.fbt-avocats.ch\/en\/fiscalite-patrimoniale-internationale-une-matiere-en-pleine-evolution\/#article","isPartOf":{"@id":"https:\/\/staging.fbt-avocats.ch\/en\/fiscalite-patrimoniale-internationale-une-matiere-en-pleine-evolution\/"},"author":{"name":"Acey","@id":"https:\/\/staging.fbt-avocats.ch\/en\/#\/schema\/person\/fc6aec890aeb5ba75401bb59536340fb"},"headline":"Fiscalit\u00e9 patrimoniale internationale, une mati\u00e8re en pleine \u00e9volution","datePublished":"2015-10-01T09:43:40+00:00","mainEntityOfPage":{"@id":"https:\/\/staging.fbt-avocats.ch\/en\/fiscalite-patrimoniale-internationale-une-matiere-en-pleine-evolution\/"},"wordCount":391,"image":{"@id":"https:\/\/staging.fbt-avocats.ch\/en\/fiscalite-patrimoniale-internationale-une-matiere-en-pleine-evolution\/#primaryimage"},"thumbnailUrl":"https:\/\/staging.fbt-avocats.ch\/wp-content\/uploads\/2016\/04\/fbt-etude-avocats-icone-document-pdf.png","keywords":["Magazine du MEDEF Paris"],"articleSection":["Media and News"],"inLanguage":"en-US"},{"@type":"WebPage","@id":"https:\/\/staging.fbt-avocats.ch\/en\/fiscalite-patrimoniale-internationale-une-matiere-en-pleine-evolution\/","url":"https:\/\/staging.fbt-avocats.ch\/en\/fiscalite-patrimoniale-internationale-une-matiere-en-pleine-evolution\/","name":"Fiscalit\u00e9 patrimoniale internationale, une mati\u00e8re en pleine \u00e9volution | FBT Avocats SA","isPartOf":{"@id":"https:\/\/staging.fbt-avocats.ch\/en\/#website"},"primaryImageOfPage":{"@id":"https:\/\/staging.fbt-avocats.ch\/en\/fiscalite-patrimoniale-internationale-une-matiere-en-pleine-evolution\/#primaryimage"},"image":{"@id":"https:\/\/staging.fbt-avocats.ch\/en\/fiscalite-patrimoniale-internationale-une-matiere-en-pleine-evolution\/#primaryimage"},"thumbnailUrl":"https:\/\/staging.fbt-avocats.ch\/wp-content\/uploads\/2016\/04\/fbt-etude-avocats-icone-document-pdf.png","datePublished":"2015-10-01T09:43:40+00:00","author":{"@id":"https:\/\/staging.fbt-avocats.ch\/en\/#\/schema\/person\/fc6aec890aeb5ba75401bb59536340fb"},"breadcrumb":{"@id":"https:\/\/staging.fbt-avocats.ch\/en\/fiscalite-patrimoniale-internationale-une-matiere-en-pleine-evolution\/#breadcrumb"},"inLanguage":"en-US","potentialAction":[{"@type":"ReadAction","target":["https:\/\/staging.fbt-avocats.ch\/en\/fiscalite-patrimoniale-internationale-une-matiere-en-pleine-evolution\/"]}]},{"@type":"ImageObject","inLanguage":"en-US","@id":"https:\/\/staging.fbt-avocats.ch\/en\/fiscalite-patrimoniale-internationale-une-matiere-en-pleine-evolution\/#primaryimage","url":"https:\/\/staging.fbt-avocats.ch\/wp-content\/uploads\/2016\/04\/fbt-etude-avocats-icone-document-pdf.png","contentUrl":"https:\/\/staging.fbt-avocats.ch\/wp-content\/uploads\/2016\/04\/fbt-etude-avocats-icone-document-pdf.png","width":120,"height":120},{"@type":"BreadcrumbList","@id":"https:\/\/staging.fbt-avocats.ch\/en\/fiscalite-patrimoniale-internationale-une-matiere-en-pleine-evolution\/#breadcrumb","itemListElement":[{"@type":"ListItem","position":1,"name":"Home","item":"https:\/\/staging.fbt-avocats.ch\/en\/"},{"@type":"ListItem","position":2,"name":"Fiscalit\u00e9 patrimoniale internationale, une mati\u00e8re en pleine \u00e9volution"}]},{"@type":"WebSite","@id":"https:\/\/staging.fbt-avocats.ch\/en\/#website","url":"https:\/\/staging.fbt-avocats.ch\/en\/","name":"FBT Avocats SA","description":"Etudes bas\u00e9es \u00e0 Gen\u00e8ve et Paris","potentialAction":[{"@type":"SearchAction","target":{"@type":"EntryPoint","urlTemplate":"https:\/\/staging.fbt-avocats.ch\/en\/?s={search_term_string}"},"query-input":{"@type":"PropertyValueSpecification","valueRequired":true,"valueName":"search_term_string"}}],"inLanguage":"en-US"},{"@type":"Person","@id":"https:\/\/staging.fbt-avocats.ch\/en\/#\/schema\/person\/fc6aec890aeb5ba75401bb59536340fb","name":"Acey"}]}},"_links":{"self":[{"href":"https:\/\/staging.fbt-avocats.ch\/en\/wp-json\/wp\/v2\/posts\/17753","targetHints":{"allow":["GET"]}}],"collection":[{"href":"https:\/\/staging.fbt-avocats.ch\/en\/wp-json\/wp\/v2\/posts"}],"about":[{"href":"https:\/\/staging.fbt-avocats.ch\/en\/wp-json\/wp\/v2\/types\/post"}],"author":[{"embeddable":true,"href":"https:\/\/staging.fbt-avocats.ch\/en\/wp-json\/wp\/v2\/users\/2"}],"replies":[{"embeddable":true,"href":"https:\/\/staging.fbt-avocats.ch\/en\/wp-json\/wp\/v2\/comments?post=17753"}],"version-history":[{"count":0,"href":"https:\/\/staging.fbt-avocats.ch\/en\/wp-json\/wp\/v2\/posts\/17753\/revisions"}],"wp:featuredmedia":[{"embeddable":true,"href":"https:\/\/staging.fbt-avocats.ch\/en\/wp-json\/wp\/v2\/media\/1372"}],"wp:attachment":[{"href":"https:\/\/staging.fbt-avocats.ch\/en\/wp-json\/wp\/v2\/media?parent=17753"}],"wp:term":[{"taxonomy":"category","embeddable":true,"href":"https:\/\/staging.fbt-avocats.ch\/en\/wp-json\/wp\/v2\/categories?post=17753"},{"taxonomy":"post_tag","embeddable":true,"href":"https:\/\/staging.fbt-avocats.ch\/en\/wp-json\/wp\/v2\/tags?post=17753"},{"taxonomy":"datespeciale","embeddable":true,"href":"https:\/\/staging.fbt-avocats.ch\/en\/wp-json\/wp\/v2\/datespeciale?post=17753"}],"curies":[{"name":"wp","href":"https:\/\/api.w.org\/{rel}","templated":true}]}}