{"id":17757,"date":"2014-12-04T13:07:32","date_gmt":"2014-12-04T12:07:32","guid":{"rendered":"https:\/\/www.fbt-avocats.ch\/les-contribuables-desormais-contraints-a-la-plus-grande-transparence\/"},"modified":"2014-12-04T13:07:32","modified_gmt":"2014-12-04T12:07:32","slug":"les-contribuables-desormais-contraints-a-la-plus-grande-transparence","status":"publish","type":"post","link":"https:\/\/staging.fbt-avocats.ch\/en\/les-contribuables-desormais-contraints-a-la-plus-grande-transparence\/","title":{"rendered":"Les contribuables d\u00e9sormais contraints \u00e0 la plus grande transparence"},"content":{"rendered":"<p>AGEFI TV &#8211; 4 d\u00e9cembre 2014<br \/>\n<em>Jean-Luc Bochatay, Alain Moreau<\/em><\/p>\n<p>&nbsp;<\/p>\n<div class='avia-iframe-wrap'><iframe loading=\"lazy\" width=\"1500\" height=\"844\" src=\"https:\/\/www.youtube.com\/embed\/XL4wJk2GxZ8?feature=oembed\" frameborder=\"0\" allowfullscreen><\/iframe><\/div>\n<p><em>\u00ab\u00a0Avec la norme de l\u2019\u00e9change automatique d\u2019informations fiscales, m\u00eame le Luxembourg et la Suisse, longtemps consid\u00e9r\u00e9s comme refuges privil\u00e9gi\u00e9s des comptes dissimul\u00e9s, se mettent \u00e0 jouer le jeu de la transparence. Une r\u00e8gle qui pourrait peu \u00e0 peu s\u2019\u00e9tendre aux paradis fiscaux dans le reste du monde.\u00a0\u00bb<\/em><\/p>\n","protected":false},"excerpt":{"rendered":"<p>AGEFI TV &#8211; 4 d\u00e9cembre 2014 Jean-Luc Bochatay, Alain Moreau &nbsp; \u00ab\u00a0Avec la norme de l\u2019\u00e9change automatique d\u2019informations fiscales, m\u00eame le Luxembourg et la Suisse, longtemps consid\u00e9r\u00e9s comme refuges privil\u00e9gi\u00e9s des comptes dissimul\u00e9s, se mettent \u00e0 jouer le jeu de la transparence. Une r\u00e8gle qui pourrait peu \u00e0 peu s\u2019\u00e9tendre aux paradis fiscaux dans le [&hellip;]<\/p>\n","protected":false},"author":2,"featured_media":1377,"comment_status":"closed","ping_status":"closed","sticky":false,"template":"","format":"standard","meta":{"footnotes":""},"categories":[84],"tags":[273],"datespeciale":[],"class_list":["post-17757","post","type-post","status-publish","format-standard","has-post-thumbnail","hentry","category-media-and-news","tag-agefi-tv-en","competences-tax","auteurs-alain-moreau-en","auteurs-jean-luc-bochatay-en","date-publication-2014-en","diffusion-medias-en"],"yoast_head":"<!-- This site is optimized with the Yoast SEO Premium plugin v27.4 (Yoast SEO v27.4) - https:\/\/yoast.com\/product\/yoast-seo-premium-wordpress\/ -->\n<title>Les contribuables d\u00e9sormais contraints \u00e0 la plus grande transparence | FBT Avocats SA<\/title>\n<meta name=\"robots\" content=\"noindex, follow, max-snippet:-1, max-image-preview:large, max-video-preview:-1\" \/>\n<meta property=\"og:locale\" content=\"en_US\" \/>\n<meta property=\"og:type\" content=\"article\" \/>\n<meta property=\"og:title\" content=\"Les contribuables d\u00e9sormais contraints \u00e0 la plus grande transparence\" \/>\n<meta property=\"og:description\" content=\"AGEFI TV &#8211; 4 d\u00e9cembre 2014 Jean-Luc Bochatay, Alain Moreau &nbsp; \u00ab\u00a0Avec la norme de l\u2019\u00e9change automatique d\u2019informations fiscales, m\u00eame le Luxembourg et la Suisse, longtemps consid\u00e9r\u00e9s comme refuges privil\u00e9gi\u00e9s des comptes dissimul\u00e9s, se mettent \u00e0 jouer le jeu de la transparence. Une r\u00e8gle qui pourrait peu \u00e0 peu s\u2019\u00e9tendre aux paradis fiscaux dans le [&hellip;]\" \/>\n<meta property=\"og:url\" content=\"https:\/\/staging.fbt-avocats.ch\/en\/les-contribuables-desormais-contraints-a-la-plus-grande-transparence\/\" \/>\n<meta property=\"og:site_name\" content=\"FBT Avocats SA\" \/>\n<meta property=\"article:published_time\" content=\"2014-12-04T12:07:32+00:00\" \/>\n<meta property=\"og:image\" content=\"https:\/\/staging.fbt-avocats.ch\/wp-content\/uploads\/2014\/12\/fbt-avocats-article-agefi-2.png\" \/>\n\t<meta property=\"og:image:width\" content=\"196\" \/>\n\t<meta property=\"og:image:height\" content=\"197\" \/>\n\t<meta property=\"og:image:type\" content=\"image\/png\" \/>\n<meta name=\"author\" content=\"Acey\" \/>\n<meta name=\"twitter:card\" content=\"summary_large_image\" \/>\n<meta name=\"twitter:label1\" content=\"Written by\" \/>\n\t<meta name=\"twitter:data1\" content=\"Acey\" \/>\n<script type=\"application\/ld+json\" class=\"yoast-schema-graph\">{\"@context\":\"https:\\\/\\\/schema.org\",\"@graph\":[{\"@type\":\"Article\",\"@id\":\"https:\\\/\\\/staging.fbt-avocats.ch\\\/en\\\/les-contribuables-desormais-contraints-a-la-plus-grande-transparence\\\/#article\",\"isPartOf\":{\"@id\":\"https:\\\/\\\/staging.fbt-avocats.ch\\\/en\\\/les-contribuables-desormais-contraints-a-la-plus-grande-transparence\\\/\"},\"author\":{\"name\":\"Acey\",\"@id\":\"https:\\\/\\\/staging.fbt-avocats.ch\\\/en\\\/#\\\/schema\\\/person\\\/fc6aec890aeb5ba75401bb59536340fb\"},\"headline\":\"Les contribuables d\u00e9sormais contraints \u00e0 la plus grande transparence\",\"datePublished\":\"2014-12-04T12:07:32+00:00\",\"mainEntityOfPage\":{\"@id\":\"https:\\\/\\\/staging.fbt-avocats.ch\\\/en\\\/les-contribuables-desormais-contraints-a-la-plus-grande-transparence\\\/\"},\"wordCount\":83,\"image\":{\"@id\":\"https:\\\/\\\/staging.fbt-avocats.ch\\\/en\\\/les-contribuables-desormais-contraints-a-la-plus-grande-transparence\\\/#primaryimage\"},\"thumbnailUrl\":\"https:\\\/\\\/staging.fbt-avocats.ch\\\/wp-content\\\/uploads\\\/2014\\\/12\\\/fbt-avocats-article-agefi-2.png\",\"keywords\":[\"AGEFI TV\"],\"articleSection\":[\"Media and News\"],\"inLanguage\":\"en-US\"},{\"@type\":\"WebPage\",\"@id\":\"https:\\\/\\\/staging.fbt-avocats.ch\\\/en\\\/les-contribuables-desormais-contraints-a-la-plus-grande-transparence\\\/\",\"url\":\"https:\\\/\\\/staging.fbt-avocats.ch\\\/en\\\/les-contribuables-desormais-contraints-a-la-plus-grande-transparence\\\/\",\"name\":\"Les contribuables d\u00e9sormais contraints \u00e0 la plus grande transparence | FBT Avocats SA\",\"isPartOf\":{\"@id\":\"https:\\\/\\\/staging.fbt-avocats.ch\\\/en\\\/#website\"},\"primaryImageOfPage\":{\"@id\":\"https:\\\/\\\/staging.fbt-avocats.ch\\\/en\\\/les-contribuables-desormais-contraints-a-la-plus-grande-transparence\\\/#primaryimage\"},\"image\":{\"@id\":\"https:\\\/\\\/staging.fbt-avocats.ch\\\/en\\\/les-contribuables-desormais-contraints-a-la-plus-grande-transparence\\\/#primaryimage\"},\"thumbnailUrl\":\"https:\\\/\\\/staging.fbt-avocats.ch\\\/wp-content\\\/uploads\\\/2014\\\/12\\\/fbt-avocats-article-agefi-2.png\",\"datePublished\":\"2014-12-04T12:07:32+00:00\",\"author\":{\"@id\":\"https:\\\/\\\/staging.fbt-avocats.ch\\\/en\\\/#\\\/schema\\\/person\\\/fc6aec890aeb5ba75401bb59536340fb\"},\"breadcrumb\":{\"@id\":\"https:\\\/\\\/staging.fbt-avocats.ch\\\/en\\\/les-contribuables-desormais-contraints-a-la-plus-grande-transparence\\\/#breadcrumb\"},\"inLanguage\":\"en-US\",\"potentialAction\":[{\"@type\":\"ReadAction\",\"target\":[\"https:\\\/\\\/staging.fbt-avocats.ch\\\/en\\\/les-contribuables-desormais-contraints-a-la-plus-grande-transparence\\\/\"]}]},{\"@type\":\"ImageObject\",\"inLanguage\":\"en-US\",\"@id\":\"https:\\\/\\\/staging.fbt-avocats.ch\\\/en\\\/les-contribuables-desormais-contraints-a-la-plus-grande-transparence\\\/#primaryimage\",\"url\":\"https:\\\/\\\/staging.fbt-avocats.ch\\\/wp-content\\\/uploads\\\/2014\\\/12\\\/fbt-avocats-article-agefi-2.png\",\"contentUrl\":\"https:\\\/\\\/staging.fbt-avocats.ch\\\/wp-content\\\/uploads\\\/2014\\\/12\\\/fbt-avocats-article-agefi-2.png\",\"width\":196,\"height\":197},{\"@type\":\"BreadcrumbList\",\"@id\":\"https:\\\/\\\/staging.fbt-avocats.ch\\\/en\\\/les-contribuables-desormais-contraints-a-la-plus-grande-transparence\\\/#breadcrumb\",\"itemListElement\":[{\"@type\":\"ListItem\",\"position\":1,\"name\":\"Home\",\"item\":\"https:\\\/\\\/staging.fbt-avocats.ch\\\/en\\\/\"},{\"@type\":\"ListItem\",\"position\":2,\"name\":\"Les contribuables d\u00e9sormais contraints \u00e0 la plus grande transparence\"}]},{\"@type\":\"WebSite\",\"@id\":\"https:\\\/\\\/staging.fbt-avocats.ch\\\/en\\\/#website\",\"url\":\"https:\\\/\\\/staging.fbt-avocats.ch\\\/en\\\/\",\"name\":\"FBT Avocats SA\",\"description\":\"Etudes bas\u00e9es \u00e0 Gen\u00e8ve et Paris\",\"potentialAction\":[{\"@type\":\"SearchAction\",\"target\":{\"@type\":\"EntryPoint\",\"urlTemplate\":\"https:\\\/\\\/staging.fbt-avocats.ch\\\/en\\\/?s={search_term_string}\"},\"query-input\":{\"@type\":\"PropertyValueSpecification\",\"valueRequired\":true,\"valueName\":\"search_term_string\"}}],\"inLanguage\":\"en-US\"},{\"@type\":\"Person\",\"@id\":\"https:\\\/\\\/staging.fbt-avocats.ch\\\/en\\\/#\\\/schema\\\/person\\\/fc6aec890aeb5ba75401bb59536340fb\",\"name\":\"Acey\"}]}<\/script>\n<!-- \/ Yoast SEO Premium plugin. -->","yoast_head_json":{"title":"Les contribuables d\u00e9sormais contraints \u00e0 la plus grande transparence | FBT Avocats SA","robots":{"index":"noindex","follow":"follow","max-snippet":"max-snippet:-1","max-image-preview":"max-image-preview:large","max-video-preview":"max-video-preview:-1"},"og_locale":"en_US","og_type":"article","og_title":"Les contribuables d\u00e9sormais contraints \u00e0 la plus grande transparence","og_description":"AGEFI TV &#8211; 4 d\u00e9cembre 2014 Jean-Luc Bochatay, Alain Moreau &nbsp; \u00ab\u00a0Avec la norme de l\u2019\u00e9change automatique d\u2019informations fiscales, m\u00eame le Luxembourg et la Suisse, longtemps consid\u00e9r\u00e9s comme refuges privil\u00e9gi\u00e9s des comptes dissimul\u00e9s, se mettent \u00e0 jouer le jeu de la transparence. Une r\u00e8gle qui pourrait peu \u00e0 peu s\u2019\u00e9tendre aux paradis fiscaux dans le [&hellip;]","og_url":"https:\/\/staging.fbt-avocats.ch\/en\/les-contribuables-desormais-contraints-a-la-plus-grande-transparence\/","og_site_name":"FBT Avocats SA","article_published_time":"2014-12-04T12:07:32+00:00","og_image":[{"width":196,"height":197,"url":"https:\/\/staging.fbt-avocats.ch\/wp-content\/uploads\/2014\/12\/fbt-avocats-article-agefi-2.png","type":"image\/png"}],"author":"Acey","twitter_card":"summary_large_image","twitter_misc":{"Written by":"Acey"},"schema":{"@context":"https:\/\/schema.org","@graph":[{"@type":"Article","@id":"https:\/\/staging.fbt-avocats.ch\/en\/les-contribuables-desormais-contraints-a-la-plus-grande-transparence\/#article","isPartOf":{"@id":"https:\/\/staging.fbt-avocats.ch\/en\/les-contribuables-desormais-contraints-a-la-plus-grande-transparence\/"},"author":{"name":"Acey","@id":"https:\/\/staging.fbt-avocats.ch\/en\/#\/schema\/person\/fc6aec890aeb5ba75401bb59536340fb"},"headline":"Les contribuables d\u00e9sormais contraints \u00e0 la plus grande transparence","datePublished":"2014-12-04T12:07:32+00:00","mainEntityOfPage":{"@id":"https:\/\/staging.fbt-avocats.ch\/en\/les-contribuables-desormais-contraints-a-la-plus-grande-transparence\/"},"wordCount":83,"image":{"@id":"https:\/\/staging.fbt-avocats.ch\/en\/les-contribuables-desormais-contraints-a-la-plus-grande-transparence\/#primaryimage"},"thumbnailUrl":"https:\/\/staging.fbt-avocats.ch\/wp-content\/uploads\/2014\/12\/fbt-avocats-article-agefi-2.png","keywords":["AGEFI TV"],"articleSection":["Media and News"],"inLanguage":"en-US"},{"@type":"WebPage","@id":"https:\/\/staging.fbt-avocats.ch\/en\/les-contribuables-desormais-contraints-a-la-plus-grande-transparence\/","url":"https:\/\/staging.fbt-avocats.ch\/en\/les-contribuables-desormais-contraints-a-la-plus-grande-transparence\/","name":"Les contribuables d\u00e9sormais contraints \u00e0 la plus grande transparence | FBT Avocats SA","isPartOf":{"@id":"https:\/\/staging.fbt-avocats.ch\/en\/#website"},"primaryImageOfPage":{"@id":"https:\/\/staging.fbt-avocats.ch\/en\/les-contribuables-desormais-contraints-a-la-plus-grande-transparence\/#primaryimage"},"image":{"@id":"https:\/\/staging.fbt-avocats.ch\/en\/les-contribuables-desormais-contraints-a-la-plus-grande-transparence\/#primaryimage"},"thumbnailUrl":"https:\/\/staging.fbt-avocats.ch\/wp-content\/uploads\/2014\/12\/fbt-avocats-article-agefi-2.png","datePublished":"2014-12-04T12:07:32+00:00","author":{"@id":"https:\/\/staging.fbt-avocats.ch\/en\/#\/schema\/person\/fc6aec890aeb5ba75401bb59536340fb"},"breadcrumb":{"@id":"https:\/\/staging.fbt-avocats.ch\/en\/les-contribuables-desormais-contraints-a-la-plus-grande-transparence\/#breadcrumb"},"inLanguage":"en-US","potentialAction":[{"@type":"ReadAction","target":["https:\/\/staging.fbt-avocats.ch\/en\/les-contribuables-desormais-contraints-a-la-plus-grande-transparence\/"]}]},{"@type":"ImageObject","inLanguage":"en-US","@id":"https:\/\/staging.fbt-avocats.ch\/en\/les-contribuables-desormais-contraints-a-la-plus-grande-transparence\/#primaryimage","url":"https:\/\/staging.fbt-avocats.ch\/wp-content\/uploads\/2014\/12\/fbt-avocats-article-agefi-2.png","contentUrl":"https:\/\/staging.fbt-avocats.ch\/wp-content\/uploads\/2014\/12\/fbt-avocats-article-agefi-2.png","width":196,"height":197},{"@type":"BreadcrumbList","@id":"https:\/\/staging.fbt-avocats.ch\/en\/les-contribuables-desormais-contraints-a-la-plus-grande-transparence\/#breadcrumb","itemListElement":[{"@type":"ListItem","position":1,"name":"Home","item":"https:\/\/staging.fbt-avocats.ch\/en\/"},{"@type":"ListItem","position":2,"name":"Les contribuables d\u00e9sormais contraints \u00e0 la plus grande transparence"}]},{"@type":"WebSite","@id":"https:\/\/staging.fbt-avocats.ch\/en\/#website","url":"https:\/\/staging.fbt-avocats.ch\/en\/","name":"FBT Avocats SA","description":"Etudes bas\u00e9es \u00e0 Gen\u00e8ve et Paris","potentialAction":[{"@type":"SearchAction","target":{"@type":"EntryPoint","urlTemplate":"https:\/\/staging.fbt-avocats.ch\/en\/?s={search_term_string}"},"query-input":{"@type":"PropertyValueSpecification","valueRequired":true,"valueName":"search_term_string"}}],"inLanguage":"en-US"},{"@type":"Person","@id":"https:\/\/staging.fbt-avocats.ch\/en\/#\/schema\/person\/fc6aec890aeb5ba75401bb59536340fb","name":"Acey"}]}},"_links":{"self":[{"href":"https:\/\/staging.fbt-avocats.ch\/en\/wp-json\/wp\/v2\/posts\/17757","targetHints":{"allow":["GET"]}}],"collection":[{"href":"https:\/\/staging.fbt-avocats.ch\/en\/wp-json\/wp\/v2\/posts"}],"about":[{"href":"https:\/\/staging.fbt-avocats.ch\/en\/wp-json\/wp\/v2\/types\/post"}],"author":[{"embeddable":true,"href":"https:\/\/staging.fbt-avocats.ch\/en\/wp-json\/wp\/v2\/users\/2"}],"replies":[{"embeddable":true,"href":"https:\/\/staging.fbt-avocats.ch\/en\/wp-json\/wp\/v2\/comments?post=17757"}],"version-history":[{"count":0,"href":"https:\/\/staging.fbt-avocats.ch\/en\/wp-json\/wp\/v2\/posts\/17757\/revisions"}],"wp:featuredmedia":[{"embeddable":true,"href":"https:\/\/staging.fbt-avocats.ch\/en\/wp-json\/wp\/v2\/media\/1377"}],"wp:attachment":[{"href":"https:\/\/staging.fbt-avocats.ch\/en\/wp-json\/wp\/v2\/media?parent=17757"}],"wp:term":[{"taxonomy":"category","embeddable":true,"href":"https:\/\/staging.fbt-avocats.ch\/en\/wp-json\/wp\/v2\/categories?post=17757"},{"taxonomy":"post_tag","embeddable":true,"href":"https:\/\/staging.fbt-avocats.ch\/en\/wp-json\/wp\/v2\/tags?post=17757"},{"taxonomy":"datespeciale","embeddable":true,"href":"https:\/\/staging.fbt-avocats.ch\/en\/wp-json\/wp\/v2\/datespeciale?post=17757"}],"curies":[{"name":"wp","href":"https:\/\/api.w.org\/{rel}","templated":true}]}}