{"id":17766,"date":"2013-01-31T14:38:19","date_gmt":"2013-01-31T13:38:19","guid":{"rendered":"https:\/\/www.fbt-avocats.ch\/quand-les-employes-empoignent-le-net-pour-critiquer-leurs-entreprises\/"},"modified":"2013-01-31T14:38:19","modified_gmt":"2013-01-31T13:38:19","slug":"quand-les-employes-empoignent-le-net-pour-critiquer-leurs-entreprises","status":"publish","type":"post","link":"https:\/\/staging.fbt-avocats.ch\/en\/quand-les-employes-empoignent-le-net-pour-critiquer-leurs-entreprises\/","title":{"rendered":"Quand les employ\u00e9s empoignent le Net pour critiquer leurs entreprises"},"content":{"rendered":"","protected":false},"excerpt":{"rendered":"","protected":false},"author":2,"featured_media":1372,"comment_status":"closed","ping_status":"closed","sticky":false,"template":"","format":"standard","meta":{"footnotes":""},"categories":[84],"tags":[290],"datespeciale":[],"class_list":["post-17766","post","type-post","status-publish","format-standard","has-post-thumbnail","hentry","category-media-and-news","tag-le-temps-en","auteurs-fbt-avocats","date-publication-2013-en","diffusion-medias-en"],"yoast_head":"<!-- This site is optimized with the Yoast SEO Premium plugin v27.4 (Yoast SEO v27.4) - https:\/\/yoast.com\/product\/yoast-seo-premium-wordpress\/ -->\n<title>Quand les employ\u00e9s empoignent le Net pour critiquer leurs entreprises | FBT Avocats SA<\/title>\n<meta name=\"robots\" content=\"noindex, follow, max-snippet:-1, max-image-preview:large, max-video-preview:-1\" \/>\n<meta property=\"og:locale\" content=\"en_US\" \/>\n<meta property=\"og:type\" content=\"article\" \/>\n<meta property=\"og:title\" content=\"Quand les employ\u00e9s empoignent le Net pour critiquer leurs entreprises\" \/>\n<meta property=\"og:url\" content=\"https:\/\/staging.fbt-avocats.ch\/en\/quand-les-employes-empoignent-le-net-pour-critiquer-leurs-entreprises\/\" \/>\n<meta property=\"og:site_name\" content=\"FBT Avocats SA\" \/>\n<meta property=\"article:published_time\" content=\"2013-01-31T13:38:19+00:00\" \/>\n<meta property=\"og:image\" content=\"https:\/\/staging.fbt-avocats.ch\/wp-content\/uploads\/2016\/04\/fbt-etude-avocats-icone-document-pdf.png\" \/>\n\t<meta property=\"og:image:width\" content=\"120\" \/>\n\t<meta property=\"og:image:height\" content=\"120\" \/>\n\t<meta property=\"og:image:type\" content=\"image\/png\" \/>\n<meta name=\"author\" content=\"Acey\" \/>\n<meta name=\"twitter:card\" content=\"summary_large_image\" \/>\n<meta name=\"twitter:label1\" content=\"Written by\" \/>\n\t<meta name=\"twitter:data1\" content=\"Acey\" \/>\n<script type=\"application\/ld+json\" class=\"yoast-schema-graph\">{\"@context\":\"https:\\\/\\\/schema.org\",\"@graph\":[{\"@type\":\"Article\",\"@id\":\"https:\\\/\\\/staging.fbt-avocats.ch\\\/en\\\/quand-les-employes-empoignent-le-net-pour-critiquer-leurs-entreprises\\\/#article\",\"isPartOf\":{\"@id\":\"https:\\\/\\\/staging.fbt-avocats.ch\\\/en\\\/quand-les-employes-empoignent-le-net-pour-critiquer-leurs-entreprises\\\/\"},\"author\":{\"name\":\"Acey\",\"@id\":\"https:\\\/\\\/staging.fbt-avocats.ch\\\/en\\\/#\\\/schema\\\/person\\\/fc6aec890aeb5ba75401bb59536340fb\"},\"headline\":\"Quand les employ\u00e9s empoignent le Net pour critiquer leurs entreprises\",\"datePublished\":\"2013-01-31T13:38:19+00:00\",\"mainEntityOfPage\":{\"@id\":\"https:\\\/\\\/staging.fbt-avocats.ch\\\/en\\\/quand-les-employes-empoignent-le-net-pour-critiquer-leurs-entreprises\\\/\"},\"wordCount\":11,\"image\":{\"@id\":\"https:\\\/\\\/staging.fbt-avocats.ch\\\/en\\\/quand-les-employes-empoignent-le-net-pour-critiquer-leurs-entreprises\\\/#primaryimage\"},\"thumbnailUrl\":\"https:\\\/\\\/staging.fbt-avocats.ch\\\/wp-content\\\/uploads\\\/2016\\\/04\\\/fbt-etude-avocats-icone-document-pdf.png\",\"keywords\":[\"Le Temps\"],\"articleSection\":[\"Media and News\"],\"inLanguage\":\"en-US\"},{\"@type\":\"WebPage\",\"@id\":\"https:\\\/\\\/staging.fbt-avocats.ch\\\/en\\\/quand-les-employes-empoignent-le-net-pour-critiquer-leurs-entreprises\\\/\",\"url\":\"https:\\\/\\\/staging.fbt-avocats.ch\\\/en\\\/quand-les-employes-empoignent-le-net-pour-critiquer-leurs-entreprises\\\/\",\"name\":\"Quand les employ\u00e9s empoignent le Net pour critiquer leurs entreprises | FBT Avocats SA\",\"isPartOf\":{\"@id\":\"https:\\\/\\\/staging.fbt-avocats.ch\\\/en\\\/#website\"},\"primaryImageOfPage\":{\"@id\":\"https:\\\/\\\/staging.fbt-avocats.ch\\\/en\\\/quand-les-employes-empoignent-le-net-pour-critiquer-leurs-entreprises\\\/#primaryimage\"},\"image\":{\"@id\":\"https:\\\/\\\/staging.fbt-avocats.ch\\\/en\\\/quand-les-employes-empoignent-le-net-pour-critiquer-leurs-entreprises\\\/#primaryimage\"},\"thumbnailUrl\":\"https:\\\/\\\/staging.fbt-avocats.ch\\\/wp-content\\\/uploads\\\/2016\\\/04\\\/fbt-etude-avocats-icone-document-pdf.png\",\"datePublished\":\"2013-01-31T13:38:19+00:00\",\"author\":{\"@id\":\"https:\\\/\\\/staging.fbt-avocats.ch\\\/en\\\/#\\\/schema\\\/person\\\/fc6aec890aeb5ba75401bb59536340fb\"},\"breadcrumb\":{\"@id\":\"https:\\\/\\\/staging.fbt-avocats.ch\\\/en\\\/quand-les-employes-empoignent-le-net-pour-critiquer-leurs-entreprises\\\/#breadcrumb\"},\"inLanguage\":\"en-US\",\"potentialAction\":[{\"@type\":\"ReadAction\",\"target\":[\"https:\\\/\\\/staging.fbt-avocats.ch\\\/en\\\/quand-les-employes-empoignent-le-net-pour-critiquer-leurs-entreprises\\\/\"]}]},{\"@type\":\"ImageObject\",\"inLanguage\":\"en-US\",\"@id\":\"https:\\\/\\\/staging.fbt-avocats.ch\\\/en\\\/quand-les-employes-empoignent-le-net-pour-critiquer-leurs-entreprises\\\/#primaryimage\",\"url\":\"https:\\\/\\\/staging.fbt-avocats.ch\\\/wp-content\\\/uploads\\\/2016\\\/04\\\/fbt-etude-avocats-icone-document-pdf.png\",\"contentUrl\":\"https:\\\/\\\/staging.fbt-avocats.ch\\\/wp-content\\\/uploads\\\/2016\\\/04\\\/fbt-etude-avocats-icone-document-pdf.png\",\"width\":120,\"height\":120},{\"@type\":\"BreadcrumbList\",\"@id\":\"https:\\\/\\\/staging.fbt-avocats.ch\\\/en\\\/quand-les-employes-empoignent-le-net-pour-critiquer-leurs-entreprises\\\/#breadcrumb\",\"itemListElement\":[{\"@type\":\"ListItem\",\"position\":1,\"name\":\"Home\",\"item\":\"https:\\\/\\\/staging.fbt-avocats.ch\\\/en\\\/\"},{\"@type\":\"ListItem\",\"position\":2,\"name\":\"Quand les employ\u00e9s empoignent le Net pour critiquer leurs entreprises\"}]},{\"@type\":\"WebSite\",\"@id\":\"https:\\\/\\\/staging.fbt-avocats.ch\\\/en\\\/#website\",\"url\":\"https:\\\/\\\/staging.fbt-avocats.ch\\\/en\\\/\",\"name\":\"FBT Avocats SA\",\"description\":\"Etudes bas\u00e9es \u00e0 Gen\u00e8ve et Paris\",\"potentialAction\":[{\"@type\":\"SearchAction\",\"target\":{\"@type\":\"EntryPoint\",\"urlTemplate\":\"https:\\\/\\\/staging.fbt-avocats.ch\\\/en\\\/?s={search_term_string}\"},\"query-input\":{\"@type\":\"PropertyValueSpecification\",\"valueRequired\":true,\"valueName\":\"search_term_string\"}}],\"inLanguage\":\"en-US\"},{\"@type\":\"Person\",\"@id\":\"https:\\\/\\\/staging.fbt-avocats.ch\\\/en\\\/#\\\/schema\\\/person\\\/fc6aec890aeb5ba75401bb59536340fb\",\"name\":\"Acey\"}]}<\/script>\n<!-- \/ Yoast SEO Premium plugin. -->","yoast_head_json":{"title":"Quand les employ\u00e9s empoignent le Net pour critiquer leurs entreprises | FBT Avocats SA","robots":{"index":"noindex","follow":"follow","max-snippet":"max-snippet:-1","max-image-preview":"max-image-preview:large","max-video-preview":"max-video-preview:-1"},"og_locale":"en_US","og_type":"article","og_title":"Quand les employ\u00e9s empoignent le Net pour critiquer leurs entreprises","og_url":"https:\/\/staging.fbt-avocats.ch\/en\/quand-les-employes-empoignent-le-net-pour-critiquer-leurs-entreprises\/","og_site_name":"FBT Avocats SA","article_published_time":"2013-01-31T13:38:19+00:00","og_image":[{"width":120,"height":120,"url":"https:\/\/staging.fbt-avocats.ch\/wp-content\/uploads\/2016\/04\/fbt-etude-avocats-icone-document-pdf.png","type":"image\/png"}],"author":"Acey","twitter_card":"summary_large_image","twitter_misc":{"Written by":"Acey"},"schema":{"@context":"https:\/\/schema.org","@graph":[{"@type":"Article","@id":"https:\/\/staging.fbt-avocats.ch\/en\/quand-les-employes-empoignent-le-net-pour-critiquer-leurs-entreprises\/#article","isPartOf":{"@id":"https:\/\/staging.fbt-avocats.ch\/en\/quand-les-employes-empoignent-le-net-pour-critiquer-leurs-entreprises\/"},"author":{"name":"Acey","@id":"https:\/\/staging.fbt-avocats.ch\/en\/#\/schema\/person\/fc6aec890aeb5ba75401bb59536340fb"},"headline":"Quand les employ\u00e9s empoignent le Net pour critiquer leurs entreprises","datePublished":"2013-01-31T13:38:19+00:00","mainEntityOfPage":{"@id":"https:\/\/staging.fbt-avocats.ch\/en\/quand-les-employes-empoignent-le-net-pour-critiquer-leurs-entreprises\/"},"wordCount":11,"image":{"@id":"https:\/\/staging.fbt-avocats.ch\/en\/quand-les-employes-empoignent-le-net-pour-critiquer-leurs-entreprises\/#primaryimage"},"thumbnailUrl":"https:\/\/staging.fbt-avocats.ch\/wp-content\/uploads\/2016\/04\/fbt-etude-avocats-icone-document-pdf.png","keywords":["Le Temps"],"articleSection":["Media and News"],"inLanguage":"en-US"},{"@type":"WebPage","@id":"https:\/\/staging.fbt-avocats.ch\/en\/quand-les-employes-empoignent-le-net-pour-critiquer-leurs-entreprises\/","url":"https:\/\/staging.fbt-avocats.ch\/en\/quand-les-employes-empoignent-le-net-pour-critiquer-leurs-entreprises\/","name":"Quand les employ\u00e9s empoignent le Net pour critiquer leurs entreprises | FBT Avocats SA","isPartOf":{"@id":"https:\/\/staging.fbt-avocats.ch\/en\/#website"},"primaryImageOfPage":{"@id":"https:\/\/staging.fbt-avocats.ch\/en\/quand-les-employes-empoignent-le-net-pour-critiquer-leurs-entreprises\/#primaryimage"},"image":{"@id":"https:\/\/staging.fbt-avocats.ch\/en\/quand-les-employes-empoignent-le-net-pour-critiquer-leurs-entreprises\/#primaryimage"},"thumbnailUrl":"https:\/\/staging.fbt-avocats.ch\/wp-content\/uploads\/2016\/04\/fbt-etude-avocats-icone-document-pdf.png","datePublished":"2013-01-31T13:38:19+00:00","author":{"@id":"https:\/\/staging.fbt-avocats.ch\/en\/#\/schema\/person\/fc6aec890aeb5ba75401bb59536340fb"},"breadcrumb":{"@id":"https:\/\/staging.fbt-avocats.ch\/en\/quand-les-employes-empoignent-le-net-pour-critiquer-leurs-entreprises\/#breadcrumb"},"inLanguage":"en-US","potentialAction":[{"@type":"ReadAction","target":["https:\/\/staging.fbt-avocats.ch\/en\/quand-les-employes-empoignent-le-net-pour-critiquer-leurs-entreprises\/"]}]},{"@type":"ImageObject","inLanguage":"en-US","@id":"https:\/\/staging.fbt-avocats.ch\/en\/quand-les-employes-empoignent-le-net-pour-critiquer-leurs-entreprises\/#primaryimage","url":"https:\/\/staging.fbt-avocats.ch\/wp-content\/uploads\/2016\/04\/fbt-etude-avocats-icone-document-pdf.png","contentUrl":"https:\/\/staging.fbt-avocats.ch\/wp-content\/uploads\/2016\/04\/fbt-etude-avocats-icone-document-pdf.png","width":120,"height":120},{"@type":"BreadcrumbList","@id":"https:\/\/staging.fbt-avocats.ch\/en\/quand-les-employes-empoignent-le-net-pour-critiquer-leurs-entreprises\/#breadcrumb","itemListElement":[{"@type":"ListItem","position":1,"name":"Home","item":"https:\/\/staging.fbt-avocats.ch\/en\/"},{"@type":"ListItem","position":2,"name":"Quand les employ\u00e9s empoignent le Net pour critiquer leurs entreprises"}]},{"@type":"WebSite","@id":"https:\/\/staging.fbt-avocats.ch\/en\/#website","url":"https:\/\/staging.fbt-avocats.ch\/en\/","name":"FBT Avocats SA","description":"Etudes bas\u00e9es \u00e0 Gen\u00e8ve et Paris","potentialAction":[{"@type":"SearchAction","target":{"@type":"EntryPoint","urlTemplate":"https:\/\/staging.fbt-avocats.ch\/en\/?s={search_term_string}"},"query-input":{"@type":"PropertyValueSpecification","valueRequired":true,"valueName":"search_term_string"}}],"inLanguage":"en-US"},{"@type":"Person","@id":"https:\/\/staging.fbt-avocats.ch\/en\/#\/schema\/person\/fc6aec890aeb5ba75401bb59536340fb","name":"Acey"}]}},"_links":{"self":[{"href":"https:\/\/staging.fbt-avocats.ch\/en\/wp-json\/wp\/v2\/posts\/17766","targetHints":{"allow":["GET"]}}],"collection":[{"href":"https:\/\/staging.fbt-avocats.ch\/en\/wp-json\/wp\/v2\/posts"}],"about":[{"href":"https:\/\/staging.fbt-avocats.ch\/en\/wp-json\/wp\/v2\/types\/post"}],"author":[{"embeddable":true,"href":"https:\/\/staging.fbt-avocats.ch\/en\/wp-json\/wp\/v2\/users\/2"}],"replies":[{"embeddable":true,"href":"https:\/\/staging.fbt-avocats.ch\/en\/wp-json\/wp\/v2\/comments?post=17766"}],"version-history":[{"count":0,"href":"https:\/\/staging.fbt-avocats.ch\/en\/wp-json\/wp\/v2\/posts\/17766\/revisions"}],"wp:featuredmedia":[{"embeddable":true,"href":"https:\/\/staging.fbt-avocats.ch\/en\/wp-json\/wp\/v2\/media\/1372"}],"wp:attachment":[{"href":"https:\/\/staging.fbt-avocats.ch\/en\/wp-json\/wp\/v2\/media?parent=17766"}],"wp:term":[{"taxonomy":"category","embeddable":true,"href":"https:\/\/staging.fbt-avocats.ch\/en\/wp-json\/wp\/v2\/categories?post=17766"},{"taxonomy":"post_tag","embeddable":true,"href":"https:\/\/staging.fbt-avocats.ch\/en\/wp-json\/wp\/v2\/tags?post=17766"},{"taxonomy":"datespeciale","embeddable":true,"href":"https:\/\/staging.fbt-avocats.ch\/en\/wp-json\/wp\/v2\/datespeciale?post=17766"}],"curies":[{"name":"wp","href":"https:\/\/api.w.org\/{rel}","templated":true}]}}