{"id":17774,"date":"2012-11-12T15:01:23","date_gmt":"2012-11-12T14:01:23","guid":{"rendered":"https:\/\/www.fbt-avocats.ch\/letau-se-resserre-sur-les-retrocessions\/"},"modified":"2026-01-20T16:17:23","modified_gmt":"2026-01-20T15:17:23","slug":"letau-se-resserre-sur-les-retrocessions","status":"publish","type":"post","link":"https:\/\/staging.fbt-avocats.ch\/en\/letau-se-resserre-sur-les-retrocessions\/","title":{"rendered":"L&#8217;\u00e9tau se resserre sur les r\u00e9trocessions"},"content":{"rendered":"","protected":false},"excerpt":{"rendered":"","protected":false},"author":2,"featured_media":1372,"comment_status":"closed","ping_status":"closed","sticky":false,"template":"","format":"standard","meta":{"footnotes":""},"categories":[84],"tags":[290],"datespeciale":[],"class_list":["post-17774","post","type-post","status-publish","format-standard","has-post-thumbnail","hentry","category-media-and-news","tag-le-temps-en","competences-banking-and-finance","auteurs-frederique-bensahel-en","date-publication-2012-en","diffusion-medias-en"],"yoast_head":"<!-- This site is optimized with the Yoast SEO Premium plugin v27.4 (Yoast SEO v27.4) - https:\/\/yoast.com\/product\/yoast-seo-premium-wordpress\/ -->\n<title>L&#039;\u00e9tau se resserre sur les r\u00e9trocessions | FBT Avocats SA<\/title>\n<meta name=\"robots\" content=\"noindex, nofollow\" \/>\n<meta property=\"og:locale\" content=\"en_US\" \/>\n<meta property=\"og:type\" content=\"article\" \/>\n<meta property=\"og:title\" content=\"L&#039;\u00e9tau se resserre sur les r\u00e9trocessions\" \/>\n<meta property=\"og:url\" content=\"https:\/\/staging.fbt-avocats.ch\/en\/letau-se-resserre-sur-les-retrocessions\/\" \/>\n<meta property=\"og:site_name\" content=\"FBT Avocats SA\" \/>\n<meta property=\"article:published_time\" content=\"2012-11-12T14:01:23+00:00\" \/>\n<meta property=\"article:modified_time\" content=\"2026-01-20T15:17:23+00:00\" \/>\n<meta property=\"og:image\" content=\"https:\/\/staging.fbt-avocats.ch\/wp-content\/uploads\/2016\/04\/fbt-etude-avocats-icone-document-pdf.png\" \/>\n\t<meta property=\"og:image:width\" content=\"120\" \/>\n\t<meta property=\"og:image:height\" content=\"120\" \/>\n\t<meta property=\"og:image:type\" content=\"image\/png\" \/>\n<meta name=\"author\" content=\"Acey\" \/>\n<meta name=\"twitter:card\" content=\"summary_large_image\" \/>\n<meta name=\"twitter:label1\" content=\"Written by\" \/>\n\t<meta name=\"twitter:data1\" content=\"Acey\" \/>\n<script type=\"application\/ld+json\" class=\"yoast-schema-graph\">{\"@context\":\"https:\\\/\\\/schema.org\",\"@graph\":[{\"@type\":\"Article\",\"@id\":\"https:\\\/\\\/staging.fbt-avocats.ch\\\/en\\\/letau-se-resserre-sur-les-retrocessions\\\/#article\",\"isPartOf\":{\"@id\":\"https:\\\/\\\/staging.fbt-avocats.ch\\\/en\\\/letau-se-resserre-sur-les-retrocessions\\\/\"},\"author\":{\"name\":\"Acey\",\"@id\":\"https:\\\/\\\/staging.fbt-avocats.ch\\\/en\\\/#\\\/schema\\\/person\\\/fc6aec890aeb5ba75401bb59536340fb\"},\"headline\":\"L&#8217;\u00e9tau se resserre sur les r\u00e9trocessions\",\"datePublished\":\"2012-11-12T14:01:23+00:00\",\"dateModified\":\"2026-01-20T15:17:23+00:00\",\"mainEntityOfPage\":{\"@id\":\"https:\\\/\\\/staging.fbt-avocats.ch\\\/en\\\/letau-se-resserre-sur-les-retrocessions\\\/\"},\"wordCount\":8,\"image\":{\"@id\":\"https:\\\/\\\/staging.fbt-avocats.ch\\\/en\\\/letau-se-resserre-sur-les-retrocessions\\\/#primaryimage\"},\"thumbnailUrl\":\"https:\\\/\\\/staging.fbt-avocats.ch\\\/wp-content\\\/uploads\\\/2016\\\/04\\\/fbt-etude-avocats-icone-document-pdf.png\",\"keywords\":[\"Le Temps\"],\"articleSection\":[\"Media and News\"],\"inLanguage\":\"en-US\"},{\"@type\":\"WebPage\",\"@id\":\"https:\\\/\\\/staging.fbt-avocats.ch\\\/en\\\/letau-se-resserre-sur-les-retrocessions\\\/\",\"url\":\"https:\\\/\\\/staging.fbt-avocats.ch\\\/en\\\/letau-se-resserre-sur-les-retrocessions\\\/\",\"name\":\"L'\u00e9tau se resserre sur les r\u00e9trocessions | FBT Avocats SA\",\"isPartOf\":{\"@id\":\"https:\\\/\\\/staging.fbt-avocats.ch\\\/en\\\/#website\"},\"primaryImageOfPage\":{\"@id\":\"https:\\\/\\\/staging.fbt-avocats.ch\\\/en\\\/letau-se-resserre-sur-les-retrocessions\\\/#primaryimage\"},\"image\":{\"@id\":\"https:\\\/\\\/staging.fbt-avocats.ch\\\/en\\\/letau-se-resserre-sur-les-retrocessions\\\/#primaryimage\"},\"thumbnailUrl\":\"https:\\\/\\\/staging.fbt-avocats.ch\\\/wp-content\\\/uploads\\\/2016\\\/04\\\/fbt-etude-avocats-icone-document-pdf.png\",\"datePublished\":\"2012-11-12T14:01:23+00:00\",\"dateModified\":\"2026-01-20T15:17:23+00:00\",\"author\":{\"@id\":\"https:\\\/\\\/staging.fbt-avocats.ch\\\/en\\\/#\\\/schema\\\/person\\\/fc6aec890aeb5ba75401bb59536340fb\"},\"breadcrumb\":{\"@id\":\"https:\\\/\\\/staging.fbt-avocats.ch\\\/en\\\/letau-se-resserre-sur-les-retrocessions\\\/#breadcrumb\"},\"inLanguage\":\"en-US\",\"potentialAction\":[{\"@type\":\"ReadAction\",\"target\":[\"https:\\\/\\\/staging.fbt-avocats.ch\\\/en\\\/letau-se-resserre-sur-les-retrocessions\\\/\"]}]},{\"@type\":\"ImageObject\",\"inLanguage\":\"en-US\",\"@id\":\"https:\\\/\\\/staging.fbt-avocats.ch\\\/en\\\/letau-se-resserre-sur-les-retrocessions\\\/#primaryimage\",\"url\":\"https:\\\/\\\/staging.fbt-avocats.ch\\\/wp-content\\\/uploads\\\/2016\\\/04\\\/fbt-etude-avocats-icone-document-pdf.png\",\"contentUrl\":\"https:\\\/\\\/staging.fbt-avocats.ch\\\/wp-content\\\/uploads\\\/2016\\\/04\\\/fbt-etude-avocats-icone-document-pdf.png\",\"width\":120,\"height\":120},{\"@type\":\"BreadcrumbList\",\"@id\":\"https:\\\/\\\/staging.fbt-avocats.ch\\\/en\\\/letau-se-resserre-sur-les-retrocessions\\\/#breadcrumb\",\"itemListElement\":[{\"@type\":\"ListItem\",\"position\":1,\"name\":\"Home\",\"item\":\"https:\\\/\\\/staging.fbt-avocats.ch\\\/en\\\/\"},{\"@type\":\"ListItem\",\"position\":2,\"name\":\"L&#8217;\u00e9tau se resserre sur les r\u00e9trocessions\"}]},{\"@type\":\"WebSite\",\"@id\":\"https:\\\/\\\/staging.fbt-avocats.ch\\\/en\\\/#website\",\"url\":\"https:\\\/\\\/staging.fbt-avocats.ch\\\/en\\\/\",\"name\":\"FBT Avocats SA\",\"description\":\"Etudes bas\u00e9es \u00e0 Gen\u00e8ve et Paris\",\"potentialAction\":[{\"@type\":\"SearchAction\",\"target\":{\"@type\":\"EntryPoint\",\"urlTemplate\":\"https:\\\/\\\/staging.fbt-avocats.ch\\\/en\\\/?s={search_term_string}\"},\"query-input\":{\"@type\":\"PropertyValueSpecification\",\"valueRequired\":true,\"valueName\":\"search_term_string\"}}],\"inLanguage\":\"en-US\"},{\"@type\":\"Person\",\"@id\":\"https:\\\/\\\/staging.fbt-avocats.ch\\\/en\\\/#\\\/schema\\\/person\\\/fc6aec890aeb5ba75401bb59536340fb\",\"name\":\"Acey\"}]}<\/script>\n<!-- \/ Yoast SEO Premium plugin. -->","yoast_head_json":{"title":"L'\u00e9tau se resserre sur les r\u00e9trocessions | FBT Avocats SA","robots":{"index":"noindex","follow":"nofollow"},"og_locale":"en_US","og_type":"article","og_title":"L'\u00e9tau se resserre sur les r\u00e9trocessions","og_url":"https:\/\/staging.fbt-avocats.ch\/en\/letau-se-resserre-sur-les-retrocessions\/","og_site_name":"FBT Avocats SA","article_published_time":"2012-11-12T14:01:23+00:00","article_modified_time":"2026-01-20T15:17:23+00:00","og_image":[{"width":120,"height":120,"url":"https:\/\/staging.fbt-avocats.ch\/wp-content\/uploads\/2016\/04\/fbt-etude-avocats-icone-document-pdf.png","type":"image\/png"}],"author":"Acey","twitter_card":"summary_large_image","twitter_misc":{"Written by":"Acey"},"schema":{"@context":"https:\/\/schema.org","@graph":[{"@type":"Article","@id":"https:\/\/staging.fbt-avocats.ch\/en\/letau-se-resserre-sur-les-retrocessions\/#article","isPartOf":{"@id":"https:\/\/staging.fbt-avocats.ch\/en\/letau-se-resserre-sur-les-retrocessions\/"},"author":{"name":"Acey","@id":"https:\/\/staging.fbt-avocats.ch\/en\/#\/schema\/person\/fc6aec890aeb5ba75401bb59536340fb"},"headline":"L&#8217;\u00e9tau se resserre sur les r\u00e9trocessions","datePublished":"2012-11-12T14:01:23+00:00","dateModified":"2026-01-20T15:17:23+00:00","mainEntityOfPage":{"@id":"https:\/\/staging.fbt-avocats.ch\/en\/letau-se-resserre-sur-les-retrocessions\/"},"wordCount":8,"image":{"@id":"https:\/\/staging.fbt-avocats.ch\/en\/letau-se-resserre-sur-les-retrocessions\/#primaryimage"},"thumbnailUrl":"https:\/\/staging.fbt-avocats.ch\/wp-content\/uploads\/2016\/04\/fbt-etude-avocats-icone-document-pdf.png","keywords":["Le Temps"],"articleSection":["Media and News"],"inLanguage":"en-US"},{"@type":"WebPage","@id":"https:\/\/staging.fbt-avocats.ch\/en\/letau-se-resserre-sur-les-retrocessions\/","url":"https:\/\/staging.fbt-avocats.ch\/en\/letau-se-resserre-sur-les-retrocessions\/","name":"L'\u00e9tau se resserre sur les r\u00e9trocessions | FBT Avocats SA","isPartOf":{"@id":"https:\/\/staging.fbt-avocats.ch\/en\/#website"},"primaryImageOfPage":{"@id":"https:\/\/staging.fbt-avocats.ch\/en\/letau-se-resserre-sur-les-retrocessions\/#primaryimage"},"image":{"@id":"https:\/\/staging.fbt-avocats.ch\/en\/letau-se-resserre-sur-les-retrocessions\/#primaryimage"},"thumbnailUrl":"https:\/\/staging.fbt-avocats.ch\/wp-content\/uploads\/2016\/04\/fbt-etude-avocats-icone-document-pdf.png","datePublished":"2012-11-12T14:01:23+00:00","dateModified":"2026-01-20T15:17:23+00:00","author":{"@id":"https:\/\/staging.fbt-avocats.ch\/en\/#\/schema\/person\/fc6aec890aeb5ba75401bb59536340fb"},"breadcrumb":{"@id":"https:\/\/staging.fbt-avocats.ch\/en\/letau-se-resserre-sur-les-retrocessions\/#breadcrumb"},"inLanguage":"en-US","potentialAction":[{"@type":"ReadAction","target":["https:\/\/staging.fbt-avocats.ch\/en\/letau-se-resserre-sur-les-retrocessions\/"]}]},{"@type":"ImageObject","inLanguage":"en-US","@id":"https:\/\/staging.fbt-avocats.ch\/en\/letau-se-resserre-sur-les-retrocessions\/#primaryimage","url":"https:\/\/staging.fbt-avocats.ch\/wp-content\/uploads\/2016\/04\/fbt-etude-avocats-icone-document-pdf.png","contentUrl":"https:\/\/staging.fbt-avocats.ch\/wp-content\/uploads\/2016\/04\/fbt-etude-avocats-icone-document-pdf.png","width":120,"height":120},{"@type":"BreadcrumbList","@id":"https:\/\/staging.fbt-avocats.ch\/en\/letau-se-resserre-sur-les-retrocessions\/#breadcrumb","itemListElement":[{"@type":"ListItem","position":1,"name":"Home","item":"https:\/\/staging.fbt-avocats.ch\/en\/"},{"@type":"ListItem","position":2,"name":"L&#8217;\u00e9tau se resserre sur les r\u00e9trocessions"}]},{"@type":"WebSite","@id":"https:\/\/staging.fbt-avocats.ch\/en\/#website","url":"https:\/\/staging.fbt-avocats.ch\/en\/","name":"FBT Avocats SA","description":"Etudes bas\u00e9es \u00e0 Gen\u00e8ve et Paris","potentialAction":[{"@type":"SearchAction","target":{"@type":"EntryPoint","urlTemplate":"https:\/\/staging.fbt-avocats.ch\/en\/?s={search_term_string}"},"query-input":{"@type":"PropertyValueSpecification","valueRequired":true,"valueName":"search_term_string"}}],"inLanguage":"en-US"},{"@type":"Person","@id":"https:\/\/staging.fbt-avocats.ch\/en\/#\/schema\/person\/fc6aec890aeb5ba75401bb59536340fb","name":"Acey"}]}},"_links":{"self":[{"href":"https:\/\/staging.fbt-avocats.ch\/en\/wp-json\/wp\/v2\/posts\/17774","targetHints":{"allow":["GET"]}}],"collection":[{"href":"https:\/\/staging.fbt-avocats.ch\/en\/wp-json\/wp\/v2\/posts"}],"about":[{"href":"https:\/\/staging.fbt-avocats.ch\/en\/wp-json\/wp\/v2\/types\/post"}],"author":[{"embeddable":true,"href":"https:\/\/staging.fbt-avocats.ch\/en\/wp-json\/wp\/v2\/users\/2"}],"replies":[{"embeddable":true,"href":"https:\/\/staging.fbt-avocats.ch\/en\/wp-json\/wp\/v2\/comments?post=17774"}],"version-history":[{"count":0,"href":"https:\/\/staging.fbt-avocats.ch\/en\/wp-json\/wp\/v2\/posts\/17774\/revisions"}],"wp:featuredmedia":[{"embeddable":true,"href":"https:\/\/staging.fbt-avocats.ch\/en\/wp-json\/wp\/v2\/media\/1372"}],"wp:attachment":[{"href":"https:\/\/staging.fbt-avocats.ch\/en\/wp-json\/wp\/v2\/media?parent=17774"}],"wp:term":[{"taxonomy":"category","embeddable":true,"href":"https:\/\/staging.fbt-avocats.ch\/en\/wp-json\/wp\/v2\/categories?post=17774"},{"taxonomy":"post_tag","embeddable":true,"href":"https:\/\/staging.fbt-avocats.ch\/en\/wp-json\/wp\/v2\/tags?post=17774"},{"taxonomy":"datespeciale","embeddable":true,"href":"https:\/\/staging.fbt-avocats.ch\/en\/wp-json\/wp\/v2\/datespeciale?post=17774"}],"curies":[{"name":"wp","href":"https:\/\/api.w.org\/{rel}","templated":true}]}}