{"id":17775,"date":"2012-11-02T15:11:57","date_gmt":"2012-11-02T14:11:57","guid":{"rendered":"https:\/\/www.fbt-avocats.ch\/tour-de-vis-du-tribunal-federal-sur-les-commissions-des-banques\/"},"modified":"2012-11-02T15:11:57","modified_gmt":"2012-11-02T14:11:57","slug":"tour-de-vis-du-tribunal-federal-sur-les-commissions-des-banques","status":"publish","type":"post","link":"https:\/\/staging.fbt-avocats.ch\/en\/tour-de-vis-du-tribunal-federal-sur-les-commissions-des-banques\/","title":{"rendered":"Tour de vis du Tribunal f\u00e9d\u00e9ral sur les commissions des banques"},"content":{"rendered":"\n<style type=\"text\/css\" data-created_by=\"avia_inline_auto\" id=\"style-css-av-av_one_full-9497bbf8bff73ea4c6992cc17fa9ec36\">\n.flex_column.av-av_one_full-9497bbf8bff73ea4c6992cc17fa9ec36{\nborder-radius:0px 0px 0px 0px;\npadding:0px 0px 0px 0px;\n}\n<\/style>\n<div  class='flex_column av-av_one_full-9497bbf8bff73ea4c6992cc17fa9ec36 av_one_full  avia-builder-el-0  avia-builder-el-no-sibling  first flex_column_div av-zero-column-padding  '     ><p>\n<style type=\"text\/css\" data-created_by=\"avia_inline_auto\" id=\"style-css-av-av_heading-0064077e605f0f1e01d3d0361ea2542e\">\n#top .av-special-heading.av-av_heading-0064077e605f0f1e01d3d0361ea2542e{\npadding-bottom:10px;\nfont-size:26px;\n}\nbody .av-special-heading.av-av_heading-0064077e605f0f1e01d3d0361ea2542e .av-special-heading-tag .heading-char{\nfont-size:25px;\n}\n#top #wrap_all .av-special-heading.av-av_heading-0064077e605f0f1e01d3d0361ea2542e .av-special-heading-tag{\nfont-size:26px;\n}\n.av-special-heading.av-av_heading-0064077e605f0f1e01d3d0361ea2542e .av-subheading{\nfont-size:15px;\n}\n\n@media only screen and (min-width: 480px) and (max-width: 767px){ \n#top #wrap_all .av-special-heading.av-av_heading-0064077e605f0f1e01d3d0361ea2542e .av-special-heading-tag{\nfont-size:0.8em;\n}\n}\n\n@media only screen and (max-width: 479px){ \n#top #wrap_all .av-special-heading.av-av_heading-0064077e605f0f1e01d3d0361ea2542e .av-special-heading-tag{\nfont-size:0.8em;\n}\n}\n<\/style>\n<div  class='av-special-heading av-av_heading-0064077e605f0f1e01d3d0361ea2542e av-special-heading-h1 blockquote modern-quote  avia-builder-el-1  el_before_av_hr  avia-builder-el-first  av-inherit-size'><h1 class='av-special-heading-tag '  itemprop=\"headline\"  >Tour de vis du Tribunal f\u00e9d\u00e9ral sur les commissions des banques<\/h1><div class='av-subheading av-subheading_below'><p>Le Temps &#8211; 2 novembre 2012<br \/>\nFr\u00e9d\u00e9rique Bensahel, cit\u00e9e par Le Temps<\/p>\n<\/div><div class=\"special-heading-border\"><div class=\"special-heading-inner-border\"><\/div><\/div><\/div><br \/>\n\n<style type=\"text\/css\" data-created_by=\"avia_inline_auto\" id=\"style-css-av-av_hr-a7bfac8b270289d974036c90ec0c7caf\">\n#top .hr.hr-invisible.av-av_hr-a7bfac8b270289d974036c90ec0c7caf{\nheight:20px;\n}\n<\/style>\n<div  class='hr av-av_hr-a7bfac8b270289d974036c90ec0c7caf hr-invisible  avia-builder-el-2  el_after_av_heading  el_before_av_textblock '><span class='hr-inner '><span class=\"hr-inner-style\"><\/span><\/span><\/div><br \/>\n<section  class='av_textblock_section av-av_textblock-0366cc7376be6c9e82a3e9cc8987b64f '   itemscope=\"itemscope\" itemtype=\"https:\/\/schema.org\/BlogPosting\" itemprop=\"blogPost\" ><div class='avia_textblock'  itemprop=\"text\" ><p>Tour de vis du Tribunal f\u00e9d\u00e9ral sur les commissions des banques. L\u2019instance supr\u00eame a publi\u00e9 un arr\u00eat de principe jeudi. Sauf accord, toutes les r\u00e9trocessions doivent \u00eatre revers\u00e9es aux clients. Le Tribunal f\u00e9d\u00e9ral a tranch\u00e9. Les banques suisses qui font de la gestion de fortune sont tenues de reverser \u00e0 leurs clients toutes les r\u00e9trocessions per\u00e7ues lors de la vente de parts de fonds de placement ou de produits structur\u00e9s. Que ces commissions proviennent de soci\u00e9t\u00e9s tierces ou de soci\u00e9t\u00e9s \u00abmaison\u00bb ne fait aucune diff\u00e9rence: \u00abCette obligation s\u2019\u00e9tend \u00e9galement aux commissions que la banque re\u00e7oit de soci\u00e9t\u00e9s qui lui sont li\u00e9es au sein d\u2019un groupe\u00bb, stipule le Tribunal f\u00e9d\u00e9ral dans un arr\u00eat de principe publi\u00e9 jeudi.<\/p>\n<\/div><\/section><br \/>\n\n<style type=\"text\/css\" data-created_by=\"avia_inline_auto\" id=\"style-css-av-av_hr-a7bfac8b270289d974036c90ec0c7caf\">\n#top .hr.hr-invisible.av-av_hr-a7bfac8b270289d974036c90ec0c7caf{\nheight:20px;\n}\n<\/style>\n<div  class='hr av-av_hr-a7bfac8b270289d974036c90ec0c7caf hr-invisible  avia-builder-el-4  el_after_av_textblock  el_before_av_button '><span class='hr-inner '><span class=\"hr-inner-style\"><\/span><\/span><\/div><br \/>\n<div  class='avia-button-wrap av-av_button-8f210507d26bf9e0a05da5c238ff2499-wrap avia-button-left  avia-builder-el-5  el_after_av_hr  avia-builder-el-last '>\n<style type=\"text\/css\" data-created_by=\"avia_inline_auto\" id=\"style-css-av-av_button-8f210507d26bf9e0a05da5c238ff2499\">\n#top #wrap_all .avia-button.av-av_button-8f210507d26bf9e0a05da5c238ff2499{\nbackground-color:#44525f;\nborder-color:#44525f;\ncolor:#ffffff;\ntransition:all 0.4s ease-in-out;\n}\n#top #wrap_all .avia-button.av-av_button-8f210507d26bf9e0a05da5c238ff2499 .avia-svg-icon svg:first-child{\nfill:#ffffff;\nstroke:#ffffff;\n}\n<\/style>\n<a href='http:\/\/fbt-avocats.ch\/wp-content\/uploads\/2016\/04\/Tour-de-vis-du-TF-sur-les-commissions-des-banques-Le-Temps-02.11.2012-FBE.pdf'  class='avia-button av-av_button-8f210507d26bf9e0a05da5c238ff2499 av-link-btn avia-icon_select-no avia-size-large avia-position-left'  target=\"_blank\"  rel=\"noopener noreferrer\"  aria-label=\"Lire la suite\"><span class='avia_iconbox_title' >Lire la suite<\/span><\/a><\/div><\/p><\/div>\n","protected":false},"excerpt":{"rendered":"","protected":false},"author":2,"featured_media":1372,"comment_status":"closed","ping_status":"closed","sticky":false,"template":"","format":"standard","meta":{"footnotes":""},"categories":[84],"tags":[290],"datespeciale":[],"class_list":["post-17775","post","type-post","status-publish","format-standard","has-post-thumbnail","hentry","category-media-and-news","tag-le-temps-en","competences-banking-and-finance","auteurs-frederique-bensahel-en","date-publication-2012-en","diffusion-medias-en"],"yoast_head":"<!-- This site is optimized with the Yoast SEO Premium plugin v27.4 (Yoast SEO v27.4) - https:\/\/yoast.com\/product\/yoast-seo-premium-wordpress\/ -->\n<title>Tour de vis du Tribunal f\u00e9d\u00e9ral sur les commissions des banques | FBT Avocats SA<\/title>\n<meta name=\"robots\" content=\"noindex, follow, max-snippet:-1, max-image-preview:large, max-video-preview:-1\" \/>\n<meta property=\"og:locale\" content=\"en_US\" \/>\n<meta property=\"og:type\" content=\"article\" \/>\n<meta property=\"og:title\" content=\"Tour de vis du Tribunal f\u00e9d\u00e9ral sur les commissions des banques\" \/>\n<meta property=\"og:url\" content=\"https:\/\/staging.fbt-avocats.ch\/en\/tour-de-vis-du-tribunal-federal-sur-les-commissions-des-banques\/\" \/>\n<meta property=\"og:site_name\" content=\"FBT Avocats SA\" \/>\n<meta property=\"article:published_time\" content=\"2012-11-02T14:11:57+00:00\" \/>\n<meta property=\"og:image\" content=\"https:\/\/staging.fbt-avocats.ch\/wp-content\/uploads\/2016\/04\/fbt-etude-avocats-icone-document-pdf.png\" \/>\n\t<meta property=\"og:image:width\" content=\"120\" \/>\n\t<meta property=\"og:image:height\" content=\"120\" \/>\n\t<meta property=\"og:image:type\" content=\"image\/png\" \/>\n<meta name=\"author\" content=\"Acey\" \/>\n<meta name=\"twitter:card\" content=\"summary_large_image\" \/>\n<meta name=\"twitter:label1\" content=\"Written by\" \/>\n\t<meta name=\"twitter:data1\" content=\"Acey\" \/>\n\t<meta name=\"twitter:label2\" content=\"Est. reading time\" \/>\n\t<meta name=\"twitter:data2\" content=\"2 minutes\" \/>\n<script type=\"application\/ld+json\" class=\"yoast-schema-graph\">{\"@context\":\"https:\\\/\\\/schema.org\",\"@graph\":[{\"@type\":\"Article\",\"@id\":\"https:\\\/\\\/staging.fbt-avocats.ch\\\/en\\\/tour-de-vis-du-tribunal-federal-sur-les-commissions-des-banques\\\/#article\",\"isPartOf\":{\"@id\":\"https:\\\/\\\/staging.fbt-avocats.ch\\\/en\\\/tour-de-vis-du-tribunal-federal-sur-les-commissions-des-banques\\\/\"},\"author\":{\"name\":\"Acey\",\"@id\":\"https:\\\/\\\/staging.fbt-avocats.ch\\\/en\\\/#\\\/schema\\\/person\\\/fc6aec890aeb5ba75401bb59536340fb\"},\"headline\":\"Tour de vis du Tribunal f\u00e9d\u00e9ral sur les commissions des banques\",\"datePublished\":\"2012-11-02T14:11:57+00:00\",\"mainEntityOfPage\":{\"@id\":\"https:\\\/\\\/staging.fbt-avocats.ch\\\/en\\\/tour-de-vis-du-tribunal-federal-sur-les-commissions-des-banques\\\/\"},\"wordCount\":357,\"image\":{\"@id\":\"https:\\\/\\\/staging.fbt-avocats.ch\\\/en\\\/tour-de-vis-du-tribunal-federal-sur-les-commissions-des-banques\\\/#primaryimage\"},\"thumbnailUrl\":\"https:\\\/\\\/staging.fbt-avocats.ch\\\/wp-content\\\/uploads\\\/2016\\\/04\\\/fbt-etude-avocats-icone-document-pdf.png\",\"keywords\":[\"Le Temps\"],\"articleSection\":[\"Media and News\"],\"inLanguage\":\"en-US\"},{\"@type\":\"WebPage\",\"@id\":\"https:\\\/\\\/staging.fbt-avocats.ch\\\/en\\\/tour-de-vis-du-tribunal-federal-sur-les-commissions-des-banques\\\/\",\"url\":\"https:\\\/\\\/staging.fbt-avocats.ch\\\/en\\\/tour-de-vis-du-tribunal-federal-sur-les-commissions-des-banques\\\/\",\"name\":\"Tour de vis du Tribunal f\u00e9d\u00e9ral sur les commissions des banques | FBT Avocats SA\",\"isPartOf\":{\"@id\":\"https:\\\/\\\/staging.fbt-avocats.ch\\\/en\\\/#website\"},\"primaryImageOfPage\":{\"@id\":\"https:\\\/\\\/staging.fbt-avocats.ch\\\/en\\\/tour-de-vis-du-tribunal-federal-sur-les-commissions-des-banques\\\/#primaryimage\"},\"image\":{\"@id\":\"https:\\\/\\\/staging.fbt-avocats.ch\\\/en\\\/tour-de-vis-du-tribunal-federal-sur-les-commissions-des-banques\\\/#primaryimage\"},\"thumbnailUrl\":\"https:\\\/\\\/staging.fbt-avocats.ch\\\/wp-content\\\/uploads\\\/2016\\\/04\\\/fbt-etude-avocats-icone-document-pdf.png\",\"datePublished\":\"2012-11-02T14:11:57+00:00\",\"author\":{\"@id\":\"https:\\\/\\\/staging.fbt-avocats.ch\\\/en\\\/#\\\/schema\\\/person\\\/fc6aec890aeb5ba75401bb59536340fb\"},\"breadcrumb\":{\"@id\":\"https:\\\/\\\/staging.fbt-avocats.ch\\\/en\\\/tour-de-vis-du-tribunal-federal-sur-les-commissions-des-banques\\\/#breadcrumb\"},\"inLanguage\":\"en-US\",\"potentialAction\":[{\"@type\":\"ReadAction\",\"target\":[\"https:\\\/\\\/staging.fbt-avocats.ch\\\/en\\\/tour-de-vis-du-tribunal-federal-sur-les-commissions-des-banques\\\/\"]}]},{\"@type\":\"ImageObject\",\"inLanguage\":\"en-US\",\"@id\":\"https:\\\/\\\/staging.fbt-avocats.ch\\\/en\\\/tour-de-vis-du-tribunal-federal-sur-les-commissions-des-banques\\\/#primaryimage\",\"url\":\"https:\\\/\\\/staging.fbt-avocats.ch\\\/wp-content\\\/uploads\\\/2016\\\/04\\\/fbt-etude-avocats-icone-document-pdf.png\",\"contentUrl\":\"https:\\\/\\\/staging.fbt-avocats.ch\\\/wp-content\\\/uploads\\\/2016\\\/04\\\/fbt-etude-avocats-icone-document-pdf.png\",\"width\":120,\"height\":120},{\"@type\":\"BreadcrumbList\",\"@id\":\"https:\\\/\\\/staging.fbt-avocats.ch\\\/en\\\/tour-de-vis-du-tribunal-federal-sur-les-commissions-des-banques\\\/#breadcrumb\",\"itemListElement\":[{\"@type\":\"ListItem\",\"position\":1,\"name\":\"Home\",\"item\":\"https:\\\/\\\/staging.fbt-avocats.ch\\\/en\\\/\"},{\"@type\":\"ListItem\",\"position\":2,\"name\":\"Tour de vis du Tribunal f\u00e9d\u00e9ral sur les commissions des banques\"}]},{\"@type\":\"WebSite\",\"@id\":\"https:\\\/\\\/staging.fbt-avocats.ch\\\/en\\\/#website\",\"url\":\"https:\\\/\\\/staging.fbt-avocats.ch\\\/en\\\/\",\"name\":\"FBT Avocats SA\",\"description\":\"Etudes bas\u00e9es \u00e0 Gen\u00e8ve et Paris\",\"potentialAction\":[{\"@type\":\"SearchAction\",\"target\":{\"@type\":\"EntryPoint\",\"urlTemplate\":\"https:\\\/\\\/staging.fbt-avocats.ch\\\/en\\\/?s={search_term_string}\"},\"query-input\":{\"@type\":\"PropertyValueSpecification\",\"valueRequired\":true,\"valueName\":\"search_term_string\"}}],\"inLanguage\":\"en-US\"},{\"@type\":\"Person\",\"@id\":\"https:\\\/\\\/staging.fbt-avocats.ch\\\/en\\\/#\\\/schema\\\/person\\\/fc6aec890aeb5ba75401bb59536340fb\",\"name\":\"Acey\"}]}<\/script>\n<!-- \/ Yoast SEO Premium plugin. -->","yoast_head_json":{"title":"Tour de vis du Tribunal f\u00e9d\u00e9ral sur les commissions des banques | FBT Avocats SA","robots":{"index":"noindex","follow":"follow","max-snippet":"max-snippet:-1","max-image-preview":"max-image-preview:large","max-video-preview":"max-video-preview:-1"},"og_locale":"en_US","og_type":"article","og_title":"Tour de vis du Tribunal f\u00e9d\u00e9ral sur les commissions des banques","og_url":"https:\/\/staging.fbt-avocats.ch\/en\/tour-de-vis-du-tribunal-federal-sur-les-commissions-des-banques\/","og_site_name":"FBT Avocats SA","article_published_time":"2012-11-02T14:11:57+00:00","og_image":[{"width":120,"height":120,"url":"https:\/\/staging.fbt-avocats.ch\/wp-content\/uploads\/2016\/04\/fbt-etude-avocats-icone-document-pdf.png","type":"image\/png"}],"author":"Acey","twitter_card":"summary_large_image","twitter_misc":{"Written by":"Acey","Est. reading time":"2 minutes"},"schema":{"@context":"https:\/\/schema.org","@graph":[{"@type":"Article","@id":"https:\/\/staging.fbt-avocats.ch\/en\/tour-de-vis-du-tribunal-federal-sur-les-commissions-des-banques\/#article","isPartOf":{"@id":"https:\/\/staging.fbt-avocats.ch\/en\/tour-de-vis-du-tribunal-federal-sur-les-commissions-des-banques\/"},"author":{"name":"Acey","@id":"https:\/\/staging.fbt-avocats.ch\/en\/#\/schema\/person\/fc6aec890aeb5ba75401bb59536340fb"},"headline":"Tour de vis du Tribunal f\u00e9d\u00e9ral sur les commissions des banques","datePublished":"2012-11-02T14:11:57+00:00","mainEntityOfPage":{"@id":"https:\/\/staging.fbt-avocats.ch\/en\/tour-de-vis-du-tribunal-federal-sur-les-commissions-des-banques\/"},"wordCount":357,"image":{"@id":"https:\/\/staging.fbt-avocats.ch\/en\/tour-de-vis-du-tribunal-federal-sur-les-commissions-des-banques\/#primaryimage"},"thumbnailUrl":"https:\/\/staging.fbt-avocats.ch\/wp-content\/uploads\/2016\/04\/fbt-etude-avocats-icone-document-pdf.png","keywords":["Le Temps"],"articleSection":["Media and News"],"inLanguage":"en-US"},{"@type":"WebPage","@id":"https:\/\/staging.fbt-avocats.ch\/en\/tour-de-vis-du-tribunal-federal-sur-les-commissions-des-banques\/","url":"https:\/\/staging.fbt-avocats.ch\/en\/tour-de-vis-du-tribunal-federal-sur-les-commissions-des-banques\/","name":"Tour de vis du Tribunal f\u00e9d\u00e9ral sur les commissions des banques | FBT Avocats SA","isPartOf":{"@id":"https:\/\/staging.fbt-avocats.ch\/en\/#website"},"primaryImageOfPage":{"@id":"https:\/\/staging.fbt-avocats.ch\/en\/tour-de-vis-du-tribunal-federal-sur-les-commissions-des-banques\/#primaryimage"},"image":{"@id":"https:\/\/staging.fbt-avocats.ch\/en\/tour-de-vis-du-tribunal-federal-sur-les-commissions-des-banques\/#primaryimage"},"thumbnailUrl":"https:\/\/staging.fbt-avocats.ch\/wp-content\/uploads\/2016\/04\/fbt-etude-avocats-icone-document-pdf.png","datePublished":"2012-11-02T14:11:57+00:00","author":{"@id":"https:\/\/staging.fbt-avocats.ch\/en\/#\/schema\/person\/fc6aec890aeb5ba75401bb59536340fb"},"breadcrumb":{"@id":"https:\/\/staging.fbt-avocats.ch\/en\/tour-de-vis-du-tribunal-federal-sur-les-commissions-des-banques\/#breadcrumb"},"inLanguage":"en-US","potentialAction":[{"@type":"ReadAction","target":["https:\/\/staging.fbt-avocats.ch\/en\/tour-de-vis-du-tribunal-federal-sur-les-commissions-des-banques\/"]}]},{"@type":"ImageObject","inLanguage":"en-US","@id":"https:\/\/staging.fbt-avocats.ch\/en\/tour-de-vis-du-tribunal-federal-sur-les-commissions-des-banques\/#primaryimage","url":"https:\/\/staging.fbt-avocats.ch\/wp-content\/uploads\/2016\/04\/fbt-etude-avocats-icone-document-pdf.png","contentUrl":"https:\/\/staging.fbt-avocats.ch\/wp-content\/uploads\/2016\/04\/fbt-etude-avocats-icone-document-pdf.png","width":120,"height":120},{"@type":"BreadcrumbList","@id":"https:\/\/staging.fbt-avocats.ch\/en\/tour-de-vis-du-tribunal-federal-sur-les-commissions-des-banques\/#breadcrumb","itemListElement":[{"@type":"ListItem","position":1,"name":"Home","item":"https:\/\/staging.fbt-avocats.ch\/en\/"},{"@type":"ListItem","position":2,"name":"Tour de vis du Tribunal f\u00e9d\u00e9ral sur les commissions des banques"}]},{"@type":"WebSite","@id":"https:\/\/staging.fbt-avocats.ch\/en\/#website","url":"https:\/\/staging.fbt-avocats.ch\/en\/","name":"FBT Avocats SA","description":"Etudes bas\u00e9es \u00e0 Gen\u00e8ve et Paris","potentialAction":[{"@type":"SearchAction","target":{"@type":"EntryPoint","urlTemplate":"https:\/\/staging.fbt-avocats.ch\/en\/?s={search_term_string}"},"query-input":{"@type":"PropertyValueSpecification","valueRequired":true,"valueName":"search_term_string"}}],"inLanguage":"en-US"},{"@type":"Person","@id":"https:\/\/staging.fbt-avocats.ch\/en\/#\/schema\/person\/fc6aec890aeb5ba75401bb59536340fb","name":"Acey"}]}},"_links":{"self":[{"href":"https:\/\/staging.fbt-avocats.ch\/en\/wp-json\/wp\/v2\/posts\/17775","targetHints":{"allow":["GET"]}}],"collection":[{"href":"https:\/\/staging.fbt-avocats.ch\/en\/wp-json\/wp\/v2\/posts"}],"about":[{"href":"https:\/\/staging.fbt-avocats.ch\/en\/wp-json\/wp\/v2\/types\/post"}],"author":[{"embeddable":true,"href":"https:\/\/staging.fbt-avocats.ch\/en\/wp-json\/wp\/v2\/users\/2"}],"replies":[{"embeddable":true,"href":"https:\/\/staging.fbt-avocats.ch\/en\/wp-json\/wp\/v2\/comments?post=17775"}],"version-history":[{"count":0,"href":"https:\/\/staging.fbt-avocats.ch\/en\/wp-json\/wp\/v2\/posts\/17775\/revisions"}],"wp:featuredmedia":[{"embeddable":true,"href":"https:\/\/staging.fbt-avocats.ch\/en\/wp-json\/wp\/v2\/media\/1372"}],"wp:attachment":[{"href":"https:\/\/staging.fbt-avocats.ch\/en\/wp-json\/wp\/v2\/media?parent=17775"}],"wp:term":[{"taxonomy":"category","embeddable":true,"href":"https:\/\/staging.fbt-avocats.ch\/en\/wp-json\/wp\/v2\/categories?post=17775"},{"taxonomy":"post_tag","embeddable":true,"href":"https:\/\/staging.fbt-avocats.ch\/en\/wp-json\/wp\/v2\/tags?post=17775"},{"taxonomy":"datespeciale","embeddable":true,"href":"https:\/\/staging.fbt-avocats.ch\/en\/wp-json\/wp\/v2\/datespeciale?post=17775"}],"curies":[{"name":"wp","href":"https:\/\/api.w.org\/{rel}","templated":true}]}}