{"id":17910,"date":"2019-11-06T11:30:51","date_gmt":"2019-11-06T10:30:51","guid":{"rendered":"https:\/\/www.fbt-avocats.ch\/regularisation-fiscale-en-france-portes-ouvertes-et-impact-de-la-creation-du-smec\/"},"modified":"2019-11-25T14:30:30","modified_gmt":"2019-11-25T13:30:30","slug":"regularisation-fiscale-en-france-portes-ouvertes-et-impact-de-la-creation-du-smec","status":"publish","type":"post","link":"https:\/\/staging.fbt-avocats.ch\/en\/regularisation-fiscale-en-france-portes-ouvertes-et-impact-de-la-creation-du-smec\/","title":{"rendered":"6 novembre 2019 &#8211; R\u00e9gularisation fiscale en France : Portes ouvertes et impact de la cr\u00e9ation du smec"},"content":{"rendered":"\n<style type=\"text\/css\" data-created_by=\"avia_inline_auto\" id=\"style-css-av-2etm70-18119d64f2fb4dae83c6c7ce50a97b7b\">\n.flex_column.av-2etm70-18119d64f2fb4dae83c6c7ce50a97b7b{\nborder-radius:0px 0px 0px 0px;\npadding:0px 0px 0px 0px;\n}\n<\/style>\n<div  class='flex_column av-2etm70-18119d64f2fb4dae83c6c7ce50a97b7b av_one_full  avia-builder-el-0  avia-builder-el-no-sibling  first flex_column_div av-zero-column-padding  '     ><p>\n<style type=\"text\/css\" data-created_by=\"avia_inline_auto\" id=\"style-css-av-k1tej63t-eaa16a466c4053f3f13c261e24492c67\">\n#top .av-special-heading.av-k1tej63t-eaa16a466c4053f3f13c261e24492c67{\npadding-bottom:10px;\nfont-size:26px;\n}\nbody .av-special-heading.av-k1tej63t-eaa16a466c4053f3f13c261e24492c67 .av-special-heading-tag .heading-char{\nfont-size:25px;\n}\n#top #wrap_all .av-special-heading.av-k1tej63t-eaa16a466c4053f3f13c261e24492c67 .av-special-heading-tag{\nfont-size:26px;\n}\n.av-special-heading.av-k1tej63t-eaa16a466c4053f3f13c261e24492c67 .av-subheading{\nfont-size:15px;\n}\n\n@media only screen and (min-width: 480px) and (max-width: 767px){ \n#top #wrap_all .av-special-heading.av-k1tej63t-eaa16a466c4053f3f13c261e24492c67 .av-special-heading-tag{\nfont-size:0.8em;\n}\n}\n\n@media only screen and (max-width: 479px){ \n#top #wrap_all .av-special-heading.av-k1tej63t-eaa16a466c4053f3f13c261e24492c67 .av-special-heading-tag{\nfont-size:0.8em;\n}\n}\n<\/style>\n<div  class='av-special-heading av-k1tej63t-eaa16a466c4053f3f13c261e24492c67 av-special-heading-h1 blockquote modern-quote  avia-builder-el-1  el_before_av_hr  avia-builder-el-first  av-inherit-size'><h1 class='av-special-heading-tag '  itemprop=\"headline\"  >R\u00e9gularisation fiscale en France : Portes ouvertes et impact de la cr\u00e9ation du smec<\/h1><div class='av-subheading av-subheading_below'><p>6 novembre 2019 &#8211;\u00a0FINIX EVENTS<br \/>\nAlain Moreau<\/p>\n<\/div><div class=\"special-heading-border\"><div class=\"special-heading-inner-border\"><\/div><\/div><\/div><br \/>\n\n<style type=\"text\/css\" data-created_by=\"avia_inline_auto\" id=\"style-css-av-jnbvy448-af61e942265cee5c52b6bd275e002429\">\n#top .hr.hr-invisible.av-jnbvy448-af61e942265cee5c52b6bd275e002429{\nheight:20px;\n}\n<\/style>\n<div  class='hr av-jnbvy448-af61e942265cee5c52b6bd275e002429 hr-invisible  avia-builder-el-2  el_after_av_heading  el_before_av_textblock '><span class='hr-inner '><span class=\"hr-inner-style\"><\/span><\/span><\/div><br \/>\n<section  class='av_textblock_section av-jnbvyq3d-c7f69aaf0105aaab2cdd6aefc764e89e '   itemscope=\"itemscope\" itemtype=\"https:\/\/schema.org\/BlogPosting\" itemprop=\"blogPost\" ><div class='avia_textblock'  itemprop=\"text\" ><p>Nous vous invitons le 6 novembre 2019 \u00e0 Gen\u00e8ve pour notre conf\u00e9rence \u00ab R\u00e9gularisation fiscale en France : portes ouvertes et impacts de la cr\u00e9ation du SMEC \u00bb.<\/p>\n<p>Nos experts analyseront les possibilit\u00e9s de r\u00e9gularisation des personnes physiques, tant en terme de co\u00fbts que de risques. Les possibilit\u00e9s offertes par le Service de Mise en Conformit\u00e9 des Entreprises (SMEC) seront \u00e9galement discut\u00e9es.<\/p>\n<p>Votre participation \u00e0 cette conf\u00e9rence vous permettra de rencontrer notamment des banquiers priv\u00e9s, des avocats fiscalistes, des conseillers fiscaux, des fiduciaires, et des g\u00e9rants ind\u00e9pendants.<\/p>\n<\/div><\/section><br \/>\n\n<style type=\"text\/css\" data-created_by=\"avia_inline_auto\" id=\"style-css-av-jnbvy448-af61e942265cee5c52b6bd275e002429\">\n#top .hr.hr-invisible.av-jnbvy448-af61e942265cee5c52b6bd275e002429{\nheight:20px;\n}\n<\/style>\n<div  class='hr av-jnbvy448-af61e942265cee5c52b6bd275e002429 hr-invisible  avia-builder-el-4  el_after_av_textblock  el_before_av_buttonrow '><span class='hr-inner '><span class=\"hr-inner-style\"><\/span><\/span><\/div><br \/>\n<div  class='avia-buttonrow-wrap av-k1teud35-52ba5c6152c36ec4c5a6110e17db398d avia-buttonrow-left  avia-builder-el-5  el_after_av_hr  avia-builder-el-last '>\n\n<style type=\"text\/css\" data-created_by=\"avia_inline_auto\" id=\"style-css-av-av_buttonrow_item-a0732eb862431802082c08b1f354fef1\">\n#top #wrap_all .avia-button.av-av_buttonrow_item-a0732eb862431802082c08b1f354fef1{\nbackground-color:#44525f;\nborder-color:#44525f;\ncolor:#ffffff;\ntransition:all 0.4s ease-in-out;\nmargin-bottom:5px;\nmargin-right:5px;\n}\n#top #wrap_all .avia-button.av-av_buttonrow_item-a0732eb862431802082c08b1f354fef1 .avia-svg-icon svg:first-child{\nfill:#ffffff;\nstroke:#ffffff;\n}\n<\/style>\n<a href='https:\/\/staging.fbt-avocats.ch\/wp-content\/uploads\/2019\/10\/R\u00e9gularisation-fiscale-en-France.pdf'  class='avia-button av-av_buttonrow_item-a0732eb862431802082c08b1f354fef1 avia-icon_select-no avia-size-large'   aria-label=\"Consulter le programme\"><span class='avia_iconbox_title' >Consulter le programme<\/span><\/a>\n\n<style type=\"text\/css\" data-created_by=\"avia_inline_auto\" id=\"style-css-av-av_buttonrow_item-3e04418fd34219c21dbcba0ed06503f8\">\n#top #wrap_all .avia-button.av-av_buttonrow_item-3e04418fd34219c21dbcba0ed06503f8{\nbackground-color:#44525f;\nborder-color:#44525f;\ncolor:#ffffff;\ntransition:all 0.4s ease-in-out;\nmargin-bottom:5px;\nmargin-right:5px;\n}\n#top #wrap_all .avia-button.av-av_buttonrow_item-3e04418fd34219c21dbcba0ed06503f8 .avia-svg-icon svg:first-child{\nfill:#ffffff;\nstroke:#ffffff;\n}\n<\/style>\n<a href='https:\/\/www.finixevents.com\/events\/regularisation-fiscale-en-france-portes-ouvertes-et-impacts-de-la-creation-du-smec'  class='avia-button av-av_buttonrow_item-3e04418fd34219c21dbcba0ed06503f8 avia-icon_select-no avia-size-large'   aria-label=\"Inscription\"><span class='avia_iconbox_title' >Inscription<\/span><\/a>\n<\/div><\/p><\/div>\n","protected":false},"excerpt":{"rendered":"","protected":false},"author":18,"featured_media":0,"comment_status":"closed","ping_status":"closed","sticky":false,"template":"","format":"standard","meta":{"footnotes":""},"categories":[52],"tags":[748],"datespeciale":[745],"class_list":["post-17910","post","type-post","status-publish","format-standard","hentry","category-en-conferences","tag-finix-events-en","competences-tax","auteurs-alain-moreau-en","date-publication-2019-en","diffusion-conferences-en","datespeciale-conference2"],"yoast_head":"<!-- This site is optimized with the Yoast SEO Premium plugin v27.4 (Yoast SEO v27.4) - https:\/\/yoast.com\/product\/yoast-seo-premium-wordpress\/ -->\n<title>6 novembre 2019 - R\u00e9gularisation fiscale en France : Portes ouvertes et impact de la cr\u00e9ation du smec | FBT Avocats SA<\/title>\n<meta name=\"robots\" content=\"noindex, follow, max-snippet:-1, max-image-preview:large, max-video-preview:-1\" \/>\n<meta property=\"og:locale\" content=\"en_US\" \/>\n<meta property=\"og:type\" content=\"article\" \/>\n<meta property=\"og:title\" content=\"6 novembre 2019 - R\u00e9gularisation fiscale en France : Portes ouvertes et impact de la cr\u00e9ation du smec\" \/>\n<meta property=\"og:url\" content=\"https:\/\/staging.fbt-avocats.ch\/en\/regularisation-fiscale-en-france-portes-ouvertes-et-impact-de-la-creation-du-smec\/\" \/>\n<meta property=\"og:site_name\" content=\"FBT Avocats SA\" \/>\n<meta property=\"article:published_time\" content=\"2019-11-06T10:30:51+00:00\" \/>\n<meta property=\"article:modified_time\" content=\"2019-11-25T13:30:30+00:00\" \/>\n<meta name=\"author\" content=\"Helder Carvalho\" \/>\n<meta name=\"twitter:card\" content=\"summary_large_image\" \/>\n<meta name=\"twitter:label1\" content=\"Written by\" \/>\n\t<meta name=\"twitter:data1\" content=\"Helder Carvalho\" \/>\n\t<meta name=\"twitter:label2\" content=\"Est. reading time\" \/>\n\t<meta name=\"twitter:data2\" content=\"3 minutes\" \/>\n<script type=\"application\/ld+json\" class=\"yoast-schema-graph\">{\"@context\":\"https:\\\/\\\/schema.org\",\"@graph\":[{\"@type\":\"Article\",\"@id\":\"https:\\\/\\\/staging.fbt-avocats.ch\\\/en\\\/regularisation-fiscale-en-france-portes-ouvertes-et-impact-de-la-creation-du-smec\\\/#article\",\"isPartOf\":{\"@id\":\"https:\\\/\\\/staging.fbt-avocats.ch\\\/en\\\/regularisation-fiscale-en-france-portes-ouvertes-et-impact-de-la-creation-du-smec\\\/\"},\"author\":{\"name\":\"Helder Carvalho\",\"@id\":\"https:\\\/\\\/staging.fbt-avocats.ch\\\/#\\\/schema\\\/person\\\/59cfd6ef8354572f3769bd501839bddd\"},\"headline\":\"6 novembre 2019 &#8211; R\u00e9gularisation fiscale en France : Portes ouvertes et impact de la cr\u00e9ation du smec\",\"datePublished\":\"2019-11-06T10:30:51+00:00\",\"dateModified\":\"2019-11-25T13:30:30+00:00\",\"mainEntityOfPage\":{\"@id\":\"https:\\\/\\\/staging.fbt-avocats.ch\\\/en\\\/regularisation-fiscale-en-france-portes-ouvertes-et-impact-de-la-creation-du-smec\\\/\"},\"wordCount\":440,\"keywords\":[\"FINIX EVENTS\"],\"articleSection\":[\"Conferences\"],\"inLanguage\":\"en-US\"},{\"@type\":\"WebPage\",\"@id\":\"https:\\\/\\\/staging.fbt-avocats.ch\\\/en\\\/regularisation-fiscale-en-france-portes-ouvertes-et-impact-de-la-creation-du-smec\\\/\",\"url\":\"https:\\\/\\\/staging.fbt-avocats.ch\\\/en\\\/regularisation-fiscale-en-france-portes-ouvertes-et-impact-de-la-creation-du-smec\\\/\",\"name\":\"6 novembre 2019 - R\u00e9gularisation fiscale en France : Portes ouvertes et impact de la cr\u00e9ation du smec | FBT Avocats SA\",\"isPartOf\":{\"@id\":\"https:\\\/\\\/staging.fbt-avocats.ch\\\/#website\"},\"datePublished\":\"2019-11-06T10:30:51+00:00\",\"dateModified\":\"2019-11-25T13:30:30+00:00\",\"author\":{\"@id\":\"https:\\\/\\\/staging.fbt-avocats.ch\\\/#\\\/schema\\\/person\\\/59cfd6ef8354572f3769bd501839bddd\"},\"breadcrumb\":{\"@id\":\"https:\\\/\\\/staging.fbt-avocats.ch\\\/en\\\/regularisation-fiscale-en-france-portes-ouvertes-et-impact-de-la-creation-du-smec\\\/#breadcrumb\"},\"inLanguage\":\"en-US\",\"potentialAction\":[{\"@type\":\"ReadAction\",\"target\":[\"https:\\\/\\\/staging.fbt-avocats.ch\\\/en\\\/regularisation-fiscale-en-france-portes-ouvertes-et-impact-de-la-creation-du-smec\\\/\"]}]},{\"@type\":\"BreadcrumbList\",\"@id\":\"https:\\\/\\\/staging.fbt-avocats.ch\\\/en\\\/regularisation-fiscale-en-france-portes-ouvertes-et-impact-de-la-creation-du-smec\\\/#breadcrumb\",\"itemListElement\":[{\"@type\":\"ListItem\",\"position\":1,\"name\":\"Home\",\"item\":\"https:\\\/\\\/staging.fbt-avocats.ch\\\/en\\\/\"},{\"@type\":\"ListItem\",\"position\":2,\"name\":\"6 novembre 2019 &#8211; R\u00e9gularisation fiscale en France : Portes ouvertes et impact de la cr\u00e9ation du smec\"}]},{\"@type\":\"WebSite\",\"@id\":\"https:\\\/\\\/staging.fbt-avocats.ch\\\/#website\",\"url\":\"https:\\\/\\\/staging.fbt-avocats.ch\\\/\",\"name\":\"FBT Avocats SA\",\"description\":\"Etudes bas\u00e9es \u00e0 Gen\u00e8ve et Paris\",\"potentialAction\":[{\"@type\":\"SearchAction\",\"target\":{\"@type\":\"EntryPoint\",\"urlTemplate\":\"https:\\\/\\\/staging.fbt-avocats.ch\\\/?s={search_term_string}\"},\"query-input\":{\"@type\":\"PropertyValueSpecification\",\"valueRequired\":true,\"valueName\":\"search_term_string\"}}],\"inLanguage\":\"en-US\"},{\"@type\":\"Person\",\"@id\":\"https:\\\/\\\/staging.fbt-avocats.ch\\\/#\\\/schema\\\/person\\\/59cfd6ef8354572f3769bd501839bddd\",\"name\":\"Helder Carvalho\"}]}<\/script>\n<!-- \/ Yoast SEO Premium plugin. -->","yoast_head_json":{"title":"6 novembre 2019 - R\u00e9gularisation fiscale en France : Portes ouvertes et impact de la cr\u00e9ation du smec | FBT Avocats SA","robots":{"index":"noindex","follow":"follow","max-snippet":"max-snippet:-1","max-image-preview":"max-image-preview:large","max-video-preview":"max-video-preview:-1"},"og_locale":"en_US","og_type":"article","og_title":"6 novembre 2019 - R\u00e9gularisation fiscale en France : Portes ouvertes et impact de la cr\u00e9ation du smec","og_url":"https:\/\/staging.fbt-avocats.ch\/en\/regularisation-fiscale-en-france-portes-ouvertes-et-impact-de-la-creation-du-smec\/","og_site_name":"FBT Avocats SA","article_published_time":"2019-11-06T10:30:51+00:00","article_modified_time":"2019-11-25T13:30:30+00:00","author":"Helder Carvalho","twitter_card":"summary_large_image","twitter_misc":{"Written by":"Helder Carvalho","Est. reading time":"3 minutes"},"schema":{"@context":"https:\/\/schema.org","@graph":[{"@type":"Article","@id":"https:\/\/staging.fbt-avocats.ch\/en\/regularisation-fiscale-en-france-portes-ouvertes-et-impact-de-la-creation-du-smec\/#article","isPartOf":{"@id":"https:\/\/staging.fbt-avocats.ch\/en\/regularisation-fiscale-en-france-portes-ouvertes-et-impact-de-la-creation-du-smec\/"},"author":{"name":"Helder Carvalho","@id":"https:\/\/staging.fbt-avocats.ch\/#\/schema\/person\/59cfd6ef8354572f3769bd501839bddd"},"headline":"6 novembre 2019 &#8211; R\u00e9gularisation fiscale en France : Portes ouvertes et impact de la cr\u00e9ation du smec","datePublished":"2019-11-06T10:30:51+00:00","dateModified":"2019-11-25T13:30:30+00:00","mainEntityOfPage":{"@id":"https:\/\/staging.fbt-avocats.ch\/en\/regularisation-fiscale-en-france-portes-ouvertes-et-impact-de-la-creation-du-smec\/"},"wordCount":440,"keywords":["FINIX EVENTS"],"articleSection":["Conferences"],"inLanguage":"en-US"},{"@type":"WebPage","@id":"https:\/\/staging.fbt-avocats.ch\/en\/regularisation-fiscale-en-france-portes-ouvertes-et-impact-de-la-creation-du-smec\/","url":"https:\/\/staging.fbt-avocats.ch\/en\/regularisation-fiscale-en-france-portes-ouvertes-et-impact-de-la-creation-du-smec\/","name":"6 novembre 2019 - R\u00e9gularisation fiscale en France : Portes ouvertes et impact de la cr\u00e9ation du smec | FBT Avocats SA","isPartOf":{"@id":"https:\/\/staging.fbt-avocats.ch\/#website"},"datePublished":"2019-11-06T10:30:51+00:00","dateModified":"2019-11-25T13:30:30+00:00","author":{"@id":"https:\/\/staging.fbt-avocats.ch\/#\/schema\/person\/59cfd6ef8354572f3769bd501839bddd"},"breadcrumb":{"@id":"https:\/\/staging.fbt-avocats.ch\/en\/regularisation-fiscale-en-france-portes-ouvertes-et-impact-de-la-creation-du-smec\/#breadcrumb"},"inLanguage":"en-US","potentialAction":[{"@type":"ReadAction","target":["https:\/\/staging.fbt-avocats.ch\/en\/regularisation-fiscale-en-france-portes-ouvertes-et-impact-de-la-creation-du-smec\/"]}]},{"@type":"BreadcrumbList","@id":"https:\/\/staging.fbt-avocats.ch\/en\/regularisation-fiscale-en-france-portes-ouvertes-et-impact-de-la-creation-du-smec\/#breadcrumb","itemListElement":[{"@type":"ListItem","position":1,"name":"Home","item":"https:\/\/staging.fbt-avocats.ch\/en\/"},{"@type":"ListItem","position":2,"name":"6 novembre 2019 &#8211; R\u00e9gularisation fiscale en France : Portes ouvertes et impact de la cr\u00e9ation du smec"}]},{"@type":"WebSite","@id":"https:\/\/staging.fbt-avocats.ch\/#website","url":"https:\/\/staging.fbt-avocats.ch\/","name":"FBT Avocats SA","description":"Etudes bas\u00e9es \u00e0 Gen\u00e8ve et Paris","potentialAction":[{"@type":"SearchAction","target":{"@type":"EntryPoint","urlTemplate":"https:\/\/staging.fbt-avocats.ch\/?s={search_term_string}"},"query-input":{"@type":"PropertyValueSpecification","valueRequired":true,"valueName":"search_term_string"}}],"inLanguage":"en-US"},{"@type":"Person","@id":"https:\/\/staging.fbt-avocats.ch\/#\/schema\/person\/59cfd6ef8354572f3769bd501839bddd","name":"Helder Carvalho"}]}},"_links":{"self":[{"href":"https:\/\/staging.fbt-avocats.ch\/en\/wp-json\/wp\/v2\/posts\/17910","targetHints":{"allow":["GET"]}}],"collection":[{"href":"https:\/\/staging.fbt-avocats.ch\/en\/wp-json\/wp\/v2\/posts"}],"about":[{"href":"https:\/\/staging.fbt-avocats.ch\/en\/wp-json\/wp\/v2\/types\/post"}],"author":[{"embeddable":true,"href":"https:\/\/staging.fbt-avocats.ch\/en\/wp-json\/wp\/v2\/users\/18"}],"replies":[{"embeddable":true,"href":"https:\/\/staging.fbt-avocats.ch\/en\/wp-json\/wp\/v2\/comments?post=17910"}],"version-history":[{"count":0,"href":"https:\/\/staging.fbt-avocats.ch\/en\/wp-json\/wp\/v2\/posts\/17910\/revisions"}],"wp:attachment":[{"href":"https:\/\/staging.fbt-avocats.ch\/en\/wp-json\/wp\/v2\/media?parent=17910"}],"wp:term":[{"taxonomy":"category","embeddable":true,"href":"https:\/\/staging.fbt-avocats.ch\/en\/wp-json\/wp\/v2\/categories?post=17910"},{"taxonomy":"post_tag","embeddable":true,"href":"https:\/\/staging.fbt-avocats.ch\/en\/wp-json\/wp\/v2\/tags?post=17910"},{"taxonomy":"datespeciale","embeddable":true,"href":"https:\/\/staging.fbt-avocats.ch\/en\/wp-json\/wp\/v2\/datespeciale?post=17910"}],"curies":[{"name":"wp","href":"https:\/\/api.w.org\/{rel}","templated":true}]}}