{"id":17911,"date":"2019-10-29T15:00:42","date_gmt":"2019-10-29T14:00:42","guid":{"rendered":"https:\/\/www.fbt-avocats.ch\/gestionnaires-de-fortune-collective-demande-dautorisation-finma-selon-la-lefin-et-autres-themes-importants\/"},"modified":"2022-04-05T15:54:46","modified_gmt":"2022-04-05T14:54:46","slug":"gestionnaires-de-fortune-collective-demande-dautorisation-finma-selon-la-lefin-et-autres-themes-importants","status":"publish","type":"post","link":"https:\/\/staging.fbt-avocats.ch\/en\/gestionnaires-de-fortune-collective-demande-dautorisation-finma-selon-la-lefin-et-autres-themes-importants\/","title":{"rendered":"29 octobre 2019 &#8211; Gestionnaires de fortune collective, demande d\u2019autorisation FINMA selon la LEFIN et autres th\u00e8mes importants"},"content":{"rendered":"\n<style type=\"text\/css\" data-created_by=\"avia_inline_auto\" id=\"style-css-av-2etm70-18119d64f2fb4dae83c6c7ce50a97b7b\">\n.flex_column.av-2etm70-18119d64f2fb4dae83c6c7ce50a97b7b{\nborder-radius:0px 0px 0px 0px;\npadding:0px 0px 0px 0px;\n}\n<\/style>\n<div  class='flex_column av-2etm70-18119d64f2fb4dae83c6c7ce50a97b7b av_one_full  avia-builder-el-0  avia-builder-el-no-sibling  first flex_column_div av-zero-column-padding  '     ><p>\n<style type=\"text\/css\" data-created_by=\"avia_inline_auto\" id=\"style-css-av-av_heading-e0a4efce779844436194eae8214edd8b\">\n#top .av-special-heading.av-av_heading-e0a4efce779844436194eae8214edd8b{\npadding-bottom:10px;\nfont-size:26px;\n}\nbody .av-special-heading.av-av_heading-e0a4efce779844436194eae8214edd8b .av-special-heading-tag .heading-char{\nfont-size:25px;\n}\n#top #wrap_all .av-special-heading.av-av_heading-e0a4efce779844436194eae8214edd8b .av-special-heading-tag{\nfont-size:26px;\n}\n.av-special-heading.av-av_heading-e0a4efce779844436194eae8214edd8b .av-subheading{\nfont-size:15px;\n}\n\n@media only screen and (min-width: 480px) and (max-width: 767px){ \n#top #wrap_all .av-special-heading.av-av_heading-e0a4efce779844436194eae8214edd8b .av-special-heading-tag{\nfont-size:0.8em;\n}\n}\n\n@media only screen and (max-width: 479px){ \n#top #wrap_all .av-special-heading.av-av_heading-e0a4efce779844436194eae8214edd8b .av-special-heading-tag{\nfont-size:0.8em;\n}\n}\n<\/style>\n<div  class='av-special-heading av-av_heading-e0a4efce779844436194eae8214edd8b av-special-heading-h1 blockquote modern-quote  avia-builder-el-1  el_before_av_hr  avia-builder-el-first  av-inherit-size'><h1 class='av-special-heading-tag '  itemprop=\"headline\"  >Gestionnaires de fortune collective, demande d\u2019autorisation FINMA selon la LEFIN et autres th\u00e8mes importants<\/h1><div class='av-subheading av-subheading_below'><p>29 octobre 2019 &#8211;\u00a0Association Suisse des G\u00e9rants de Fortune l ASG<br \/>\nPierre-Olivier Etique<\/p>\n<\/div><div class=\"special-heading-border\"><div class=\"special-heading-inner-border\"><\/div><\/div><\/div><br \/>\n\n<style type=\"text\/css\" data-created_by=\"avia_inline_auto\" id=\"style-css-av-jnbvy448-af61e942265cee5c52b6bd275e002429\">\n#top .hr.hr-invisible.av-jnbvy448-af61e942265cee5c52b6bd275e002429{\nheight:20px;\n}\n<\/style>\n<div  class='hr av-jnbvy448-af61e942265cee5c52b6bd275e002429 hr-invisible  avia-builder-el-2  el_after_av_heading  el_before_av_textblock '><span class='hr-inner '><span class=\"hr-inner-style\"><\/span><\/span><\/div><br \/>\n<section  class='av_textblock_section av-jnbvyq3d-c7f69aaf0105aaab2cdd6aefc764e89e '   itemscope=\"itemscope\" itemtype=\"https:\/\/schema.org\/BlogPosting\" itemprop=\"blogPost\" ><div class='avia_textblock'  itemprop=\"text\" ><p>Cette s\u00e9ance sera pr\u00e9sent\u00e9e par Me Pierre-Olivier Etique, avocat et associ\u00e9 de l\u2019Etude FBT Avocats SA. Cette pr\u00e9sentation portera sur l\u2019activit\u00e9 de gestionnaire de fortune collective et seront pass\u00e9es en revue les conditions pour la demande d\u2019autorisation de la FINMA selon la LEFin. Seront \u00e9galement pr\u00e9sent\u00e9s des sujets pratiques importants actuels et r\u00e9currents, en particulier les implications de l\u2019activit\u00e9 de conseiller de fonds de placements suisses et \u00e9trangers (UCITS ou non), la situation du g\u00e9rant qui pratique la gestion individuelle et collective et la politique de r\u00e9mun\u00e9ration.<\/p>\n<\/div><\/section><br \/>\n<div  class='avia-button-wrap av-k1tjutvr-5d17d616b26c621fc694a07b49206fa5-wrap avia-button-left  avia-builder-el-4  el_after_av_textblock  avia-builder-el-last '>\n<style type=\"text\/css\" data-created_by=\"avia_inline_auto\" id=\"style-css-av-k1tjutvr-5d17d616b26c621fc694a07b49206fa5\">\n#top #wrap_all .avia-button.av-k1tjutvr-5d17d616b26c621fc694a07b49206fa5{\nbackground-color:#44525f;\nborder-color:#44525f;\ncolor:#ffffff;\ntransition:all 0.4s ease-in-out;\n}\n#top #wrap_all .avia-button.av-k1tjutvr-5d17d616b26c621fc694a07b49206fa5 .avia-svg-icon svg:first-child{\nfill:#ffffff;\nstroke:#ffffff;\n}\n<\/style>\n<a href='https:\/\/www.vsv-asg.ch\/fr\/veranstaltungen?id=340'  class='avia-button av-k1tjutvr-5d17d616b26c621fc694a07b49206fa5 av-link-btn avia-icon_select-no avia-size-large avia-position-left'   aria-label=\"Programme et inscription\"><span class='avia_iconbox_title' >Programme et inscription<\/span><\/a><\/div><\/p><\/div>\n","protected":false},"excerpt":{"rendered":"","protected":false},"author":18,"featured_media":0,"comment_status":"closed","ping_status":"closed","sticky":false,"template":"","format":"standard","meta":{"footnotes":""},"categories":[52],"tags":[749],"datespeciale":[746],"class_list":["post-17911","post","type-post","status-publish","format-standard","hentry","category-en-conferences","tag-asg-en","competences-banking-and-finance","auteurs-fbt-avocats","date-publication-2019-en","diffusion-conferences-en","datespeciale-conference3"],"yoast_head":"<!-- This site is optimized with the Yoast SEO Premium plugin v27.4 (Yoast SEO v27.4) - https:\/\/yoast.com\/product\/yoast-seo-premium-wordpress\/ -->\n<title>29 octobre 2019 - Gestionnaires de fortune collective, demande d\u2019autorisation FINMA selon la LEFIN et autres th\u00e8mes importants | FBT Avocats SA<\/title>\n<meta name=\"robots\" content=\"noindex, follow, max-snippet:-1, max-image-preview:large, max-video-preview:-1\" \/>\n<meta property=\"og:locale\" content=\"en_US\" \/>\n<meta property=\"og:type\" content=\"article\" \/>\n<meta property=\"og:title\" content=\"29 octobre 2019 - Gestionnaires de fortune collective, demande d\u2019autorisation FINMA selon la LEFIN et autres th\u00e8mes importants\" \/>\n<meta property=\"og:url\" content=\"https:\/\/staging.fbt-avocats.ch\/en\/gestionnaires-de-fortune-collective-demande-dautorisation-finma-selon-la-lefin-et-autres-themes-importants\/\" \/>\n<meta property=\"og:site_name\" content=\"FBT Avocats SA\" \/>\n<meta property=\"article:published_time\" content=\"2019-10-29T14:00:42+00:00\" \/>\n<meta property=\"article:modified_time\" content=\"2022-04-05T14:54:46+00:00\" \/>\n<meta name=\"author\" content=\"Helder Carvalho\" \/>\n<meta name=\"twitter:card\" content=\"summary_large_image\" \/>\n<meta name=\"twitter:label1\" content=\"Written by\" \/>\n\t<meta name=\"twitter:data1\" content=\"Helder Carvalho\" \/>\n\t<meta name=\"twitter:label2\" content=\"Est. reading time\" \/>\n\t<meta name=\"twitter:data2\" content=\"2 minutes\" \/>\n<script type=\"application\/ld+json\" class=\"yoast-schema-graph\">{\"@context\":\"https:\\\/\\\/schema.org\",\"@graph\":[{\"@type\":\"Article\",\"@id\":\"https:\\\/\\\/staging.fbt-avocats.ch\\\/en\\\/gestionnaires-de-fortune-collective-demande-dautorisation-finma-selon-la-lefin-et-autres-themes-importants\\\/#article\",\"isPartOf\":{\"@id\":\"https:\\\/\\\/staging.fbt-avocats.ch\\\/en\\\/gestionnaires-de-fortune-collective-demande-dautorisation-finma-selon-la-lefin-et-autres-themes-importants\\\/\"},\"author\":{\"name\":\"Helder Carvalho\",\"@id\":\"https:\\\/\\\/staging.fbt-avocats.ch\\\/en\\\/#\\\/schema\\\/person\\\/59cfd6ef8354572f3769bd501839bddd\"},\"headline\":\"29 octobre 2019 &#8211; Gestionnaires de fortune collective, demande d\u2019autorisation FINMA selon la LEFIN et autres th\u00e8mes importants\",\"datePublished\":\"2019-10-29T14:00:42+00:00\",\"dateModified\":\"2022-04-05T14:54:46+00:00\",\"mainEntityOfPage\":{\"@id\":\"https:\\\/\\\/staging.fbt-avocats.ch\\\/en\\\/gestionnaires-de-fortune-collective-demande-dautorisation-finma-selon-la-lefin-et-autres-themes-importants\\\/\"},\"wordCount\":362,\"keywords\":[\"ASG\"],\"articleSection\":[\"Conferences\"],\"inLanguage\":\"en-US\"},{\"@type\":\"WebPage\",\"@id\":\"https:\\\/\\\/staging.fbt-avocats.ch\\\/en\\\/gestionnaires-de-fortune-collective-demande-dautorisation-finma-selon-la-lefin-et-autres-themes-importants\\\/\",\"url\":\"https:\\\/\\\/staging.fbt-avocats.ch\\\/en\\\/gestionnaires-de-fortune-collective-demande-dautorisation-finma-selon-la-lefin-et-autres-themes-importants\\\/\",\"name\":\"29 octobre 2019 - Gestionnaires de fortune collective, demande d\u2019autorisation FINMA selon la LEFIN et autres th\u00e8mes importants | FBT Avocats SA\",\"isPartOf\":{\"@id\":\"https:\\\/\\\/staging.fbt-avocats.ch\\\/en\\\/#website\"},\"datePublished\":\"2019-10-29T14:00:42+00:00\",\"dateModified\":\"2022-04-05T14:54:46+00:00\",\"author\":{\"@id\":\"https:\\\/\\\/staging.fbt-avocats.ch\\\/en\\\/#\\\/schema\\\/person\\\/59cfd6ef8354572f3769bd501839bddd\"},\"breadcrumb\":{\"@id\":\"https:\\\/\\\/staging.fbt-avocats.ch\\\/en\\\/gestionnaires-de-fortune-collective-demande-dautorisation-finma-selon-la-lefin-et-autres-themes-importants\\\/#breadcrumb\"},\"inLanguage\":\"en-US\",\"potentialAction\":[{\"@type\":\"ReadAction\",\"target\":[\"https:\\\/\\\/staging.fbt-avocats.ch\\\/en\\\/gestionnaires-de-fortune-collective-demande-dautorisation-finma-selon-la-lefin-et-autres-themes-importants\\\/\"]}]},{\"@type\":\"BreadcrumbList\",\"@id\":\"https:\\\/\\\/staging.fbt-avocats.ch\\\/en\\\/gestionnaires-de-fortune-collective-demande-dautorisation-finma-selon-la-lefin-et-autres-themes-importants\\\/#breadcrumb\",\"itemListElement\":[{\"@type\":\"ListItem\",\"position\":1,\"name\":\"Home\",\"item\":\"https:\\\/\\\/staging.fbt-avocats.ch\\\/en\\\/\"},{\"@type\":\"ListItem\",\"position\":2,\"name\":\"29 octobre 2019 &#8211; Gestionnaires de fortune collective, demande d\u2019autorisation FINMA selon la LEFIN et autres th\u00e8mes importants\"}]},{\"@type\":\"WebSite\",\"@id\":\"https:\\\/\\\/staging.fbt-avocats.ch\\\/en\\\/#website\",\"url\":\"https:\\\/\\\/staging.fbt-avocats.ch\\\/en\\\/\",\"name\":\"FBT Avocats SA\",\"description\":\"Etudes bas\u00e9es \u00e0 Gen\u00e8ve et Paris\",\"potentialAction\":[{\"@type\":\"SearchAction\",\"target\":{\"@type\":\"EntryPoint\",\"urlTemplate\":\"https:\\\/\\\/staging.fbt-avocats.ch\\\/en\\\/?s={search_term_string}\"},\"query-input\":{\"@type\":\"PropertyValueSpecification\",\"valueRequired\":true,\"valueName\":\"search_term_string\"}}],\"inLanguage\":\"en-US\"},{\"@type\":\"Person\",\"@id\":\"https:\\\/\\\/staging.fbt-avocats.ch\\\/en\\\/#\\\/schema\\\/person\\\/59cfd6ef8354572f3769bd501839bddd\",\"name\":\"Helder Carvalho\"}]}<\/script>\n<!-- \/ Yoast SEO Premium plugin. -->","yoast_head_json":{"title":"29 octobre 2019 - Gestionnaires de fortune collective, demande d\u2019autorisation FINMA selon la LEFIN et autres th\u00e8mes importants | FBT Avocats SA","robots":{"index":"noindex","follow":"follow","max-snippet":"max-snippet:-1","max-image-preview":"max-image-preview:large","max-video-preview":"max-video-preview:-1"},"og_locale":"en_US","og_type":"article","og_title":"29 octobre 2019 - Gestionnaires de fortune collective, demande d\u2019autorisation FINMA selon la LEFIN et autres th\u00e8mes importants","og_url":"https:\/\/staging.fbt-avocats.ch\/en\/gestionnaires-de-fortune-collective-demande-dautorisation-finma-selon-la-lefin-et-autres-themes-importants\/","og_site_name":"FBT Avocats SA","article_published_time":"2019-10-29T14:00:42+00:00","article_modified_time":"2022-04-05T14:54:46+00:00","author":"Helder Carvalho","twitter_card":"summary_large_image","twitter_misc":{"Written by":"Helder Carvalho","Est. reading time":"2 minutes"},"schema":{"@context":"https:\/\/schema.org","@graph":[{"@type":"Article","@id":"https:\/\/staging.fbt-avocats.ch\/en\/gestionnaires-de-fortune-collective-demande-dautorisation-finma-selon-la-lefin-et-autres-themes-importants\/#article","isPartOf":{"@id":"https:\/\/staging.fbt-avocats.ch\/en\/gestionnaires-de-fortune-collective-demande-dautorisation-finma-selon-la-lefin-et-autres-themes-importants\/"},"author":{"name":"Helder Carvalho","@id":"https:\/\/staging.fbt-avocats.ch\/en\/#\/schema\/person\/59cfd6ef8354572f3769bd501839bddd"},"headline":"29 octobre 2019 &#8211; Gestionnaires de fortune collective, demande d\u2019autorisation FINMA selon la LEFIN et autres th\u00e8mes importants","datePublished":"2019-10-29T14:00:42+00:00","dateModified":"2022-04-05T14:54:46+00:00","mainEntityOfPage":{"@id":"https:\/\/staging.fbt-avocats.ch\/en\/gestionnaires-de-fortune-collective-demande-dautorisation-finma-selon-la-lefin-et-autres-themes-importants\/"},"wordCount":362,"keywords":["ASG"],"articleSection":["Conferences"],"inLanguage":"en-US"},{"@type":"WebPage","@id":"https:\/\/staging.fbt-avocats.ch\/en\/gestionnaires-de-fortune-collective-demande-dautorisation-finma-selon-la-lefin-et-autres-themes-importants\/","url":"https:\/\/staging.fbt-avocats.ch\/en\/gestionnaires-de-fortune-collective-demande-dautorisation-finma-selon-la-lefin-et-autres-themes-importants\/","name":"29 octobre 2019 - Gestionnaires de fortune collective, demande d\u2019autorisation FINMA selon la LEFIN et autres th\u00e8mes importants | FBT Avocats SA","isPartOf":{"@id":"https:\/\/staging.fbt-avocats.ch\/en\/#website"},"datePublished":"2019-10-29T14:00:42+00:00","dateModified":"2022-04-05T14:54:46+00:00","author":{"@id":"https:\/\/staging.fbt-avocats.ch\/en\/#\/schema\/person\/59cfd6ef8354572f3769bd501839bddd"},"breadcrumb":{"@id":"https:\/\/staging.fbt-avocats.ch\/en\/gestionnaires-de-fortune-collective-demande-dautorisation-finma-selon-la-lefin-et-autres-themes-importants\/#breadcrumb"},"inLanguage":"en-US","potentialAction":[{"@type":"ReadAction","target":["https:\/\/staging.fbt-avocats.ch\/en\/gestionnaires-de-fortune-collective-demande-dautorisation-finma-selon-la-lefin-et-autres-themes-importants\/"]}]},{"@type":"BreadcrumbList","@id":"https:\/\/staging.fbt-avocats.ch\/en\/gestionnaires-de-fortune-collective-demande-dautorisation-finma-selon-la-lefin-et-autres-themes-importants\/#breadcrumb","itemListElement":[{"@type":"ListItem","position":1,"name":"Home","item":"https:\/\/staging.fbt-avocats.ch\/en\/"},{"@type":"ListItem","position":2,"name":"29 octobre 2019 &#8211; Gestionnaires de fortune collective, demande d\u2019autorisation FINMA selon la LEFIN et autres th\u00e8mes importants"}]},{"@type":"WebSite","@id":"https:\/\/staging.fbt-avocats.ch\/en\/#website","url":"https:\/\/staging.fbt-avocats.ch\/en\/","name":"FBT Avocats SA","description":"Etudes bas\u00e9es \u00e0 Gen\u00e8ve et Paris","potentialAction":[{"@type":"SearchAction","target":{"@type":"EntryPoint","urlTemplate":"https:\/\/staging.fbt-avocats.ch\/en\/?s={search_term_string}"},"query-input":{"@type":"PropertyValueSpecification","valueRequired":true,"valueName":"search_term_string"}}],"inLanguage":"en-US"},{"@type":"Person","@id":"https:\/\/staging.fbt-avocats.ch\/en\/#\/schema\/person\/59cfd6ef8354572f3769bd501839bddd","name":"Helder Carvalho"}]}},"_links":{"self":[{"href":"https:\/\/staging.fbt-avocats.ch\/en\/wp-json\/wp\/v2\/posts\/17911","targetHints":{"allow":["GET"]}}],"collection":[{"href":"https:\/\/staging.fbt-avocats.ch\/en\/wp-json\/wp\/v2\/posts"}],"about":[{"href":"https:\/\/staging.fbt-avocats.ch\/en\/wp-json\/wp\/v2\/types\/post"}],"author":[{"embeddable":true,"href":"https:\/\/staging.fbt-avocats.ch\/en\/wp-json\/wp\/v2\/users\/18"}],"replies":[{"embeddable":true,"href":"https:\/\/staging.fbt-avocats.ch\/en\/wp-json\/wp\/v2\/comments?post=17911"}],"version-history":[{"count":0,"href":"https:\/\/staging.fbt-avocats.ch\/en\/wp-json\/wp\/v2\/posts\/17911\/revisions"}],"wp:attachment":[{"href":"https:\/\/staging.fbt-avocats.ch\/en\/wp-json\/wp\/v2\/media?parent=17911"}],"wp:term":[{"taxonomy":"category","embeddable":true,"href":"https:\/\/staging.fbt-avocats.ch\/en\/wp-json\/wp\/v2\/categories?post=17911"},{"taxonomy":"post_tag","embeddable":true,"href":"https:\/\/staging.fbt-avocats.ch\/en\/wp-json\/wp\/v2\/tags?post=17911"},{"taxonomy":"datespeciale","embeddable":true,"href":"https:\/\/staging.fbt-avocats.ch\/en\/wp-json\/wp\/v2\/datespeciale?post=17911"}],"curies":[{"name":"wp","href":"https:\/\/api.w.org\/{rel}","templated":true}]}}