{"id":18663,"date":"2019-12-10T16:36:08","date_gmt":"2019-12-10T15:36:08","guid":{"rendered":"https:\/\/www.fbt-avocats.ch\/?p=18663"},"modified":"2020-01-13T14:42:09","modified_gmt":"2020-01-13T13:42:09","slug":"6-fevrier-2020-seminaire-sur-la-lsfin-et-la-lefin","status":"publish","type":"post","link":"https:\/\/staging.fbt-avocats.ch\/en\/6-fevrier-2020-seminaire-sur-la-lsfin-et-la-lefin\/","title":{"rendered":"6 f\u00e9vrier 2020 &#8211; S\u00e9minaire sur la LSFin et la LEFin"},"content":{"rendered":"\n<style type=\"text\/css\" data-created_by=\"avia_inline_auto\" id=\"style-css-av-2etm70-18119d64f2fb4dae83c6c7ce50a97b7b\">\n.flex_column.av-2etm70-18119d64f2fb4dae83c6c7ce50a97b7b{\nborder-radius:0px 0px 0px 0px;\npadding:0px 0px 0px 0px;\n}\n<\/style>\n<div  class='flex_column av-2etm70-18119d64f2fb4dae83c6c7ce50a97b7b av_one_full  avia-builder-el-0  avia-builder-el-no-sibling  first flex_column_div av-zero-column-padding  '     ><p>\n<style type=\"text\/css\" data-created_by=\"avia_inline_auto\" id=\"style-css-av-av_heading-89ba4e6f06739aadd56d3e796a476352\">\n#top .av-special-heading.av-av_heading-89ba4e6f06739aadd56d3e796a476352{\npadding-bottom:10px;\nfont-size:26px;\n}\nbody .av-special-heading.av-av_heading-89ba4e6f06739aadd56d3e796a476352 .av-special-heading-tag .heading-char{\nfont-size:25px;\n}\n#top #wrap_all .av-special-heading.av-av_heading-89ba4e6f06739aadd56d3e796a476352 .av-special-heading-tag{\nfont-size:26px;\n}\n.av-special-heading.av-av_heading-89ba4e6f06739aadd56d3e796a476352 .av-subheading{\nfont-size:15px;\n}\n\n@media only screen and (min-width: 480px) and (max-width: 767px){ \n#top #wrap_all .av-special-heading.av-av_heading-89ba4e6f06739aadd56d3e796a476352 .av-special-heading-tag{\nfont-size:0.8em;\n}\n}\n\n@media only screen and (max-width: 479px){ \n#top #wrap_all .av-special-heading.av-av_heading-89ba4e6f06739aadd56d3e796a476352 .av-special-heading-tag{\nfont-size:0.8em;\n}\n}\n<\/style>\n<div  class='av-special-heading av-av_heading-89ba4e6f06739aadd56d3e796a476352 av-special-heading-h1 blockquote modern-quote  avia-builder-el-1  el_before_av_hr  avia-builder-el-first  av-inherit-size'><h1 class='av-special-heading-tag '  itemprop=\"headline\"  >S\u00e9minaire sur la LSFin et la LEFin<\/h1><div class='av-subheading av-subheading_below'><p>6 f\u00e9vrier 2020 &#8211;\u00a0ODAGE<br \/>\nFr\u00e9d\u00e9rique Bensahel<\/p>\n<\/div><div class=\"special-heading-border\"><div class=\"special-heading-inner-border\"><\/div><\/div><\/div><br \/>\n\n<style type=\"text\/css\" data-created_by=\"avia_inline_auto\" id=\"style-css-av-jnbvy448-af61e942265cee5c52b6bd275e002429\">\n#top .hr.hr-invisible.av-jnbvy448-af61e942265cee5c52b6bd275e002429{\nheight:20px;\n}\n<\/style>\n<div  class='hr av-jnbvy448-af61e942265cee5c52b6bd275e002429 hr-invisible  avia-builder-el-2  el_after_av_heading  el_before_av_textblock '><span class='hr-inner '><span class=\"hr-inner-style\"><\/span><\/span><\/div><br \/>\n<section  class='av_textblock_section av-jnbvyq3d-c7f69aaf0105aaab2cdd6aefc764e89e '   itemscope=\"itemscope\" itemtype=\"https:\/\/schema.org\/BlogPosting\" itemprop=\"blogPost\" ><div class='avia_textblock'  itemprop=\"text\" ><div class=\"mb40 wysiwyg\">\n<p><span style=\"font-size: 16px;\">La Commission fiscale et financi\u00e8re de l&#8217;Ordre des avocats organise, en collaboration avec la banque Pictet &amp; Cie SA, un \u00e9v\u00e9nement visant \u00e0 pr\u00e9senter aux membres de l\u2019Ordre les grandes orientations de la nouvelle loi sur les services financiers (LSFin) et de la nouvelle loi sur les \u00e9tablissements financiers (LEFin), dont l\u2019entr\u00e9e en vigueur interviendra<\/span><a style=\"font-size: 16px;\" href=\"https:\/\/odage.us10.list-manage.com\/track\/click?u=2fa0acad750ae69ccf2a5ba44&amp;id=b51d7f423c&amp;e=769c5c3a1e\" target=\"_blank\" rel=\"noopener noreferrer\"> au 1er janvier 2020<\/a><span style=\"font-size: 16px;\">.<\/span><\/p>\n<\/div>\n<p><strong>D\u00e9tails<\/strong><br \/>\nDate : 6 f\u00e9vrier 2020<br \/>\nHeure : 18 h 30 &#8211; 20 h 00<br \/>\nPrix : Conf\u00e9rence gratuite pour les membres de l&#8217;OdA<\/p>\n<p><strong>Lieu<\/strong><\/p>\n<p>Pictet &amp;Cie<\/p>\n<p>60, route des Acacias<br \/>\n1227 Carouge<\/p>\n<\/div><\/section><br \/>\n\n<style type=\"text\/css\" data-created_by=\"avia_inline_auto\" id=\"style-css-av-jnbvy448-af61e942265cee5c52b6bd275e002429\">\n#top .hr.hr-invisible.av-jnbvy448-af61e942265cee5c52b6bd275e002429{\nheight:20px;\n}\n<\/style>\n<div  class='hr av-jnbvy448-af61e942265cee5c52b6bd275e002429 hr-invisible  avia-builder-el-4  el_after_av_textblock  el_before_av_button '><span class='hr-inner '><span class=\"hr-inner-style\"><\/span><\/span><\/div><br \/>\n<div  class='avia-button-wrap av-jnbw0rxe-3f9d8af7d139c76fba1188a66f8005dd-wrap avia-button-left  avia-builder-el-5  el_after_av_hr  avia-builder-el-last '>\n<style type=\"text\/css\" data-created_by=\"avia_inline_auto\" id=\"style-css-av-jnbw0rxe-3f9d8af7d139c76fba1188a66f8005dd\">\n#top #wrap_all .avia-button.av-jnbw0rxe-3f9d8af7d139c76fba1188a66f8005dd{\nbackground-color:#44525f;\nborder-color:#44525f;\ncolor:#ffffff;\ntransition:all 0.4s ease-in-out;\n}\n#top #wrap_all .avia-button.av-jnbw0rxe-3f9d8af7d139c76fba1188a66f8005dd .avia-svg-icon svg:first-child{\nfill:#ffffff;\nstroke:#ffffff;\n}\n<\/style>\n<a href='https:\/\/www.odage.ch\/formation-permanente\/conferences\/conference\/conference-sur-la-loi-sur-les-services-financiers-lsfin-et-la-loi-sur-les-etablissements-financiers-lefin'  class='avia-button av-jnbw0rxe-3f9d8af7d139c76fba1188a66f8005dd av-link-btn avia-icon_select-no avia-size-large avia-position-left'   aria-label=\"Lire la suite\"><span class='avia_iconbox_title' >Lire la suite<\/span><\/a><\/div><\/p><\/div>\n","protected":false},"excerpt":{"rendered":"","protected":false},"author":18,"featured_media":0,"comment_status":"closed","ping_status":"closed","sticky":false,"template":"","format":"standard","meta":{"footnotes":""},"categories":[52],"tags":[758],"datespeciale":[],"class_list":["post-18663","post","type-post","status-publish","format-standard","hentry","category-en-conferences","tag-odage-en","competences-banking-and-finance","auteurs-frederique-bensahel-en","date-publication-2020-2","date-publication-2020-en","diffusion-conferences-en"],"yoast_head":"<!-- This site is optimized with the Yoast SEO Premium plugin v27.4 (Yoast SEO v27.4) - https:\/\/yoast.com\/product\/yoast-seo-premium-wordpress\/ -->\n<title>6 f\u00e9vrier 2020 - S\u00e9minaire sur la LSFin et la LEFin | FBT Avocats SA<\/title>\n<meta name=\"robots\" content=\"noindex, follow, max-snippet:-1, max-image-preview:large, max-video-preview:-1\" \/>\n<meta property=\"og:locale\" content=\"en_US\" \/>\n<meta property=\"og:type\" content=\"article\" \/>\n<meta property=\"og:title\" content=\"6 f\u00e9vrier 2020 - S\u00e9minaire sur la LSFin et la LEFin\" \/>\n<meta property=\"og:url\" content=\"https:\/\/staging.fbt-avocats.ch\/en\/6-fevrier-2020-seminaire-sur-la-lsfin-et-la-lefin\/\" \/>\n<meta property=\"og:site_name\" content=\"FBT Avocats SA\" \/>\n<meta property=\"article:published_time\" content=\"2019-12-10T15:36:08+00:00\" \/>\n<meta property=\"article:modified_time\" content=\"2020-01-13T13:42:09+00:00\" \/>\n<meta name=\"author\" content=\"Helder Carvalho\" \/>\n<meta name=\"twitter:card\" content=\"summary_large_image\" \/>\n<meta name=\"twitter:label1\" content=\"Written by\" \/>\n\t<meta name=\"twitter:data1\" content=\"Helder Carvalho\" \/>\n\t<meta name=\"twitter:label2\" content=\"Est. reading time\" \/>\n\t<meta name=\"twitter:data2\" content=\"2 minutes\" \/>\n<script type=\"application\/ld+json\" class=\"yoast-schema-graph\">{\"@context\":\"https:\\\/\\\/schema.org\",\"@graph\":[{\"@type\":\"Article\",\"@id\":\"https:\\\/\\\/staging.fbt-avocats.ch\\\/en\\\/6-fevrier-2020-seminaire-sur-la-lsfin-et-la-lefin\\\/#article\",\"isPartOf\":{\"@id\":\"https:\\\/\\\/staging.fbt-avocats.ch\\\/en\\\/6-fevrier-2020-seminaire-sur-la-lsfin-et-la-lefin\\\/\"},\"author\":{\"name\":\"Helder Carvalho\",\"@id\":\"https:\\\/\\\/staging.fbt-avocats.ch\\\/#\\\/schema\\\/person\\\/59cfd6ef8354572f3769bd501839bddd\"},\"headline\":\"6 f\u00e9vrier 2020 &#8211; S\u00e9minaire sur la LSFin et la LEFin\",\"datePublished\":\"2019-12-10T15:36:08+00:00\",\"dateModified\":\"2020-01-13T13:42:09+00:00\",\"mainEntityOfPage\":{\"@id\":\"https:\\\/\\\/staging.fbt-avocats.ch\\\/en\\\/6-fevrier-2020-seminaire-sur-la-lsfin-et-la-lefin\\\/\"},\"wordCount\":375,\"keywords\":[\"ODAGE\"],\"articleSection\":[\"Conferences\"],\"inLanguage\":\"en-US\"},{\"@type\":\"WebPage\",\"@id\":\"https:\\\/\\\/staging.fbt-avocats.ch\\\/en\\\/6-fevrier-2020-seminaire-sur-la-lsfin-et-la-lefin\\\/\",\"url\":\"https:\\\/\\\/staging.fbt-avocats.ch\\\/en\\\/6-fevrier-2020-seminaire-sur-la-lsfin-et-la-lefin\\\/\",\"name\":\"6 f\u00e9vrier 2020 - S\u00e9minaire sur la LSFin et la LEFin | FBT Avocats SA\",\"isPartOf\":{\"@id\":\"https:\\\/\\\/staging.fbt-avocats.ch\\\/#website\"},\"datePublished\":\"2019-12-10T15:36:08+00:00\",\"dateModified\":\"2020-01-13T13:42:09+00:00\",\"author\":{\"@id\":\"https:\\\/\\\/staging.fbt-avocats.ch\\\/#\\\/schema\\\/person\\\/59cfd6ef8354572f3769bd501839bddd\"},\"breadcrumb\":{\"@id\":\"https:\\\/\\\/staging.fbt-avocats.ch\\\/en\\\/6-fevrier-2020-seminaire-sur-la-lsfin-et-la-lefin\\\/#breadcrumb\"},\"inLanguage\":\"en-US\",\"potentialAction\":[{\"@type\":\"ReadAction\",\"target\":[\"https:\\\/\\\/staging.fbt-avocats.ch\\\/en\\\/6-fevrier-2020-seminaire-sur-la-lsfin-et-la-lefin\\\/\"]}]},{\"@type\":\"BreadcrumbList\",\"@id\":\"https:\\\/\\\/staging.fbt-avocats.ch\\\/en\\\/6-fevrier-2020-seminaire-sur-la-lsfin-et-la-lefin\\\/#breadcrumb\",\"itemListElement\":[{\"@type\":\"ListItem\",\"position\":1,\"name\":\"Home\",\"item\":\"https:\\\/\\\/staging.fbt-avocats.ch\\\/en\\\/\"},{\"@type\":\"ListItem\",\"position\":2,\"name\":\"6 f\u00e9vrier 2020 &#8211; S\u00e9minaire sur la LSFin et la LEFin\"}]},{\"@type\":\"WebSite\",\"@id\":\"https:\\\/\\\/staging.fbt-avocats.ch\\\/#website\",\"url\":\"https:\\\/\\\/staging.fbt-avocats.ch\\\/\",\"name\":\"FBT Avocats SA\",\"description\":\"Etudes bas\u00e9es \u00e0 Gen\u00e8ve et Paris\",\"potentialAction\":[{\"@type\":\"SearchAction\",\"target\":{\"@type\":\"EntryPoint\",\"urlTemplate\":\"https:\\\/\\\/staging.fbt-avocats.ch\\\/?s={search_term_string}\"},\"query-input\":{\"@type\":\"PropertyValueSpecification\",\"valueRequired\":true,\"valueName\":\"search_term_string\"}}],\"inLanguage\":\"en-US\"},{\"@type\":\"Person\",\"@id\":\"https:\\\/\\\/staging.fbt-avocats.ch\\\/#\\\/schema\\\/person\\\/59cfd6ef8354572f3769bd501839bddd\",\"name\":\"Helder Carvalho\"}]}<\/script>\n<!-- \/ Yoast SEO Premium plugin. -->","yoast_head_json":{"title":"6 f\u00e9vrier 2020 - S\u00e9minaire sur la LSFin et la LEFin | FBT Avocats SA","robots":{"index":"noindex","follow":"follow","max-snippet":"max-snippet:-1","max-image-preview":"max-image-preview:large","max-video-preview":"max-video-preview:-1"},"og_locale":"en_US","og_type":"article","og_title":"6 f\u00e9vrier 2020 - S\u00e9minaire sur la LSFin et la LEFin","og_url":"https:\/\/staging.fbt-avocats.ch\/en\/6-fevrier-2020-seminaire-sur-la-lsfin-et-la-lefin\/","og_site_name":"FBT Avocats SA","article_published_time":"2019-12-10T15:36:08+00:00","article_modified_time":"2020-01-13T13:42:09+00:00","author":"Helder Carvalho","twitter_card":"summary_large_image","twitter_misc":{"Written by":"Helder Carvalho","Est. reading time":"2 minutes"},"schema":{"@context":"https:\/\/schema.org","@graph":[{"@type":"Article","@id":"https:\/\/staging.fbt-avocats.ch\/en\/6-fevrier-2020-seminaire-sur-la-lsfin-et-la-lefin\/#article","isPartOf":{"@id":"https:\/\/staging.fbt-avocats.ch\/en\/6-fevrier-2020-seminaire-sur-la-lsfin-et-la-lefin\/"},"author":{"name":"Helder Carvalho","@id":"https:\/\/staging.fbt-avocats.ch\/#\/schema\/person\/59cfd6ef8354572f3769bd501839bddd"},"headline":"6 f\u00e9vrier 2020 &#8211; S\u00e9minaire sur la LSFin et la LEFin","datePublished":"2019-12-10T15:36:08+00:00","dateModified":"2020-01-13T13:42:09+00:00","mainEntityOfPage":{"@id":"https:\/\/staging.fbt-avocats.ch\/en\/6-fevrier-2020-seminaire-sur-la-lsfin-et-la-lefin\/"},"wordCount":375,"keywords":["ODAGE"],"articleSection":["Conferences"],"inLanguage":"en-US"},{"@type":"WebPage","@id":"https:\/\/staging.fbt-avocats.ch\/en\/6-fevrier-2020-seminaire-sur-la-lsfin-et-la-lefin\/","url":"https:\/\/staging.fbt-avocats.ch\/en\/6-fevrier-2020-seminaire-sur-la-lsfin-et-la-lefin\/","name":"6 f\u00e9vrier 2020 - S\u00e9minaire sur la LSFin et la LEFin | FBT Avocats SA","isPartOf":{"@id":"https:\/\/staging.fbt-avocats.ch\/#website"},"datePublished":"2019-12-10T15:36:08+00:00","dateModified":"2020-01-13T13:42:09+00:00","author":{"@id":"https:\/\/staging.fbt-avocats.ch\/#\/schema\/person\/59cfd6ef8354572f3769bd501839bddd"},"breadcrumb":{"@id":"https:\/\/staging.fbt-avocats.ch\/en\/6-fevrier-2020-seminaire-sur-la-lsfin-et-la-lefin\/#breadcrumb"},"inLanguage":"en-US","potentialAction":[{"@type":"ReadAction","target":["https:\/\/staging.fbt-avocats.ch\/en\/6-fevrier-2020-seminaire-sur-la-lsfin-et-la-lefin\/"]}]},{"@type":"BreadcrumbList","@id":"https:\/\/staging.fbt-avocats.ch\/en\/6-fevrier-2020-seminaire-sur-la-lsfin-et-la-lefin\/#breadcrumb","itemListElement":[{"@type":"ListItem","position":1,"name":"Home","item":"https:\/\/staging.fbt-avocats.ch\/en\/"},{"@type":"ListItem","position":2,"name":"6 f\u00e9vrier 2020 &#8211; S\u00e9minaire sur la LSFin et la LEFin"}]},{"@type":"WebSite","@id":"https:\/\/staging.fbt-avocats.ch\/#website","url":"https:\/\/staging.fbt-avocats.ch\/","name":"FBT Avocats SA","description":"Etudes bas\u00e9es \u00e0 Gen\u00e8ve et Paris","potentialAction":[{"@type":"SearchAction","target":{"@type":"EntryPoint","urlTemplate":"https:\/\/staging.fbt-avocats.ch\/?s={search_term_string}"},"query-input":{"@type":"PropertyValueSpecification","valueRequired":true,"valueName":"search_term_string"}}],"inLanguage":"en-US"},{"@type":"Person","@id":"https:\/\/staging.fbt-avocats.ch\/#\/schema\/person\/59cfd6ef8354572f3769bd501839bddd","name":"Helder Carvalho"}]}},"_links":{"self":[{"href":"https:\/\/staging.fbt-avocats.ch\/en\/wp-json\/wp\/v2\/posts\/18663","targetHints":{"allow":["GET"]}}],"collection":[{"href":"https:\/\/staging.fbt-avocats.ch\/en\/wp-json\/wp\/v2\/posts"}],"about":[{"href":"https:\/\/staging.fbt-avocats.ch\/en\/wp-json\/wp\/v2\/types\/post"}],"author":[{"embeddable":true,"href":"https:\/\/staging.fbt-avocats.ch\/en\/wp-json\/wp\/v2\/users\/18"}],"replies":[{"embeddable":true,"href":"https:\/\/staging.fbt-avocats.ch\/en\/wp-json\/wp\/v2\/comments?post=18663"}],"version-history":[{"count":0,"href":"https:\/\/staging.fbt-avocats.ch\/en\/wp-json\/wp\/v2\/posts\/18663\/revisions"}],"wp:attachment":[{"href":"https:\/\/staging.fbt-avocats.ch\/en\/wp-json\/wp\/v2\/media?parent=18663"}],"wp:term":[{"taxonomy":"category","embeddable":true,"href":"https:\/\/staging.fbt-avocats.ch\/en\/wp-json\/wp\/v2\/categories?post=18663"},{"taxonomy":"post_tag","embeddable":true,"href":"https:\/\/staging.fbt-avocats.ch\/en\/wp-json\/wp\/v2\/tags?post=18663"},{"taxonomy":"datespeciale","embeddable":true,"href":"https:\/\/staging.fbt-avocats.ch\/en\/wp-json\/wp\/v2\/datespeciale?post=18663"}],"curies":[{"name":"wp","href":"https:\/\/api.w.org\/{rel}","templated":true}]}}