{"id":18906,"date":"2019-10-07T07:00:05","date_gmt":"2019-10-07T06:00:05","guid":{"rendered":"https:\/\/www.fbt-avocats.ch\/france-vers-une-taxation-a-lamericaine\/"},"modified":"2025-10-20T10:44:12","modified_gmt":"2025-10-20T09:44:12","slug":"france-vers-une-taxation-a-lamericaine","status":"publish","type":"post","link":"https:\/\/staging.fbt-avocats.ch\/en\/france-vers-une-taxation-a-lamericaine\/","title":{"rendered":"France : vers une taxation \u00e0 l\u2019am\u00e9ricaine?"},"content":{"rendered":"<section  class='av_textblock_section av-7dtlel-54646e090b2362c0ce717e7039213545 '   itemscope=\"itemscope\" itemtype=\"https:\/\/schema.org\/BlogPosting\" itemprop=\"blogPost\" ><div class='avia_textblock'  itemprop=\"text\" ><\/div><\/section>\n\n<style type=\"text\/css\" data-created_by=\"avia_inline_auto\" id=\"style-css-av-6hs9cd-aa7fd7160a86b43089fe650ca2464333\">\n.flex_column.av-6hs9cd-aa7fd7160a86b43089fe650ca2464333{\nborder-radius:0px 0px 0px 0px;\npadding:0px 0px 0px 0px;\n}\n<\/style>\n<div  class='flex_column av-6hs9cd-aa7fd7160a86b43089fe650ca2464333 av_one_full  avia-builder-el-1  el_after_av_textblock  avia-builder-el-last  first flex_column_div av-zero-column-padding  column-top-margin'     ><p>\n<style type=\"text\/css\" data-created_by=\"avia_inline_auto\" id=\"style-css-av-k1g4uw00-ce2068e3d086d170edf1a312d511d703\">\n#top .av-special-heading.av-k1g4uw00-ce2068e3d086d170edf1a312d511d703{\npadding-bottom:10px;\nfont-size:26px;\n}\nbody .av-special-heading.av-k1g4uw00-ce2068e3d086d170edf1a312d511d703 .av-special-heading-tag .heading-char{\nfont-size:25px;\n}\n#top #wrap_all .av-special-heading.av-k1g4uw00-ce2068e3d086d170edf1a312d511d703 .av-special-heading-tag{\nfont-size:26px;\n}\n.av-special-heading.av-k1g4uw00-ce2068e3d086d170edf1a312d511d703 .av-subheading{\nfont-size:15px;\n}\n\n@media only screen and (min-width: 480px) and (max-width: 767px){ \n#top #wrap_all .av-special-heading.av-k1g4uw00-ce2068e3d086d170edf1a312d511d703 .av-special-heading-tag{\nfont-size:0.8em;\n}\n}\n\n@media only screen and (max-width: 479px){ \n#top #wrap_all .av-special-heading.av-k1g4uw00-ce2068e3d086d170edf1a312d511d703 .av-special-heading-tag{\nfont-size:0.8em;\n}\n}\n<\/style>\n<div  class='av-special-heading av-k1g4uw00-ce2068e3d086d170edf1a312d511d703 av-special-heading-h1 blockquote modern-quote  avia-builder-el-2  el_before_av_hr  avia-builder-el-first  av-inherit-size'><h1 class='av-special-heading-tag '  itemprop=\"headline\"  >France: vers une taxation \u00e0 l\u2019am\u00e9ricaine?<\/h1><div class='av-subheading av-subheading_below'><p>Allnews \u2013 Octobre 2019<br \/>\nAlain Moreau<\/p>\n<\/div><div class=\"special-heading-border\"><div class=\"special-heading-inner-border\"><\/div><\/div><\/div><br \/>\n\n<style type=\"text\/css\" data-created_by=\"avia_inline_auto\" id=\"style-css-av-4rtof1-6cb168409d4b952e81360eb2f8cb23b0\">\n#top .hr.hr-invisible.av-4rtof1-6cb168409d4b952e81360eb2f8cb23b0{\nheight:20px;\n}\n<\/style>\n<div  class='hr av-4rtof1-6cb168409d4b952e81360eb2f8cb23b0 hr-invisible  avia-builder-el-3  el_after_av_heading  el_before_av_textblock '><span class='hr-inner '><span class=\"hr-inner-style\"><\/span><\/span><\/div><br \/>\n<section  class='av_textblock_section av-jo5hremo-8df0535b4b08dc00af18df224af1af03 '   itemscope=\"itemscope\" itemtype=\"https:\/\/schema.org\/BlogPosting\" itemprop=\"blogPost\" ><div class='avia_textblock'  itemprop=\"text\" ><div data-canvas-width=\"431.1431666666666\">\n<div class=\"textLayer\">\n<div data-canvas-width=\"318.9300803304\">\n<p><strong>Imposition en France des non-r\u00e9sidents sur la base de leur nationalit\u00e9: info ou intox?<\/strong><\/p>\n<p>Le d\u00e9bat en France sur la taxation des non-r\u00e9sidents en fonction de leur nationalit\u00e9 fait figure de \u00abserpent de mer\u00bb, tant il apparait \u2013 puis disparait \u2013 p\u00e9riodiquement, au gr\u00e9 des campagnes \u00e9lectorales et des alternances politiques.<\/p>\n<p>Un rapport d\u2019information parlementaire du 17 septembre dernier relatif \u00e0 \u00abl\u2019imp\u00f4t universel\u00bb \u2013 notion totalement nouvelle dans un pays connaissant pourtant une large gamme de \u00abcontributions\u00bb \u2013 vient mettre de nouveau en lumi\u00e8re les nombreux avantages que pourraient pr\u00e9senter l\u2019instauration d\u2019un imp\u00f4t \u00abcitoyen\u00bb sur la base de la nationalit\u00e9.<\/p>\n<p>Avec ce mode d\u2019imposition, appliqu\u00e9 principalement par les Etats-Unis (mais aussi l\u2019Erythr\u00e9e et le Myanmar), le d\u00e9part annuel d\u2019environ 500 \u00abgros contribuables\u00bb vers des contr\u00e9es plus attrayantes fiscalement serait sans incidence sur les Finances Publiques; une imposition des 2 millions de citoyens fran\u00e7ais inscrits au registre mondial des Fran\u00e7ais hors de France pourrait m\u00eame \u00eatre envisag\u00e9e!<\/p>\n<\/div>\n<div data-canvas-width=\"318.9300803304\"><\/div>\n<div data-canvas-width=\"318.9300803304\"><\/div>\n<div data-canvas-width=\"318.9300803304\"><\/div>\n<div data-canvas-width=\"318.9300803304\"><\/div>\n<div data-canvas-width=\"318.9300803304\"><\/div>\n<div data-canvas-width=\"318.9300803304\"><\/div>\n<div data-canvas-width=\"318.9300803304\"><\/div>\n<div data-canvas-width=\"318.9300803304\"><\/div>\n<div data-canvas-width=\"318.9300803304\"><\/div>\n<\/div>\n<\/div>\n<\/div><\/section><br \/>\n\n<style type=\"text\/css\" data-created_by=\"avia_inline_auto\" id=\"style-css-av-1xwhd9-afd37c19b28461d09397a418e175376c\">\n#top .hr.hr-invisible.av-1xwhd9-afd37c19b28461d09397a418e175376c{\nheight:20px;\n}\n<\/style>\n<div  class='hr av-1xwhd9-afd37c19b28461d09397a418e175376c hr-invisible  avia-builder-el-5  el_after_av_textblock  el_before_av_button '><span class='hr-inner '><span class=\"hr-inner-style\"><\/span><\/span><\/div><br \/>\n<div  class='avia-button-wrap av-jo5hs5ts-07be9aa6d2583239be3a5e46b96ff3b2-wrap avia-button-left  avia-builder-el-6  el_after_av_hr  avia-builder-el-last '>\n<style type=\"text\/css\" data-created_by=\"avia_inline_auto\" id=\"style-css-av-jo5hs5ts-07be9aa6d2583239be3a5e46b96ff3b2\">\n#top #wrap_all .avia-button.av-jo5hs5ts-07be9aa6d2583239be3a5e46b96ff3b2{\nbackground-color:#44525f;\nborder-color:#44525f;\ncolor:#ffffff;\ntransition:all 0.4s ease-in-out;\n}\n#top #wrap_all .avia-button.av-jo5hs5ts-07be9aa6d2583239be3a5e46b96ff3b2 .avia-svg-icon svg:first-child{\nfill:#ffffff;\nstroke:#ffffff;\n}\n<\/style>\n<a href='https:\/\/staging.fbt-avocats.ch\/wp-content\/uploads\/2019\/10\/Allnews_France_vers_une_taxation_\u00e0_l\u2019am\u00e9ricaine.pdf'  class='avia-button av-jo5hs5ts-07be9aa6d2583239be3a5e46b96ff3b2 av-link-btn avia-icon_select-no avia-size-large avia-position-left'  target=\"_blank\"  rel=\"noopener noreferrer\"  aria-label=\"Lire la suite\"><span class='avia_iconbox_title' >Lire la suite<\/span><\/a><\/div><\/p><\/div>\n","protected":false},"excerpt":{"rendered":"","protected":false},"author":18,"featured_media":0,"comment_status":"closed","ping_status":"closed","sticky":false,"template":"","format":"standard","meta":{"footnotes":""},"categories":[84],"tags":[560],"datespeciale":[],"class_list":["post-18906","post","type-post","status-publish","format-standard","hentry","category-media-and-news","tag-allnews-en","competences-tax","auteurs-alain-moreau-en","date-publication-2019-en","diffusion-groupe-fiscal-en","diffusion-medias-en"],"yoast_head":"<!-- This site is optimized with the Yoast SEO Premium plugin v27.4 (Yoast SEO v27.4) - https:\/\/yoast.com\/product\/yoast-seo-premium-wordpress\/ -->\n<title>France : vers une taxation \u00e0 l\u2019am\u00e9ricaine? | FBT Avocats SA<\/title>\n<meta name=\"robots\" content=\"noindex, follow, max-snippet:-1, max-image-preview:large, max-video-preview:-1\" \/>\n<meta property=\"og:locale\" content=\"en_US\" \/>\n<meta property=\"og:type\" content=\"article\" \/>\n<meta property=\"og:title\" content=\"France : vers une taxation \u00e0 l\u2019am\u00e9ricaine?\" \/>\n<meta property=\"og:url\" content=\"https:\/\/staging.fbt-avocats.ch\/en\/france-vers-une-taxation-a-lamericaine\/\" \/>\n<meta property=\"og:site_name\" content=\"FBT Avocats SA\" \/>\n<meta property=\"article:published_time\" content=\"2019-10-07T06:00:05+00:00\" \/>\n<meta property=\"article:modified_time\" content=\"2025-10-20T09:44:12+00:00\" \/>\n<meta name=\"author\" content=\"Helder Carvalho\" \/>\n<meta name=\"twitter:card\" content=\"summary_large_image\" \/>\n<meta name=\"twitter:label1\" content=\"Written by\" \/>\n\t<meta name=\"twitter:data1\" content=\"Helder Carvalho\" \/>\n\t<meta name=\"twitter:label2\" content=\"Est. reading time\" \/>\n\t<meta name=\"twitter:data2\" content=\"3 minutes\" \/>\n<script type=\"application\/ld+json\" class=\"yoast-schema-graph\">{\"@context\":\"https:\\\/\\\/schema.org\",\"@graph\":[{\"@type\":\"Article\",\"@id\":\"https:\\\/\\\/staging.fbt-avocats.ch\\\/en\\\/france-vers-une-taxation-a-lamericaine\\\/#article\",\"isPartOf\":{\"@id\":\"https:\\\/\\\/staging.fbt-avocats.ch\\\/en\\\/france-vers-une-taxation-a-lamericaine\\\/\"},\"author\":{\"name\":\"Helder Carvalho\",\"@id\":\"https:\\\/\\\/staging.fbt-avocats.ch\\\/en\\\/#\\\/schema\\\/person\\\/59cfd6ef8354572f3769bd501839bddd\"},\"headline\":\"France : vers une taxation \u00e0 l\u2019am\u00e9ricaine?\",\"datePublished\":\"2019-10-07T06:00:05+00:00\",\"dateModified\":\"2025-10-20T09:44:12+00:00\",\"mainEntityOfPage\":{\"@id\":\"https:\\\/\\\/staging.fbt-avocats.ch\\\/en\\\/france-vers-une-taxation-a-lamericaine\\\/\"},\"wordCount\":446,\"keywords\":[\"Allnews\"],\"articleSection\":[\"Media and News\"],\"inLanguage\":\"en-US\"},{\"@type\":\"WebPage\",\"@id\":\"https:\\\/\\\/staging.fbt-avocats.ch\\\/en\\\/france-vers-une-taxation-a-lamericaine\\\/\",\"url\":\"https:\\\/\\\/staging.fbt-avocats.ch\\\/en\\\/france-vers-une-taxation-a-lamericaine\\\/\",\"name\":\"France : vers une taxation \u00e0 l\u2019am\u00e9ricaine? | FBT Avocats SA\",\"isPartOf\":{\"@id\":\"https:\\\/\\\/staging.fbt-avocats.ch\\\/en\\\/#website\"},\"datePublished\":\"2019-10-07T06:00:05+00:00\",\"dateModified\":\"2025-10-20T09:44:12+00:00\",\"author\":{\"@id\":\"https:\\\/\\\/staging.fbt-avocats.ch\\\/en\\\/#\\\/schema\\\/person\\\/59cfd6ef8354572f3769bd501839bddd\"},\"breadcrumb\":{\"@id\":\"https:\\\/\\\/staging.fbt-avocats.ch\\\/en\\\/france-vers-une-taxation-a-lamericaine\\\/#breadcrumb\"},\"inLanguage\":\"en-US\",\"potentialAction\":[{\"@type\":\"ReadAction\",\"target\":[\"https:\\\/\\\/staging.fbt-avocats.ch\\\/en\\\/france-vers-une-taxation-a-lamericaine\\\/\"]}]},{\"@type\":\"BreadcrumbList\",\"@id\":\"https:\\\/\\\/staging.fbt-avocats.ch\\\/en\\\/france-vers-une-taxation-a-lamericaine\\\/#breadcrumb\",\"itemListElement\":[{\"@type\":\"ListItem\",\"position\":1,\"name\":\"Home\",\"item\":\"https:\\\/\\\/staging.fbt-avocats.ch\\\/en\\\/\"},{\"@type\":\"ListItem\",\"position\":2,\"name\":\"France : vers une taxation \u00e0 l\u2019am\u00e9ricaine?\"}]},{\"@type\":\"WebSite\",\"@id\":\"https:\\\/\\\/staging.fbt-avocats.ch\\\/en\\\/#website\",\"url\":\"https:\\\/\\\/staging.fbt-avocats.ch\\\/en\\\/\",\"name\":\"FBT Avocats SA\",\"description\":\"Etudes bas\u00e9es \u00e0 Gen\u00e8ve et Paris\",\"potentialAction\":[{\"@type\":\"SearchAction\",\"target\":{\"@type\":\"EntryPoint\",\"urlTemplate\":\"https:\\\/\\\/staging.fbt-avocats.ch\\\/en\\\/?s={search_term_string}\"},\"query-input\":{\"@type\":\"PropertyValueSpecification\",\"valueRequired\":true,\"valueName\":\"search_term_string\"}}],\"inLanguage\":\"en-US\"},{\"@type\":\"Person\",\"@id\":\"https:\\\/\\\/staging.fbt-avocats.ch\\\/en\\\/#\\\/schema\\\/person\\\/59cfd6ef8354572f3769bd501839bddd\",\"name\":\"Helder Carvalho\"}]}<\/script>\n<!-- \/ Yoast SEO Premium plugin. -->","yoast_head_json":{"title":"France : vers une taxation \u00e0 l\u2019am\u00e9ricaine? | FBT Avocats SA","robots":{"index":"noindex","follow":"follow","max-snippet":"max-snippet:-1","max-image-preview":"max-image-preview:large","max-video-preview":"max-video-preview:-1"},"og_locale":"en_US","og_type":"article","og_title":"France : vers une taxation \u00e0 l\u2019am\u00e9ricaine?","og_url":"https:\/\/staging.fbt-avocats.ch\/en\/france-vers-une-taxation-a-lamericaine\/","og_site_name":"FBT Avocats SA","article_published_time":"2019-10-07T06:00:05+00:00","article_modified_time":"2025-10-20T09:44:12+00:00","author":"Helder Carvalho","twitter_card":"summary_large_image","twitter_misc":{"Written by":"Helder Carvalho","Est. reading time":"3 minutes"},"schema":{"@context":"https:\/\/schema.org","@graph":[{"@type":"Article","@id":"https:\/\/staging.fbt-avocats.ch\/en\/france-vers-une-taxation-a-lamericaine\/#article","isPartOf":{"@id":"https:\/\/staging.fbt-avocats.ch\/en\/france-vers-une-taxation-a-lamericaine\/"},"author":{"name":"Helder Carvalho","@id":"https:\/\/staging.fbt-avocats.ch\/en\/#\/schema\/person\/59cfd6ef8354572f3769bd501839bddd"},"headline":"France : vers une taxation \u00e0 l\u2019am\u00e9ricaine?","datePublished":"2019-10-07T06:00:05+00:00","dateModified":"2025-10-20T09:44:12+00:00","mainEntityOfPage":{"@id":"https:\/\/staging.fbt-avocats.ch\/en\/france-vers-une-taxation-a-lamericaine\/"},"wordCount":446,"keywords":["Allnews"],"articleSection":["Media and News"],"inLanguage":"en-US"},{"@type":"WebPage","@id":"https:\/\/staging.fbt-avocats.ch\/en\/france-vers-une-taxation-a-lamericaine\/","url":"https:\/\/staging.fbt-avocats.ch\/en\/france-vers-une-taxation-a-lamericaine\/","name":"France : vers une taxation \u00e0 l\u2019am\u00e9ricaine? | FBT Avocats SA","isPartOf":{"@id":"https:\/\/staging.fbt-avocats.ch\/en\/#website"},"datePublished":"2019-10-07T06:00:05+00:00","dateModified":"2025-10-20T09:44:12+00:00","author":{"@id":"https:\/\/staging.fbt-avocats.ch\/en\/#\/schema\/person\/59cfd6ef8354572f3769bd501839bddd"},"breadcrumb":{"@id":"https:\/\/staging.fbt-avocats.ch\/en\/france-vers-une-taxation-a-lamericaine\/#breadcrumb"},"inLanguage":"en-US","potentialAction":[{"@type":"ReadAction","target":["https:\/\/staging.fbt-avocats.ch\/en\/france-vers-une-taxation-a-lamericaine\/"]}]},{"@type":"BreadcrumbList","@id":"https:\/\/staging.fbt-avocats.ch\/en\/france-vers-une-taxation-a-lamericaine\/#breadcrumb","itemListElement":[{"@type":"ListItem","position":1,"name":"Home","item":"https:\/\/staging.fbt-avocats.ch\/en\/"},{"@type":"ListItem","position":2,"name":"France : vers une taxation \u00e0 l\u2019am\u00e9ricaine?"}]},{"@type":"WebSite","@id":"https:\/\/staging.fbt-avocats.ch\/en\/#website","url":"https:\/\/staging.fbt-avocats.ch\/en\/","name":"FBT Avocats SA","description":"Etudes bas\u00e9es \u00e0 Gen\u00e8ve et Paris","potentialAction":[{"@type":"SearchAction","target":{"@type":"EntryPoint","urlTemplate":"https:\/\/staging.fbt-avocats.ch\/en\/?s={search_term_string}"},"query-input":{"@type":"PropertyValueSpecification","valueRequired":true,"valueName":"search_term_string"}}],"inLanguage":"en-US"},{"@type":"Person","@id":"https:\/\/staging.fbt-avocats.ch\/en\/#\/schema\/person\/59cfd6ef8354572f3769bd501839bddd","name":"Helder Carvalho"}]}},"_links":{"self":[{"href":"https:\/\/staging.fbt-avocats.ch\/en\/wp-json\/wp\/v2\/posts\/18906","targetHints":{"allow":["GET"]}}],"collection":[{"href":"https:\/\/staging.fbt-avocats.ch\/en\/wp-json\/wp\/v2\/posts"}],"about":[{"href":"https:\/\/staging.fbt-avocats.ch\/en\/wp-json\/wp\/v2\/types\/post"}],"author":[{"embeddable":true,"href":"https:\/\/staging.fbt-avocats.ch\/en\/wp-json\/wp\/v2\/users\/18"}],"replies":[{"embeddable":true,"href":"https:\/\/staging.fbt-avocats.ch\/en\/wp-json\/wp\/v2\/comments?post=18906"}],"version-history":[{"count":0,"href":"https:\/\/staging.fbt-avocats.ch\/en\/wp-json\/wp\/v2\/posts\/18906\/revisions"}],"wp:attachment":[{"href":"https:\/\/staging.fbt-avocats.ch\/en\/wp-json\/wp\/v2\/media?parent=18906"}],"wp:term":[{"taxonomy":"category","embeddable":true,"href":"https:\/\/staging.fbt-avocats.ch\/en\/wp-json\/wp\/v2\/categories?post=18906"},{"taxonomy":"post_tag","embeddable":true,"href":"https:\/\/staging.fbt-avocats.ch\/en\/wp-json\/wp\/v2\/tags?post=18906"},{"taxonomy":"datespeciale","embeddable":true,"href":"https:\/\/staging.fbt-avocats.ch\/en\/wp-json\/wp\/v2\/datespeciale?post=18906"}],"curies":[{"name":"wp","href":"https:\/\/api.w.org\/{rel}","templated":true}]}}