{"id":19232,"date":"2020-03-23T18:55:10","date_gmt":"2020-03-23T17:55:10","guid":{"rendered":"https:\/\/www.fbt-avocats.ch\/dernieres-informations-en-matiere-de-rht-23-03-2020\/"},"modified":"2025-10-20T10:39:51","modified_gmt":"2025-10-20T09:39:51","slug":"dernieres-informations-en-matiere-de-rht-23-03-2020","status":"publish","type":"post","link":"https:\/\/staging.fbt-avocats.ch\/en\/dernieres-informations-en-matiere-de-rht-23-03-2020\/","title":{"rendered":"Derni\u00e8res informations en mati\u00e8re de r\u00e9duction d&#8217;heure de travail du 23 mars 2020"},"content":{"rendered":"\n<style type=\"text\/css\" data-created_by=\"avia_inline_auto\" id=\"style-css-av-6hs9cd-aa7fd7160a86b43089fe650ca2464333\">\n.flex_column.av-6hs9cd-aa7fd7160a86b43089fe650ca2464333{\nborder-radius:0px 0px 0px 0px;\npadding:0px 0px 0px 0px;\n}\n<\/style>\n<div  class='flex_column av-6hs9cd-aa7fd7160a86b43089fe650ca2464333 av_one_full  avia-builder-el-0  avia-builder-el-no-sibling  first flex_column_div av-zero-column-padding  '     ><p>\n<style type=\"text\/css\" data-created_by=\"avia_inline_auto\" id=\"style-css-av-k88kf17k-a7b7e032fc2e3b0e18ce124a5be44384\">\n#top .av-special-heading.av-k88kf17k-a7b7e032fc2e3b0e18ce124a5be44384{\npadding-bottom:10px;\nfont-size:26px;\n}\nbody .av-special-heading.av-k88kf17k-a7b7e032fc2e3b0e18ce124a5be44384 .av-special-heading-tag .heading-char{\nfont-size:25px;\n}\n#top #wrap_all .av-special-heading.av-k88kf17k-a7b7e032fc2e3b0e18ce124a5be44384 .av-special-heading-tag{\nfont-size:26px;\n}\n.av-special-heading.av-k88kf17k-a7b7e032fc2e3b0e18ce124a5be44384 .av-subheading{\nfont-size:15px;\n}\n\n@media only screen and (min-width: 480px) and (max-width: 767px){ \n#top #wrap_all .av-special-heading.av-k88kf17k-a7b7e032fc2e3b0e18ce124a5be44384 .av-special-heading-tag{\nfont-size:0.8em;\n}\n}\n\n@media only screen and (max-width: 479px){ \n#top #wrap_all .av-special-heading.av-k88kf17k-a7b7e032fc2e3b0e18ce124a5be44384 .av-special-heading-tag{\nfont-size:0.8em;\n}\n}\n<\/style>\n<div  class='av-special-heading av-k88kf17k-a7b7e032fc2e3b0e18ce124a5be44384 av-special-heading-h1 blockquote modern-quote  avia-builder-el-1  el_before_av_hr  avia-builder-el-first  av-inherit-size'><h1 class='av-special-heading-tag '  itemprop=\"headline\"  >Derni\u00e8res informations en mati\u00e8re de r\u00e9duction d\u2019heure de travail du 23 mars 2020<\/h1><div class='av-subheading av-subheading_below'><p>FBT Avocats \u2013 Mars 2020<br \/>\nMicha\u00ebl Biot<\/p>\n<\/div><div class=\"special-heading-border\"><div class=\"special-heading-inner-border\"><\/div><\/div><\/div><br \/>\n\n<style type=\"text\/css\" data-created_by=\"avia_inline_auto\" id=\"style-css-av-4rtof1-6cb168409d4b952e81360eb2f8cb23b0\">\n#top .hr.hr-invisible.av-4rtof1-6cb168409d4b952e81360eb2f8cb23b0{\nheight:20px;\n}\n<\/style>\n<div  class='hr av-4rtof1-6cb168409d4b952e81360eb2f8cb23b0 hr-invisible  avia-builder-el-2  el_after_av_heading  el_before_av_textblock '><span class='hr-inner '><span class=\"hr-inner-style\"><\/span><\/span><\/div><br \/>\n<section  class='av_textblock_section av-jo5hremo-8df0535b4b08dc00af18df224af1af03 '   itemscope=\"itemscope\" itemtype=\"https:\/\/schema.org\/BlogPosting\" itemprop=\"blogPost\" ><div class='avia_textblock'  itemprop=\"text\" ><div data-canvas-width=\"431.1431666666666\">\n<div class=\"textLayer\">\n<div data-canvas-width=\"318.9300803304\">\n<p>Derni\u00e8res nouveaut\u00e9s en mati\u00e8re de RHT :<\/p>\n<ul>\n<li><strong>Ch\u00f4mage partiel accord\u00e9 aux personnes occupant une position assimilable \u00e0 celle d\u2019un employeur <\/strong>: Si le Conseil f\u00e9d\u00e9ral a ouvert les voies des RHT \u00e0 cette cat\u00e9gorie de travailleurs, il a limit\u00e9 le gain assur\u00e9 \u00e0 CHF 3&#8217;320.- mensuel (montant forfaitaire) ce qui correspond \u00e0 une indemnit\u00e9 de CHF 2&#8217;656.-.<\/li>\n<\/ul>\n<ul>\n<li><strong>Simplification de la proc\u00e9dure li\u00e9e aux versements des indemnit\u00e9s RHT\u00a0<\/strong>: Le Conseil f\u00e9d\u00e9ral a dispens\u00e9 les employeurs de remettre \u00e0 la Caisse de ch\u00f4mage le d\u00e9compte des indemnit\u00e9s vers\u00e9es aux travailleurs et l\u2019attestation certifiant qu\u2019ils continuent \u00e0 payer les cotisations des assurances sociales. (art. 7 de l\u2019Ordonnance Covid-19 assurance-ch\u00f4mage). Le SECO a, quant \u00e0 lui, \u00e9tabli des nouveaux formulaires simplifi\u00e9s que vous pouvez trouver \u00e0 l\u2019adresse internet suivante : <a href=\"https:\/\/www.arbeit.swiss\/secoalv\/fr\/home\/service\/formulare\/fuer-arbeitgeber\/kurzarbeitsentschaedigung.html\/\">https:\/\/www.arbeit.swiss\/secoalv\/fr\/home\/service\/formulare\/fuer-arbeitgeber\/kurzarbeitsentschaedigung.html\/<\/a><\/li>\n<\/ul>\n<ul>\n<li><strong>Versement (sans avances par les employeurs) des indemnit\u00e9s RHT : <\/strong>A teneur de l\u2019art. 6 de l\u2019Ordonnance Covid-19 assurance-ch\u00f4mage, afin de permettre aux employeurs de verser des salaires aux travailleurs le jour de paie habituel, ils peuvent demander le versement de l\u2019indemnit\u00e9 en cas de r\u00e9duction de l\u2019horaire de travail sans devoir l\u2019avancer. Ainsi, l\u2019autorit\u00e9 cantonale vaudoise recommande,\u00a0 par exemple, l\u2019envoi du formulaire \u00ab Demande et d\u00e9compte d\u2019indemnit\u00e9s en cas de RHT \u00bb d\u00e8s r\u00e9ception du pr\u00e9avis positif.<\/li>\n<\/ul>\n<ul>\n<li><strong>Modalit\u00e9s de la demande de pr\u00e9avis pour RHT \u00e0 Gen\u00e8ve\u00a0<\/strong>: L\u2019Office cantonal de l\u2019emploi de Gen\u00e8ve recommande que les dossiers de demande RHT (demande de pr\u00e9avis \u00e0 l\u2019autorit\u00e9 cantonale) soit d\u00e9pos\u00e9s de pr\u00e9f\u00e9rence par courrier \u00e9lectronique \u00e0 l\u2019adresse : <a href=\"mailto:rht@etat.ge.ch\">rht@etat.ge.ch<\/a>.<\/li>\n<\/ul>\n<\/div>\n<div data-canvas-width=\"318.9300803304\"><\/div>\n<div data-canvas-width=\"318.9300803304\"><\/div>\n<div data-canvas-width=\"318.9300803304\"><\/div>\n<div data-canvas-width=\"318.9300803304\"><\/div>\n<div data-canvas-width=\"318.9300803304\"><\/div>\n<div data-canvas-width=\"318.9300803304\"><\/div>\n<div data-canvas-width=\"318.9300803304\"><\/div>\n<div data-canvas-width=\"318.9300803304\"><\/div>\n<div data-canvas-width=\"318.9300803304\"><\/div>\n<\/div>\n<\/div>\n<\/div><\/section><br \/>\n\n<style type=\"text\/css\" data-created_by=\"avia_inline_auto\" id=\"style-css-av-1xwhd9-afd37c19b28461d09397a418e175376c\">\n#top .hr.hr-invisible.av-1xwhd9-afd37c19b28461d09397a418e175376c{\nheight:20px;\n}\n<\/style>\n<div  class='hr av-1xwhd9-afd37c19b28461d09397a418e175376c hr-invisible  avia-builder-el-4  el_after_av_textblock  el_before_av_button '><span class='hr-inner '><span class=\"hr-inner-style\"><\/span><\/span><\/div><br \/>\n<div  class='avia-button-wrap av-jo5hs5ts-eb2b89b6370e84ab06b035514e5c2462-wrap avia-button-left  avia-builder-el-5  el_after_av_hr  avia-builder-el-last '>\n<style type=\"text\/css\" data-created_by=\"avia_inline_auto\" id=\"style-css-av-jo5hs5ts-eb2b89b6370e84ab06b035514e5c2462\">\n#top #wrap_all .avia-button.av-jo5hs5ts-eb2b89b6370e84ab06b035514e5c2462{\nbackground-color:#44525f;\nborder-color:#44525f;\ncolor:#ffffff;\ntransition:all 0.4s ease-in-out;\n}\n#top #wrap_all .avia-button.av-jo5hs5ts-eb2b89b6370e84ab06b035514e5c2462 .avia-svg-icon svg:first-child{\nfill:#ffffff;\nstroke:#ffffff;\n}\n<\/style>\n<a href='https:\/\/staging.fbt-avocats.ch\/wp-content\/uploads\/2020\/03\/Derni\u00e8res-informtions-en-mati\u00e8res-de-RHT_FBT_AVOCATS_Michael_Biot.pdf'  class='avia-button av-jo5hs5ts-eb2b89b6370e84ab06b035514e5c2462 av-link-btn avia-icon_select-no avia-size-large avia-position-left'  target=\"_blank\"  rel=\"noopener noreferrer\"  aria-label=\"Lire la suite\"><span class='avia_iconbox_title' >Lire la suite<\/span><\/a><\/div><\/p><\/div>\n","protected":false},"excerpt":{"rendered":"","protected":false},"author":18,"featured_media":0,"comment_status":"closed","ping_status":"closed","sticky":false,"template":"","format":"standard","meta":{"footnotes":""},"categories":[85],"tags":[],"datespeciale":[],"class_list":["post-19232","post","type-post","status-publish","format-standard","hentry","category-publications","competences-labour-and-social-insurance","auteurs-fbt-avocats","date-publication-2020-en","diffusion-groupe-droit-du-travail-en","diffusion-publications-en"],"yoast_head":"<!-- This site is optimized with the Yoast SEO Premium plugin v27.4 (Yoast SEO v27.4) - https:\/\/yoast.com\/product\/yoast-seo-premium-wordpress\/ -->\n<title>Derni\u00e8res informations en mati\u00e8re de r\u00e9duction d&#039;heure de travail du 23 mars 2020 | FBT Avocats SA<\/title>\n<meta name=\"robots\" content=\"noindex, follow, max-snippet:-1, max-image-preview:large, max-video-preview:-1\" \/>\n<meta property=\"og:locale\" content=\"en_US\" \/>\n<meta property=\"og:type\" content=\"article\" \/>\n<meta property=\"og:title\" content=\"Derni\u00e8res informations en mati\u00e8re de r\u00e9duction d&#039;heure de travail du 23 mars 2020\" \/>\n<meta property=\"og:url\" content=\"https:\/\/staging.fbt-avocats.ch\/en\/dernieres-informations-en-matiere-de-rht-23-03-2020\/\" \/>\n<meta property=\"og:site_name\" content=\"FBT Avocats SA\" \/>\n<meta property=\"article:published_time\" content=\"2020-03-23T17:55:10+00:00\" \/>\n<meta property=\"article:modified_time\" content=\"2025-10-20T09:39:51+00:00\" \/>\n<meta name=\"author\" content=\"Helder Carvalho\" \/>\n<meta name=\"twitter:card\" content=\"summary_large_image\" \/>\n<meta name=\"twitter:label1\" content=\"Written by\" \/>\n\t<meta name=\"twitter:data1\" content=\"Helder Carvalho\" \/>\n\t<meta name=\"twitter:label2\" content=\"Est. reading time\" \/>\n\t<meta name=\"twitter:data2\" content=\"3 minutes\" \/>\n<script type=\"application\/ld+json\" class=\"yoast-schema-graph\">{\"@context\":\"https:\\\/\\\/schema.org\",\"@graph\":[{\"@type\":\"Article\",\"@id\":\"https:\\\/\\\/staging.fbt-avocats.ch\\\/en\\\/dernieres-informations-en-matiere-de-rht-23-03-2020\\\/#article\",\"isPartOf\":{\"@id\":\"https:\\\/\\\/staging.fbt-avocats.ch\\\/en\\\/dernieres-informations-en-matiere-de-rht-23-03-2020\\\/\"},\"author\":{\"name\":\"Helder Carvalho\",\"@id\":\"https:\\\/\\\/staging.fbt-avocats.ch\\\/en\\\/#\\\/schema\\\/person\\\/59cfd6ef8354572f3769bd501839bddd\"},\"headline\":\"Derni\u00e8res informations en mati\u00e8re de r\u00e9duction d&#8217;heure de travail du 23 mars 2020\",\"datePublished\":\"2020-03-23T17:55:10+00:00\",\"dateModified\":\"2025-10-20T09:39:51+00:00\",\"mainEntityOfPage\":{\"@id\":\"https:\\\/\\\/staging.fbt-avocats.ch\\\/en\\\/dernieres-informations-en-matiere-de-rht-23-03-2020\\\/\"},\"wordCount\":572,\"articleSection\":[\"Publications\"],\"inLanguage\":\"en-US\"},{\"@type\":\"WebPage\",\"@id\":\"https:\\\/\\\/staging.fbt-avocats.ch\\\/en\\\/dernieres-informations-en-matiere-de-rht-23-03-2020\\\/\",\"url\":\"https:\\\/\\\/staging.fbt-avocats.ch\\\/en\\\/dernieres-informations-en-matiere-de-rht-23-03-2020\\\/\",\"name\":\"Derni\u00e8res informations en mati\u00e8re de r\u00e9duction d'heure de travail du 23 mars 2020 | FBT Avocats SA\",\"isPartOf\":{\"@id\":\"https:\\\/\\\/staging.fbt-avocats.ch\\\/en\\\/#website\"},\"datePublished\":\"2020-03-23T17:55:10+00:00\",\"dateModified\":\"2025-10-20T09:39:51+00:00\",\"author\":{\"@id\":\"https:\\\/\\\/staging.fbt-avocats.ch\\\/en\\\/#\\\/schema\\\/person\\\/59cfd6ef8354572f3769bd501839bddd\"},\"breadcrumb\":{\"@id\":\"https:\\\/\\\/staging.fbt-avocats.ch\\\/en\\\/dernieres-informations-en-matiere-de-rht-23-03-2020\\\/#breadcrumb\"},\"inLanguage\":\"en-US\",\"potentialAction\":[{\"@type\":\"ReadAction\",\"target\":[\"https:\\\/\\\/staging.fbt-avocats.ch\\\/en\\\/dernieres-informations-en-matiere-de-rht-23-03-2020\\\/\"]}]},{\"@type\":\"BreadcrumbList\",\"@id\":\"https:\\\/\\\/staging.fbt-avocats.ch\\\/en\\\/dernieres-informations-en-matiere-de-rht-23-03-2020\\\/#breadcrumb\",\"itemListElement\":[{\"@type\":\"ListItem\",\"position\":1,\"name\":\"Home\",\"item\":\"https:\\\/\\\/staging.fbt-avocats.ch\\\/en\\\/\"},{\"@type\":\"ListItem\",\"position\":2,\"name\":\"Derni\u00e8res informations en mati\u00e8re de r\u00e9duction d&#8217;heure de travail du 23 mars 2020\"}]},{\"@type\":\"WebSite\",\"@id\":\"https:\\\/\\\/staging.fbt-avocats.ch\\\/en\\\/#website\",\"url\":\"https:\\\/\\\/staging.fbt-avocats.ch\\\/en\\\/\",\"name\":\"FBT Avocats SA\",\"description\":\"Etudes bas\u00e9es \u00e0 Gen\u00e8ve et Paris\",\"potentialAction\":[{\"@type\":\"SearchAction\",\"target\":{\"@type\":\"EntryPoint\",\"urlTemplate\":\"https:\\\/\\\/staging.fbt-avocats.ch\\\/en\\\/?s={search_term_string}\"},\"query-input\":{\"@type\":\"PropertyValueSpecification\",\"valueRequired\":true,\"valueName\":\"search_term_string\"}}],\"inLanguage\":\"en-US\"},{\"@type\":\"Person\",\"@id\":\"https:\\\/\\\/staging.fbt-avocats.ch\\\/en\\\/#\\\/schema\\\/person\\\/59cfd6ef8354572f3769bd501839bddd\",\"name\":\"Helder Carvalho\"}]}<\/script>\n<!-- \/ Yoast SEO Premium plugin. -->","yoast_head_json":{"title":"Derni\u00e8res informations en mati\u00e8re de r\u00e9duction d'heure de travail du 23 mars 2020 | FBT Avocats SA","robots":{"index":"noindex","follow":"follow","max-snippet":"max-snippet:-1","max-image-preview":"max-image-preview:large","max-video-preview":"max-video-preview:-1"},"og_locale":"en_US","og_type":"article","og_title":"Derni\u00e8res informations en mati\u00e8re de r\u00e9duction d'heure de travail du 23 mars 2020","og_url":"https:\/\/staging.fbt-avocats.ch\/en\/dernieres-informations-en-matiere-de-rht-23-03-2020\/","og_site_name":"FBT Avocats SA","article_published_time":"2020-03-23T17:55:10+00:00","article_modified_time":"2025-10-20T09:39:51+00:00","author":"Helder Carvalho","twitter_card":"summary_large_image","twitter_misc":{"Written by":"Helder Carvalho","Est. reading time":"3 minutes"},"schema":{"@context":"https:\/\/schema.org","@graph":[{"@type":"Article","@id":"https:\/\/staging.fbt-avocats.ch\/en\/dernieres-informations-en-matiere-de-rht-23-03-2020\/#article","isPartOf":{"@id":"https:\/\/staging.fbt-avocats.ch\/en\/dernieres-informations-en-matiere-de-rht-23-03-2020\/"},"author":{"name":"Helder Carvalho","@id":"https:\/\/staging.fbt-avocats.ch\/en\/#\/schema\/person\/59cfd6ef8354572f3769bd501839bddd"},"headline":"Derni\u00e8res informations en mati\u00e8re de r\u00e9duction d&#8217;heure de travail du 23 mars 2020","datePublished":"2020-03-23T17:55:10+00:00","dateModified":"2025-10-20T09:39:51+00:00","mainEntityOfPage":{"@id":"https:\/\/staging.fbt-avocats.ch\/en\/dernieres-informations-en-matiere-de-rht-23-03-2020\/"},"wordCount":572,"articleSection":["Publications"],"inLanguage":"en-US"},{"@type":"WebPage","@id":"https:\/\/staging.fbt-avocats.ch\/en\/dernieres-informations-en-matiere-de-rht-23-03-2020\/","url":"https:\/\/staging.fbt-avocats.ch\/en\/dernieres-informations-en-matiere-de-rht-23-03-2020\/","name":"Derni\u00e8res informations en mati\u00e8re de r\u00e9duction d'heure de travail du 23 mars 2020 | FBT Avocats SA","isPartOf":{"@id":"https:\/\/staging.fbt-avocats.ch\/en\/#website"},"datePublished":"2020-03-23T17:55:10+00:00","dateModified":"2025-10-20T09:39:51+00:00","author":{"@id":"https:\/\/staging.fbt-avocats.ch\/en\/#\/schema\/person\/59cfd6ef8354572f3769bd501839bddd"},"breadcrumb":{"@id":"https:\/\/staging.fbt-avocats.ch\/en\/dernieres-informations-en-matiere-de-rht-23-03-2020\/#breadcrumb"},"inLanguage":"en-US","potentialAction":[{"@type":"ReadAction","target":["https:\/\/staging.fbt-avocats.ch\/en\/dernieres-informations-en-matiere-de-rht-23-03-2020\/"]}]},{"@type":"BreadcrumbList","@id":"https:\/\/staging.fbt-avocats.ch\/en\/dernieres-informations-en-matiere-de-rht-23-03-2020\/#breadcrumb","itemListElement":[{"@type":"ListItem","position":1,"name":"Home","item":"https:\/\/staging.fbt-avocats.ch\/en\/"},{"@type":"ListItem","position":2,"name":"Derni\u00e8res informations en mati\u00e8re de r\u00e9duction d&#8217;heure de travail du 23 mars 2020"}]},{"@type":"WebSite","@id":"https:\/\/staging.fbt-avocats.ch\/en\/#website","url":"https:\/\/staging.fbt-avocats.ch\/en\/","name":"FBT Avocats SA","description":"Etudes bas\u00e9es \u00e0 Gen\u00e8ve et Paris","potentialAction":[{"@type":"SearchAction","target":{"@type":"EntryPoint","urlTemplate":"https:\/\/staging.fbt-avocats.ch\/en\/?s={search_term_string}"},"query-input":{"@type":"PropertyValueSpecification","valueRequired":true,"valueName":"search_term_string"}}],"inLanguage":"en-US"},{"@type":"Person","@id":"https:\/\/staging.fbt-avocats.ch\/en\/#\/schema\/person\/59cfd6ef8354572f3769bd501839bddd","name":"Helder Carvalho"}]}},"_links":{"self":[{"href":"https:\/\/staging.fbt-avocats.ch\/en\/wp-json\/wp\/v2\/posts\/19232","targetHints":{"allow":["GET"]}}],"collection":[{"href":"https:\/\/staging.fbt-avocats.ch\/en\/wp-json\/wp\/v2\/posts"}],"about":[{"href":"https:\/\/staging.fbt-avocats.ch\/en\/wp-json\/wp\/v2\/types\/post"}],"author":[{"embeddable":true,"href":"https:\/\/staging.fbt-avocats.ch\/en\/wp-json\/wp\/v2\/users\/18"}],"replies":[{"embeddable":true,"href":"https:\/\/staging.fbt-avocats.ch\/en\/wp-json\/wp\/v2\/comments?post=19232"}],"version-history":[{"count":0,"href":"https:\/\/staging.fbt-avocats.ch\/en\/wp-json\/wp\/v2\/posts\/19232\/revisions"}],"wp:attachment":[{"href":"https:\/\/staging.fbt-avocats.ch\/en\/wp-json\/wp\/v2\/media?parent=19232"}],"wp:term":[{"taxonomy":"category","embeddable":true,"href":"https:\/\/staging.fbt-avocats.ch\/en\/wp-json\/wp\/v2\/categories?post=19232"},{"taxonomy":"post_tag","embeddable":true,"href":"https:\/\/staging.fbt-avocats.ch\/en\/wp-json\/wp\/v2\/tags?post=19232"},{"taxonomy":"datespeciale","embeddable":true,"href":"https:\/\/staging.fbt-avocats.ch\/en\/wp-json\/wp\/v2\/datespeciale?post=19232"}],"curies":[{"name":"wp","href":"https:\/\/api.w.org\/{rel}","templated":true}]}}