{"id":19329,"date":"2020-04-08T10:22:17","date_gmt":"2020-04-08T09:22:17","guid":{"rendered":"https:\/\/www.fbt-avocats.ch\/licenciement-economique-et-travailleurs-seniors\/"},"modified":"2025-10-20T10:35:29","modified_gmt":"2025-10-20T09:35:29","slug":"licenciement-economique-et-travailleurs-seniors","status":"publish","type":"post","link":"https:\/\/staging.fbt-avocats.ch\/en\/licenciement-economique-et-travailleurs-seniors\/","title":{"rendered":"Licenciement \u00e9conomique et travailleurs seniors"},"content":{"rendered":"<section  class='av_textblock_section av-7dtlel-54646e090b2362c0ce717e7039213545 '   itemscope=\"itemscope\" itemtype=\"https:\/\/schema.org\/BlogPosting\" itemprop=\"blogPost\" ><div class='avia_textblock'  itemprop=\"text\" ><\/div><\/section>\n\n<style type=\"text\/css\" data-created_by=\"avia_inline_auto\" id=\"style-css-av-6hs9cd-aa7fd7160a86b43089fe650ca2464333\">\n.flex_column.av-6hs9cd-aa7fd7160a86b43089fe650ca2464333{\nborder-radius:0px 0px 0px 0px;\npadding:0px 0px 0px 0px;\n}\n<\/style>\n<div  class='flex_column av-6hs9cd-aa7fd7160a86b43089fe650ca2464333 av_one_full  avia-builder-el-1  el_after_av_textblock  avia-builder-el-last  first flex_column_div av-zero-column-padding  column-top-margin'     ><p>\n<style type=\"text\/css\" data-created_by=\"avia_inline_auto\" id=\"style-css-av-k8r4dxyt-02ec5b82969379c6cb75fadf127601f1\">\n#top .av-special-heading.av-k8r4dxyt-02ec5b82969379c6cb75fadf127601f1{\npadding-bottom:10px;\nfont-size:26px;\n}\nbody .av-special-heading.av-k8r4dxyt-02ec5b82969379c6cb75fadf127601f1 .av-special-heading-tag .heading-char{\nfont-size:25px;\n}\n#top #wrap_all .av-special-heading.av-k8r4dxyt-02ec5b82969379c6cb75fadf127601f1 .av-special-heading-tag{\nfont-size:26px;\n}\n.av-special-heading.av-k8r4dxyt-02ec5b82969379c6cb75fadf127601f1 .av-subheading{\nfont-size:15px;\n}\n\n@media only screen and (min-width: 480px) and (max-width: 767px){ \n#top #wrap_all .av-special-heading.av-k8r4dxyt-02ec5b82969379c6cb75fadf127601f1 .av-special-heading-tag{\nfont-size:0.8em;\n}\n}\n\n@media only screen and (max-width: 479px){ \n#top #wrap_all .av-special-heading.av-k8r4dxyt-02ec5b82969379c6cb75fadf127601f1 .av-special-heading-tag{\nfont-size:0.8em;\n}\n}\n<\/style>\n<div  class='av-special-heading av-k8r4dxyt-02ec5b82969379c6cb75fadf127601f1 av-special-heading-h1 blockquote modern-quote  avia-builder-el-2  el_before_av_hr  avia-builder-el-first  av-inherit-size'><h1 class='av-special-heading-tag '  itemprop=\"headline\"  >Licenciement \u00e9conomique et travailleurs seniors<\/h1><div class='av-subheading av-subheading_below'><p>FBT Avocats \u2013 Avril 2020<br \/>\nSerge Fasel et Ana\u00efs Jacot-Guillarmod<\/p>\n<\/div><div class=\"special-heading-border\"><div class=\"special-heading-inner-border\"><\/div><\/div><\/div><br \/>\n\n<style type=\"text\/css\" data-created_by=\"avia_inline_auto\" id=\"style-css-av-4rtof1-6cb168409d4b952e81360eb2f8cb23b0\">\n#top .hr.hr-invisible.av-4rtof1-6cb168409d4b952e81360eb2f8cb23b0{\nheight:20px;\n}\n<\/style>\n<div  class='hr av-4rtof1-6cb168409d4b952e81360eb2f8cb23b0 hr-invisible  avia-builder-el-3  el_after_av_heading  el_before_av_textblock '><span class='hr-inner '><span class=\"hr-inner-style\"><\/span><\/span><\/div><br \/>\n<section  class='av_textblock_section av-jo5hremo-8df0535b4b08dc00af18df224af1af03 '   itemscope=\"itemscope\" itemtype=\"https:\/\/schema.org\/BlogPosting\" itemprop=\"blogPost\" ><div class='avia_textblock'  itemprop=\"text\" ><div data-canvas-width=\"431.1431666666666\">\n<div class=\"textLayer\">\n<div data-canvas-width=\"318.9300803304\">\n<p><strong>Les travailleurs seniors b\u00e9n\u00e9ficient-ils d\u2019une protection particuli\u00e8re ?\u00a0<\/strong><\/p>\n<p>L\u2019\u00e9num\u00e9ration pr\u00e9vue \u00e0 l\u2019art. 336 CO &#8211; qui concr\u00e9tise avant tout l\u2019interdiction g\u00e9n\u00e9rale de l\u2019abus de droit et en am\u00e9nage les cons\u00e9quences juridiques pour le contrat de travail &#8211; nest pas exhaustive et un abus du droit de mettre un terme au contrat de travail peut \u00e9galement se rencontrer dans d\u2019autres situations, qui apparaissent comparables, par leur gravit\u00e9, aux cas express\u00e9ment envisag\u00e9s \u00e0 l\u2019art. 336 CO.<\/p>\n<\/div>\n<div data-canvas-width=\"318.9300803304\"><\/div>\n<div data-canvas-width=\"318.9300803304\"><\/div>\n<div data-canvas-width=\"318.9300803304\"><\/div>\n<div data-canvas-width=\"318.9300803304\"><\/div>\n<div data-canvas-width=\"318.9300803304\"><\/div>\n<div data-canvas-width=\"318.9300803304\"><\/div>\n<div data-canvas-width=\"318.9300803304\"><\/div>\n<div data-canvas-width=\"318.9300803304\"><\/div>\n<div data-canvas-width=\"318.9300803304\"><\/div>\n<\/div>\n<\/div>\n<\/div><\/section><br \/>\n\n<style type=\"text\/css\" data-created_by=\"avia_inline_auto\" id=\"style-css-av-1xwhd9-afd37c19b28461d09397a418e175376c\">\n#top .hr.hr-invisible.av-1xwhd9-afd37c19b28461d09397a418e175376c{\nheight:20px;\n}\n<\/style>\n<div  class='hr av-1xwhd9-afd37c19b28461d09397a418e175376c hr-invisible  avia-builder-el-5  el_after_av_textblock  el_before_av_button '><span class='hr-inner '><span class=\"hr-inner-style\"><\/span><\/span><\/div><br \/>\n<div  class='avia-button-wrap av-jo5hs5ts-4d35df28afb4c016ee2fd2dea8f8d6ed-wrap avia-button-left  avia-builder-el-6  el_after_av_hr  avia-builder-el-last '>\n<style type=\"text\/css\" data-created_by=\"avia_inline_auto\" id=\"style-css-av-jo5hs5ts-4d35df28afb4c016ee2fd2dea8f8d6ed\">\n#top #wrap_all .avia-button.av-jo5hs5ts-4d35df28afb4c016ee2fd2dea8f8d6ed{\nbackground-color:#44525f;\nborder-color:#44525f;\ncolor:#ffffff;\ntransition:all 0.4s ease-in-out;\n}\n#top #wrap_all .avia-button.av-jo5hs5ts-4d35df28afb4c016ee2fd2dea8f8d6ed .avia-svg-icon svg:first-child{\nfill:#ffffff;\nstroke:#ffffff;\n}\n<\/style>\n<a href='https:\/\/staging.fbt-avocats.ch\/wp-content\/uploads\/2020\/04\/SFA_AJG_05.pdf'  class='avia-button av-jo5hs5ts-4d35df28afb4c016ee2fd2dea8f8d6ed av-link-btn avia-icon_select-no avia-size-large avia-position-left'  target=\"_blank\"  rel=\"noopener noreferrer\"  aria-label=\"Lire la suite\"><span class='avia_iconbox_title' >Lire la suite<\/span><\/a><\/div><\/p><\/div>\n","protected":false},"excerpt":{"rendered":"<p>Les travailleurs seniors b\u00e9n\u00e9ficient-ils d\u2019une protection particuli\u00e8re ?\u00a0L\u2019\u00e9num\u00e9ration pr\u00e9vue \u00e0 l\u2019art. 336 CO &#8211; qui concr\u00e9tise avant tout l\u2019interdiction g\u00e9n\u00e9rale de l\u2019abus de droit et en am\u00e9nage les cons\u00e9quences juridiques pour le contrat de travail &#8211; n&#8217;est pas exhaustive&#8230;<\/p>\n","protected":false},"author":18,"featured_media":0,"comment_status":"closed","ping_status":"closed","sticky":false,"template":"","format":"standard","meta":{"footnotes":""},"categories":[52],"tags":[],"datespeciale":[],"class_list":["post-19329","post","type-post","status-publish","format-standard","hentry","category-en-conferences","competences-labour-and-social-insurance","auteurs-serge-fasel-en","date-publication-2020-en","diffusion-groupe-droit-du-travail-en","diffusion-publications-en"],"yoast_head":"<!-- This site is optimized with the Yoast SEO Premium plugin v27.4 (Yoast SEO v27.4) - https:\/\/yoast.com\/product\/yoast-seo-premium-wordpress\/ -->\n<title>Licenciement \u00e9conomique et travailleurs seniors | FBT Avocats SA<\/title>\n<meta name=\"robots\" content=\"noindex, follow, max-snippet:-1, max-image-preview:large, max-video-preview:-1\" \/>\n<meta property=\"og:locale\" content=\"en_US\" \/>\n<meta property=\"og:type\" content=\"article\" \/>\n<meta property=\"og:title\" content=\"Licenciement \u00e9conomique et travailleurs seniors\" \/>\n<meta property=\"og:description\" content=\"Les travailleurs seniors b\u00e9n\u00e9ficient-ils d\u2019une protection particuli\u00e8re ?\u00a0L\u2019\u00e9num\u00e9ration pr\u00e9vue \u00e0 l\u2019art. 336 CO - qui concr\u00e9tise avant tout l\u2019interdiction g\u00e9n\u00e9rale de l\u2019abus de droit et en am\u00e9nage les cons\u00e9quences juridiques pour le contrat de travail - n&#039;est pas exhaustive...\" \/>\n<meta property=\"og:url\" content=\"https:\/\/staging.fbt-avocats.ch\/en\/licenciement-economique-et-travailleurs-seniors\/\" \/>\n<meta property=\"og:site_name\" content=\"FBT Avocats SA\" \/>\n<meta property=\"article:published_time\" content=\"2020-04-08T09:22:17+00:00\" \/>\n<meta property=\"article:modified_time\" content=\"2025-10-20T09:35:29+00:00\" \/>\n<meta name=\"author\" content=\"Helder Carvalho\" \/>\n<meta name=\"twitter:card\" content=\"summary_large_image\" \/>\n<meta name=\"twitter:label1\" content=\"Written by\" \/>\n\t<meta name=\"twitter:data1\" content=\"Helder Carvalho\" \/>\n\t<meta name=\"twitter:label2\" content=\"Est. reading time\" \/>\n\t<meta name=\"twitter:data2\" content=\"2 minutes\" \/>\n<script type=\"application\/ld+json\" class=\"yoast-schema-graph\">{\"@context\":\"https:\\\/\\\/schema.org\",\"@graph\":[{\"@type\":\"Article\",\"@id\":\"https:\\\/\\\/staging.fbt-avocats.ch\\\/en\\\/licenciement-economique-et-travailleurs-seniors\\\/#article\",\"isPartOf\":{\"@id\":\"https:\\\/\\\/staging.fbt-avocats.ch\\\/en\\\/licenciement-economique-et-travailleurs-seniors\\\/\"},\"author\":{\"name\":\"Helder Carvalho\",\"@id\":\"https:\\\/\\\/staging.fbt-avocats.ch\\\/en\\\/#\\\/schema\\\/person\\\/59cfd6ef8354572f3769bd501839bddd\"},\"headline\":\"Licenciement \u00e9conomique et travailleurs seniors\",\"datePublished\":\"2020-04-08T09:22:17+00:00\",\"dateModified\":\"2025-10-20T09:35:29+00:00\",\"mainEntityOfPage\":{\"@id\":\"https:\\\/\\\/staging.fbt-avocats.ch\\\/en\\\/licenciement-economique-et-travailleurs-seniors\\\/\"},\"wordCount\":359,\"articleSection\":[\"Conferences\"],\"inLanguage\":\"en-US\"},{\"@type\":\"WebPage\",\"@id\":\"https:\\\/\\\/staging.fbt-avocats.ch\\\/en\\\/licenciement-economique-et-travailleurs-seniors\\\/\",\"url\":\"https:\\\/\\\/staging.fbt-avocats.ch\\\/en\\\/licenciement-economique-et-travailleurs-seniors\\\/\",\"name\":\"Licenciement \u00e9conomique et travailleurs seniors | FBT Avocats SA\",\"isPartOf\":{\"@id\":\"https:\\\/\\\/staging.fbt-avocats.ch\\\/en\\\/#website\"},\"datePublished\":\"2020-04-08T09:22:17+00:00\",\"dateModified\":\"2025-10-20T09:35:29+00:00\",\"author\":{\"@id\":\"https:\\\/\\\/staging.fbt-avocats.ch\\\/en\\\/#\\\/schema\\\/person\\\/59cfd6ef8354572f3769bd501839bddd\"},\"breadcrumb\":{\"@id\":\"https:\\\/\\\/staging.fbt-avocats.ch\\\/en\\\/licenciement-economique-et-travailleurs-seniors\\\/#breadcrumb\"},\"inLanguage\":\"en-US\",\"potentialAction\":[{\"@type\":\"ReadAction\",\"target\":[\"https:\\\/\\\/staging.fbt-avocats.ch\\\/en\\\/licenciement-economique-et-travailleurs-seniors\\\/\"]}]},{\"@type\":\"BreadcrumbList\",\"@id\":\"https:\\\/\\\/staging.fbt-avocats.ch\\\/en\\\/licenciement-economique-et-travailleurs-seniors\\\/#breadcrumb\",\"itemListElement\":[{\"@type\":\"ListItem\",\"position\":1,\"name\":\"Home\",\"item\":\"https:\\\/\\\/staging.fbt-avocats.ch\\\/en\\\/\"},{\"@type\":\"ListItem\",\"position\":2,\"name\":\"Licenciement \u00e9conomique et travailleurs seniors\"}]},{\"@type\":\"WebSite\",\"@id\":\"https:\\\/\\\/staging.fbt-avocats.ch\\\/en\\\/#website\",\"url\":\"https:\\\/\\\/staging.fbt-avocats.ch\\\/en\\\/\",\"name\":\"FBT Avocats SA\",\"description\":\"Etudes bas\u00e9es \u00e0 Gen\u00e8ve et Paris\",\"potentialAction\":[{\"@type\":\"SearchAction\",\"target\":{\"@type\":\"EntryPoint\",\"urlTemplate\":\"https:\\\/\\\/staging.fbt-avocats.ch\\\/en\\\/?s={search_term_string}\"},\"query-input\":{\"@type\":\"PropertyValueSpecification\",\"valueRequired\":true,\"valueName\":\"search_term_string\"}}],\"inLanguage\":\"en-US\"},{\"@type\":\"Person\",\"@id\":\"https:\\\/\\\/staging.fbt-avocats.ch\\\/en\\\/#\\\/schema\\\/person\\\/59cfd6ef8354572f3769bd501839bddd\",\"name\":\"Helder Carvalho\"}]}<\/script>\n<!-- \/ Yoast SEO Premium plugin. -->","yoast_head_json":{"title":"Licenciement \u00e9conomique et travailleurs seniors | FBT Avocats SA","robots":{"index":"noindex","follow":"follow","max-snippet":"max-snippet:-1","max-image-preview":"max-image-preview:large","max-video-preview":"max-video-preview:-1"},"og_locale":"en_US","og_type":"article","og_title":"Licenciement \u00e9conomique et travailleurs seniors","og_description":"Les travailleurs seniors b\u00e9n\u00e9ficient-ils d\u2019une protection particuli\u00e8re ?\u00a0L\u2019\u00e9num\u00e9ration pr\u00e9vue \u00e0 l\u2019art. 336 CO - qui concr\u00e9tise avant tout l\u2019interdiction g\u00e9n\u00e9rale de l\u2019abus de droit et en am\u00e9nage les cons\u00e9quences juridiques pour le contrat de travail - n'est pas exhaustive...","og_url":"https:\/\/staging.fbt-avocats.ch\/en\/licenciement-economique-et-travailleurs-seniors\/","og_site_name":"FBT Avocats SA","article_published_time":"2020-04-08T09:22:17+00:00","article_modified_time":"2025-10-20T09:35:29+00:00","author":"Helder Carvalho","twitter_card":"summary_large_image","twitter_misc":{"Written by":"Helder Carvalho","Est. reading time":"2 minutes"},"schema":{"@context":"https:\/\/schema.org","@graph":[{"@type":"Article","@id":"https:\/\/staging.fbt-avocats.ch\/en\/licenciement-economique-et-travailleurs-seniors\/#article","isPartOf":{"@id":"https:\/\/staging.fbt-avocats.ch\/en\/licenciement-economique-et-travailleurs-seniors\/"},"author":{"name":"Helder Carvalho","@id":"https:\/\/staging.fbt-avocats.ch\/en\/#\/schema\/person\/59cfd6ef8354572f3769bd501839bddd"},"headline":"Licenciement \u00e9conomique et travailleurs seniors","datePublished":"2020-04-08T09:22:17+00:00","dateModified":"2025-10-20T09:35:29+00:00","mainEntityOfPage":{"@id":"https:\/\/staging.fbt-avocats.ch\/en\/licenciement-economique-et-travailleurs-seniors\/"},"wordCount":359,"articleSection":["Conferences"],"inLanguage":"en-US"},{"@type":"WebPage","@id":"https:\/\/staging.fbt-avocats.ch\/en\/licenciement-economique-et-travailleurs-seniors\/","url":"https:\/\/staging.fbt-avocats.ch\/en\/licenciement-economique-et-travailleurs-seniors\/","name":"Licenciement \u00e9conomique et travailleurs seniors | FBT Avocats SA","isPartOf":{"@id":"https:\/\/staging.fbt-avocats.ch\/en\/#website"},"datePublished":"2020-04-08T09:22:17+00:00","dateModified":"2025-10-20T09:35:29+00:00","author":{"@id":"https:\/\/staging.fbt-avocats.ch\/en\/#\/schema\/person\/59cfd6ef8354572f3769bd501839bddd"},"breadcrumb":{"@id":"https:\/\/staging.fbt-avocats.ch\/en\/licenciement-economique-et-travailleurs-seniors\/#breadcrumb"},"inLanguage":"en-US","potentialAction":[{"@type":"ReadAction","target":["https:\/\/staging.fbt-avocats.ch\/en\/licenciement-economique-et-travailleurs-seniors\/"]}]},{"@type":"BreadcrumbList","@id":"https:\/\/staging.fbt-avocats.ch\/en\/licenciement-economique-et-travailleurs-seniors\/#breadcrumb","itemListElement":[{"@type":"ListItem","position":1,"name":"Home","item":"https:\/\/staging.fbt-avocats.ch\/en\/"},{"@type":"ListItem","position":2,"name":"Licenciement \u00e9conomique et travailleurs seniors"}]},{"@type":"WebSite","@id":"https:\/\/staging.fbt-avocats.ch\/en\/#website","url":"https:\/\/staging.fbt-avocats.ch\/en\/","name":"FBT Avocats SA","description":"Etudes bas\u00e9es \u00e0 Gen\u00e8ve et Paris","potentialAction":[{"@type":"SearchAction","target":{"@type":"EntryPoint","urlTemplate":"https:\/\/staging.fbt-avocats.ch\/en\/?s={search_term_string}"},"query-input":{"@type":"PropertyValueSpecification","valueRequired":true,"valueName":"search_term_string"}}],"inLanguage":"en-US"},{"@type":"Person","@id":"https:\/\/staging.fbt-avocats.ch\/en\/#\/schema\/person\/59cfd6ef8354572f3769bd501839bddd","name":"Helder Carvalho"}]}},"_links":{"self":[{"href":"https:\/\/staging.fbt-avocats.ch\/en\/wp-json\/wp\/v2\/posts\/19329","targetHints":{"allow":["GET"]}}],"collection":[{"href":"https:\/\/staging.fbt-avocats.ch\/en\/wp-json\/wp\/v2\/posts"}],"about":[{"href":"https:\/\/staging.fbt-avocats.ch\/en\/wp-json\/wp\/v2\/types\/post"}],"author":[{"embeddable":true,"href":"https:\/\/staging.fbt-avocats.ch\/en\/wp-json\/wp\/v2\/users\/18"}],"replies":[{"embeddable":true,"href":"https:\/\/staging.fbt-avocats.ch\/en\/wp-json\/wp\/v2\/comments?post=19329"}],"version-history":[{"count":0,"href":"https:\/\/staging.fbt-avocats.ch\/en\/wp-json\/wp\/v2\/posts\/19329\/revisions"}],"wp:attachment":[{"href":"https:\/\/staging.fbt-avocats.ch\/en\/wp-json\/wp\/v2\/media?parent=19329"}],"wp:term":[{"taxonomy":"category","embeddable":true,"href":"https:\/\/staging.fbt-avocats.ch\/en\/wp-json\/wp\/v2\/categories?post=19329"},{"taxonomy":"post_tag","embeddable":true,"href":"https:\/\/staging.fbt-avocats.ch\/en\/wp-json\/wp\/v2\/tags?post=19329"},{"taxonomy":"datespeciale","embeddable":true,"href":"https:\/\/staging.fbt-avocats.ch\/en\/wp-json\/wp\/v2\/datespeciale?post=19329"}],"curies":[{"name":"wp","href":"https:\/\/api.w.org\/{rel}","templated":true}]}}