{"id":19375,"date":"2020-04-16T13:17:58","date_gmt":"2020-04-16T12:17:58","guid":{"rendered":"https:\/\/www.fbt-avocats.ch\/travailleur-senior-qui-nexecute-plus-ses-taches-de-maniere-satisfaisante\/"},"modified":"2025-10-20T10:35:00","modified_gmt":"2025-10-20T09:35:00","slug":"travailleur-senior-qui-nexecute-plus-ses-taches-de-maniere-satisfaisante","status":"publish","type":"post","link":"https:\/\/staging.fbt-avocats.ch\/en\/travailleur-senior-qui-nexecute-plus-ses-taches-de-maniere-satisfaisante\/","title":{"rendered":"Travailleur senior qui n\u2019ex\u00e9cute plus ses t\u00e2ches de mani\u00e8re satisfaisante"},"content":{"rendered":"<section  class='av_textblock_section av-7dtlel-54646e090b2362c0ce717e7039213545 '   itemscope=\"itemscope\" itemtype=\"https:\/\/schema.org\/BlogPosting\" itemprop=\"blogPost\" ><div class='avia_textblock'  itemprop=\"text\" ><\/div><\/section>\n\n<style type=\"text\/css\" data-created_by=\"avia_inline_auto\" id=\"style-css-av-6hs9cd-aa7fd7160a86b43089fe650ca2464333\">\n.flex_column.av-6hs9cd-aa7fd7160a86b43089fe650ca2464333{\nborder-radius:0px 0px 0px 0px;\npadding:0px 0px 0px 0px;\n}\n<\/style>\n<div  class='flex_column av-6hs9cd-aa7fd7160a86b43089fe650ca2464333 av_one_full  avia-builder-el-1  el_after_av_textblock  avia-builder-el-last  first flex_column_div av-zero-column-padding  column-top-margin'     ><p>\n<style type=\"text\/css\" data-created_by=\"avia_inline_auto\" id=\"style-css-av-av_heading-3732b7139b0b77b70cc71ba1d3a830d5\">\n#top .av-special-heading.av-av_heading-3732b7139b0b77b70cc71ba1d3a830d5{\npadding-bottom:10px;\nfont-size:26px;\n}\nbody .av-special-heading.av-av_heading-3732b7139b0b77b70cc71ba1d3a830d5 .av-special-heading-tag .heading-char{\nfont-size:25px;\n}\n#top #wrap_all .av-special-heading.av-av_heading-3732b7139b0b77b70cc71ba1d3a830d5 .av-special-heading-tag{\nfont-size:26px;\n}\n.av-special-heading.av-av_heading-3732b7139b0b77b70cc71ba1d3a830d5 .av-subheading{\nfont-size:15px;\n}\n\n@media only screen and (min-width: 480px) and (max-width: 767px){ \n#top #wrap_all .av-special-heading.av-av_heading-3732b7139b0b77b70cc71ba1d3a830d5 .av-special-heading-tag{\nfont-size:0.8em;\n}\n}\n\n@media only screen and (max-width: 479px){ \n#top #wrap_all .av-special-heading.av-av_heading-3732b7139b0b77b70cc71ba1d3a830d5 .av-special-heading-tag{\nfont-size:0.8em;\n}\n}\n<\/style>\n<div  class='av-special-heading av-av_heading-3732b7139b0b77b70cc71ba1d3a830d5 av-special-heading-h1 blockquote modern-quote  avia-builder-el-2  el_before_av_hr  avia-builder-el-first  av-inherit-size'><h1 class='av-special-heading-tag '  itemprop=\"headline\"  >Travailleur senior qui n\u2019ex\u00e9cute plus ses t\u00e2ches de mani\u00e8re satisfaisante<\/h1><div class='av-subheading av-subheading_below'><p>FBT Avocats \u2013 Avril 2020<br \/>\nSerge Fasel et Ana\u00efs Jacot-Guillarmod<\/p>\n<\/div><div class=\"special-heading-border\"><div class=\"special-heading-inner-border\"><\/div><\/div><\/div><br \/>\n\n<style type=\"text\/css\" data-created_by=\"avia_inline_auto\" id=\"style-css-av-4rtof1-6cb168409d4b952e81360eb2f8cb23b0\">\n#top .hr.hr-invisible.av-4rtof1-6cb168409d4b952e81360eb2f8cb23b0{\nheight:20px;\n}\n<\/style>\n<div  class='hr av-4rtof1-6cb168409d4b952e81360eb2f8cb23b0 hr-invisible  avia-builder-el-3  el_after_av_heading  el_before_av_textblock '><span class='hr-inner '><span class=\"hr-inner-style\"><\/span><\/span><\/div><br \/>\n<section  class='av_textblock_section av-jo5hremo-8df0535b4b08dc00af18df224af1af03 '   itemscope=\"itemscope\" itemtype=\"https:\/\/schema.org\/BlogPosting\" itemprop=\"blogPost\" ><div class='avia_textblock'  itemprop=\"text\" ><div data-canvas-width=\"431.1431666666666\">\n<div class=\"textLayer\">\n<div data-canvas-width=\"318.9300803304\">\n<p><span style=\"color: #000000;\"><strong>Peut-on licencier un travailleur senior qui n\u2019ex\u00e9cute plus ses t\u00e2ches de mani\u00e8re satisfaisante ? La situation \u00e9conomique actuelle vient-elle modifier la protection accrue dont b\u00e9n\u00e9ficient les seniors ?<\/strong><\/span><\/p>\n<p>Le cong\u00e9 peut \u00eatre abusif en raison de la mani\u00e8re dont il est donn\u00e9, parce que la partie qui donne le cong\u00e9 se livre \u00e0 un double jeu, contrevenant de mani\u00e8re caract\u00e9ristique au principe de la bonne foi, lorsqu\u2019il est donn\u00e9 par un employeur qui viole les droits de la personnalit\u00e9 du travailleur, quand il y a une disproportion \u00e9vidente des int\u00e9r\u00eats en pr\u00e9sence ou lorsqu\u2019une institution juridique est utilis\u00e9e contrairement \u00e0 son but.<\/p>\n<\/div>\n<div data-canvas-width=\"318.9300803304\"><\/div>\n<div data-canvas-width=\"318.9300803304\"><\/div>\n<div data-canvas-width=\"318.9300803304\"><\/div>\n<div data-canvas-width=\"318.9300803304\"><\/div>\n<div data-canvas-width=\"318.9300803304\"><\/div>\n<div data-canvas-width=\"318.9300803304\"><\/div>\n<div data-canvas-width=\"318.9300803304\"><\/div>\n<div data-canvas-width=\"318.9300803304\"><\/div>\n<div data-canvas-width=\"318.9300803304\"><\/div>\n<\/div>\n<\/div>\n<\/div><\/section><br \/>\n\n<style type=\"text\/css\" data-created_by=\"avia_inline_auto\" id=\"style-css-av-1xwhd9-afd37c19b28461d09397a418e175376c\">\n#top .hr.hr-invisible.av-1xwhd9-afd37c19b28461d09397a418e175376c{\nheight:20px;\n}\n<\/style>\n<div  class='hr av-1xwhd9-afd37c19b28461d09397a418e175376c hr-invisible  avia-builder-el-5  el_after_av_textblock  el_before_av_button '><span class='hr-inner '><span class=\"hr-inner-style\"><\/span><\/span><\/div><br \/>\n<div  class='avia-button-wrap av-jo5hs5ts-c44155f2bfff660fe79076faa8d5e358-wrap avia-button-left  avia-builder-el-6  el_after_av_hr  avia-builder-el-last '>\n<style type=\"text\/css\" data-created_by=\"avia_inline_auto\" id=\"style-css-av-jo5hs5ts-c44155f2bfff660fe79076faa8d5e358\">\n#top #wrap_all .avia-button.av-jo5hs5ts-c44155f2bfff660fe79076faa8d5e358{\nbackground-color:#44525f;\nborder-color:#44525f;\ncolor:#ffffff;\ntransition:all 0.4s ease-in-out;\n}\n#top #wrap_all .avia-button.av-jo5hs5ts-c44155f2bfff660fe79076faa8d5e358 .avia-svg-icon svg:first-child{\nfill:#ffffff;\nstroke:#ffffff;\n}\n<\/style>\n<a href='https:\/\/staging.fbt-avocats.ch\/wp-content\/uploads\/2020\/04\/Licenciement-des-seniors-pour-non-respect-des-r\u00e8gles-Serge-Fasel-et-Ana\u00efs-Jacot-Guillarmod_01.pdf'  class='avia-button av-jo5hs5ts-c44155f2bfff660fe79076faa8d5e358 av-link-btn avia-icon_select-no avia-size-large avia-position-left'  target=\"_blank\"  rel=\"noopener noreferrer\"  aria-label=\"Lire la suite\"><span class='avia_iconbox_title' >Lire la suite<\/span><\/a><\/div><\/p><\/div>\n","protected":false},"excerpt":{"rendered":"","protected":false},"author":18,"featured_media":0,"comment_status":"closed","ping_status":"closed","sticky":false,"template":"","format":"standard","meta":{"footnotes":""},"categories":[85],"tags":[],"datespeciale":[],"class_list":["post-19375","post","type-post","status-publish","format-standard","hentry","category-publications","competences-litigation-and-arbitration","auteurs-serge-fasel-en","date-publication-2020-en","diffusion-groupe-contentieux-en","diffusion-publications-en"],"yoast_head":"<!-- This site is optimized with the Yoast SEO Premium plugin v27.4 (Yoast SEO v27.4) - https:\/\/yoast.com\/product\/yoast-seo-premium-wordpress\/ -->\n<title>Travailleur senior qui n\u2019ex\u00e9cute plus ses t\u00e2ches de mani\u00e8re satisfaisante | FBT Avocats SA<\/title>\n<meta name=\"robots\" content=\"noindex, follow, max-snippet:-1, max-image-preview:large, max-video-preview:-1\" \/>\n<meta property=\"og:locale\" content=\"en_US\" \/>\n<meta property=\"og:type\" content=\"article\" \/>\n<meta property=\"og:title\" content=\"Travailleur senior qui n\u2019ex\u00e9cute plus ses t\u00e2ches de mani\u00e8re satisfaisante\" \/>\n<meta property=\"og:url\" content=\"https:\/\/staging.fbt-avocats.ch\/en\/travailleur-senior-qui-nexecute-plus-ses-taches-de-maniere-satisfaisante\/\" \/>\n<meta property=\"og:site_name\" content=\"FBT Avocats SA\" \/>\n<meta property=\"article:published_time\" content=\"2020-04-16T12:17:58+00:00\" \/>\n<meta property=\"article:modified_time\" content=\"2025-10-20T09:35:00+00:00\" \/>\n<meta name=\"author\" content=\"Helder Carvalho\" \/>\n<meta name=\"twitter:card\" content=\"summary_large_image\" \/>\n<meta name=\"twitter:label1\" content=\"Written by\" \/>\n\t<meta name=\"twitter:data1\" content=\"Helder Carvalho\" \/>\n\t<meta name=\"twitter:label2\" content=\"Est. reading time\" \/>\n\t<meta name=\"twitter:data2\" content=\"2 minutes\" \/>\n<script type=\"application\/ld+json\" class=\"yoast-schema-graph\">{\"@context\":\"https:\\\/\\\/schema.org\",\"@graph\":[{\"@type\":\"Article\",\"@id\":\"https:\\\/\\\/staging.fbt-avocats.ch\\\/en\\\/travailleur-senior-qui-nexecute-plus-ses-taches-de-maniere-satisfaisante\\\/#article\",\"isPartOf\":{\"@id\":\"https:\\\/\\\/staging.fbt-avocats.ch\\\/en\\\/travailleur-senior-qui-nexecute-plus-ses-taches-de-maniere-satisfaisante\\\/\"},\"author\":{\"name\":\"Helder Carvalho\",\"@id\":\"https:\\\/\\\/staging.fbt-avocats.ch\\\/en\\\/#\\\/schema\\\/person\\\/59cfd6ef8354572f3769bd501839bddd\"},\"headline\":\"Travailleur senior qui n\u2019ex\u00e9cute plus ses t\u00e2ches de mani\u00e8re satisfaisante\",\"datePublished\":\"2020-04-16T12:17:58+00:00\",\"dateModified\":\"2025-10-20T09:35:00+00:00\",\"mainEntityOfPage\":{\"@id\":\"https:\\\/\\\/staging.fbt-avocats.ch\\\/en\\\/travailleur-senior-qui-nexecute-plus-ses-taches-de-maniere-satisfaisante\\\/\"},\"wordCount\":399,\"articleSection\":[\"Publications\"],\"inLanguage\":\"en-US\"},{\"@type\":\"WebPage\",\"@id\":\"https:\\\/\\\/staging.fbt-avocats.ch\\\/en\\\/travailleur-senior-qui-nexecute-plus-ses-taches-de-maniere-satisfaisante\\\/\",\"url\":\"https:\\\/\\\/staging.fbt-avocats.ch\\\/en\\\/travailleur-senior-qui-nexecute-plus-ses-taches-de-maniere-satisfaisante\\\/\",\"name\":\"Travailleur senior qui n\u2019ex\u00e9cute plus ses t\u00e2ches de mani\u00e8re satisfaisante | FBT Avocats SA\",\"isPartOf\":{\"@id\":\"https:\\\/\\\/staging.fbt-avocats.ch\\\/en\\\/#website\"},\"datePublished\":\"2020-04-16T12:17:58+00:00\",\"dateModified\":\"2025-10-20T09:35:00+00:00\",\"author\":{\"@id\":\"https:\\\/\\\/staging.fbt-avocats.ch\\\/en\\\/#\\\/schema\\\/person\\\/59cfd6ef8354572f3769bd501839bddd\"},\"breadcrumb\":{\"@id\":\"https:\\\/\\\/staging.fbt-avocats.ch\\\/en\\\/travailleur-senior-qui-nexecute-plus-ses-taches-de-maniere-satisfaisante\\\/#breadcrumb\"},\"inLanguage\":\"en-US\",\"potentialAction\":[{\"@type\":\"ReadAction\",\"target\":[\"https:\\\/\\\/staging.fbt-avocats.ch\\\/en\\\/travailleur-senior-qui-nexecute-plus-ses-taches-de-maniere-satisfaisante\\\/\"]}]},{\"@type\":\"BreadcrumbList\",\"@id\":\"https:\\\/\\\/staging.fbt-avocats.ch\\\/en\\\/travailleur-senior-qui-nexecute-plus-ses-taches-de-maniere-satisfaisante\\\/#breadcrumb\",\"itemListElement\":[{\"@type\":\"ListItem\",\"position\":1,\"name\":\"Home\",\"item\":\"https:\\\/\\\/staging.fbt-avocats.ch\\\/en\\\/\"},{\"@type\":\"ListItem\",\"position\":2,\"name\":\"Travailleur senior qui n\u2019ex\u00e9cute plus ses t\u00e2ches de mani\u00e8re satisfaisante\"}]},{\"@type\":\"WebSite\",\"@id\":\"https:\\\/\\\/staging.fbt-avocats.ch\\\/en\\\/#website\",\"url\":\"https:\\\/\\\/staging.fbt-avocats.ch\\\/en\\\/\",\"name\":\"FBT Avocats SA\",\"description\":\"Etudes bas\u00e9es \u00e0 Gen\u00e8ve et Paris\",\"potentialAction\":[{\"@type\":\"SearchAction\",\"target\":{\"@type\":\"EntryPoint\",\"urlTemplate\":\"https:\\\/\\\/staging.fbt-avocats.ch\\\/en\\\/?s={search_term_string}\"},\"query-input\":{\"@type\":\"PropertyValueSpecification\",\"valueRequired\":true,\"valueName\":\"search_term_string\"}}],\"inLanguage\":\"en-US\"},{\"@type\":\"Person\",\"@id\":\"https:\\\/\\\/staging.fbt-avocats.ch\\\/en\\\/#\\\/schema\\\/person\\\/59cfd6ef8354572f3769bd501839bddd\",\"name\":\"Helder Carvalho\"}]}<\/script>\n<!-- \/ Yoast SEO Premium plugin. -->","yoast_head_json":{"title":"Travailleur senior qui n\u2019ex\u00e9cute plus ses t\u00e2ches de mani\u00e8re satisfaisante | FBT Avocats SA","robots":{"index":"noindex","follow":"follow","max-snippet":"max-snippet:-1","max-image-preview":"max-image-preview:large","max-video-preview":"max-video-preview:-1"},"og_locale":"en_US","og_type":"article","og_title":"Travailleur senior qui n\u2019ex\u00e9cute plus ses t\u00e2ches de mani\u00e8re satisfaisante","og_url":"https:\/\/staging.fbt-avocats.ch\/en\/travailleur-senior-qui-nexecute-plus-ses-taches-de-maniere-satisfaisante\/","og_site_name":"FBT Avocats SA","article_published_time":"2020-04-16T12:17:58+00:00","article_modified_time":"2025-10-20T09:35:00+00:00","author":"Helder Carvalho","twitter_card":"summary_large_image","twitter_misc":{"Written by":"Helder Carvalho","Est. reading time":"2 minutes"},"schema":{"@context":"https:\/\/schema.org","@graph":[{"@type":"Article","@id":"https:\/\/staging.fbt-avocats.ch\/en\/travailleur-senior-qui-nexecute-plus-ses-taches-de-maniere-satisfaisante\/#article","isPartOf":{"@id":"https:\/\/staging.fbt-avocats.ch\/en\/travailleur-senior-qui-nexecute-plus-ses-taches-de-maniere-satisfaisante\/"},"author":{"name":"Helder Carvalho","@id":"https:\/\/staging.fbt-avocats.ch\/en\/#\/schema\/person\/59cfd6ef8354572f3769bd501839bddd"},"headline":"Travailleur senior qui n\u2019ex\u00e9cute plus ses t\u00e2ches de mani\u00e8re satisfaisante","datePublished":"2020-04-16T12:17:58+00:00","dateModified":"2025-10-20T09:35:00+00:00","mainEntityOfPage":{"@id":"https:\/\/staging.fbt-avocats.ch\/en\/travailleur-senior-qui-nexecute-plus-ses-taches-de-maniere-satisfaisante\/"},"wordCount":399,"articleSection":["Publications"],"inLanguage":"en-US"},{"@type":"WebPage","@id":"https:\/\/staging.fbt-avocats.ch\/en\/travailleur-senior-qui-nexecute-plus-ses-taches-de-maniere-satisfaisante\/","url":"https:\/\/staging.fbt-avocats.ch\/en\/travailleur-senior-qui-nexecute-plus-ses-taches-de-maniere-satisfaisante\/","name":"Travailleur senior qui n\u2019ex\u00e9cute plus ses t\u00e2ches de mani\u00e8re satisfaisante | FBT Avocats SA","isPartOf":{"@id":"https:\/\/staging.fbt-avocats.ch\/en\/#website"},"datePublished":"2020-04-16T12:17:58+00:00","dateModified":"2025-10-20T09:35:00+00:00","author":{"@id":"https:\/\/staging.fbt-avocats.ch\/en\/#\/schema\/person\/59cfd6ef8354572f3769bd501839bddd"},"breadcrumb":{"@id":"https:\/\/staging.fbt-avocats.ch\/en\/travailleur-senior-qui-nexecute-plus-ses-taches-de-maniere-satisfaisante\/#breadcrumb"},"inLanguage":"en-US","potentialAction":[{"@type":"ReadAction","target":["https:\/\/staging.fbt-avocats.ch\/en\/travailleur-senior-qui-nexecute-plus-ses-taches-de-maniere-satisfaisante\/"]}]},{"@type":"BreadcrumbList","@id":"https:\/\/staging.fbt-avocats.ch\/en\/travailleur-senior-qui-nexecute-plus-ses-taches-de-maniere-satisfaisante\/#breadcrumb","itemListElement":[{"@type":"ListItem","position":1,"name":"Home","item":"https:\/\/staging.fbt-avocats.ch\/en\/"},{"@type":"ListItem","position":2,"name":"Travailleur senior qui n\u2019ex\u00e9cute plus ses t\u00e2ches de mani\u00e8re satisfaisante"}]},{"@type":"WebSite","@id":"https:\/\/staging.fbt-avocats.ch\/en\/#website","url":"https:\/\/staging.fbt-avocats.ch\/en\/","name":"FBT Avocats SA","description":"Etudes bas\u00e9es \u00e0 Gen\u00e8ve et Paris","potentialAction":[{"@type":"SearchAction","target":{"@type":"EntryPoint","urlTemplate":"https:\/\/staging.fbt-avocats.ch\/en\/?s={search_term_string}"},"query-input":{"@type":"PropertyValueSpecification","valueRequired":true,"valueName":"search_term_string"}}],"inLanguage":"en-US"},{"@type":"Person","@id":"https:\/\/staging.fbt-avocats.ch\/en\/#\/schema\/person\/59cfd6ef8354572f3769bd501839bddd","name":"Helder Carvalho"}]}},"_links":{"self":[{"href":"https:\/\/staging.fbt-avocats.ch\/en\/wp-json\/wp\/v2\/posts\/19375","targetHints":{"allow":["GET"]}}],"collection":[{"href":"https:\/\/staging.fbt-avocats.ch\/en\/wp-json\/wp\/v2\/posts"}],"about":[{"href":"https:\/\/staging.fbt-avocats.ch\/en\/wp-json\/wp\/v2\/types\/post"}],"author":[{"embeddable":true,"href":"https:\/\/staging.fbt-avocats.ch\/en\/wp-json\/wp\/v2\/users\/18"}],"replies":[{"embeddable":true,"href":"https:\/\/staging.fbt-avocats.ch\/en\/wp-json\/wp\/v2\/comments?post=19375"}],"version-history":[{"count":0,"href":"https:\/\/staging.fbt-avocats.ch\/en\/wp-json\/wp\/v2\/posts\/19375\/revisions"}],"wp:attachment":[{"href":"https:\/\/staging.fbt-avocats.ch\/en\/wp-json\/wp\/v2\/media?parent=19375"}],"wp:term":[{"taxonomy":"category","embeddable":true,"href":"https:\/\/staging.fbt-avocats.ch\/en\/wp-json\/wp\/v2\/categories?post=19375"},{"taxonomy":"post_tag","embeddable":true,"href":"https:\/\/staging.fbt-avocats.ch\/en\/wp-json\/wp\/v2\/tags?post=19375"},{"taxonomy":"datespeciale","embeddable":true,"href":"https:\/\/staging.fbt-avocats.ch\/en\/wp-json\/wp\/v2\/datespeciale?post=19375"}],"curies":[{"name":"wp","href":"https:\/\/api.w.org\/{rel}","templated":true}]}}