{"id":19398,"date":"2020-04-21T09:33:21","date_gmt":"2020-04-21T08:33:21","guid":{"rendered":"https:\/\/www.fbt-avocats.ch\/le-droit-de-lemployeur-dimposer-des-vacances\/"},"modified":"2022-05-16T16:13:20","modified_gmt":"2022-05-16T15:13:20","slug":"le-droit-de-lemployeur-dimposer-des-vacances","status":"publish","type":"post","link":"https:\/\/staging.fbt-avocats.ch\/en\/le-droit-de-lemployeur-dimposer-des-vacances\/","title":{"rendered":"Le droit de l&#8217;employeur d&#8217;imposer des vacances"},"content":{"rendered":"<section  class='av_textblock_section av-7dtlel-54646e090b2362c0ce717e7039213545 '   itemscope=\"itemscope\" itemtype=\"https:\/\/schema.org\/BlogPosting\" itemprop=\"blogPost\" ><div class='avia_textblock'  itemprop=\"text\" ><\/div><\/section>\n\n<style type=\"text\/css\" data-created_by=\"avia_inline_auto\" id=\"style-css-av-6hs9cd-aa7fd7160a86b43089fe650ca2464333\">\n.flex_column.av-6hs9cd-aa7fd7160a86b43089fe650ca2464333{\nborder-radius:0px 0px 0px 0px;\npadding:0px 0px 0px 0px;\n}\n<\/style>\n<div  class='flex_column av-6hs9cd-aa7fd7160a86b43089fe650ca2464333 av_one_full  avia-builder-el-1  el_after_av_textblock  avia-builder-el-last  first flex_column_div av-zero-column-padding  column-top-margin'     ><p>\n<style type=\"text\/css\" data-created_by=\"avia_inline_auto\" id=\"style-css-av-k99nwgmm-1014b37fb1a978be48496cf6a3532cc8\">\n#top .av-special-heading.av-k99nwgmm-1014b37fb1a978be48496cf6a3532cc8{\npadding-bottom:10px;\nfont-size:26px;\n}\nbody .av-special-heading.av-k99nwgmm-1014b37fb1a978be48496cf6a3532cc8 .av-special-heading-tag .heading-char{\nfont-size:25px;\n}\n#top #wrap_all .av-special-heading.av-k99nwgmm-1014b37fb1a978be48496cf6a3532cc8 .av-special-heading-tag{\nfont-size:26px;\n}\n.av-special-heading.av-k99nwgmm-1014b37fb1a978be48496cf6a3532cc8 .av-subheading{\nfont-size:15px;\n}\n\n@media only screen and (min-width: 480px) and (max-width: 767px){ \n#top #wrap_all .av-special-heading.av-k99nwgmm-1014b37fb1a978be48496cf6a3532cc8 .av-special-heading-tag{\nfont-size:0.8em;\n}\n}\n\n@media only screen and (max-width: 479px){ \n#top #wrap_all .av-special-heading.av-k99nwgmm-1014b37fb1a978be48496cf6a3532cc8 .av-special-heading-tag{\nfont-size:0.8em;\n}\n}\n<\/style>\n<div  class='av-special-heading av-k99nwgmm-1014b37fb1a978be48496cf6a3532cc8 av-special-heading-h1 blockquote modern-quote  avia-builder-el-2  el_before_av_hr  avia-builder-el-first  av-inherit-size'><h1 class='av-special-heading-tag '  itemprop=\"headline\"  >Le droit de l\u2018employeur d\u2019imposer des vacances<\/h1><div class='av-subheading av-subheading_below'><p>FBT Avocats \u2013 Avril 2020<br \/>\nSerge Fasel, Th\u00e9o Goetschin, Charlotte Andrey<\/p>\n<\/div><div class=\"special-heading-border\"><div class=\"special-heading-inner-border\"><\/div><\/div><\/div><br \/>\n\n<style type=\"text\/css\" data-created_by=\"avia_inline_auto\" id=\"style-css-av-4rtof1-6cb168409d4b952e81360eb2f8cb23b0\">\n#top .hr.hr-invisible.av-4rtof1-6cb168409d4b952e81360eb2f8cb23b0{\nheight:20px;\n}\n<\/style>\n<div  class='hr av-4rtof1-6cb168409d4b952e81360eb2f8cb23b0 hr-invisible  avia-builder-el-3  el_after_av_heading  el_before_av_textblock '><span class='hr-inner '><span class=\"hr-inner-style\"><\/span><\/span><\/div><br \/>\n<section  class='av_textblock_section av-jo5hremo-8df0535b4b08dc00af18df224af1af03 '   itemscope=\"itemscope\" itemtype=\"https:\/\/schema.org\/BlogPosting\" itemprop=\"blogPost\" ><div class='avia_textblock'  itemprop=\"text\" ><div data-canvas-width=\"431.1431666666666\">\n<div class=\"textLayer\">\n<div data-canvas-width=\"318.9300803304\">\n<p><strong>La crise sanitaire actuelle a rarement autant d\u00e9cha\u00een\u00e9 les d\u00e9bats doctrinaux qu\u2019\u00e0 ce jour. Pour donner du cr\u00e9dit \u00e0 leurs opinions, certains auteurs tentent de d\u00e9stabiliser des institutions qui permettent de conserver un \u00e9quilibre fragile dans les relations entre employ\u00e9s et employeurs.<br \/>\n<\/strong>Il n\u2019est pas question ici de mettre en doute la n\u00e9cessit\u00e9 de la protection des droits fondamentaux dont b\u00e9n\u00e9ficie le salari\u00e9, puisque par d\u00e9finition ceux-ci sont essentiels \u00e0 l\u2019\u00e9quilibre socio-\u00e9conomique de notre Pays. Alors que la crise sanitaire provoque une d\u00e9stabilisation g\u00e9n\u00e9ralis\u00e9e de nos institutions et fait appara\u00eetre le spectre d\u2019une r\u00e9cession, l\u2019inqui\u00e9tude des auteurs de la pr\u00e9sente publication est dirig\u00e9e vers la mise en p\u00e9ril des institutions qui offrent \u00e0 l\u2019employeur des outils essentiels pour pr\u00e9server l\u2019entreprise et donc les emplois.<\/p>\n<\/div>\n<div data-canvas-width=\"318.9300803304\"><\/div>\n<div data-canvas-width=\"318.9300803304\"><\/div>\n<div data-canvas-width=\"318.9300803304\"><\/div>\n<div data-canvas-width=\"318.9300803304\"><\/div>\n<div data-canvas-width=\"318.9300803304\"><\/div>\n<div data-canvas-width=\"318.9300803304\"><\/div>\n<div data-canvas-width=\"318.9300803304\"><\/div>\n<div data-canvas-width=\"318.9300803304\"><\/div>\n<div data-canvas-width=\"318.9300803304\"><\/div>\n<\/div>\n<\/div>\n<\/div><\/section><br \/>\n\n<style type=\"text\/css\" data-created_by=\"avia_inline_auto\" id=\"style-css-av-1xwhd9-afd37c19b28461d09397a418e175376c\">\n#top .hr.hr-invisible.av-1xwhd9-afd37c19b28461d09397a418e175376c{\nheight:20px;\n}\n<\/style>\n<div  class='hr av-1xwhd9-afd37c19b28461d09397a418e175376c hr-invisible  avia-builder-el-5  el_after_av_textblock  el_before_av_button '><span class='hr-inner '><span class=\"hr-inner-style\"><\/span><\/span><\/div><br \/>\n<div  class='avia-button-wrap av-jo5hs5ts-3b0dd2fb308e95a56929010a3057bde5-wrap avia-button-left  avia-builder-el-6  el_after_av_hr  avia-builder-el-last '>\n<style type=\"text\/css\" data-created_by=\"avia_inline_auto\" id=\"style-css-av-jo5hs5ts-3b0dd2fb308e95a56929010a3057bde5\">\n#top #wrap_all .avia-button.av-jo5hs5ts-3b0dd2fb308e95a56929010a3057bde5{\nbackground-color:#44525f;\nborder-color:#44525f;\ncolor:#ffffff;\ntransition:all 0.4s ease-in-out;\n}\n#top #wrap_all .avia-button.av-jo5hs5ts-3b0dd2fb308e95a56929010a3057bde5 .avia-svg-icon svg:first-child{\nfill:#ffffff;\nstroke:#ffffff;\n}\n<\/style>\n<a href='https:\/\/staging.fbt-avocats.ch\/wp-content\/uploads\/2020\/04\/Le-droit-de-lemployeur-dimposer-des-vacances-Me-Serge-Fasel-Me-Charlotte-Andrey-et-Me-Th\u00e9o-Goetschin.pdf'  class='avia-button av-jo5hs5ts-3b0dd2fb308e95a56929010a3057bde5 av-link-btn avia-icon_select-no avia-size-large avia-position-left'  target=\"_blank\"  rel=\"noopener noreferrer\"  aria-label=\"Lire la suite\"><span class='avia_iconbox_title' >Lire la suite<\/span><\/a><\/div><\/p><\/div>\n","protected":false},"excerpt":{"rendered":"","protected":false},"author":18,"featured_media":0,"comment_status":"closed","ping_status":"closed","sticky":false,"template":"","format":"standard","meta":{"footnotes":""},"categories":[85],"tags":[],"datespeciale":[],"class_list":["post-19398","post","type-post","status-publish","format-standard","hentry","category-publications","competences-litigation-and-arbitration","auteurs-charlotte-andrey-en","auteurs-serge-fasel-en","auteurs-theo-goetschin-en","date-publication-2020-en","diffusion-publications-en"],"yoast_head":"<!-- This site is optimized with the Yoast SEO Premium plugin v27.4 (Yoast SEO v27.4) - https:\/\/yoast.com\/product\/yoast-seo-premium-wordpress\/ -->\n<title>Le droit de l&#039;employeur d&#039;imposer des vacances | FBT Avocats SA<\/title>\n<meta name=\"robots\" content=\"noindex, follow, max-snippet:-1, max-image-preview:large, max-video-preview:-1\" \/>\n<meta property=\"og:locale\" content=\"en_US\" \/>\n<meta property=\"og:type\" content=\"article\" \/>\n<meta property=\"og:title\" content=\"Le droit de l&#039;employeur d&#039;imposer des vacances\" \/>\n<meta property=\"og:url\" content=\"https:\/\/staging.fbt-avocats.ch\/en\/le-droit-de-lemployeur-dimposer-des-vacances\/\" \/>\n<meta property=\"og:site_name\" content=\"FBT Avocats SA\" \/>\n<meta property=\"article:published_time\" content=\"2020-04-21T08:33:21+00:00\" \/>\n<meta property=\"article:modified_time\" content=\"2022-05-16T15:13:20+00:00\" \/>\n<meta name=\"author\" content=\"Helder Carvalho\" \/>\n<meta name=\"twitter:card\" content=\"summary_large_image\" \/>\n<meta name=\"twitter:label1\" content=\"Written by\" \/>\n\t<meta name=\"twitter:data1\" content=\"Helder Carvalho\" \/>\n\t<meta name=\"twitter:label2\" content=\"Est. reading time\" \/>\n\t<meta name=\"twitter:data2\" content=\"2 minutes\" \/>\n<script type=\"application\/ld+json\" class=\"yoast-schema-graph\">{\"@context\":\"https:\\\/\\\/schema.org\",\"@graph\":[{\"@type\":\"Article\",\"@id\":\"https:\\\/\\\/staging.fbt-avocats.ch\\\/en\\\/le-droit-de-lemployeur-dimposer-des-vacances\\\/#article\",\"isPartOf\":{\"@id\":\"https:\\\/\\\/staging.fbt-avocats.ch\\\/en\\\/le-droit-de-lemployeur-dimposer-des-vacances\\\/\"},\"author\":{\"name\":\"Helder Carvalho\",\"@id\":\"https:\\\/\\\/staging.fbt-avocats.ch\\\/en\\\/#\\\/schema\\\/person\\\/59cfd6ef8354572f3769bd501839bddd\"},\"headline\":\"Le droit de l&#8217;employeur d&#8217;imposer des vacances\",\"datePublished\":\"2020-04-21T08:33:21+00:00\",\"dateModified\":\"2022-05-16T15:13:20+00:00\",\"mainEntityOfPage\":{\"@id\":\"https:\\\/\\\/staging.fbt-avocats.ch\\\/en\\\/le-droit-de-lemployeur-dimposer-des-vacances\\\/\"},\"wordCount\":428,\"articleSection\":[\"Publications\"],\"inLanguage\":\"en-US\"},{\"@type\":\"WebPage\",\"@id\":\"https:\\\/\\\/staging.fbt-avocats.ch\\\/en\\\/le-droit-de-lemployeur-dimposer-des-vacances\\\/\",\"url\":\"https:\\\/\\\/staging.fbt-avocats.ch\\\/en\\\/le-droit-de-lemployeur-dimposer-des-vacances\\\/\",\"name\":\"Le droit de l'employeur d'imposer des vacances | FBT Avocats SA\",\"isPartOf\":{\"@id\":\"https:\\\/\\\/staging.fbt-avocats.ch\\\/en\\\/#website\"},\"datePublished\":\"2020-04-21T08:33:21+00:00\",\"dateModified\":\"2022-05-16T15:13:20+00:00\",\"author\":{\"@id\":\"https:\\\/\\\/staging.fbt-avocats.ch\\\/en\\\/#\\\/schema\\\/person\\\/59cfd6ef8354572f3769bd501839bddd\"},\"breadcrumb\":{\"@id\":\"https:\\\/\\\/staging.fbt-avocats.ch\\\/en\\\/le-droit-de-lemployeur-dimposer-des-vacances\\\/#breadcrumb\"},\"inLanguage\":\"en-US\",\"potentialAction\":[{\"@type\":\"ReadAction\",\"target\":[\"https:\\\/\\\/staging.fbt-avocats.ch\\\/en\\\/le-droit-de-lemployeur-dimposer-des-vacances\\\/\"]}]},{\"@type\":\"BreadcrumbList\",\"@id\":\"https:\\\/\\\/staging.fbt-avocats.ch\\\/en\\\/le-droit-de-lemployeur-dimposer-des-vacances\\\/#breadcrumb\",\"itemListElement\":[{\"@type\":\"ListItem\",\"position\":1,\"name\":\"Home\",\"item\":\"https:\\\/\\\/staging.fbt-avocats.ch\\\/en\\\/\"},{\"@type\":\"ListItem\",\"position\":2,\"name\":\"Le droit de l&#8217;employeur d&#8217;imposer des vacances\"}]},{\"@type\":\"WebSite\",\"@id\":\"https:\\\/\\\/staging.fbt-avocats.ch\\\/en\\\/#website\",\"url\":\"https:\\\/\\\/staging.fbt-avocats.ch\\\/en\\\/\",\"name\":\"FBT Avocats SA\",\"description\":\"Etudes bas\u00e9es \u00e0 Gen\u00e8ve et Paris\",\"potentialAction\":[{\"@type\":\"SearchAction\",\"target\":{\"@type\":\"EntryPoint\",\"urlTemplate\":\"https:\\\/\\\/staging.fbt-avocats.ch\\\/en\\\/?s={search_term_string}\"},\"query-input\":{\"@type\":\"PropertyValueSpecification\",\"valueRequired\":true,\"valueName\":\"search_term_string\"}}],\"inLanguage\":\"en-US\"},{\"@type\":\"Person\",\"@id\":\"https:\\\/\\\/staging.fbt-avocats.ch\\\/en\\\/#\\\/schema\\\/person\\\/59cfd6ef8354572f3769bd501839bddd\",\"name\":\"Helder Carvalho\"}]}<\/script>\n<!-- \/ Yoast SEO Premium plugin. -->","yoast_head_json":{"title":"Le droit de l'employeur d'imposer des vacances | FBT Avocats SA","robots":{"index":"noindex","follow":"follow","max-snippet":"max-snippet:-1","max-image-preview":"max-image-preview:large","max-video-preview":"max-video-preview:-1"},"og_locale":"en_US","og_type":"article","og_title":"Le droit de l'employeur d'imposer des vacances","og_url":"https:\/\/staging.fbt-avocats.ch\/en\/le-droit-de-lemployeur-dimposer-des-vacances\/","og_site_name":"FBT Avocats SA","article_published_time":"2020-04-21T08:33:21+00:00","article_modified_time":"2022-05-16T15:13:20+00:00","author":"Helder Carvalho","twitter_card":"summary_large_image","twitter_misc":{"Written by":"Helder Carvalho","Est. reading time":"2 minutes"},"schema":{"@context":"https:\/\/schema.org","@graph":[{"@type":"Article","@id":"https:\/\/staging.fbt-avocats.ch\/en\/le-droit-de-lemployeur-dimposer-des-vacances\/#article","isPartOf":{"@id":"https:\/\/staging.fbt-avocats.ch\/en\/le-droit-de-lemployeur-dimposer-des-vacances\/"},"author":{"name":"Helder Carvalho","@id":"https:\/\/staging.fbt-avocats.ch\/en\/#\/schema\/person\/59cfd6ef8354572f3769bd501839bddd"},"headline":"Le droit de l&#8217;employeur d&#8217;imposer des vacances","datePublished":"2020-04-21T08:33:21+00:00","dateModified":"2022-05-16T15:13:20+00:00","mainEntityOfPage":{"@id":"https:\/\/staging.fbt-avocats.ch\/en\/le-droit-de-lemployeur-dimposer-des-vacances\/"},"wordCount":428,"articleSection":["Publications"],"inLanguage":"en-US"},{"@type":"WebPage","@id":"https:\/\/staging.fbt-avocats.ch\/en\/le-droit-de-lemployeur-dimposer-des-vacances\/","url":"https:\/\/staging.fbt-avocats.ch\/en\/le-droit-de-lemployeur-dimposer-des-vacances\/","name":"Le droit de l'employeur d'imposer des vacances | FBT Avocats SA","isPartOf":{"@id":"https:\/\/staging.fbt-avocats.ch\/en\/#website"},"datePublished":"2020-04-21T08:33:21+00:00","dateModified":"2022-05-16T15:13:20+00:00","author":{"@id":"https:\/\/staging.fbt-avocats.ch\/en\/#\/schema\/person\/59cfd6ef8354572f3769bd501839bddd"},"breadcrumb":{"@id":"https:\/\/staging.fbt-avocats.ch\/en\/le-droit-de-lemployeur-dimposer-des-vacances\/#breadcrumb"},"inLanguage":"en-US","potentialAction":[{"@type":"ReadAction","target":["https:\/\/staging.fbt-avocats.ch\/en\/le-droit-de-lemployeur-dimposer-des-vacances\/"]}]},{"@type":"BreadcrumbList","@id":"https:\/\/staging.fbt-avocats.ch\/en\/le-droit-de-lemployeur-dimposer-des-vacances\/#breadcrumb","itemListElement":[{"@type":"ListItem","position":1,"name":"Home","item":"https:\/\/staging.fbt-avocats.ch\/en\/"},{"@type":"ListItem","position":2,"name":"Le droit de l&#8217;employeur d&#8217;imposer des vacances"}]},{"@type":"WebSite","@id":"https:\/\/staging.fbt-avocats.ch\/en\/#website","url":"https:\/\/staging.fbt-avocats.ch\/en\/","name":"FBT Avocats SA","description":"Etudes bas\u00e9es \u00e0 Gen\u00e8ve et Paris","potentialAction":[{"@type":"SearchAction","target":{"@type":"EntryPoint","urlTemplate":"https:\/\/staging.fbt-avocats.ch\/en\/?s={search_term_string}"},"query-input":{"@type":"PropertyValueSpecification","valueRequired":true,"valueName":"search_term_string"}}],"inLanguage":"en-US"},{"@type":"Person","@id":"https:\/\/staging.fbt-avocats.ch\/en\/#\/schema\/person\/59cfd6ef8354572f3769bd501839bddd","name":"Helder Carvalho"}]}},"_links":{"self":[{"href":"https:\/\/staging.fbt-avocats.ch\/en\/wp-json\/wp\/v2\/posts\/19398","targetHints":{"allow":["GET"]}}],"collection":[{"href":"https:\/\/staging.fbt-avocats.ch\/en\/wp-json\/wp\/v2\/posts"}],"about":[{"href":"https:\/\/staging.fbt-avocats.ch\/en\/wp-json\/wp\/v2\/types\/post"}],"author":[{"embeddable":true,"href":"https:\/\/staging.fbt-avocats.ch\/en\/wp-json\/wp\/v2\/users\/18"}],"replies":[{"embeddable":true,"href":"https:\/\/staging.fbt-avocats.ch\/en\/wp-json\/wp\/v2\/comments?post=19398"}],"version-history":[{"count":0,"href":"https:\/\/staging.fbt-avocats.ch\/en\/wp-json\/wp\/v2\/posts\/19398\/revisions"}],"wp:attachment":[{"href":"https:\/\/staging.fbt-avocats.ch\/en\/wp-json\/wp\/v2\/media?parent=19398"}],"wp:term":[{"taxonomy":"category","embeddable":true,"href":"https:\/\/staging.fbt-avocats.ch\/en\/wp-json\/wp\/v2\/categories?post=19398"},{"taxonomy":"post_tag","embeddable":true,"href":"https:\/\/staging.fbt-avocats.ch\/en\/wp-json\/wp\/v2\/tags?post=19398"},{"taxonomy":"datespeciale","embeddable":true,"href":"https:\/\/staging.fbt-avocats.ch\/en\/wp-json\/wp\/v2\/datespeciale?post=19398"}],"curies":[{"name":"wp","href":"https:\/\/api.w.org\/{rel}","templated":true}]}}