{"id":19479,"date":"2020-05-06T10:33:25","date_gmt":"2020-05-06T09:33:25","guid":{"rendered":"https:\/\/www.fbt-avocats.ch\/le-droit-de-lemployeur-dimposer-des-vacances-2\/"},"modified":"2025-09-10T12:33:54","modified_gmt":"2025-09-10T11:33:54","slug":"le-droit-de-lemployeur-dimposer-des-vacances-2","status":"publish","type":"post","link":"https:\/\/staging.fbt-avocats.ch\/en\/le-droit-de-lemployeur-dimposer-des-vacances-2\/","title":{"rendered":"Le droit de l\u2019employeur d\u2019imposer des vacances"},"content":{"rendered":"<section  class='av_textblock_section av-7dtlel-54646e090b2362c0ce717e7039213545 '   itemscope=\"itemscope\" itemtype=\"https:\/\/schema.org\/BlogPosting\" itemprop=\"blogPost\" ><div class='avia_textblock'  itemprop=\"text\" ><\/div><\/section>\n\n<style type=\"text\/css\" data-created_by=\"avia_inline_auto\" id=\"style-css-av-6hs9cd-aa7fd7160a86b43089fe650ca2464333\">\n.flex_column.av-6hs9cd-aa7fd7160a86b43089fe650ca2464333{\nborder-radius:0px 0px 0px 0px;\npadding:0px 0px 0px 0px;\n}\n<\/style>\n<div  class='flex_column av-6hs9cd-aa7fd7160a86b43089fe650ca2464333 av_one_full  avia-builder-el-1  el_after_av_textblock  avia-builder-el-last  first flex_column_div av-zero-column-padding  column-top-margin'     ><p>\n<style type=\"text\/css\" data-created_by=\"avia_inline_auto\" id=\"style-css-av-k9v56uo0-f32ca2d357cfbc4538414920a02c66d4\">\n#top .av-special-heading.av-k9v56uo0-f32ca2d357cfbc4538414920a02c66d4{\npadding-bottom:10px;\nfont-size:26px;\n}\nbody .av-special-heading.av-k9v56uo0-f32ca2d357cfbc4538414920a02c66d4 .av-special-heading-tag .heading-char{\nfont-size:25px;\n}\n#top #wrap_all .av-special-heading.av-k9v56uo0-f32ca2d357cfbc4538414920a02c66d4 .av-special-heading-tag{\nfont-size:26px;\n}\n.av-special-heading.av-k9v56uo0-f32ca2d357cfbc4538414920a02c66d4 .av-subheading{\nfont-size:15px;\n}\n\n@media only screen and (min-width: 480px) and (max-width: 767px){ \n#top #wrap_all .av-special-heading.av-k9v56uo0-f32ca2d357cfbc4538414920a02c66d4 .av-special-heading-tag{\nfont-size:0.8em;\n}\n}\n\n@media only screen and (max-width: 479px){ \n#top #wrap_all .av-special-heading.av-k9v56uo0-f32ca2d357cfbc4538414920a02c66d4 .av-special-heading-tag{\nfont-size:0.8em;\n}\n}\n<\/style>\n<div  class='av-special-heading av-k9v56uo0-f32ca2d357cfbc4538414920a02c66d4 av-special-heading-h1 blockquote modern-quote  avia-builder-el-2  el_before_av_hr  avia-builder-el-first  av-inherit-size'><h1 class='av-special-heading-tag '  itemprop=\"headline\"  >Le droit de l\u2019employeur d\u2019imposer des vacances<\/h1><div class='av-subheading av-subheading_below'><p>Allnews \u2013 Mai 2020<br \/>\nSerge Fasel et Th\u00e9o Goetschin<\/p>\n<\/div><div class=\"special-heading-border\"><div class=\"special-heading-inner-border\"><\/div><\/div><\/div><br \/>\n\n<style type=\"text\/css\" data-created_by=\"avia_inline_auto\" id=\"style-css-av-4rtof1-6cb168409d4b952e81360eb2f8cb23b0\">\n#top .hr.hr-invisible.av-4rtof1-6cb168409d4b952e81360eb2f8cb23b0{\nheight:20px;\n}\n<\/style>\n<div  class='hr av-4rtof1-6cb168409d4b952e81360eb2f8cb23b0 hr-invisible  avia-builder-el-3  el_after_av_heading  el_before_av_textblock '><span class='hr-inner '><span class=\"hr-inner-style\"><\/span><\/span><\/div><br \/>\n<section  class='av_textblock_section av-jo5hremo-8df0535b4b08dc00af18df224af1af03 '   itemscope=\"itemscope\" itemtype=\"https:\/\/schema.org\/BlogPosting\" itemprop=\"blogPost\" ><div class='avia_textblock'  itemprop=\"text\" ><div data-canvas-width=\"431.1431666666666\">\n<div class=\"textLayer\">\n<div data-canvas-width=\"318.9300803304\">\n<p><strong>Dans ce contexte de crise sanitaire, la question de savoir si l\u2019employeur est en<br \/>\ndroit d\u2019imposer des vacances \u00e0 ses employ\u00e9s d\u00e9cha\u00eene les d\u00e9bats.<\/strong><\/p>\n<p>La crise sanitaire actuelle a rarement autant d\u00e9cha\u00een\u00e9 les d\u00e9bats doctrinaux qu\u2019\u00e0 ce jour. Pour donner du cr\u00e9dit \u00e0 leurs opinions, certains auteurs tentent de d\u00e9stabiliser des institutions qui permettent de conserver un \u00e9quilibre fragile dans les relations entre employ\u00e9s et employeurs.<\/p>\n<p>Alors que la crise sanitaire provoque une d\u00e9stabilisation g\u00e9n\u00e9ralis\u00e9e de nos institutions et fait appara\u00eetre le spectre d\u2019une r\u00e9cession, il convient de s\u2019inqui\u00e9ter de la mise en p\u00e9ril des institutions qui offrent \u00e0 l\u2019employeur des outils essentiels pour pr\u00e9server l\u2019entreprise et donc les emplois.<\/p>\n<\/div>\n<div data-canvas-width=\"318.9300803304\"><\/div>\n<div data-canvas-width=\"318.9300803304\"><\/div>\n<div data-canvas-width=\"318.9300803304\"><\/div>\n<div data-canvas-width=\"318.9300803304\"><\/div>\n<div data-canvas-width=\"318.9300803304\"><\/div>\n<div data-canvas-width=\"318.9300803304\"><\/div>\n<div data-canvas-width=\"318.9300803304\"><\/div>\n<div data-canvas-width=\"318.9300803304\"><\/div>\n<div data-canvas-width=\"318.9300803304\"><\/div>\n<\/div>\n<\/div>\n<\/div><\/section><br \/>\n\n<style type=\"text\/css\" data-created_by=\"avia_inline_auto\" id=\"style-css-av-1xwhd9-afd37c19b28461d09397a418e175376c\">\n#top .hr.hr-invisible.av-1xwhd9-afd37c19b28461d09397a418e175376c{\nheight:20px;\n}\n<\/style>\n<div  class='hr av-1xwhd9-afd37c19b28461d09397a418e175376c hr-invisible  avia-builder-el-5  el_after_av_textblock  el_before_av_button '><span class='hr-inner '><span class=\"hr-inner-style\"><\/span><\/span><\/div><br \/>\n<div  class='avia-button-wrap av-jo5hs5ts-e607ca59d680dce584aec1258f86dcbd-wrap avia-button-left  avia-builder-el-6  el_after_av_hr  avia-builder-el-last '>\n<style type=\"text\/css\" data-created_by=\"avia_inline_auto\" id=\"style-css-av-jo5hs5ts-e607ca59d680dce584aec1258f86dcbd\">\n#top #wrap_all .avia-button.av-jo5hs5ts-e607ca59d680dce584aec1258f86dcbd{\nbackground-color:#44525f;\nborder-color:#44525f;\ncolor:#ffffff;\ntransition:all 0.4s ease-in-out;\n}\n#top #wrap_all .avia-button.av-jo5hs5ts-e607ca59d680dce584aec1258f86dcbd .avia-svg-icon svg:first-child{\nfill:#ffffff;\nstroke:#ffffff;\n}\n<\/style>\n<a href='https:\/\/staging.fbt-avocats.ch\/wp-content\/uploads\/2020\/05\/Le-droit-de-l\u2019employeur-d\u2019imposer-des-vacances-_-Allnews.pdf'  class='avia-button av-jo5hs5ts-e607ca59d680dce584aec1258f86dcbd av-link-btn avia-icon_select-no avia-size-large avia-position-left'  target=\"_blank\"  rel=\"noopener noreferrer\"  aria-label=\"Lire la suite\"><span class='avia_iconbox_title' >Lire la suite<\/span><\/a><\/div><\/p><\/div>\n","protected":false},"excerpt":{"rendered":"","protected":false},"author":18,"featured_media":0,"comment_status":"closed","ping_status":"closed","sticky":false,"template":"","format":"standard","meta":{"footnotes":""},"categories":[84],"tags":[560],"datespeciale":[],"class_list":["post-19479","post","type-post","status-publish","format-standard","hentry","category-media-and-news","tag-allnews-en","competences-litigation-and-arbitration","auteurs-serge-fasel-en","auteurs-theo-goetschin-en","date-publication-2020-en","diffusion-medias-en"],"yoast_head":"<!-- This site is optimized with the Yoast SEO Premium plugin v27.4 (Yoast SEO v27.4) - https:\/\/yoast.com\/product\/yoast-seo-premium-wordpress\/ -->\n<title>Le droit de l\u2019employeur d\u2019imposer des vacances | FBT Avocats SA<\/title>\n<meta name=\"robots\" content=\"noindex, nofollow\" \/>\n<meta property=\"og:locale\" content=\"en_US\" \/>\n<meta property=\"og:type\" content=\"article\" \/>\n<meta property=\"og:title\" content=\"Le droit de l\u2019employeur d\u2019imposer des vacances\" \/>\n<meta property=\"og:url\" content=\"https:\/\/staging.fbt-avocats.ch\/en\/le-droit-de-lemployeur-dimposer-des-vacances-2\/\" \/>\n<meta property=\"og:site_name\" content=\"FBT Avocats SA\" \/>\n<meta property=\"article:published_time\" content=\"2020-05-06T09:33:25+00:00\" \/>\n<meta property=\"article:modified_time\" content=\"2025-09-10T11:33:54+00:00\" \/>\n<meta name=\"author\" content=\"Helder Carvalho\" \/>\n<meta name=\"twitter:card\" content=\"summary_large_image\" \/>\n<meta name=\"twitter:label1\" content=\"Written by\" \/>\n\t<meta name=\"twitter:data1\" content=\"Helder Carvalho\" \/>\n\t<meta name=\"twitter:label2\" content=\"Est. reading time\" \/>\n\t<meta name=\"twitter:data2\" content=\"2 minutes\" \/>\n<script type=\"application\/ld+json\" class=\"yoast-schema-graph\">{\"@context\":\"https:\\\/\\\/schema.org\",\"@graph\":[{\"@type\":\"Article\",\"@id\":\"https:\\\/\\\/staging.fbt-avocats.ch\\\/en\\\/le-droit-de-lemployeur-dimposer-des-vacances-2\\\/#article\",\"isPartOf\":{\"@id\":\"https:\\\/\\\/staging.fbt-avocats.ch\\\/en\\\/le-droit-de-lemployeur-dimposer-des-vacances-2\\\/\"},\"author\":{\"name\":\"Helder Carvalho\",\"@id\":\"https:\\\/\\\/staging.fbt-avocats.ch\\\/en\\\/#\\\/schema\\\/person\\\/59cfd6ef8354572f3769bd501839bddd\"},\"headline\":\"Le droit de l\u2019employeur d\u2019imposer des vacances\",\"datePublished\":\"2020-05-06T09:33:25+00:00\",\"dateModified\":\"2025-09-10T11:33:54+00:00\",\"mainEntityOfPage\":{\"@id\":\"https:\\\/\\\/staging.fbt-avocats.ch\\\/en\\\/le-droit-de-lemployeur-dimposer-des-vacances-2\\\/\"},\"wordCount\":412,\"keywords\":[\"Allnews\"],\"articleSection\":[\"Media and News\"],\"inLanguage\":\"en-US\"},{\"@type\":\"WebPage\",\"@id\":\"https:\\\/\\\/staging.fbt-avocats.ch\\\/en\\\/le-droit-de-lemployeur-dimposer-des-vacances-2\\\/\",\"url\":\"https:\\\/\\\/staging.fbt-avocats.ch\\\/en\\\/le-droit-de-lemployeur-dimposer-des-vacances-2\\\/\",\"name\":\"Le droit de l\u2019employeur d\u2019imposer des vacances | FBT Avocats SA\",\"isPartOf\":{\"@id\":\"https:\\\/\\\/staging.fbt-avocats.ch\\\/en\\\/#website\"},\"datePublished\":\"2020-05-06T09:33:25+00:00\",\"dateModified\":\"2025-09-10T11:33:54+00:00\",\"author\":{\"@id\":\"https:\\\/\\\/staging.fbt-avocats.ch\\\/en\\\/#\\\/schema\\\/person\\\/59cfd6ef8354572f3769bd501839bddd\"},\"breadcrumb\":{\"@id\":\"https:\\\/\\\/staging.fbt-avocats.ch\\\/en\\\/le-droit-de-lemployeur-dimposer-des-vacances-2\\\/#breadcrumb\"},\"inLanguage\":\"en-US\",\"potentialAction\":[{\"@type\":\"ReadAction\",\"target\":[\"https:\\\/\\\/staging.fbt-avocats.ch\\\/en\\\/le-droit-de-lemployeur-dimposer-des-vacances-2\\\/\"]}]},{\"@type\":\"BreadcrumbList\",\"@id\":\"https:\\\/\\\/staging.fbt-avocats.ch\\\/en\\\/le-droit-de-lemployeur-dimposer-des-vacances-2\\\/#breadcrumb\",\"itemListElement\":[{\"@type\":\"ListItem\",\"position\":1,\"name\":\"Home\",\"item\":\"https:\\\/\\\/staging.fbt-avocats.ch\\\/en\\\/\"},{\"@type\":\"ListItem\",\"position\":2,\"name\":\"Le droit de l\u2019employeur d\u2019imposer des vacances\"}]},{\"@type\":\"WebSite\",\"@id\":\"https:\\\/\\\/staging.fbt-avocats.ch\\\/en\\\/#website\",\"url\":\"https:\\\/\\\/staging.fbt-avocats.ch\\\/en\\\/\",\"name\":\"FBT Avocats SA\",\"description\":\"Etudes bas\u00e9es \u00e0 Gen\u00e8ve et Paris\",\"potentialAction\":[{\"@type\":\"SearchAction\",\"target\":{\"@type\":\"EntryPoint\",\"urlTemplate\":\"https:\\\/\\\/staging.fbt-avocats.ch\\\/en\\\/?s={search_term_string}\"},\"query-input\":{\"@type\":\"PropertyValueSpecification\",\"valueRequired\":true,\"valueName\":\"search_term_string\"}}],\"inLanguage\":\"en-US\"},{\"@type\":\"Person\",\"@id\":\"https:\\\/\\\/staging.fbt-avocats.ch\\\/en\\\/#\\\/schema\\\/person\\\/59cfd6ef8354572f3769bd501839bddd\",\"name\":\"Helder Carvalho\"}]}<\/script>\n<!-- \/ Yoast SEO Premium plugin. -->","yoast_head_json":{"title":"Le droit de l\u2019employeur d\u2019imposer des vacances | FBT Avocats SA","robots":{"index":"noindex","follow":"nofollow"},"og_locale":"en_US","og_type":"article","og_title":"Le droit de l\u2019employeur d\u2019imposer des vacances","og_url":"https:\/\/staging.fbt-avocats.ch\/en\/le-droit-de-lemployeur-dimposer-des-vacances-2\/","og_site_name":"FBT Avocats SA","article_published_time":"2020-05-06T09:33:25+00:00","article_modified_time":"2025-09-10T11:33:54+00:00","author":"Helder Carvalho","twitter_card":"summary_large_image","twitter_misc":{"Written by":"Helder Carvalho","Est. reading time":"2 minutes"},"schema":{"@context":"https:\/\/schema.org","@graph":[{"@type":"Article","@id":"https:\/\/staging.fbt-avocats.ch\/en\/le-droit-de-lemployeur-dimposer-des-vacances-2\/#article","isPartOf":{"@id":"https:\/\/staging.fbt-avocats.ch\/en\/le-droit-de-lemployeur-dimposer-des-vacances-2\/"},"author":{"name":"Helder Carvalho","@id":"https:\/\/staging.fbt-avocats.ch\/en\/#\/schema\/person\/59cfd6ef8354572f3769bd501839bddd"},"headline":"Le droit de l\u2019employeur d\u2019imposer des vacances","datePublished":"2020-05-06T09:33:25+00:00","dateModified":"2025-09-10T11:33:54+00:00","mainEntityOfPage":{"@id":"https:\/\/staging.fbt-avocats.ch\/en\/le-droit-de-lemployeur-dimposer-des-vacances-2\/"},"wordCount":412,"keywords":["Allnews"],"articleSection":["Media and News"],"inLanguage":"en-US"},{"@type":"WebPage","@id":"https:\/\/staging.fbt-avocats.ch\/en\/le-droit-de-lemployeur-dimposer-des-vacances-2\/","url":"https:\/\/staging.fbt-avocats.ch\/en\/le-droit-de-lemployeur-dimposer-des-vacances-2\/","name":"Le droit de l\u2019employeur d\u2019imposer des vacances | FBT Avocats SA","isPartOf":{"@id":"https:\/\/staging.fbt-avocats.ch\/en\/#website"},"datePublished":"2020-05-06T09:33:25+00:00","dateModified":"2025-09-10T11:33:54+00:00","author":{"@id":"https:\/\/staging.fbt-avocats.ch\/en\/#\/schema\/person\/59cfd6ef8354572f3769bd501839bddd"},"breadcrumb":{"@id":"https:\/\/staging.fbt-avocats.ch\/en\/le-droit-de-lemployeur-dimposer-des-vacances-2\/#breadcrumb"},"inLanguage":"en-US","potentialAction":[{"@type":"ReadAction","target":["https:\/\/staging.fbt-avocats.ch\/en\/le-droit-de-lemployeur-dimposer-des-vacances-2\/"]}]},{"@type":"BreadcrumbList","@id":"https:\/\/staging.fbt-avocats.ch\/en\/le-droit-de-lemployeur-dimposer-des-vacances-2\/#breadcrumb","itemListElement":[{"@type":"ListItem","position":1,"name":"Home","item":"https:\/\/staging.fbt-avocats.ch\/en\/"},{"@type":"ListItem","position":2,"name":"Le droit de l\u2019employeur d\u2019imposer des vacances"}]},{"@type":"WebSite","@id":"https:\/\/staging.fbt-avocats.ch\/en\/#website","url":"https:\/\/staging.fbt-avocats.ch\/en\/","name":"FBT Avocats SA","description":"Etudes bas\u00e9es \u00e0 Gen\u00e8ve et Paris","potentialAction":[{"@type":"SearchAction","target":{"@type":"EntryPoint","urlTemplate":"https:\/\/staging.fbt-avocats.ch\/en\/?s={search_term_string}"},"query-input":{"@type":"PropertyValueSpecification","valueRequired":true,"valueName":"search_term_string"}}],"inLanguage":"en-US"},{"@type":"Person","@id":"https:\/\/staging.fbt-avocats.ch\/en\/#\/schema\/person\/59cfd6ef8354572f3769bd501839bddd","name":"Helder Carvalho"}]}},"_links":{"self":[{"href":"https:\/\/staging.fbt-avocats.ch\/en\/wp-json\/wp\/v2\/posts\/19479","targetHints":{"allow":["GET"]}}],"collection":[{"href":"https:\/\/staging.fbt-avocats.ch\/en\/wp-json\/wp\/v2\/posts"}],"about":[{"href":"https:\/\/staging.fbt-avocats.ch\/en\/wp-json\/wp\/v2\/types\/post"}],"author":[{"embeddable":true,"href":"https:\/\/staging.fbt-avocats.ch\/en\/wp-json\/wp\/v2\/users\/18"}],"replies":[{"embeddable":true,"href":"https:\/\/staging.fbt-avocats.ch\/en\/wp-json\/wp\/v2\/comments?post=19479"}],"version-history":[{"count":0,"href":"https:\/\/staging.fbt-avocats.ch\/en\/wp-json\/wp\/v2\/posts\/19479\/revisions"}],"wp:attachment":[{"href":"https:\/\/staging.fbt-avocats.ch\/en\/wp-json\/wp\/v2\/media?parent=19479"}],"wp:term":[{"taxonomy":"category","embeddable":true,"href":"https:\/\/staging.fbt-avocats.ch\/en\/wp-json\/wp\/v2\/categories?post=19479"},{"taxonomy":"post_tag","embeddable":true,"href":"https:\/\/staging.fbt-avocats.ch\/en\/wp-json\/wp\/v2\/tags?post=19479"},{"taxonomy":"datespeciale","embeddable":true,"href":"https:\/\/staging.fbt-avocats.ch\/en\/wp-json\/wp\/v2\/datespeciale?post=19479"}],"curies":[{"name":"wp","href":"https:\/\/api.w.org\/{rel}","templated":true}]}}