{"id":19510,"date":"2020-05-13T11:38:35","date_gmt":"2020-05-13T10:38:35","guid":{"rendered":"https:\/\/www.fbt-avocats.ch\/entraide-fiscale-suisse-france-le-compte-rebours-commence-pour-certains-des-40000-titulaires-de-comptes-concernes-par-laffaire-ubs\/"},"modified":"2025-10-20T10:33:14","modified_gmt":"2025-10-20T09:33:14","slug":"entraide-fiscale-suisse-france-le-compte-rebours-commence-pour-certains-des-40000-titulaires-de-comptes-concernes-par-laffaire-ubs","status":"publish","type":"post","link":"https:\/\/staging.fbt-avocats.ch\/en\/entraide-fiscale-suisse-france-le-compte-rebours-commence-pour-certains-des-40000-titulaires-de-comptes-concernes-par-laffaire-ubs\/","title":{"rendered":"Entraide fiscale Suisse-France : le compte \u00e0 rebours a commenc\u00e9 pour certains des 40&#8217;000 titulaires de comptes concern\u00e9s par l&#8217;affaire UBS"},"content":{"rendered":"<section  class='av_textblock_section av-7dtlel-54646e090b2362c0ce717e7039213545 '   itemscope=\"itemscope\" itemtype=\"https:\/\/schema.org\/BlogPosting\" itemprop=\"blogPost\" ><div class='avia_textblock'  itemprop=\"text\" ><\/div><\/section>\n\n<style type=\"text\/css\" data-created_by=\"avia_inline_auto\" id=\"style-css-av-6hs9cd-aa7fd7160a86b43089fe650ca2464333\">\n.flex_column.av-6hs9cd-aa7fd7160a86b43089fe650ca2464333{\nborder-radius:0px 0px 0px 0px;\npadding:0px 0px 0px 0px;\n}\n<\/style>\n<div  class='flex_column av-6hs9cd-aa7fd7160a86b43089fe650ca2464333 av_one_full  avia-builder-el-1  el_after_av_textblock  avia-builder-el-last  first flex_column_div av-zero-column-padding  column-top-margin'     ><p>\n<style type=\"text\/css\" data-created_by=\"avia_inline_auto\" id=\"style-css-av-ka57mh97-08a8b5117e7f7e85af96a7779479e936\">\n#top .av-special-heading.av-ka57mh97-08a8b5117e7f7e85af96a7779479e936{\npadding-bottom:10px;\nfont-size:26px;\n}\nbody .av-special-heading.av-ka57mh97-08a8b5117e7f7e85af96a7779479e936 .av-special-heading-tag .heading-char{\nfont-size:25px;\n}\n#top #wrap_all .av-special-heading.av-ka57mh97-08a8b5117e7f7e85af96a7779479e936 .av-special-heading-tag{\nfont-size:26px;\n}\n.av-special-heading.av-ka57mh97-08a8b5117e7f7e85af96a7779479e936 .av-subheading{\nfont-size:15px;\n}\n\n@media only screen and (min-width: 480px) and (max-width: 767px){ \n#top #wrap_all .av-special-heading.av-ka57mh97-08a8b5117e7f7e85af96a7779479e936 .av-special-heading-tag{\nfont-size:0.8em;\n}\n}\n\n@media only screen and (max-width: 479px){ \n#top #wrap_all .av-special-heading.av-ka57mh97-08a8b5117e7f7e85af96a7779479e936 .av-special-heading-tag{\nfont-size:0.8em;\n}\n}\n<\/style>\n<div  class='av-special-heading av-ka57mh97-08a8b5117e7f7e85af96a7779479e936 av-special-heading-h1 blockquote modern-quote  avia-builder-el-2  el_before_av_hr  avia-builder-el-first  av-inherit-size'><h1 class='av-special-heading-tag '  itemprop=\"headline\"  >Entraide fiscale Suisse-France : le compte \u00e0 rebours a commenc\u00e9 pour certains des 40\u2018000 titulaires de comptes concern\u00e9s par l\u2019affaire UBS<\/h1><div class='av-subheading av-subheading_below'><p>FBT Avocats \u2013 Mai 2020<br \/>\nJean-Luc Bochatay et Alain Moreau<\/p>\n<\/div><div class=\"special-heading-border\"><div class=\"special-heading-inner-border\"><\/div><\/div><\/div><br \/>\n\n<style type=\"text\/css\" data-created_by=\"avia_inline_auto\" id=\"style-css-av-4rtof1-6cb168409d4b952e81360eb2f8cb23b0\">\n#top .hr.hr-invisible.av-4rtof1-6cb168409d4b952e81360eb2f8cb23b0{\nheight:20px;\n}\n<\/style>\n<div  class='hr av-4rtof1-6cb168409d4b952e81360eb2f8cb23b0 hr-invisible  avia-builder-el-3  el_after_av_heading  el_before_av_textblock '><span class='hr-inner '><span class=\"hr-inner-style\"><\/span><\/span><\/div><br \/>\n<section  class='av_textblock_section av-jo5hremo-8df0535b4b08dc00af18df224af1af03 '   itemscope=\"itemscope\" itemtype=\"https:\/\/schema.org\/BlogPosting\" itemprop=\"blogPost\" ><div class='avia_textblock'  itemprop=\"text\" ><div data-canvas-width=\"431.1431666666666\">\n<div class=\"textLayer\">\n<div data-canvas-width=\"318.9300803304\">\n<p>Comme nous vous l\u2019annoncions en <a href=\"https:\/\/www.allnews.ch\/content\/r%C3%A9glementation\/donn%C3%A9es-%C3%A0-transmettre-dans-l%E2%80%99affaire-ubs-cons%C3%A9quences-en-france\">ao\u00fbt dernier<\/a>, l\u2019Administration f\u00e9d\u00e9rale des contributions (AFC) a rendu hier par voie \u00e9dictale une d\u00e9cision finale ent\u00e9rinant la transmission des renseignements requis 4 ans plus t\u00f4t par la Direction G\u00e9n\u00e9rale des Finances Publiques (DGFP).<\/p>\n<p>Pour rappel, la requ\u00eate de la DGFP concerne des contribuables fran\u00e7ais pr\u00e9sum\u00e9s, tels qu\u2019identifiables par la r\u00e9f\u00e9rence des comptes bancaires portant un code \u00ab <em>domicile : France<\/em> \u00bb attribu\u00e9 par la banque UBS SA dans ses bases de donn\u00e9es internes entre 2006 et 2008.<\/p>\n<\/div>\n<div data-canvas-width=\"318.9300803304\"><\/div>\n<div data-canvas-width=\"318.9300803304\"><\/div>\n<div data-canvas-width=\"318.9300803304\"><\/div>\n<div data-canvas-width=\"318.9300803304\"><\/div>\n<div data-canvas-width=\"318.9300803304\"><\/div>\n<div data-canvas-width=\"318.9300803304\"><\/div>\n<div data-canvas-width=\"318.9300803304\"><\/div>\n<div data-canvas-width=\"318.9300803304\"><\/div>\n<div data-canvas-width=\"318.9300803304\"><\/div>\n<\/div>\n<\/div>\n<\/div><\/section><br \/>\n\n<style type=\"text\/css\" data-created_by=\"avia_inline_auto\" id=\"style-css-av-1xwhd9-afd37c19b28461d09397a418e175376c\">\n#top .hr.hr-invisible.av-1xwhd9-afd37c19b28461d09397a418e175376c{\nheight:20px;\n}\n<\/style>\n<div  class='hr av-1xwhd9-afd37c19b28461d09397a418e175376c hr-invisible  avia-builder-el-5  el_after_av_textblock  el_before_av_button '><span class='hr-inner '><span class=\"hr-inner-style\"><\/span><\/span><\/div><br \/>\n<div  class='avia-button-wrap av-jo5hs5ts-f24462dc55a0bb44464ee59e34788bfb-wrap avia-button-left  avia-builder-el-6  el_after_av_hr  avia-builder-el-last '>\n<style type=\"text\/css\" data-created_by=\"avia_inline_auto\" id=\"style-css-av-jo5hs5ts-f24462dc55a0bb44464ee59e34788bfb\">\n#top #wrap_all .avia-button.av-jo5hs5ts-f24462dc55a0bb44464ee59e34788bfb{\nbackground-color:#44525f;\nborder-color:#44525f;\ncolor:#ffffff;\ntransition:all 0.4s ease-in-out;\n}\n#top #wrap_all .avia-button.av-jo5hs5ts-f24462dc55a0bb44464ee59e34788bfb .avia-svg-icon svg:first-child{\nfill:#ffffff;\nstroke:#ffffff;\n}\n<\/style>\n<a href='https:\/\/staging.fbt-avocats.ch\/wp-content\/uploads\/2020\/05\/Entraide-fiscale-Suisse-France-Me-Jean-Luc-Bochatay-et-Me-Alain-Moreau.pdf'  class='avia-button av-jo5hs5ts-f24462dc55a0bb44464ee59e34788bfb av-link-btn avia-icon_select-no avia-size-large avia-position-left'  target=\"_blank\"  rel=\"noopener noreferrer\"  aria-label=\"Lire la suite\"><span class='avia_iconbox_title' >Lire la suite<\/span><\/a><\/div><\/p><\/div>\n","protected":false},"excerpt":{"rendered":"","protected":false},"author":18,"featured_media":0,"comment_status":"closed","ping_status":"closed","sticky":false,"template":"","format":"standard","meta":{"footnotes":""},"categories":[85],"tags":[],"datespeciale":[],"class_list":["post-19510","post","type-post","status-publish","format-standard","hentry","category-publications","competences-tax","auteurs-alain-moreau-en","auteurs-jean-luc-bochatay-en","date-publication-2020-en","diffusion-groupe-fiscal-en","diffusion-publications-en"],"yoast_head":"<!-- This site is optimized with the Yoast SEO Premium plugin v27.4 (Yoast SEO v27.4) - https:\/\/yoast.com\/product\/yoast-seo-premium-wordpress\/ -->\n<title>Entraide fiscale Suisse-France : le compte \u00e0 rebours a commenc\u00e9 pour certains des 40&#039;000 titulaires de comptes concern\u00e9s par l&#039;affaire UBS | FBT Avocats SA<\/title>\n<meta name=\"robots\" content=\"noindex, follow, max-snippet:-1, max-image-preview:large, max-video-preview:-1\" \/>\n<meta property=\"og:locale\" content=\"en_US\" \/>\n<meta property=\"og:type\" content=\"article\" \/>\n<meta property=\"og:title\" content=\"Entraide fiscale Suisse-France : le compte \u00e0 rebours a commenc\u00e9 pour certains des 40&#039;000 titulaires de comptes concern\u00e9s par l&#039;affaire UBS\" \/>\n<meta property=\"og:url\" content=\"https:\/\/staging.fbt-avocats.ch\/en\/entraide-fiscale-suisse-france-le-compte-rebours-commence-pour-certains-des-40000-titulaires-de-comptes-concernes-par-laffaire-ubs\/\" \/>\n<meta property=\"og:site_name\" content=\"FBT Avocats SA\" \/>\n<meta property=\"article:published_time\" content=\"2020-05-13T10:38:35+00:00\" \/>\n<meta property=\"article:modified_time\" content=\"2025-10-20T09:33:14+00:00\" \/>\n<meta name=\"author\" content=\"Helder Carvalho\" \/>\n<meta name=\"twitter:card\" content=\"summary_large_image\" \/>\n<meta name=\"twitter:label1\" content=\"Written by\" \/>\n\t<meta name=\"twitter:data1\" content=\"Helder Carvalho\" \/>\n\t<meta name=\"twitter:label2\" content=\"Est. reading time\" \/>\n\t<meta name=\"twitter:data2\" content=\"2 minutes\" \/>\n<script type=\"application\/ld+json\" class=\"yoast-schema-graph\">{\"@context\":\"https:\\\/\\\/schema.org\",\"@graph\":[{\"@type\":\"Article\",\"@id\":\"https:\\\/\\\/staging.fbt-avocats.ch\\\/en\\\/entraide-fiscale-suisse-france-le-compte-rebours-commence-pour-certains-des-40000-titulaires-de-comptes-concernes-par-laffaire-ubs\\\/#article\",\"isPartOf\":{\"@id\":\"https:\\\/\\\/staging.fbt-avocats.ch\\\/en\\\/entraide-fiscale-suisse-france-le-compte-rebours-commence-pour-certains-des-40000-titulaires-de-comptes-concernes-par-laffaire-ubs\\\/\"},\"author\":{\"name\":\"Helder Carvalho\",\"@id\":\"https:\\\/\\\/staging.fbt-avocats.ch\\\/en\\\/#\\\/schema\\\/person\\\/59cfd6ef8354572f3769bd501839bddd\"},\"headline\":\"Entraide fiscale Suisse-France : le compte \u00e0 rebours a commenc\u00e9 pour certains des 40&#8217;000 titulaires de comptes concern\u00e9s par l&#8217;affaire UBS\",\"datePublished\":\"2020-05-13T10:38:35+00:00\",\"dateModified\":\"2025-10-20T09:33:14+00:00\",\"mainEntityOfPage\":{\"@id\":\"https:\\\/\\\/staging.fbt-avocats.ch\\\/en\\\/entraide-fiscale-suisse-france-le-compte-rebours-commence-pour-certains-des-40000-titulaires-de-comptes-concernes-par-laffaire-ubs\\\/\"},\"wordCount\":393,\"articleSection\":[\"Publications\"],\"inLanguage\":\"en-US\"},{\"@type\":\"WebPage\",\"@id\":\"https:\\\/\\\/staging.fbt-avocats.ch\\\/en\\\/entraide-fiscale-suisse-france-le-compte-rebours-commence-pour-certains-des-40000-titulaires-de-comptes-concernes-par-laffaire-ubs\\\/\",\"url\":\"https:\\\/\\\/staging.fbt-avocats.ch\\\/en\\\/entraide-fiscale-suisse-france-le-compte-rebours-commence-pour-certains-des-40000-titulaires-de-comptes-concernes-par-laffaire-ubs\\\/\",\"name\":\"Entraide fiscale Suisse-France : le compte \u00e0 rebours a commenc\u00e9 pour certains des 40'000 titulaires de comptes concern\u00e9s par l'affaire UBS | FBT Avocats SA\",\"isPartOf\":{\"@id\":\"https:\\\/\\\/staging.fbt-avocats.ch\\\/en\\\/#website\"},\"datePublished\":\"2020-05-13T10:38:35+00:00\",\"dateModified\":\"2025-10-20T09:33:14+00:00\",\"author\":{\"@id\":\"https:\\\/\\\/staging.fbt-avocats.ch\\\/en\\\/#\\\/schema\\\/person\\\/59cfd6ef8354572f3769bd501839bddd\"},\"breadcrumb\":{\"@id\":\"https:\\\/\\\/staging.fbt-avocats.ch\\\/en\\\/entraide-fiscale-suisse-france-le-compte-rebours-commence-pour-certains-des-40000-titulaires-de-comptes-concernes-par-laffaire-ubs\\\/#breadcrumb\"},\"inLanguage\":\"en-US\",\"potentialAction\":[{\"@type\":\"ReadAction\",\"target\":[\"https:\\\/\\\/staging.fbt-avocats.ch\\\/en\\\/entraide-fiscale-suisse-france-le-compte-rebours-commence-pour-certains-des-40000-titulaires-de-comptes-concernes-par-laffaire-ubs\\\/\"]}]},{\"@type\":\"BreadcrumbList\",\"@id\":\"https:\\\/\\\/staging.fbt-avocats.ch\\\/en\\\/entraide-fiscale-suisse-france-le-compte-rebours-commence-pour-certains-des-40000-titulaires-de-comptes-concernes-par-laffaire-ubs\\\/#breadcrumb\",\"itemListElement\":[{\"@type\":\"ListItem\",\"position\":1,\"name\":\"Home\",\"item\":\"https:\\\/\\\/staging.fbt-avocats.ch\\\/en\\\/\"},{\"@type\":\"ListItem\",\"position\":2,\"name\":\"Entraide fiscale Suisse-France : le compte \u00e0 rebours a commenc\u00e9 pour certains des 40&#8217;000 titulaires de comptes concern\u00e9s par l&#8217;affaire UBS\"}]},{\"@type\":\"WebSite\",\"@id\":\"https:\\\/\\\/staging.fbt-avocats.ch\\\/en\\\/#website\",\"url\":\"https:\\\/\\\/staging.fbt-avocats.ch\\\/en\\\/\",\"name\":\"FBT Avocats SA\",\"description\":\"Etudes bas\u00e9es \u00e0 Gen\u00e8ve et Paris\",\"potentialAction\":[{\"@type\":\"SearchAction\",\"target\":{\"@type\":\"EntryPoint\",\"urlTemplate\":\"https:\\\/\\\/staging.fbt-avocats.ch\\\/en\\\/?s={search_term_string}\"},\"query-input\":{\"@type\":\"PropertyValueSpecification\",\"valueRequired\":true,\"valueName\":\"search_term_string\"}}],\"inLanguage\":\"en-US\"},{\"@type\":\"Person\",\"@id\":\"https:\\\/\\\/staging.fbt-avocats.ch\\\/en\\\/#\\\/schema\\\/person\\\/59cfd6ef8354572f3769bd501839bddd\",\"name\":\"Helder Carvalho\"}]}<\/script>\n<!-- \/ Yoast SEO Premium plugin. -->","yoast_head_json":{"title":"Entraide fiscale Suisse-France : le compte \u00e0 rebours a commenc\u00e9 pour certains des 40'000 titulaires de comptes concern\u00e9s par l'affaire UBS | FBT Avocats SA","robots":{"index":"noindex","follow":"follow","max-snippet":"max-snippet:-1","max-image-preview":"max-image-preview:large","max-video-preview":"max-video-preview:-1"},"og_locale":"en_US","og_type":"article","og_title":"Entraide fiscale Suisse-France : le compte \u00e0 rebours a commenc\u00e9 pour certains des 40'000 titulaires de comptes concern\u00e9s par l'affaire UBS","og_url":"https:\/\/staging.fbt-avocats.ch\/en\/entraide-fiscale-suisse-france-le-compte-rebours-commence-pour-certains-des-40000-titulaires-de-comptes-concernes-par-laffaire-ubs\/","og_site_name":"FBT Avocats SA","article_published_time":"2020-05-13T10:38:35+00:00","article_modified_time":"2025-10-20T09:33:14+00:00","author":"Helder Carvalho","twitter_card":"summary_large_image","twitter_misc":{"Written by":"Helder Carvalho","Est. reading time":"2 minutes"},"schema":{"@context":"https:\/\/schema.org","@graph":[{"@type":"Article","@id":"https:\/\/staging.fbt-avocats.ch\/en\/entraide-fiscale-suisse-france-le-compte-rebours-commence-pour-certains-des-40000-titulaires-de-comptes-concernes-par-laffaire-ubs\/#article","isPartOf":{"@id":"https:\/\/staging.fbt-avocats.ch\/en\/entraide-fiscale-suisse-france-le-compte-rebours-commence-pour-certains-des-40000-titulaires-de-comptes-concernes-par-laffaire-ubs\/"},"author":{"name":"Helder Carvalho","@id":"https:\/\/staging.fbt-avocats.ch\/en\/#\/schema\/person\/59cfd6ef8354572f3769bd501839bddd"},"headline":"Entraide fiscale Suisse-France : le compte \u00e0 rebours a commenc\u00e9 pour certains des 40&#8217;000 titulaires de comptes concern\u00e9s par l&#8217;affaire UBS","datePublished":"2020-05-13T10:38:35+00:00","dateModified":"2025-10-20T09:33:14+00:00","mainEntityOfPage":{"@id":"https:\/\/staging.fbt-avocats.ch\/en\/entraide-fiscale-suisse-france-le-compte-rebours-commence-pour-certains-des-40000-titulaires-de-comptes-concernes-par-laffaire-ubs\/"},"wordCount":393,"articleSection":["Publications"],"inLanguage":"en-US"},{"@type":"WebPage","@id":"https:\/\/staging.fbt-avocats.ch\/en\/entraide-fiscale-suisse-france-le-compte-rebours-commence-pour-certains-des-40000-titulaires-de-comptes-concernes-par-laffaire-ubs\/","url":"https:\/\/staging.fbt-avocats.ch\/en\/entraide-fiscale-suisse-france-le-compte-rebours-commence-pour-certains-des-40000-titulaires-de-comptes-concernes-par-laffaire-ubs\/","name":"Entraide fiscale Suisse-France : le compte \u00e0 rebours a commenc\u00e9 pour certains des 40'000 titulaires de comptes concern\u00e9s par l'affaire UBS | FBT Avocats SA","isPartOf":{"@id":"https:\/\/staging.fbt-avocats.ch\/en\/#website"},"datePublished":"2020-05-13T10:38:35+00:00","dateModified":"2025-10-20T09:33:14+00:00","author":{"@id":"https:\/\/staging.fbt-avocats.ch\/en\/#\/schema\/person\/59cfd6ef8354572f3769bd501839bddd"},"breadcrumb":{"@id":"https:\/\/staging.fbt-avocats.ch\/en\/entraide-fiscale-suisse-france-le-compte-rebours-commence-pour-certains-des-40000-titulaires-de-comptes-concernes-par-laffaire-ubs\/#breadcrumb"},"inLanguage":"en-US","potentialAction":[{"@type":"ReadAction","target":["https:\/\/staging.fbt-avocats.ch\/en\/entraide-fiscale-suisse-france-le-compte-rebours-commence-pour-certains-des-40000-titulaires-de-comptes-concernes-par-laffaire-ubs\/"]}]},{"@type":"BreadcrumbList","@id":"https:\/\/staging.fbt-avocats.ch\/en\/entraide-fiscale-suisse-france-le-compte-rebours-commence-pour-certains-des-40000-titulaires-de-comptes-concernes-par-laffaire-ubs\/#breadcrumb","itemListElement":[{"@type":"ListItem","position":1,"name":"Home","item":"https:\/\/staging.fbt-avocats.ch\/en\/"},{"@type":"ListItem","position":2,"name":"Entraide fiscale Suisse-France : le compte \u00e0 rebours a commenc\u00e9 pour certains des 40&#8217;000 titulaires de comptes concern\u00e9s par l&#8217;affaire UBS"}]},{"@type":"WebSite","@id":"https:\/\/staging.fbt-avocats.ch\/en\/#website","url":"https:\/\/staging.fbt-avocats.ch\/en\/","name":"FBT Avocats SA","description":"Etudes bas\u00e9es \u00e0 Gen\u00e8ve et Paris","potentialAction":[{"@type":"SearchAction","target":{"@type":"EntryPoint","urlTemplate":"https:\/\/staging.fbt-avocats.ch\/en\/?s={search_term_string}"},"query-input":{"@type":"PropertyValueSpecification","valueRequired":true,"valueName":"search_term_string"}}],"inLanguage":"en-US"},{"@type":"Person","@id":"https:\/\/staging.fbt-avocats.ch\/en\/#\/schema\/person\/59cfd6ef8354572f3769bd501839bddd","name":"Helder Carvalho"}]}},"_links":{"self":[{"href":"https:\/\/staging.fbt-avocats.ch\/en\/wp-json\/wp\/v2\/posts\/19510","targetHints":{"allow":["GET"]}}],"collection":[{"href":"https:\/\/staging.fbt-avocats.ch\/en\/wp-json\/wp\/v2\/posts"}],"about":[{"href":"https:\/\/staging.fbt-avocats.ch\/en\/wp-json\/wp\/v2\/types\/post"}],"author":[{"embeddable":true,"href":"https:\/\/staging.fbt-avocats.ch\/en\/wp-json\/wp\/v2\/users\/18"}],"replies":[{"embeddable":true,"href":"https:\/\/staging.fbt-avocats.ch\/en\/wp-json\/wp\/v2\/comments?post=19510"}],"version-history":[{"count":0,"href":"https:\/\/staging.fbt-avocats.ch\/en\/wp-json\/wp\/v2\/posts\/19510\/revisions"}],"wp:attachment":[{"href":"https:\/\/staging.fbt-avocats.ch\/en\/wp-json\/wp\/v2\/media?parent=19510"}],"wp:term":[{"taxonomy":"category","embeddable":true,"href":"https:\/\/staging.fbt-avocats.ch\/en\/wp-json\/wp\/v2\/categories?post=19510"},{"taxonomy":"post_tag","embeddable":true,"href":"https:\/\/staging.fbt-avocats.ch\/en\/wp-json\/wp\/v2\/tags?post=19510"},{"taxonomy":"datespeciale","embeddable":true,"href":"https:\/\/staging.fbt-avocats.ch\/en\/wp-json\/wp\/v2\/datespeciale?post=19510"}],"curies":[{"name":"wp","href":"https:\/\/api.w.org\/{rel}","templated":true}]}}