{"id":19745,"date":"2020-09-07T09:14:41","date_gmt":"2020-09-07T08:14:41","guid":{"rendered":"https:\/\/www.fbt-avocats.ch\/fiscalite-francaise-mauvaise-surprise-a-venir\/"},"modified":"2025-10-20T10:31:24","modified_gmt":"2025-10-20T09:31:24","slug":"fiscalite-francaise-mauvaise-surprise-a-venir","status":"publish","type":"post","link":"https:\/\/staging.fbt-avocats.ch\/en\/fiscalite-francaise-mauvaise-surprise-a-venir\/","title":{"rendered":"Fiscalit\u00e9 fran\u00e7aise: quelle (mauvaise) surprise \u00e0 venir?"},"content":{"rendered":"<section  class='av_textblock_section av-7dtlel-54646e090b2362c0ce717e7039213545 '   itemscope=\"itemscope\" itemtype=\"https:\/\/schema.org\/BlogPosting\" itemprop=\"blogPost\" ><div class='avia_textblock'  itemprop=\"text\" ><\/div><\/section>\n\n<style type=\"text\/css\" data-created_by=\"avia_inline_auto\" id=\"style-css-av-6hs9cd-aa7fd7160a86b43089fe650ca2464333\">\n.flex_column.av-6hs9cd-aa7fd7160a86b43089fe650ca2464333{\nborder-radius:0px 0px 0px 0px;\npadding:0px 0px 0px 0px;\n}\n<\/style>\n<div  class='flex_column av-6hs9cd-aa7fd7160a86b43089fe650ca2464333 av_one_full  avia-builder-el-1  el_after_av_textblock  el_before_av_textblock  first flex_column_div av-zero-column-padding  column-top-margin'     ><p>\n<style type=\"text\/css\" data-created_by=\"avia_inline_auto\" id=\"style-css-av-kes8x6jy-02a199c6c017e2c730f4567ccb3b527c\">\n#top .av-special-heading.av-kes8x6jy-02a199c6c017e2c730f4567ccb3b527c{\npadding-bottom:10px;\nfont-size:26px;\n}\nbody .av-special-heading.av-kes8x6jy-02a199c6c017e2c730f4567ccb3b527c .av-special-heading-tag .heading-char{\nfont-size:25px;\n}\n#top #wrap_all .av-special-heading.av-kes8x6jy-02a199c6c017e2c730f4567ccb3b527c .av-special-heading-tag{\nfont-size:26px;\n}\n.av-special-heading.av-kes8x6jy-02a199c6c017e2c730f4567ccb3b527c .av-subheading{\nfont-size:15px;\n}\n\n@media only screen and (min-width: 480px) and (max-width: 767px){ \n#top #wrap_all .av-special-heading.av-kes8x6jy-02a199c6c017e2c730f4567ccb3b527c .av-special-heading-tag{\nfont-size:0.8em;\n}\n}\n\n@media only screen and (max-width: 479px){ \n#top #wrap_all .av-special-heading.av-kes8x6jy-02a199c6c017e2c730f4567ccb3b527c .av-special-heading-tag{\nfont-size:0.8em;\n}\n}\n<\/style>\n<div  class='av-special-heading av-kes8x6jy-02a199c6c017e2c730f4567ccb3b527c av-special-heading-h1 blockquote modern-quote  avia-builder-el-2  el_before_av_hr  avia-builder-el-first  av-inherit-size'><h1 class='av-special-heading-tag '  itemprop=\"headline\"  >Fiscalit\u00e9 fran\u00e7aise: quelle (mauvaise) surprise \u00e0 venir?<\/h1><div class='av-subheading av-subheading_below'><p>Allnews \u2013 Septembre 2020<br \/>\nAlain Moreau<\/p>\n<\/div><div class=\"special-heading-border\"><div class=\"special-heading-inner-border\"><\/div><\/div><\/div><br \/>\n\n<style type=\"text\/css\" data-created_by=\"avia_inline_auto\" id=\"style-css-av-4rtof1-6cb168409d4b952e81360eb2f8cb23b0\">\n#top .hr.hr-invisible.av-4rtof1-6cb168409d4b952e81360eb2f8cb23b0{\nheight:20px;\n}\n<\/style>\n<div  class='hr av-4rtof1-6cb168409d4b952e81360eb2f8cb23b0 hr-invisible  avia-builder-el-3  el_after_av_heading  el_before_av_textblock '><span class='hr-inner '><span class=\"hr-inner-style\"><\/span><\/span><\/div><br \/>\n<section  class='av_textblock_section av-jo5hremo-8df0535b4b08dc00af18df224af1af03 '   itemscope=\"itemscope\" itemtype=\"https:\/\/schema.org\/BlogPosting\" itemprop=\"blogPost\" ><div class='avia_textblock'  itemprop=\"text\" ><div data-canvas-width=\"431.1431666666666\">\n<div class=\"textLayer\">\n<div data-canvas-width=\"318.9300803304\">\n<p><strong>La promesse pr\u00e9sidentielle de ne pas augmenter les imp\u00f4ts doit-elle \u00eatre prise au s\u00e9rieux dans un contexte o\u00f9 les Finances publiques sont malmen\u00e9es?<br \/>\n<\/strong>La crise du COVID a mis \u00e0 mal les finances publiques de la quasi-totalit\u00e9 des Etats, dont naturellement celles de la France (d\u00e9j\u00e0 mal en point avant la crise sanitaire). Emmanuel Macron, Jean Castex et Bruno Le Maire le r\u00e9p\u00e8tent inlassablement: les imp\u00f4ts n\u2019ont pas vocation \u00e0 augmenter. La question de l\u2019\u00e9quilibre budg\u00e9taire devrait cependant finir par se poser et les Lois de finances rectificatives (nous en sommes \u00e0 la troisi\u00e8me pour 2020) devront in\u00e9luctablement, un jour ou l\u2019autre, finir par int\u00e9grer un volet \u00abRecettes\u00bb.<\/p>\n<\/div>\n<div data-canvas-width=\"318.9300803304\"><\/div>\n<div data-canvas-width=\"318.9300803304\"><\/div>\n<div data-canvas-width=\"318.9300803304\"><\/div>\n<div data-canvas-width=\"318.9300803304\"><\/div>\n<div data-canvas-width=\"318.9300803304\"><\/div>\n<div data-canvas-width=\"318.9300803304\"><\/div>\n<div data-canvas-width=\"318.9300803304\"><\/div>\n<div data-canvas-width=\"318.9300803304\"><\/div>\n<div data-canvas-width=\"318.9300803304\"><\/div>\n<\/div>\n<\/div>\n<\/div><\/section><br \/>\n\n<style type=\"text\/css\" data-created_by=\"avia_inline_auto\" id=\"style-css-av-1xwhd9-afd37c19b28461d09397a418e175376c\">\n#top .hr.hr-invisible.av-1xwhd9-afd37c19b28461d09397a418e175376c{\nheight:20px;\n}\n<\/style>\n<div  class='hr av-1xwhd9-afd37c19b28461d09397a418e175376c hr-invisible  avia-builder-el-5  el_after_av_textblock  el_before_av_button '><span class='hr-inner '><span class=\"hr-inner-style\"><\/span><\/span><\/div><br \/>\n<div  class='avia-button-wrap av-jo5hs5ts-a5f2e97c1a3730f2c4f636dcfde8510e-wrap avia-button-left  avia-builder-el-6  el_after_av_hr  avia-builder-el-last '>\n<style type=\"text\/css\" data-created_by=\"avia_inline_auto\" id=\"style-css-av-jo5hs5ts-a5f2e97c1a3730f2c4f636dcfde8510e\">\n#top #wrap_all .avia-button.av-jo5hs5ts-a5f2e97c1a3730f2c4f636dcfde8510e{\nbackground-color:#44525f;\nborder-color:#44525f;\ncolor:#ffffff;\ntransition:all 0.4s ease-in-out;\n}\n#top #wrap_all .avia-button.av-jo5hs5ts-a5f2e97c1a3730f2c4f636dcfde8510e .avia-svg-icon svg:first-child{\nfill:#ffffff;\nstroke:#ffffff;\n}\n<\/style>\n<a href='https:\/\/staging.fbt-avocats.ch\/wp-content\/uploads\/2020\/09\/Fiscalit\u00e9-fran\u00e7aise_-quelle-mauvaise-surprise-\u00e0-venir_-_-Allnews.pdf'  class='avia-button av-jo5hs5ts-a5f2e97c1a3730f2c4f636dcfde8510e av-link-btn avia-icon_select-no avia-size-large avia-position-left'  target=\"_blank\"  rel=\"noopener noreferrer\"  aria-label=\"Lire la suite\"><span class='avia_iconbox_title' >Lire la suite<\/span><\/a><\/div><\/p><\/div><section  class='av_textblock_section av-7dtlel-54646e090b2362c0ce717e7039213545 '   itemscope=\"itemscope\" itemtype=\"https:\/\/schema.org\/BlogPosting\" itemprop=\"blogPost\" ><div class='avia_textblock'  itemprop=\"text\" ><\/div><\/section><\/p>\n<section  class='av_textblock_section av-7dtlel-54646e090b2362c0ce717e7039213545 '   itemscope=\"itemscope\" itemtype=\"https:\/\/schema.org\/BlogPosting\" itemprop=\"blogPost\" ><div class='avia_textblock'  itemprop=\"text\" ><\/div><\/section>\n","protected":false},"excerpt":{"rendered":"","protected":false},"author":21,"featured_media":0,"comment_status":"closed","ping_status":"closed","sticky":false,"template":"","format":"standard","meta":{"footnotes":""},"categories":[84],"tags":[560],"datespeciale":[],"class_list":["post-19745","post","type-post","status-publish","format-standard","hentry","category-media-and-news","tag-allnews-en","competences-tax","auteurs-alain-moreau-en","date-publication-2020-en","diffusion-groupe-fiscal-en","diffusion-medias-en"],"yoast_head":"<!-- This site is optimized with the Yoast SEO Premium plugin v27.4 (Yoast SEO v27.4) - https:\/\/yoast.com\/product\/yoast-seo-premium-wordpress\/ -->\n<title>Fiscalit\u00e9 fran\u00e7aise: quelle (mauvaise) surprise \u00e0 venir? | FBT Avocats SA<\/title>\n<meta name=\"robots\" content=\"noindex, follow, max-snippet:-1, max-image-preview:large, max-video-preview:-1\" \/>\n<meta property=\"og:locale\" content=\"en_US\" \/>\n<meta property=\"og:type\" content=\"article\" \/>\n<meta property=\"og:title\" content=\"Fiscalit\u00e9 fran\u00e7aise: quelle (mauvaise) surprise \u00e0 venir?\" \/>\n<meta property=\"og:url\" content=\"https:\/\/staging.fbt-avocats.ch\/en\/fiscalite-francaise-mauvaise-surprise-a-venir\/\" \/>\n<meta property=\"og:site_name\" content=\"FBT Avocats SA\" \/>\n<meta property=\"article:published_time\" content=\"2020-09-07T08:14:41+00:00\" \/>\n<meta property=\"article:modified_time\" content=\"2025-10-20T09:31:24+00:00\" \/>\n<meta name=\"author\" content=\"fcordey\" \/>\n<meta name=\"twitter:card\" content=\"summary_large_image\" \/>\n<meta name=\"twitter:label1\" content=\"Written by\" \/>\n\t<meta name=\"twitter:data1\" content=\"fcordey\" \/>\n\t<meta name=\"twitter:label2\" content=\"Est. reading time\" \/>\n\t<meta name=\"twitter:data2\" content=\"2 minutes\" \/>\n<script type=\"application\/ld+json\" class=\"yoast-schema-graph\">{\"@context\":\"https:\\\/\\\/schema.org\",\"@graph\":[{\"@type\":\"Article\",\"@id\":\"https:\\\/\\\/staging.fbt-avocats.ch\\\/en\\\/fiscalite-francaise-mauvaise-surprise-a-venir\\\/#article\",\"isPartOf\":{\"@id\":\"https:\\\/\\\/staging.fbt-avocats.ch\\\/en\\\/fiscalite-francaise-mauvaise-surprise-a-venir\\\/\"},\"author\":{\"name\":\"fcordey\",\"@id\":\"https:\\\/\\\/staging.fbt-avocats.ch\\\/en\\\/#\\\/schema\\\/person\\\/00ccb3602dc4f17535396c80f1e85072\"},\"headline\":\"Fiscalit\u00e9 fran\u00e7aise: quelle (mauvaise) surprise \u00e0 venir?\",\"datePublished\":\"2020-09-07T08:14:41+00:00\",\"dateModified\":\"2025-10-20T09:31:24+00:00\",\"mainEntityOfPage\":{\"@id\":\"https:\\\/\\\/staging.fbt-avocats.ch\\\/en\\\/fiscalite-francaise-mauvaise-surprise-a-venir\\\/\"},\"wordCount\":418,\"keywords\":[\"Allnews\"],\"articleSection\":[\"Media and News\"],\"inLanguage\":\"en-US\"},{\"@type\":\"WebPage\",\"@id\":\"https:\\\/\\\/staging.fbt-avocats.ch\\\/en\\\/fiscalite-francaise-mauvaise-surprise-a-venir\\\/\",\"url\":\"https:\\\/\\\/staging.fbt-avocats.ch\\\/en\\\/fiscalite-francaise-mauvaise-surprise-a-venir\\\/\",\"name\":\"Fiscalit\u00e9 fran\u00e7aise: quelle (mauvaise) surprise \u00e0 venir? | FBT Avocats SA\",\"isPartOf\":{\"@id\":\"https:\\\/\\\/staging.fbt-avocats.ch\\\/en\\\/#website\"},\"datePublished\":\"2020-09-07T08:14:41+00:00\",\"dateModified\":\"2025-10-20T09:31:24+00:00\",\"author\":{\"@id\":\"https:\\\/\\\/staging.fbt-avocats.ch\\\/en\\\/#\\\/schema\\\/person\\\/00ccb3602dc4f17535396c80f1e85072\"},\"breadcrumb\":{\"@id\":\"https:\\\/\\\/staging.fbt-avocats.ch\\\/en\\\/fiscalite-francaise-mauvaise-surprise-a-venir\\\/#breadcrumb\"},\"inLanguage\":\"en-US\",\"potentialAction\":[{\"@type\":\"ReadAction\",\"target\":[\"https:\\\/\\\/staging.fbt-avocats.ch\\\/en\\\/fiscalite-francaise-mauvaise-surprise-a-venir\\\/\"]}]},{\"@type\":\"BreadcrumbList\",\"@id\":\"https:\\\/\\\/staging.fbt-avocats.ch\\\/en\\\/fiscalite-francaise-mauvaise-surprise-a-venir\\\/#breadcrumb\",\"itemListElement\":[{\"@type\":\"ListItem\",\"position\":1,\"name\":\"Home\",\"item\":\"https:\\\/\\\/staging.fbt-avocats.ch\\\/en\\\/\"},{\"@type\":\"ListItem\",\"position\":2,\"name\":\"Fiscalit\u00e9 fran\u00e7aise: quelle (mauvaise) surprise \u00e0 venir?\"}]},{\"@type\":\"WebSite\",\"@id\":\"https:\\\/\\\/staging.fbt-avocats.ch\\\/en\\\/#website\",\"url\":\"https:\\\/\\\/staging.fbt-avocats.ch\\\/en\\\/\",\"name\":\"FBT Avocats SA\",\"description\":\"Etudes bas\u00e9es \u00e0 Gen\u00e8ve et Paris\",\"potentialAction\":[{\"@type\":\"SearchAction\",\"target\":{\"@type\":\"EntryPoint\",\"urlTemplate\":\"https:\\\/\\\/staging.fbt-avocats.ch\\\/en\\\/?s={search_term_string}\"},\"query-input\":{\"@type\":\"PropertyValueSpecification\",\"valueRequired\":true,\"valueName\":\"search_term_string\"}}],\"inLanguage\":\"en-US\"},{\"@type\":\"Person\",\"@id\":\"https:\\\/\\\/staging.fbt-avocats.ch\\\/en\\\/#\\\/schema\\\/person\\\/00ccb3602dc4f17535396c80f1e85072\",\"name\":\"fcordey\"}]}<\/script>\n<!-- \/ Yoast SEO Premium plugin. -->","yoast_head_json":{"title":"Fiscalit\u00e9 fran\u00e7aise: quelle (mauvaise) surprise \u00e0 venir? | FBT Avocats SA","robots":{"index":"noindex","follow":"follow","max-snippet":"max-snippet:-1","max-image-preview":"max-image-preview:large","max-video-preview":"max-video-preview:-1"},"og_locale":"en_US","og_type":"article","og_title":"Fiscalit\u00e9 fran\u00e7aise: quelle (mauvaise) surprise \u00e0 venir?","og_url":"https:\/\/staging.fbt-avocats.ch\/en\/fiscalite-francaise-mauvaise-surprise-a-venir\/","og_site_name":"FBT Avocats SA","article_published_time":"2020-09-07T08:14:41+00:00","article_modified_time":"2025-10-20T09:31:24+00:00","author":"fcordey","twitter_card":"summary_large_image","twitter_misc":{"Written by":"fcordey","Est. reading time":"2 minutes"},"schema":{"@context":"https:\/\/schema.org","@graph":[{"@type":"Article","@id":"https:\/\/staging.fbt-avocats.ch\/en\/fiscalite-francaise-mauvaise-surprise-a-venir\/#article","isPartOf":{"@id":"https:\/\/staging.fbt-avocats.ch\/en\/fiscalite-francaise-mauvaise-surprise-a-venir\/"},"author":{"name":"fcordey","@id":"https:\/\/staging.fbt-avocats.ch\/en\/#\/schema\/person\/00ccb3602dc4f17535396c80f1e85072"},"headline":"Fiscalit\u00e9 fran\u00e7aise: quelle (mauvaise) surprise \u00e0 venir?","datePublished":"2020-09-07T08:14:41+00:00","dateModified":"2025-10-20T09:31:24+00:00","mainEntityOfPage":{"@id":"https:\/\/staging.fbt-avocats.ch\/en\/fiscalite-francaise-mauvaise-surprise-a-venir\/"},"wordCount":418,"keywords":["Allnews"],"articleSection":["Media and News"],"inLanguage":"en-US"},{"@type":"WebPage","@id":"https:\/\/staging.fbt-avocats.ch\/en\/fiscalite-francaise-mauvaise-surprise-a-venir\/","url":"https:\/\/staging.fbt-avocats.ch\/en\/fiscalite-francaise-mauvaise-surprise-a-venir\/","name":"Fiscalit\u00e9 fran\u00e7aise: quelle (mauvaise) surprise \u00e0 venir? | FBT Avocats SA","isPartOf":{"@id":"https:\/\/staging.fbt-avocats.ch\/en\/#website"},"datePublished":"2020-09-07T08:14:41+00:00","dateModified":"2025-10-20T09:31:24+00:00","author":{"@id":"https:\/\/staging.fbt-avocats.ch\/en\/#\/schema\/person\/00ccb3602dc4f17535396c80f1e85072"},"breadcrumb":{"@id":"https:\/\/staging.fbt-avocats.ch\/en\/fiscalite-francaise-mauvaise-surprise-a-venir\/#breadcrumb"},"inLanguage":"en-US","potentialAction":[{"@type":"ReadAction","target":["https:\/\/staging.fbt-avocats.ch\/en\/fiscalite-francaise-mauvaise-surprise-a-venir\/"]}]},{"@type":"BreadcrumbList","@id":"https:\/\/staging.fbt-avocats.ch\/en\/fiscalite-francaise-mauvaise-surprise-a-venir\/#breadcrumb","itemListElement":[{"@type":"ListItem","position":1,"name":"Home","item":"https:\/\/staging.fbt-avocats.ch\/en\/"},{"@type":"ListItem","position":2,"name":"Fiscalit\u00e9 fran\u00e7aise: quelle (mauvaise) surprise \u00e0 venir?"}]},{"@type":"WebSite","@id":"https:\/\/staging.fbt-avocats.ch\/en\/#website","url":"https:\/\/staging.fbt-avocats.ch\/en\/","name":"FBT Avocats SA","description":"Etudes bas\u00e9es \u00e0 Gen\u00e8ve et Paris","potentialAction":[{"@type":"SearchAction","target":{"@type":"EntryPoint","urlTemplate":"https:\/\/staging.fbt-avocats.ch\/en\/?s={search_term_string}"},"query-input":{"@type":"PropertyValueSpecification","valueRequired":true,"valueName":"search_term_string"}}],"inLanguage":"en-US"},{"@type":"Person","@id":"https:\/\/staging.fbt-avocats.ch\/en\/#\/schema\/person\/00ccb3602dc4f17535396c80f1e85072","name":"fcordey"}]}},"_links":{"self":[{"href":"https:\/\/staging.fbt-avocats.ch\/en\/wp-json\/wp\/v2\/posts\/19745","targetHints":{"allow":["GET"]}}],"collection":[{"href":"https:\/\/staging.fbt-avocats.ch\/en\/wp-json\/wp\/v2\/posts"}],"about":[{"href":"https:\/\/staging.fbt-avocats.ch\/en\/wp-json\/wp\/v2\/types\/post"}],"author":[{"embeddable":true,"href":"https:\/\/staging.fbt-avocats.ch\/en\/wp-json\/wp\/v2\/users\/21"}],"replies":[{"embeddable":true,"href":"https:\/\/staging.fbt-avocats.ch\/en\/wp-json\/wp\/v2\/comments?post=19745"}],"version-history":[{"count":0,"href":"https:\/\/staging.fbt-avocats.ch\/en\/wp-json\/wp\/v2\/posts\/19745\/revisions"}],"wp:attachment":[{"href":"https:\/\/staging.fbt-avocats.ch\/en\/wp-json\/wp\/v2\/media?parent=19745"}],"wp:term":[{"taxonomy":"category","embeddable":true,"href":"https:\/\/staging.fbt-avocats.ch\/en\/wp-json\/wp\/v2\/categories?post=19745"},{"taxonomy":"post_tag","embeddable":true,"href":"https:\/\/staging.fbt-avocats.ch\/en\/wp-json\/wp\/v2\/tags?post=19745"},{"taxonomy":"datespeciale","embeddable":true,"href":"https:\/\/staging.fbt-avocats.ch\/en\/wp-json\/wp\/v2\/datespeciale?post=19745"}],"curies":[{"name":"wp","href":"https:\/\/api.w.org\/{rel}","templated":true}]}}