{"id":19747,"date":"2020-06-09T16:53:21","date_gmt":"2020-06-09T15:53:21","guid":{"rendered":"https:\/\/www.fbt-avocats.ch\/assemblees-generales-et-covid-le-point-sur-les-regles-actuelles\/"},"modified":"2025-10-20T10:32:25","modified_gmt":"2025-10-20T09:32:25","slug":"assemblees-generales-et-covid-le-point-sur-les-regles-actuelles","status":"publish","type":"post","link":"https:\/\/staging.fbt-avocats.ch\/en\/assemblees-generales-et-covid-le-point-sur-les-regles-actuelles\/","title":{"rendered":"Assembl\u00e9es g\u00e9n\u00e9rales et COVID: le point sur les r\u00e8gles actuelles"},"content":{"rendered":"<section  class='av_textblock_section av-7dtlel-54646e090b2362c0ce717e7039213545 '   itemscope=\"itemscope\" itemtype=\"https:\/\/schema.org\/BlogPosting\" itemprop=\"blogPost\" ><div class='avia_textblock'  itemprop=\"text\" ><\/div><\/section>\n\n<style type=\"text\/css\" data-created_by=\"avia_inline_auto\" id=\"style-css-av-6hs9cd-aa7fd7160a86b43089fe650ca2464333\">\n.flex_column.av-6hs9cd-aa7fd7160a86b43089fe650ca2464333{\nborder-radius:0px 0px 0px 0px;\npadding:0px 0px 0px 0px;\n}\n<\/style>\n<div  class='flex_column av-6hs9cd-aa7fd7160a86b43089fe650ca2464333 av_one_full  avia-builder-el-1  el_after_av_textblock  avia-builder-el-last  first flex_column_div av-zero-column-padding  column-top-margin'     ><p>\n<style type=\"text\/css\" data-created_by=\"avia_inline_auto\" id=\"style-css-av-av_heading-58378e5ccab378c7ca3449ee81f8e10f\">\n#top .av-special-heading.av-av_heading-58378e5ccab378c7ca3449ee81f8e10f{\npadding-bottom:10px;\nfont-size:26px;\n}\nbody .av-special-heading.av-av_heading-58378e5ccab378c7ca3449ee81f8e10f .av-special-heading-tag .heading-char{\nfont-size:25px;\n}\n#top #wrap_all .av-special-heading.av-av_heading-58378e5ccab378c7ca3449ee81f8e10f .av-special-heading-tag{\nfont-size:26px;\n}\n.av-special-heading.av-av_heading-58378e5ccab378c7ca3449ee81f8e10f .av-subheading{\nfont-size:15px;\n}\n\n@media only screen and (min-width: 480px) and (max-width: 767px){ \n#top #wrap_all .av-special-heading.av-av_heading-58378e5ccab378c7ca3449ee81f8e10f .av-special-heading-tag{\nfont-size:0.8em;\n}\n}\n\n@media only screen and (max-width: 479px){ \n#top #wrap_all .av-special-heading.av-av_heading-58378e5ccab378c7ca3449ee81f8e10f .av-special-heading-tag{\nfont-size:0.8em;\n}\n}\n<\/style>\n<div  class='av-special-heading av-av_heading-58378e5ccab378c7ca3449ee81f8e10f av-special-heading-h1 blockquote modern-quote  avia-builder-el-2  el_before_av_hr  avia-builder-el-first  av-inherit-size'><h1 class='av-special-heading-tag '  itemprop=\"headline\"  >Assembl\u00e9es g\u00e9n\u00e9rales et COVID: le point sur les r\u00e8gles actuelles<\/h1><div class='av-subheading av-subheading_below'><p>Allnews \u2013 Juin 2020<br \/>\nMarco Villa et Julien Le Fort<\/p>\n<\/div><div class=\"special-heading-border\"><div class=\"special-heading-inner-border\"><\/div><\/div><\/div><br \/>\n\n<style type=\"text\/css\" data-created_by=\"avia_inline_auto\" id=\"style-css-av-4rtof1-6cb168409d4b952e81360eb2f8cb23b0\">\n#top .hr.hr-invisible.av-4rtof1-6cb168409d4b952e81360eb2f8cb23b0{\nheight:20px;\n}\n<\/style>\n<div  class='hr av-4rtof1-6cb168409d4b952e81360eb2f8cb23b0 hr-invisible  avia-builder-el-3  el_after_av_heading  el_before_av_textblock '><span class='hr-inner '><span class=\"hr-inner-style\"><\/span><\/span><\/div><br \/>\n<section  class='av_textblock_section av-jo5hremo-8df0535b4b08dc00af18df224af1af03 '   itemscope=\"itemscope\" itemtype=\"https:\/\/schema.org\/BlogPosting\" itemprop=\"blogPost\" ><div class='avia_textblock'  itemprop=\"text\" ><div data-canvas-width=\"431.1431666666666\">\n<div class=\"textLayer\">\n<div data-canvas-width=\"318.9300803304\">\n<p><strong>Clarification sur les r\u00e8gles applicables aux assembl\u00e9es g\u00e9n\u00e9rales dans le contexte de\u00a0<\/strong><strong>l\u2019assouplissement des r\u00e8gles COVID-19.<\/strong><\/p>\n<p><strong>\u00a0<\/strong>Le droit suisse requiert la pr\u00e9sence physique des participants \u00e0 l\u2019assembl\u00e9e g\u00e9n\u00e9rale de la soci\u00e9t\u00e9.\u00a0En effet, une assembl\u00e9e g\u00e9n\u00e9rale (p.ex. d\u2019une soci\u00e9t\u00e9 anonyme) ne peut pas prendre de d\u00e9cision par\u00a0voie de circulation.<\/p>\n<p>Dans le cadre de la crise sanitaire, le Conseil f\u00e9d\u00e9ral a interdit les rassemblements de personnes.\u00a0Pour permettre aux soci\u00e9t\u00e9s de tenir n\u00e9anmoins leurs assembl\u00e9es, il a pr\u00e9vu des r\u00e8gles d\u00e9rogatoires\u00a0temporaires. Le 27 mai 2020, vu l\u2019\u00e9volution favorable de la situation sanitaire, le Conseil f\u00e9d\u00e9ral a fortement assoupli les mesures li\u00e9es \u00e0 la crise sanitaire. Il a \u00e9galement fait \u00e9voluer les r\u00e8gles\u00a0relatives aux assembl\u00e9es.<\/p>\n<\/div>\n<div data-canvas-width=\"318.9300803304\"><\/div>\n<div data-canvas-width=\"318.9300803304\"><\/div>\n<div data-canvas-width=\"318.9300803304\"><\/div>\n<div data-canvas-width=\"318.9300803304\"><\/div>\n<div data-canvas-width=\"318.9300803304\"><\/div>\n<div data-canvas-width=\"318.9300803304\"><\/div>\n<div data-canvas-width=\"318.9300803304\"><\/div>\n<div data-canvas-width=\"318.9300803304\"><\/div>\n<div data-canvas-width=\"318.9300803304\"><\/div>\n<\/div>\n<\/div>\n<\/div><\/section><br \/>\n\n<style type=\"text\/css\" data-created_by=\"avia_inline_auto\" id=\"style-css-av-1xwhd9-afd37c19b28461d09397a418e175376c\">\n#top .hr.hr-invisible.av-1xwhd9-afd37c19b28461d09397a418e175376c{\nheight:20px;\n}\n<\/style>\n<div  class='hr av-1xwhd9-afd37c19b28461d09397a418e175376c hr-invisible  avia-builder-el-5  el_after_av_textblock  el_before_av_button '><span class='hr-inner '><span class=\"hr-inner-style\"><\/span><\/span><\/div><br \/>\n<div  class='avia-button-wrap av-jo5hs5ts-9d68bb70da5c4f0ac0cc20cf052f36d2-wrap avia-button-left  avia-builder-el-6  el_after_av_hr  avia-builder-el-last '>\n<style type=\"text\/css\" data-created_by=\"avia_inline_auto\" id=\"style-css-av-jo5hs5ts-9d68bb70da5c4f0ac0cc20cf052f36d2\">\n#top #wrap_all .avia-button.av-jo5hs5ts-9d68bb70da5c4f0ac0cc20cf052f36d2{\nbackground-color:#44525f;\nborder-color:#44525f;\ncolor:#ffffff;\ntransition:all 0.4s ease-in-out;\n}\n#top #wrap_all .avia-button.av-jo5hs5ts-9d68bb70da5c4f0ac0cc20cf052f36d2 .avia-svg-icon svg:first-child{\nfill:#ffffff;\nstroke:#ffffff;\n}\n<\/style>\n<a href='https:\/\/staging.fbt-avocats.ch\/wp-content\/uploads\/2020\/06\/Assembl\u00e9es-g\u00e9n\u00e9rales-et-COVID_-le-point-sur-les-r\u00e8gles-actuelles-_-Allnews.pdf'  class='avia-button av-jo5hs5ts-9d68bb70da5c4f0ac0cc20cf052f36d2 av-link-btn avia-icon_select-no avia-size-large avia-position-left'  target=\"_blank\"  rel=\"noopener noreferrer\"  aria-label=\"Lire la suite\"><span class='avia_iconbox_title' >Lire la suite<\/span><\/a><\/div><\/p><\/div>\n","protected":false},"excerpt":{"rendered":"","protected":false},"author":18,"featured_media":0,"comment_status":"closed","ping_status":"closed","sticky":false,"template":"","format":"standard","meta":{"footnotes":""},"categories":[84],"tags":[560],"datespeciale":[],"class_list":["post-19747","post","type-post","status-publish","format-standard","hentry","category-media-and-news","tag-allnews-en","competences-corporate-and-commercial","auteurs-julien-le-fort-en","auteurs-marco-villa-en","date-publication-2020-en","diffusion-groupe-societes-et-contrats-en","diffusion-medias-en"],"yoast_head":"<!-- This site is optimized with the Yoast SEO Premium plugin v27.4 (Yoast SEO v27.4) - https:\/\/yoast.com\/product\/yoast-seo-premium-wordpress\/ -->\n<title>Assembl\u00e9es g\u00e9n\u00e9rales et COVID: le point sur les r\u00e8gles actuelles | FBT Avocats SA<\/title>\n<meta name=\"robots\" content=\"noindex, follow, max-snippet:-1, max-image-preview:large, max-video-preview:-1\" \/>\n<meta property=\"og:locale\" content=\"en_US\" \/>\n<meta property=\"og:type\" content=\"article\" \/>\n<meta property=\"og:title\" content=\"Assembl\u00e9es g\u00e9n\u00e9rales et COVID: le point sur les r\u00e8gles actuelles\" \/>\n<meta property=\"og:url\" content=\"https:\/\/staging.fbt-avocats.ch\/en\/assemblees-generales-et-covid-le-point-sur-les-regles-actuelles\/\" \/>\n<meta property=\"og:site_name\" content=\"FBT Avocats SA\" \/>\n<meta property=\"article:published_time\" content=\"2020-06-09T15:53:21+00:00\" \/>\n<meta property=\"article:modified_time\" content=\"2025-10-20T09:32:25+00:00\" \/>\n<meta name=\"author\" content=\"Helder Carvalho\" \/>\n<meta name=\"twitter:card\" content=\"summary_large_image\" \/>\n<meta name=\"twitter:label1\" content=\"Written by\" \/>\n\t<meta name=\"twitter:data1\" content=\"Helder Carvalho\" \/>\n\t<meta name=\"twitter:label2\" content=\"Est. reading time\" \/>\n\t<meta name=\"twitter:data2\" content=\"2 minutes\" \/>\n<script type=\"application\/ld+json\" class=\"yoast-schema-graph\">{\"@context\":\"https:\\\/\\\/schema.org\",\"@graph\":[{\"@type\":\"Article\",\"@id\":\"https:\\\/\\\/staging.fbt-avocats.ch\\\/en\\\/assemblees-generales-et-covid-le-point-sur-les-regles-actuelles\\\/#article\",\"isPartOf\":{\"@id\":\"https:\\\/\\\/staging.fbt-avocats.ch\\\/en\\\/assemblees-generales-et-covid-le-point-sur-les-regles-actuelles\\\/\"},\"author\":{\"name\":\"Helder Carvalho\",\"@id\":\"https:\\\/\\\/staging.fbt-avocats.ch\\\/en\\\/#\\\/schema\\\/person\\\/59cfd6ef8354572f3769bd501839bddd\"},\"headline\":\"Assembl\u00e9es g\u00e9n\u00e9rales et COVID: le point sur les r\u00e8gles actuelles\",\"datePublished\":\"2020-06-09T15:53:21+00:00\",\"dateModified\":\"2025-10-20T09:32:25+00:00\",\"mainEntityOfPage\":{\"@id\":\"https:\\\/\\\/staging.fbt-avocats.ch\\\/en\\\/assemblees-generales-et-covid-le-point-sur-les-regles-actuelles\\\/\"},\"wordCount\":435,\"keywords\":[\"Allnews\"],\"articleSection\":[\"Media and News\"],\"inLanguage\":\"en-US\"},{\"@type\":\"WebPage\",\"@id\":\"https:\\\/\\\/staging.fbt-avocats.ch\\\/en\\\/assemblees-generales-et-covid-le-point-sur-les-regles-actuelles\\\/\",\"url\":\"https:\\\/\\\/staging.fbt-avocats.ch\\\/en\\\/assemblees-generales-et-covid-le-point-sur-les-regles-actuelles\\\/\",\"name\":\"Assembl\u00e9es g\u00e9n\u00e9rales et COVID: le point sur les r\u00e8gles actuelles | FBT Avocats SA\",\"isPartOf\":{\"@id\":\"https:\\\/\\\/staging.fbt-avocats.ch\\\/en\\\/#website\"},\"datePublished\":\"2020-06-09T15:53:21+00:00\",\"dateModified\":\"2025-10-20T09:32:25+00:00\",\"author\":{\"@id\":\"https:\\\/\\\/staging.fbt-avocats.ch\\\/en\\\/#\\\/schema\\\/person\\\/59cfd6ef8354572f3769bd501839bddd\"},\"breadcrumb\":{\"@id\":\"https:\\\/\\\/staging.fbt-avocats.ch\\\/en\\\/assemblees-generales-et-covid-le-point-sur-les-regles-actuelles\\\/#breadcrumb\"},\"inLanguage\":\"en-US\",\"potentialAction\":[{\"@type\":\"ReadAction\",\"target\":[\"https:\\\/\\\/staging.fbt-avocats.ch\\\/en\\\/assemblees-generales-et-covid-le-point-sur-les-regles-actuelles\\\/\"]}]},{\"@type\":\"BreadcrumbList\",\"@id\":\"https:\\\/\\\/staging.fbt-avocats.ch\\\/en\\\/assemblees-generales-et-covid-le-point-sur-les-regles-actuelles\\\/#breadcrumb\",\"itemListElement\":[{\"@type\":\"ListItem\",\"position\":1,\"name\":\"Home\",\"item\":\"https:\\\/\\\/staging.fbt-avocats.ch\\\/en\\\/\"},{\"@type\":\"ListItem\",\"position\":2,\"name\":\"Assembl\u00e9es g\u00e9n\u00e9rales et COVID: le point sur les r\u00e8gles actuelles\"}]},{\"@type\":\"WebSite\",\"@id\":\"https:\\\/\\\/staging.fbt-avocats.ch\\\/en\\\/#website\",\"url\":\"https:\\\/\\\/staging.fbt-avocats.ch\\\/en\\\/\",\"name\":\"FBT Avocats SA\",\"description\":\"Etudes bas\u00e9es \u00e0 Gen\u00e8ve et Paris\",\"potentialAction\":[{\"@type\":\"SearchAction\",\"target\":{\"@type\":\"EntryPoint\",\"urlTemplate\":\"https:\\\/\\\/staging.fbt-avocats.ch\\\/en\\\/?s={search_term_string}\"},\"query-input\":{\"@type\":\"PropertyValueSpecification\",\"valueRequired\":true,\"valueName\":\"search_term_string\"}}],\"inLanguage\":\"en-US\"},{\"@type\":\"Person\",\"@id\":\"https:\\\/\\\/staging.fbt-avocats.ch\\\/en\\\/#\\\/schema\\\/person\\\/59cfd6ef8354572f3769bd501839bddd\",\"name\":\"Helder Carvalho\"}]}<\/script>\n<!-- \/ Yoast SEO Premium plugin. -->","yoast_head_json":{"title":"Assembl\u00e9es g\u00e9n\u00e9rales et COVID: le point sur les r\u00e8gles actuelles | FBT Avocats SA","robots":{"index":"noindex","follow":"follow","max-snippet":"max-snippet:-1","max-image-preview":"max-image-preview:large","max-video-preview":"max-video-preview:-1"},"og_locale":"en_US","og_type":"article","og_title":"Assembl\u00e9es g\u00e9n\u00e9rales et COVID: le point sur les r\u00e8gles actuelles","og_url":"https:\/\/staging.fbt-avocats.ch\/en\/assemblees-generales-et-covid-le-point-sur-les-regles-actuelles\/","og_site_name":"FBT Avocats SA","article_published_time":"2020-06-09T15:53:21+00:00","article_modified_time":"2025-10-20T09:32:25+00:00","author":"Helder Carvalho","twitter_card":"summary_large_image","twitter_misc":{"Written by":"Helder Carvalho","Est. reading time":"2 minutes"},"schema":{"@context":"https:\/\/schema.org","@graph":[{"@type":"Article","@id":"https:\/\/staging.fbt-avocats.ch\/en\/assemblees-generales-et-covid-le-point-sur-les-regles-actuelles\/#article","isPartOf":{"@id":"https:\/\/staging.fbt-avocats.ch\/en\/assemblees-generales-et-covid-le-point-sur-les-regles-actuelles\/"},"author":{"name":"Helder Carvalho","@id":"https:\/\/staging.fbt-avocats.ch\/en\/#\/schema\/person\/59cfd6ef8354572f3769bd501839bddd"},"headline":"Assembl\u00e9es g\u00e9n\u00e9rales et COVID: le point sur les r\u00e8gles actuelles","datePublished":"2020-06-09T15:53:21+00:00","dateModified":"2025-10-20T09:32:25+00:00","mainEntityOfPage":{"@id":"https:\/\/staging.fbt-avocats.ch\/en\/assemblees-generales-et-covid-le-point-sur-les-regles-actuelles\/"},"wordCount":435,"keywords":["Allnews"],"articleSection":["Media and News"],"inLanguage":"en-US"},{"@type":"WebPage","@id":"https:\/\/staging.fbt-avocats.ch\/en\/assemblees-generales-et-covid-le-point-sur-les-regles-actuelles\/","url":"https:\/\/staging.fbt-avocats.ch\/en\/assemblees-generales-et-covid-le-point-sur-les-regles-actuelles\/","name":"Assembl\u00e9es g\u00e9n\u00e9rales et COVID: le point sur les r\u00e8gles actuelles | FBT Avocats SA","isPartOf":{"@id":"https:\/\/staging.fbt-avocats.ch\/en\/#website"},"datePublished":"2020-06-09T15:53:21+00:00","dateModified":"2025-10-20T09:32:25+00:00","author":{"@id":"https:\/\/staging.fbt-avocats.ch\/en\/#\/schema\/person\/59cfd6ef8354572f3769bd501839bddd"},"breadcrumb":{"@id":"https:\/\/staging.fbt-avocats.ch\/en\/assemblees-generales-et-covid-le-point-sur-les-regles-actuelles\/#breadcrumb"},"inLanguage":"en-US","potentialAction":[{"@type":"ReadAction","target":["https:\/\/staging.fbt-avocats.ch\/en\/assemblees-generales-et-covid-le-point-sur-les-regles-actuelles\/"]}]},{"@type":"BreadcrumbList","@id":"https:\/\/staging.fbt-avocats.ch\/en\/assemblees-generales-et-covid-le-point-sur-les-regles-actuelles\/#breadcrumb","itemListElement":[{"@type":"ListItem","position":1,"name":"Home","item":"https:\/\/staging.fbt-avocats.ch\/en\/"},{"@type":"ListItem","position":2,"name":"Assembl\u00e9es g\u00e9n\u00e9rales et COVID: le point sur les r\u00e8gles actuelles"}]},{"@type":"WebSite","@id":"https:\/\/staging.fbt-avocats.ch\/en\/#website","url":"https:\/\/staging.fbt-avocats.ch\/en\/","name":"FBT Avocats SA","description":"Etudes bas\u00e9es \u00e0 Gen\u00e8ve et Paris","potentialAction":[{"@type":"SearchAction","target":{"@type":"EntryPoint","urlTemplate":"https:\/\/staging.fbt-avocats.ch\/en\/?s={search_term_string}"},"query-input":{"@type":"PropertyValueSpecification","valueRequired":true,"valueName":"search_term_string"}}],"inLanguage":"en-US"},{"@type":"Person","@id":"https:\/\/staging.fbt-avocats.ch\/en\/#\/schema\/person\/59cfd6ef8354572f3769bd501839bddd","name":"Helder Carvalho"}]}},"_links":{"self":[{"href":"https:\/\/staging.fbt-avocats.ch\/en\/wp-json\/wp\/v2\/posts\/19747","targetHints":{"allow":["GET"]}}],"collection":[{"href":"https:\/\/staging.fbt-avocats.ch\/en\/wp-json\/wp\/v2\/posts"}],"about":[{"href":"https:\/\/staging.fbt-avocats.ch\/en\/wp-json\/wp\/v2\/types\/post"}],"author":[{"embeddable":true,"href":"https:\/\/staging.fbt-avocats.ch\/en\/wp-json\/wp\/v2\/users\/18"}],"replies":[{"embeddable":true,"href":"https:\/\/staging.fbt-avocats.ch\/en\/wp-json\/wp\/v2\/comments?post=19747"}],"version-history":[{"count":0,"href":"https:\/\/staging.fbt-avocats.ch\/en\/wp-json\/wp\/v2\/posts\/19747\/revisions"}],"wp:attachment":[{"href":"https:\/\/staging.fbt-avocats.ch\/en\/wp-json\/wp\/v2\/media?parent=19747"}],"wp:term":[{"taxonomy":"category","embeddable":true,"href":"https:\/\/staging.fbt-avocats.ch\/en\/wp-json\/wp\/v2\/categories?post=19747"},{"taxonomy":"post_tag","embeddable":true,"href":"https:\/\/staging.fbt-avocats.ch\/en\/wp-json\/wp\/v2\/tags?post=19747"},{"taxonomy":"datespeciale","embeddable":true,"href":"https:\/\/staging.fbt-avocats.ch\/en\/wp-json\/wp\/v2\/datespeciale?post=19747"}],"curies":[{"name":"wp","href":"https:\/\/api.w.org\/{rel}","templated":true}]}}