{"id":20497,"date":"2021-03-01T15:53:12","date_gmt":"2021-03-01T14:53:12","guid":{"rendered":"https:\/\/www.fbt-avocats.ch\/presidentielle-2022-france-fiscalite-anticiper\/"},"modified":"2025-10-20T10:29:10","modified_gmt":"2025-10-20T09:29:10","slug":"presidentielle-2022-france-fiscalite-anticiper","status":"publish","type":"post","link":"https:\/\/staging.fbt-avocats.ch\/en\/presidentielle-2022-france-fiscalite-anticiper\/","title":{"rendered":"Pr\u00e9sidentielle 2022 en France et fiscalit\u00e9: comment anticiper?"},"content":{"rendered":"<section  class='av_textblock_section av-7dtlel-54646e090b2362c0ce717e7039213545 '   itemscope=\"itemscope\" itemtype=\"https:\/\/schema.org\/BlogPosting\" itemprop=\"blogPost\" ><div class='avia_textblock'  itemprop=\"text\" ><\/div><\/section>\n\n<style type=\"text\/css\" data-created_by=\"avia_inline_auto\" id=\"style-css-av-6hs9cd-aa7fd7160a86b43089fe650ca2464333\">\n.flex_column.av-6hs9cd-aa7fd7160a86b43089fe650ca2464333{\nborder-radius:0px 0px 0px 0px;\npadding:0px 0px 0px 0px;\n}\n<\/style>\n<div  class='flex_column av-6hs9cd-aa7fd7160a86b43089fe650ca2464333 av_one_full  avia-builder-el-1  el_after_av_textblock  avia-builder-el-last  first flex_column_div av-zero-column-padding  column-top-margin'     ><p>\n<style type=\"text\/css\" data-created_by=\"avia_inline_auto\" id=\"style-css-av-klqpagmw-acb2795dddfc46efc1e811bf194089c5\">\n#top .av-special-heading.av-klqpagmw-acb2795dddfc46efc1e811bf194089c5{\npadding-bottom:10px;\nfont-size:26px;\n}\nbody .av-special-heading.av-klqpagmw-acb2795dddfc46efc1e811bf194089c5 .av-special-heading-tag .heading-char{\nfont-size:25px;\n}\n#top #wrap_all .av-special-heading.av-klqpagmw-acb2795dddfc46efc1e811bf194089c5 .av-special-heading-tag{\nfont-size:26px;\n}\n.av-special-heading.av-klqpagmw-acb2795dddfc46efc1e811bf194089c5 .av-subheading{\nfont-size:15px;\n}\n\n@media only screen and (min-width: 480px) and (max-width: 767px){ \n#top #wrap_all .av-special-heading.av-klqpagmw-acb2795dddfc46efc1e811bf194089c5 .av-special-heading-tag{\nfont-size:0.8em;\n}\n}\n\n@media only screen and (max-width: 479px){ \n#top #wrap_all .av-special-heading.av-klqpagmw-acb2795dddfc46efc1e811bf194089c5 .av-special-heading-tag{\nfont-size:0.8em;\n}\n}\n<\/style>\n<div  class='av-special-heading av-klqpagmw-acb2795dddfc46efc1e811bf194089c5 av-special-heading-h1 blockquote modern-quote  avia-builder-el-2  el_before_av_hr  avia-builder-el-first  av-inherit-size'><h1 class='av-special-heading-tag '  itemprop=\"headline\"  >Pr\u00e9sidentielle 2022 en France et fiscalit\u00e9: comment anticiper?<\/h1><div class='av-subheading av-subheading_below'><p>Allnews \u2013 Mars 2021<br \/>\nAlain Moreau<\/p>\n<\/div><div class=\"special-heading-border\"><div class=\"special-heading-inner-border\"><\/div><\/div><\/div><br \/>\n\n<style type=\"text\/css\" data-created_by=\"avia_inline_auto\" id=\"style-css-av-4rtof1-6cb168409d4b952e81360eb2f8cb23b0\">\n#top .hr.hr-invisible.av-4rtof1-6cb168409d4b952e81360eb2f8cb23b0{\nheight:20px;\n}\n<\/style>\n<div  class='hr av-4rtof1-6cb168409d4b952e81360eb2f8cb23b0 hr-invisible  avia-builder-el-3  el_after_av_heading  el_before_av_textblock '><span class='hr-inner '><span class=\"hr-inner-style\"><\/span><\/span><\/div><br \/>\n<section  class='av_textblock_section av-jo5hremo-8df0535b4b08dc00af18df224af1af03 '   itemscope=\"itemscope\" itemtype=\"https:\/\/schema.org\/BlogPosting\" itemprop=\"blogPost\" ><div class='avia_textblock'  itemprop=\"text\" ><div data-canvas-width=\"431.1431666666666\">\n<div class=\"textLayer\">\n<div data-canvas-width=\"318.9300803304\">\n<p><strong>Plusieurs dispositions fiscales sont aujourd\u2019hui sujettes \u00e0 discussion et pourraient \u00eatre remises en cause lors des prochaines \u00e9lections en 2022.<br \/>\n<\/strong>Traditionnellement en France, tous les cinq ans, l\u2019\u00e9lection pr\u00e9sidentielle est l\u2019occasion de vifs et passionn\u00e9s d\u00e9bats autour de la fiscalit\u00e9, rapidement traduits en Lois de finances par le vainqueur. C\u2019est ainsi qu\u2019en 2017, Emmanuel Macron, nouvellement \u00e9lu, avait abrog\u00e9 l\u2019imp\u00f4t de solidarit\u00e9 sur la fortune (remplac\u00e9 par un imp\u00f4t sur la seule fortune immobili\u00e8re) et instaur\u00e9 un r\u00e9gime d\u2019imposition forfaitaire sur les revenus financiers (\u00abflat tax\u00bb de 30%).<\/p>\n<\/div>\n<div data-canvas-width=\"318.9300803304\"><\/div>\n<div data-canvas-width=\"318.9300803304\"><\/div>\n<div data-canvas-width=\"318.9300803304\"><\/div>\n<div data-canvas-width=\"318.9300803304\"><\/div>\n<div data-canvas-width=\"318.9300803304\"><\/div>\n<div data-canvas-width=\"318.9300803304\"><\/div>\n<div data-canvas-width=\"318.9300803304\"><\/div>\n<div data-canvas-width=\"318.9300803304\"><\/div>\n<div data-canvas-width=\"318.9300803304\"><\/div>\n<\/div>\n<\/div>\n<\/div><\/section><br \/>\n\n<style type=\"text\/css\" data-created_by=\"avia_inline_auto\" id=\"style-css-av-1xwhd9-afd37c19b28461d09397a418e175376c\">\n#top .hr.hr-invisible.av-1xwhd9-afd37c19b28461d09397a418e175376c{\nheight:20px;\n}\n<\/style>\n<div  class='hr av-1xwhd9-afd37c19b28461d09397a418e175376c hr-invisible  avia-builder-el-5  el_after_av_textblock  el_before_av_button '><span class='hr-inner '><span class=\"hr-inner-style\"><\/span><\/span><\/div><br \/>\n<div  class='avia-button-wrap av-jo5hs5ts-e1c5efc380ffbb2eaaea7843b1d7b139-wrap avia-button-left  avia-builder-el-6  el_after_av_hr  avia-builder-el-last '>\n<style type=\"text\/css\" data-created_by=\"avia_inline_auto\" id=\"style-css-av-jo5hs5ts-e1c5efc380ffbb2eaaea7843b1d7b139\">\n#top #wrap_all .avia-button.av-jo5hs5ts-e1c5efc380ffbb2eaaea7843b1d7b139{\nbackground-color:#44525f;\nborder-color:#44525f;\ncolor:#ffffff;\ntransition:all 0.4s ease-in-out;\n}\n#top #wrap_all .avia-button.av-jo5hs5ts-e1c5efc380ffbb2eaaea7843b1d7b139 .avia-svg-icon svg:first-child{\nfill:#ffffff;\nstroke:#ffffff;\n}\n<\/style>\n<a href='https:\/\/staging.fbt-avocats.ch\/wp-content\/uploads\/2021\/03\/Pr\u00e9sidentielle-2022-en-France-et-fiscalit\u00e9_-comment-anticiper_-_-Allnews.pdf'  class='avia-button av-jo5hs5ts-e1c5efc380ffbb2eaaea7843b1d7b139 av-link-btn avia-icon_select-no avia-size-large avia-position-left'  target=\"_blank\"  rel=\"noopener noreferrer\"  aria-label=\"Lire la suite\"><span class='avia_iconbox_title' >Lire la suite<\/span><\/a><\/div><\/p><\/div>\n","protected":false},"excerpt":{"rendered":"","protected":false},"author":21,"featured_media":0,"comment_status":"closed","ping_status":"closed","sticky":false,"template":"","format":"standard","meta":{"footnotes":""},"categories":[84],"tags":[560],"datespeciale":[],"class_list":["post-20497","post","type-post","status-publish","format-standard","hentry","category-media-and-news","tag-allnews-en","competences-tax","auteurs-alain-moreau-en","date-publication-2021-en","diffusion-groupe-fiscal-en","diffusion-medias-en"],"yoast_head":"<!-- This site is optimized with the Yoast SEO Premium plugin v27.4 (Yoast SEO v27.4) - https:\/\/yoast.com\/product\/yoast-seo-premium-wordpress\/ -->\n<title>Pr\u00e9sidentielle 2022 en France et fiscalit\u00e9: comment anticiper? | FBT Avocats SA<\/title>\n<meta name=\"robots\" content=\"noindex, follow, max-snippet:-1, max-image-preview:large, max-video-preview:-1\" \/>\n<meta property=\"og:locale\" content=\"en_US\" \/>\n<meta property=\"og:type\" content=\"article\" \/>\n<meta property=\"og:title\" content=\"Pr\u00e9sidentielle 2022 en France et fiscalit\u00e9: comment anticiper?\" \/>\n<meta property=\"og:url\" content=\"https:\/\/staging.fbt-avocats.ch\/en\/presidentielle-2022-france-fiscalite-anticiper\/\" \/>\n<meta property=\"og:site_name\" content=\"FBT Avocats SA\" \/>\n<meta property=\"article:published_time\" content=\"2021-03-01T14:53:12+00:00\" \/>\n<meta property=\"article:modified_time\" content=\"2025-10-20T09:29:10+00:00\" \/>\n<meta name=\"author\" content=\"fcordey\" \/>\n<meta name=\"twitter:card\" content=\"summary_large_image\" \/>\n<meta name=\"twitter:label1\" content=\"Written by\" \/>\n\t<meta name=\"twitter:data1\" content=\"fcordey\" \/>\n\t<meta name=\"twitter:label2\" content=\"Est. reading time\" \/>\n\t<meta name=\"twitter:data2\" content=\"2 minutes\" \/>\n<script type=\"application\/ld+json\" class=\"yoast-schema-graph\">{\"@context\":\"https:\\\/\\\/schema.org\",\"@graph\":[{\"@type\":\"Article\",\"@id\":\"https:\\\/\\\/staging.fbt-avocats.ch\\\/en\\\/presidentielle-2022-france-fiscalite-anticiper\\\/#article\",\"isPartOf\":{\"@id\":\"https:\\\/\\\/staging.fbt-avocats.ch\\\/en\\\/presidentielle-2022-france-fiscalite-anticiper\\\/\"},\"author\":{\"name\":\"fcordey\",\"@id\":\"https:\\\/\\\/staging.fbt-avocats.ch\\\/en\\\/#\\\/schema\\\/person\\\/00ccb3602dc4f17535396c80f1e85072\"},\"headline\":\"Pr\u00e9sidentielle 2022 en France et fiscalit\u00e9: comment anticiper?\",\"datePublished\":\"2021-03-01T14:53:12+00:00\",\"dateModified\":\"2025-10-20T09:29:10+00:00\",\"mainEntityOfPage\":{\"@id\":\"https:\\\/\\\/staging.fbt-avocats.ch\\\/en\\\/presidentielle-2022-france-fiscalite-anticiper\\\/\"},\"wordCount\":372,\"keywords\":[\"Allnews\"],\"articleSection\":[\"Media and News\"],\"inLanguage\":\"en-US\"},{\"@type\":\"WebPage\",\"@id\":\"https:\\\/\\\/staging.fbt-avocats.ch\\\/en\\\/presidentielle-2022-france-fiscalite-anticiper\\\/\",\"url\":\"https:\\\/\\\/staging.fbt-avocats.ch\\\/en\\\/presidentielle-2022-france-fiscalite-anticiper\\\/\",\"name\":\"Pr\u00e9sidentielle 2022 en France et fiscalit\u00e9: comment anticiper? | FBT Avocats SA\",\"isPartOf\":{\"@id\":\"https:\\\/\\\/staging.fbt-avocats.ch\\\/en\\\/#website\"},\"datePublished\":\"2021-03-01T14:53:12+00:00\",\"dateModified\":\"2025-10-20T09:29:10+00:00\",\"author\":{\"@id\":\"https:\\\/\\\/staging.fbt-avocats.ch\\\/en\\\/#\\\/schema\\\/person\\\/00ccb3602dc4f17535396c80f1e85072\"},\"breadcrumb\":{\"@id\":\"https:\\\/\\\/staging.fbt-avocats.ch\\\/en\\\/presidentielle-2022-france-fiscalite-anticiper\\\/#breadcrumb\"},\"inLanguage\":\"en-US\",\"potentialAction\":[{\"@type\":\"ReadAction\",\"target\":[\"https:\\\/\\\/staging.fbt-avocats.ch\\\/en\\\/presidentielle-2022-france-fiscalite-anticiper\\\/\"]}]},{\"@type\":\"BreadcrumbList\",\"@id\":\"https:\\\/\\\/staging.fbt-avocats.ch\\\/en\\\/presidentielle-2022-france-fiscalite-anticiper\\\/#breadcrumb\",\"itemListElement\":[{\"@type\":\"ListItem\",\"position\":1,\"name\":\"Home\",\"item\":\"https:\\\/\\\/staging.fbt-avocats.ch\\\/en\\\/\"},{\"@type\":\"ListItem\",\"position\":2,\"name\":\"Pr\u00e9sidentielle 2022 en France et fiscalit\u00e9: comment anticiper?\"}]},{\"@type\":\"WebSite\",\"@id\":\"https:\\\/\\\/staging.fbt-avocats.ch\\\/en\\\/#website\",\"url\":\"https:\\\/\\\/staging.fbt-avocats.ch\\\/en\\\/\",\"name\":\"FBT Avocats SA\",\"description\":\"Etudes bas\u00e9es \u00e0 Gen\u00e8ve et Paris\",\"potentialAction\":[{\"@type\":\"SearchAction\",\"target\":{\"@type\":\"EntryPoint\",\"urlTemplate\":\"https:\\\/\\\/staging.fbt-avocats.ch\\\/en\\\/?s={search_term_string}\"},\"query-input\":{\"@type\":\"PropertyValueSpecification\",\"valueRequired\":true,\"valueName\":\"search_term_string\"}}],\"inLanguage\":\"en-US\"},{\"@type\":\"Person\",\"@id\":\"https:\\\/\\\/staging.fbt-avocats.ch\\\/en\\\/#\\\/schema\\\/person\\\/00ccb3602dc4f17535396c80f1e85072\",\"name\":\"fcordey\"}]}<\/script>\n<!-- \/ Yoast SEO Premium plugin. -->","yoast_head_json":{"title":"Pr\u00e9sidentielle 2022 en France et fiscalit\u00e9: comment anticiper? | FBT Avocats SA","robots":{"index":"noindex","follow":"follow","max-snippet":"max-snippet:-1","max-image-preview":"max-image-preview:large","max-video-preview":"max-video-preview:-1"},"og_locale":"en_US","og_type":"article","og_title":"Pr\u00e9sidentielle 2022 en France et fiscalit\u00e9: comment anticiper?","og_url":"https:\/\/staging.fbt-avocats.ch\/en\/presidentielle-2022-france-fiscalite-anticiper\/","og_site_name":"FBT Avocats SA","article_published_time":"2021-03-01T14:53:12+00:00","article_modified_time":"2025-10-20T09:29:10+00:00","author":"fcordey","twitter_card":"summary_large_image","twitter_misc":{"Written by":"fcordey","Est. reading time":"2 minutes"},"schema":{"@context":"https:\/\/schema.org","@graph":[{"@type":"Article","@id":"https:\/\/staging.fbt-avocats.ch\/en\/presidentielle-2022-france-fiscalite-anticiper\/#article","isPartOf":{"@id":"https:\/\/staging.fbt-avocats.ch\/en\/presidentielle-2022-france-fiscalite-anticiper\/"},"author":{"name":"fcordey","@id":"https:\/\/staging.fbt-avocats.ch\/en\/#\/schema\/person\/00ccb3602dc4f17535396c80f1e85072"},"headline":"Pr\u00e9sidentielle 2022 en France et fiscalit\u00e9: comment anticiper?","datePublished":"2021-03-01T14:53:12+00:00","dateModified":"2025-10-20T09:29:10+00:00","mainEntityOfPage":{"@id":"https:\/\/staging.fbt-avocats.ch\/en\/presidentielle-2022-france-fiscalite-anticiper\/"},"wordCount":372,"keywords":["Allnews"],"articleSection":["Media and News"],"inLanguage":"en-US"},{"@type":"WebPage","@id":"https:\/\/staging.fbt-avocats.ch\/en\/presidentielle-2022-france-fiscalite-anticiper\/","url":"https:\/\/staging.fbt-avocats.ch\/en\/presidentielle-2022-france-fiscalite-anticiper\/","name":"Pr\u00e9sidentielle 2022 en France et fiscalit\u00e9: comment anticiper? | FBT Avocats SA","isPartOf":{"@id":"https:\/\/staging.fbt-avocats.ch\/en\/#website"},"datePublished":"2021-03-01T14:53:12+00:00","dateModified":"2025-10-20T09:29:10+00:00","author":{"@id":"https:\/\/staging.fbt-avocats.ch\/en\/#\/schema\/person\/00ccb3602dc4f17535396c80f1e85072"},"breadcrumb":{"@id":"https:\/\/staging.fbt-avocats.ch\/en\/presidentielle-2022-france-fiscalite-anticiper\/#breadcrumb"},"inLanguage":"en-US","potentialAction":[{"@type":"ReadAction","target":["https:\/\/staging.fbt-avocats.ch\/en\/presidentielle-2022-france-fiscalite-anticiper\/"]}]},{"@type":"BreadcrumbList","@id":"https:\/\/staging.fbt-avocats.ch\/en\/presidentielle-2022-france-fiscalite-anticiper\/#breadcrumb","itemListElement":[{"@type":"ListItem","position":1,"name":"Home","item":"https:\/\/staging.fbt-avocats.ch\/en\/"},{"@type":"ListItem","position":2,"name":"Pr\u00e9sidentielle 2022 en France et fiscalit\u00e9: comment anticiper?"}]},{"@type":"WebSite","@id":"https:\/\/staging.fbt-avocats.ch\/en\/#website","url":"https:\/\/staging.fbt-avocats.ch\/en\/","name":"FBT Avocats SA","description":"Etudes bas\u00e9es \u00e0 Gen\u00e8ve et Paris","potentialAction":[{"@type":"SearchAction","target":{"@type":"EntryPoint","urlTemplate":"https:\/\/staging.fbt-avocats.ch\/en\/?s={search_term_string}"},"query-input":{"@type":"PropertyValueSpecification","valueRequired":true,"valueName":"search_term_string"}}],"inLanguage":"en-US"},{"@type":"Person","@id":"https:\/\/staging.fbt-avocats.ch\/en\/#\/schema\/person\/00ccb3602dc4f17535396c80f1e85072","name":"fcordey"}]}},"_links":{"self":[{"href":"https:\/\/staging.fbt-avocats.ch\/en\/wp-json\/wp\/v2\/posts\/20497","targetHints":{"allow":["GET"]}}],"collection":[{"href":"https:\/\/staging.fbt-avocats.ch\/en\/wp-json\/wp\/v2\/posts"}],"about":[{"href":"https:\/\/staging.fbt-avocats.ch\/en\/wp-json\/wp\/v2\/types\/post"}],"author":[{"embeddable":true,"href":"https:\/\/staging.fbt-avocats.ch\/en\/wp-json\/wp\/v2\/users\/21"}],"replies":[{"embeddable":true,"href":"https:\/\/staging.fbt-avocats.ch\/en\/wp-json\/wp\/v2\/comments?post=20497"}],"version-history":[{"count":0,"href":"https:\/\/staging.fbt-avocats.ch\/en\/wp-json\/wp\/v2\/posts\/20497\/revisions"}],"wp:attachment":[{"href":"https:\/\/staging.fbt-avocats.ch\/en\/wp-json\/wp\/v2\/media?parent=20497"}],"wp:term":[{"taxonomy":"category","embeddable":true,"href":"https:\/\/staging.fbt-avocats.ch\/en\/wp-json\/wp\/v2\/categories?post=20497"},{"taxonomy":"post_tag","embeddable":true,"href":"https:\/\/staging.fbt-avocats.ch\/en\/wp-json\/wp\/v2\/tags?post=20497"},{"taxonomy":"datespeciale","embeddable":true,"href":"https:\/\/staging.fbt-avocats.ch\/en\/wp-json\/wp\/v2\/datespeciale?post=20497"}],"curies":[{"name":"wp","href":"https:\/\/api.w.org\/{rel}","templated":true}]}}