{"id":20549,"date":"2021-03-29T09:18:40","date_gmt":"2021-03-29T08:18:40","guid":{"rendered":"https:\/\/www.fbt-avocats.ch\/fbt-ranked-in-chambers-europe-2021\/"},"modified":"2021-05-28T08:32:39","modified_gmt":"2021-05-28T07:32:39","slug":"fbt-ranked-in-chambers-europe-2021","status":"publish","type":"post","link":"https:\/\/staging.fbt-avocats.ch\/en\/fbt-ranked-in-chambers-europe-2021\/","title":{"rendered":"FBT ranked in Chambers Europe 2021"},"content":{"rendered":"<section  class='av_textblock_section av-7dtlel-54646e090b2362c0ce717e7039213545 '   itemscope=\"itemscope\" itemtype=\"https:\/\/schema.org\/BlogPosting\" itemprop=\"blogPost\" ><div class='avia_textblock'  itemprop=\"text\" ><\/div><\/section>\n\n<style type=\"text\/css\" data-created_by=\"avia_inline_auto\" id=\"style-css-av-6hs9cd-aa7fd7160a86b43089fe650ca2464333\">\n.flex_column.av-6hs9cd-aa7fd7160a86b43089fe650ca2464333{\nborder-radius:0px 0px 0px 0px;\npadding:0px 0px 0px 0px;\n}\n<\/style>\n<div  class='flex_column av-6hs9cd-aa7fd7160a86b43089fe650ca2464333 av_one_full  avia-builder-el-1  el_after_av_textblock  el_before_av_slideshow  first flex_column_div av-zero-column-padding  column-top-margin'     ><p>\n<style type=\"text\/css\" data-created_by=\"avia_inline_auto\" id=\"style-css-av-kp80c8mu-2cc26ee6a95bac9deb062258026d486d\">\n#top .av-special-heading.av-kp80c8mu-2cc26ee6a95bac9deb062258026d486d{\npadding-bottom:10px;\nfont-size:26px;\n}\nbody .av-special-heading.av-kp80c8mu-2cc26ee6a95bac9deb062258026d486d .av-special-heading-tag .heading-char{\nfont-size:25px;\n}\n#top #wrap_all .av-special-heading.av-kp80c8mu-2cc26ee6a95bac9deb062258026d486d .av-special-heading-tag{\nfont-size:26px;\n}\n.av-special-heading.av-kp80c8mu-2cc26ee6a95bac9deb062258026d486d .av-subheading{\nfont-size:15px;\n}\n\n@media only screen and (min-width: 480px) and (max-width: 767px){ \n#top #wrap_all .av-special-heading.av-kp80c8mu-2cc26ee6a95bac9deb062258026d486d .av-special-heading-tag{\nfont-size:0.8em;\n}\n}\n\n@media only screen and (max-width: 479px){ \n#top #wrap_all .av-special-heading.av-kp80c8mu-2cc26ee6a95bac9deb062258026d486d .av-special-heading-tag{\nfont-size:0.8em;\n}\n}\n<\/style>\n<div  class='av-special-heading av-kp80c8mu-2cc26ee6a95bac9deb062258026d486d av-special-heading-h1 blockquote modern-quote  avia-builder-el-2  el_before_av_hr  avia-builder-el-first  av-inherit-size'><h1 class='av-special-heading-tag '  itemprop=\"headline\"  >FBT ranked in Chambers Europe 2021<\/h1><div class='av-subheading av-subheading_below'><p>March 2021<br \/>\nFr\u00e9d\u00e9rique Bensahel and Michel Abt<\/p>\n<\/div><div class=\"special-heading-border\"><div class=\"special-heading-inner-border\"><\/div><\/div><\/div><br \/>\n\n<style type=\"text\/css\" data-created_by=\"avia_inline_auto\" id=\"style-css-av-4rtof1-6cb168409d4b952e81360eb2f8cb23b0\">\n#top .hr.hr-invisible.av-4rtof1-6cb168409d4b952e81360eb2f8cb23b0{\nheight:20px;\n}\n<\/style>\n<div  class='hr av-4rtof1-6cb168409d4b952e81360eb2f8cb23b0 hr-invisible  avia-builder-el-3  el_after_av_heading  el_before_av_textblock '><span class='hr-inner '><span class=\"hr-inner-style\"><\/span><\/span><\/div><br \/>\n<section  class='av_textblock_section av-jo5hremo-8df0535b4b08dc00af18df224af1af03 '   itemscope=\"itemscope\" itemtype=\"https:\/\/schema.org\/BlogPosting\" itemprop=\"blogPost\" ><div class='avia_textblock'  itemprop=\"text\" ><div data-canvas-width=\"431.1431666666666\">\n<div class=\"textLayer\">\n<div data-canvas-width=\"318.9300803304\">\n<p><strong>FBT Attorneys-at-Law<\/strong> has been distinguished this year again by Chambers in Banking &amp; Finance and Investment Fund categories. In addition,\u00a0our partners\u00a0<strong>Fr\u00e9d\u00e9rique Bensahel<\/strong> and <strong>Michel Abt<\/strong> won individual recognitions.<\/p>\n<p>Chambers and Partners is an independent research firm that provides detailed rankings of the world&#8217;s leading lawyers. Chambers Europe, with its broad coverage of 52 jurisdictions, continues to be recognized as one of the leading independent directories for the legal profession in Europe. Each year, the directory identifies and ranks the best lawyers and law firms in their region based on in-depth research and feedback from clients and peers. The rankings are based on a number of key criteria such as technical legal ability, client service, commercial vision and business understanding, diligence, value for money and depth of teams.<\/p>\n<p>Please click <a href=\"https:\/\/chambers.com\/law-firm\/fbt-attorneys-at-law-europe-7:136556\"><u>here <\/u><\/a>to view the complete ranking<\/p>\n<\/div>\n<div data-canvas-width=\"318.9300803304\"><\/div>\n<div data-canvas-width=\"318.9300803304\"><\/div>\n<div data-canvas-width=\"318.9300803304\"><\/div>\n<div data-canvas-width=\"318.9300803304\"><\/div>\n<div data-canvas-width=\"318.9300803304\"><\/div>\n<div data-canvas-width=\"318.9300803304\"><\/div>\n<div data-canvas-width=\"318.9300803304\"><\/div>\n<div data-canvas-width=\"318.9300803304\"><\/div>\n<div data-canvas-width=\"318.9300803304\"><\/div>\n<\/div>\n<\/div>\n<\/div><\/section><br \/>\n\n<style type=\"text\/css\" data-created_by=\"avia_inline_auto\" id=\"style-css-av-1xwhd9-afd37c19b28461d09397a418e175376c\">\n#top .hr.hr-invisible.av-1xwhd9-afd37c19b28461d09397a418e175376c{\nheight:20px;\n}\n<\/style>\n<div  class='hr av-1xwhd9-afd37c19b28461d09397a418e175376c hr-invisible  avia-builder-el-5  el_after_av_textblock  el_before_av_button '><span class='hr-inner '><span class=\"hr-inner-style\"><\/span><\/span><\/div><br \/>\n<div  class='avia-button-wrap av-jo5hs5ts-b0ac53ccee38a47f5ecd0959f4aeb61f-wrap avia-button-left  avia-builder-el-6  el_after_av_hr  avia-builder-el-last '>\n<style type=\"text\/css\" data-created_by=\"avia_inline_auto\" id=\"style-css-av-jo5hs5ts-b0ac53ccee38a47f5ecd0959f4aeb61f\">\n#top #wrap_all .avia-button.av-jo5hs5ts-b0ac53ccee38a47f5ecd0959f4aeb61f{\nbackground-color:#44525f;\nborder-color:#44525f;\ncolor:#ffffff;\ntransition:all 0.4s ease-in-out;\n}\n#top #wrap_all .avia-button.av-jo5hs5ts-b0ac53ccee38a47f5ecd0959f4aeb61f .avia-svg-icon svg:first-child{\nfill:#ffffff;\nstroke:#ffffff;\n}\n<\/style>\n<a href='https:\/\/www.linkedin.com\/feed\/update\/urn:li:activity:6780180302439440384'  class='avia-button av-jo5hs5ts-b0ac53ccee38a47f5ecd0959f4aeb61f av-link-btn avia-icon_select-no avia-size-large avia-position-left'  target=\"_blank\"  rel=\"noopener noreferrer\"  aria-label=\"Post LinkedIn\"><span class='avia_iconbox_title' >Post LinkedIn<\/span><\/a><\/div><\/p><\/div><div  class='avia-slideshow av-kgane5g3-16e659b0a8f9a7b6377abba47b3bd24b avia-slideshow-no scaling av_slideshow avia-slide-slider  avia-builder-el-7  el_after_av_one_full  avia-builder-el-last  av-slideshow-ui av-control-default av-slideshow-autoplay av-loop-endless av-loop-manual-endless av-default-height-applied avia-slideshow-1' data-slideshow-options=\"{&quot;animation&quot;:&quot;slide&quot;,&quot;autoplay&quot;:true,&quot;loop_autoplay&quot;:&quot;endless&quot;,&quot;interval&quot;:3,&quot;loop_manual&quot;:&quot;manual-endless&quot;,&quot;autoplay_stopper&quot;:false,&quot;noNavigation&quot;:false,&quot;bg_slider&quot;:false,&quot;keep_padding&quot;:false,&quot;hoverpause&quot;:false,&quot;show_slide_delay&quot;:0}\"  itemprop=\"image\" itemscope=\"itemscope\" itemtype=\"https:\/\/schema.org\/ImageObject\" ><ul class='avia-slideshow-inner ' style='padding-bottom: 100%;'><li  class='avia-slideshow-slide av-kgane5g3-16e659b0a8f9a7b6377abba47b3bd24b__0  slide-1 slide-odd'><div data-rel='slideshow-1' class='avia-slide-wrap '   ><img fetchpriority=\"high\" class=\"wp-image-20538 avia-img-lazy-loading-not-20538\"  src='https:\/\/staging.fbt-avocats.ch\/wp-content\/uploads\/2021\/03\/01_Ranked_CHAMBERS_EUROPE_FBT_Avocats.jpg' width='1200' height='1200' title='01_Ranked_CHAMBERS_EUROPE_FBT_Avocats' alt=''  itemprop=\"thumbnailUrl\"   \/><\/div><\/li><li  class='avia-slideshow-slide av-kgane5g3-16e659b0a8f9a7b6377abba47b3bd24b__1  slide-2 slide-even'><div data-rel='slideshow-1' class='avia-slide-wrap '   ><img fetchpriority=\"high\" class=\"wp-image-20540 avia-img-lazy-loading-not-20540\"  src='https:\/\/staging.fbt-avocats.ch\/wp-content\/uploads\/2021\/03\/02_Ranked_CHAMBERS_EUROPE_FBT_Avocats.jpg' width='1200' height='1200' title='02_Ranked_CHAMBERS_EUROPE_FBT_Avocats' alt=''  itemprop=\"thumbnailUrl\"   \/><\/div><\/li><li  class='avia-slideshow-slide av-kgane5g3-16e659b0a8f9a7b6377abba47b3bd24b__2  slide-3 slide-odd'><div data-rel='slideshow-1' class='avia-slide-wrap '   ><img fetchpriority=\"high\" class=\"wp-image-20542 avia-img-lazy-loading-not-20542\"  src='https:\/\/staging.fbt-avocats.ch\/wp-content\/uploads\/2021\/03\/03_Ranked_CHAMBERS_EUROPE_FBT_Avocats.jpg' width='1200' height='1200' title='03_Ranked_CHAMBERS_EUROPE_FBT_Avocats' alt=''  itemprop=\"thumbnailUrl\"   \/><\/div><\/li><li  class='avia-slideshow-slide av-kgane5g3-16e659b0a8f9a7b6377abba47b3bd24b__3  slide-4 slide-even'><div data-rel='slideshow-1' class='avia-slide-wrap '   ><img fetchpriority=\"high\" class=\"wp-image-20544 avia-img-lazy-loading-not-20544\"  src='https:\/\/staging.fbt-avocats.ch\/wp-content\/uploads\/2021\/03\/04_Ranked_CHAMBERS_EUROPE_FBT_Avocats.jpg' width='1200' height='1200' title='04_Ranked_CHAMBERS_EUROPE_FBT_Avocats' alt=''  itemprop=\"thumbnailUrl\"   \/><\/div><\/li><\/ul><div class='avia-slideshow-arrows avia-slideshow-controls' ><a href='#prev' class='prev-slide  avia-svg-icon avia-font-svg_entypo-fontello' data-av_svg_icon='left-open-big' data-av_iconset='svg_entypo-fontello' tabindex='-1' title=\"Previous\"><svg version=\"1.1\" xmlns=\"http:\/\/www.w3.org\/2000\/svg\" width=\"15\" height=\"32\" viewBox=\"0 0 15 32\" preserveAspectRatio=\"xMidYMid meet\" aria-labelledby='av-svg-title-1' aria-describedby='av-svg-desc-1' role=\"graphics-symbol\" aria-hidden=\"true\">\n<title id='av-svg-title-1'>Previous<\/title>\n<desc id='av-svg-desc-1'>Previous<\/desc>\n<path d=\"M14.464 27.84q0.832 0.832 0 1.536-0.832 0.832-1.536 0l-12.544-12.608q-0.768-0.768 0-1.6l12.544-12.608q0.704-0.832 1.536 0 0.832 0.704 0 1.536l-11.456 11.904z\"><\/path>\n<\/svg><span class='avia_hidden_link_text'>Previous<\/span><\/a><a href='#next' class='next-slide  avia-svg-icon avia-font-svg_entypo-fontello' data-av_svg_icon='right-open-big' data-av_iconset='svg_entypo-fontello' tabindex='-1' title=\"Next\"><svg version=\"1.1\" xmlns=\"http:\/\/www.w3.org\/2000\/svg\" width=\"15\" height=\"32\" viewBox=\"0 0 15 32\" preserveAspectRatio=\"xMidYMid meet\" aria-labelledby='av-svg-title-2' aria-describedby='av-svg-desc-2' role=\"graphics-symbol\" aria-hidden=\"true\">\n<title id='av-svg-title-2'>Next<\/title>\n<desc id='av-svg-desc-2'>Next<\/desc>\n<path d=\"M0.416 27.84l11.456-11.84-11.456-11.904q-0.832-0.832 0-1.536 0.832-0.832 1.536 0l12.544 12.608q0.768 0.832 0 1.6l-12.544 12.608q-0.704 0.832-1.536 0-0.832-0.704 0-1.536z\"><\/path>\n<\/svg><span class='avia_hidden_link_text'>Next<\/span><\/a><\/div><div class='avia-slideshow-dots avia-slideshow-controls'><a href='#1' class='goto-slide active' >1<\/a><a href='#2' class='goto-slide ' >2<\/a><a href='#3' class='goto-slide ' >3<\/a><a href='#4' class='goto-slide ' >4<\/a><\/div><\/div><\/p>\n","protected":false},"excerpt":{"rendered":"","protected":false},"author":21,"featured_media":0,"comment_status":"closed","ping_status":"closed","sticky":false,"template":"","format":"standard","meta":{"footnotes":""},"categories":[84],"tags":[],"datespeciale":[],"class_list":["post-20549","post","type-post","status-publish","format-standard","hentry","category-media-and-news","competences-banking-and-finance","auteurs-frederique-bensahel-en","auteurs-michel-abt-en","date-publication-2021-en","diffusion-medias-en"],"yoast_head":"<!-- This site is optimized with the Yoast SEO Premium plugin v27.4 (Yoast SEO v27.4) - https:\/\/yoast.com\/product\/yoast-seo-premium-wordpress\/ -->\n<title>FBT ranked in Chambers Europe 2021 | FBT Avocats SA<\/title>\n<meta name=\"robots\" content=\"noindex, follow, max-snippet:-1, max-image-preview:large, max-video-preview:-1\" \/>\n<meta property=\"og:locale\" content=\"en_US\" \/>\n<meta property=\"og:type\" content=\"article\" \/>\n<meta property=\"og:title\" content=\"FBT ranked in Chambers Europe 2021\" \/>\n<meta property=\"og:url\" content=\"https:\/\/staging.fbt-avocats.ch\/en\/fbt-ranked-in-chambers-europe-2021\/\" \/>\n<meta property=\"og:site_name\" content=\"FBT Avocats SA\" \/>\n<meta property=\"article:published_time\" content=\"2021-03-29T08:18:40+00:00\" \/>\n<meta property=\"article:modified_time\" content=\"2021-05-28T07:32:39+00:00\" \/>\n<meta name=\"author\" content=\"fcordey\" \/>\n<meta name=\"twitter:card\" content=\"summary_large_image\" \/>\n<meta name=\"twitter:label1\" content=\"Written by\" \/>\n\t<meta name=\"twitter:data1\" content=\"fcordey\" \/>\n\t<meta name=\"twitter:label2\" content=\"Est. reading time\" \/>\n\t<meta name=\"twitter:data2\" content=\"4 minutes\" \/>\n<script type=\"application\/ld+json\" class=\"yoast-schema-graph\">{\"@context\":\"https:\\\/\\\/schema.org\",\"@graph\":[{\"@type\":\"Article\",\"@id\":\"https:\\\/\\\/staging.fbt-avocats.ch\\\/en\\\/fbt-ranked-in-chambers-europe-2021\\\/#article\",\"isPartOf\":{\"@id\":\"https:\\\/\\\/staging.fbt-avocats.ch\\\/en\\\/fbt-ranked-in-chambers-europe-2021\\\/\"},\"author\":{\"name\":\"fcordey\",\"@id\":\"https:\\\/\\\/staging.fbt-avocats.ch\\\/en\\\/#\\\/schema\\\/person\\\/00ccb3602dc4f17535396c80f1e85072\"},\"headline\":\"FBT ranked in Chambers Europe 2021\",\"datePublished\":\"2021-03-29T08:18:40+00:00\",\"dateModified\":\"2021-05-28T07:32:39+00:00\",\"mainEntityOfPage\":{\"@id\":\"https:\\\/\\\/staging.fbt-avocats.ch\\\/en\\\/fbt-ranked-in-chambers-europe-2021\\\/\"},\"wordCount\":593,\"articleSection\":[\"Media and News\"],\"inLanguage\":\"en-US\"},{\"@type\":\"WebPage\",\"@id\":\"https:\\\/\\\/staging.fbt-avocats.ch\\\/en\\\/fbt-ranked-in-chambers-europe-2021\\\/\",\"url\":\"https:\\\/\\\/staging.fbt-avocats.ch\\\/en\\\/fbt-ranked-in-chambers-europe-2021\\\/\",\"name\":\"FBT ranked in Chambers Europe 2021 | FBT Avocats SA\",\"isPartOf\":{\"@id\":\"https:\\\/\\\/staging.fbt-avocats.ch\\\/en\\\/#website\"},\"datePublished\":\"2021-03-29T08:18:40+00:00\",\"dateModified\":\"2021-05-28T07:32:39+00:00\",\"author\":{\"@id\":\"https:\\\/\\\/staging.fbt-avocats.ch\\\/en\\\/#\\\/schema\\\/person\\\/00ccb3602dc4f17535396c80f1e85072\"},\"breadcrumb\":{\"@id\":\"https:\\\/\\\/staging.fbt-avocats.ch\\\/en\\\/fbt-ranked-in-chambers-europe-2021\\\/#breadcrumb\"},\"inLanguage\":\"en-US\",\"potentialAction\":[{\"@type\":\"ReadAction\",\"target\":[\"https:\\\/\\\/staging.fbt-avocats.ch\\\/en\\\/fbt-ranked-in-chambers-europe-2021\\\/\"]}]},{\"@type\":\"BreadcrumbList\",\"@id\":\"https:\\\/\\\/staging.fbt-avocats.ch\\\/en\\\/fbt-ranked-in-chambers-europe-2021\\\/#breadcrumb\",\"itemListElement\":[{\"@type\":\"ListItem\",\"position\":1,\"name\":\"Home\",\"item\":\"https:\\\/\\\/staging.fbt-avocats.ch\\\/en\\\/\"},{\"@type\":\"ListItem\",\"position\":2,\"name\":\"FBT ranked in Chambers Europe 2021\"}]},{\"@type\":\"WebSite\",\"@id\":\"https:\\\/\\\/staging.fbt-avocats.ch\\\/en\\\/#website\",\"url\":\"https:\\\/\\\/staging.fbt-avocats.ch\\\/en\\\/\",\"name\":\"FBT Avocats SA\",\"description\":\"Etudes bas\u00e9es \u00e0 Gen\u00e8ve et Paris\",\"potentialAction\":[{\"@type\":\"SearchAction\",\"target\":{\"@type\":\"EntryPoint\",\"urlTemplate\":\"https:\\\/\\\/staging.fbt-avocats.ch\\\/en\\\/?s={search_term_string}\"},\"query-input\":{\"@type\":\"PropertyValueSpecification\",\"valueRequired\":true,\"valueName\":\"search_term_string\"}}],\"inLanguage\":\"en-US\"},{\"@type\":\"Person\",\"@id\":\"https:\\\/\\\/staging.fbt-avocats.ch\\\/en\\\/#\\\/schema\\\/person\\\/00ccb3602dc4f17535396c80f1e85072\",\"name\":\"fcordey\"}]}<\/script>\n<!-- \/ Yoast SEO Premium plugin. -->","yoast_head_json":{"title":"FBT ranked in Chambers Europe 2021 | FBT Avocats SA","robots":{"index":"noindex","follow":"follow","max-snippet":"max-snippet:-1","max-image-preview":"max-image-preview:large","max-video-preview":"max-video-preview:-1"},"og_locale":"en_US","og_type":"article","og_title":"FBT ranked in Chambers Europe 2021","og_url":"https:\/\/staging.fbt-avocats.ch\/en\/fbt-ranked-in-chambers-europe-2021\/","og_site_name":"FBT Avocats SA","article_published_time":"2021-03-29T08:18:40+00:00","article_modified_time":"2021-05-28T07:32:39+00:00","author":"fcordey","twitter_card":"summary_large_image","twitter_misc":{"Written by":"fcordey","Est. reading time":"4 minutes"},"schema":{"@context":"https:\/\/schema.org","@graph":[{"@type":"Article","@id":"https:\/\/staging.fbt-avocats.ch\/en\/fbt-ranked-in-chambers-europe-2021\/#article","isPartOf":{"@id":"https:\/\/staging.fbt-avocats.ch\/en\/fbt-ranked-in-chambers-europe-2021\/"},"author":{"name":"fcordey","@id":"https:\/\/staging.fbt-avocats.ch\/en\/#\/schema\/person\/00ccb3602dc4f17535396c80f1e85072"},"headline":"FBT ranked in Chambers Europe 2021","datePublished":"2021-03-29T08:18:40+00:00","dateModified":"2021-05-28T07:32:39+00:00","mainEntityOfPage":{"@id":"https:\/\/staging.fbt-avocats.ch\/en\/fbt-ranked-in-chambers-europe-2021\/"},"wordCount":593,"articleSection":["Media and News"],"inLanguage":"en-US"},{"@type":"WebPage","@id":"https:\/\/staging.fbt-avocats.ch\/en\/fbt-ranked-in-chambers-europe-2021\/","url":"https:\/\/staging.fbt-avocats.ch\/en\/fbt-ranked-in-chambers-europe-2021\/","name":"FBT ranked in Chambers Europe 2021 | FBT Avocats SA","isPartOf":{"@id":"https:\/\/staging.fbt-avocats.ch\/en\/#website"},"datePublished":"2021-03-29T08:18:40+00:00","dateModified":"2021-05-28T07:32:39+00:00","author":{"@id":"https:\/\/staging.fbt-avocats.ch\/en\/#\/schema\/person\/00ccb3602dc4f17535396c80f1e85072"},"breadcrumb":{"@id":"https:\/\/staging.fbt-avocats.ch\/en\/fbt-ranked-in-chambers-europe-2021\/#breadcrumb"},"inLanguage":"en-US","potentialAction":[{"@type":"ReadAction","target":["https:\/\/staging.fbt-avocats.ch\/en\/fbt-ranked-in-chambers-europe-2021\/"]}]},{"@type":"BreadcrumbList","@id":"https:\/\/staging.fbt-avocats.ch\/en\/fbt-ranked-in-chambers-europe-2021\/#breadcrumb","itemListElement":[{"@type":"ListItem","position":1,"name":"Home","item":"https:\/\/staging.fbt-avocats.ch\/en\/"},{"@type":"ListItem","position":2,"name":"FBT ranked in Chambers Europe 2021"}]},{"@type":"WebSite","@id":"https:\/\/staging.fbt-avocats.ch\/en\/#website","url":"https:\/\/staging.fbt-avocats.ch\/en\/","name":"FBT Avocats SA","description":"Etudes bas\u00e9es \u00e0 Gen\u00e8ve et Paris","potentialAction":[{"@type":"SearchAction","target":{"@type":"EntryPoint","urlTemplate":"https:\/\/staging.fbt-avocats.ch\/en\/?s={search_term_string}"},"query-input":{"@type":"PropertyValueSpecification","valueRequired":true,"valueName":"search_term_string"}}],"inLanguage":"en-US"},{"@type":"Person","@id":"https:\/\/staging.fbt-avocats.ch\/en\/#\/schema\/person\/00ccb3602dc4f17535396c80f1e85072","name":"fcordey"}]}},"_links":{"self":[{"href":"https:\/\/staging.fbt-avocats.ch\/en\/wp-json\/wp\/v2\/posts\/20549","targetHints":{"allow":["GET"]}}],"collection":[{"href":"https:\/\/staging.fbt-avocats.ch\/en\/wp-json\/wp\/v2\/posts"}],"about":[{"href":"https:\/\/staging.fbt-avocats.ch\/en\/wp-json\/wp\/v2\/types\/post"}],"author":[{"embeddable":true,"href":"https:\/\/staging.fbt-avocats.ch\/en\/wp-json\/wp\/v2\/users\/21"}],"replies":[{"embeddable":true,"href":"https:\/\/staging.fbt-avocats.ch\/en\/wp-json\/wp\/v2\/comments?post=20549"}],"version-history":[{"count":0,"href":"https:\/\/staging.fbt-avocats.ch\/en\/wp-json\/wp\/v2\/posts\/20549\/revisions"}],"wp:attachment":[{"href":"https:\/\/staging.fbt-avocats.ch\/en\/wp-json\/wp\/v2\/media?parent=20549"}],"wp:term":[{"taxonomy":"category","embeddable":true,"href":"https:\/\/staging.fbt-avocats.ch\/en\/wp-json\/wp\/v2\/categories?post=20549"},{"taxonomy":"post_tag","embeddable":true,"href":"https:\/\/staging.fbt-avocats.ch\/en\/wp-json\/wp\/v2\/tags?post=20549"},{"taxonomy":"datespeciale","embeddable":true,"href":"https:\/\/staging.fbt-avocats.ch\/en\/wp-json\/wp\/v2\/datespeciale?post=20549"}],"curies":[{"name":"wp","href":"https:\/\/api.w.org\/{rel}","templated":true}]}}