{"id":21851,"date":"2020-03-10T14:04:50","date_gmt":"2020-03-10T13:04:50","guid":{"rendered":"https:\/\/www.fbt-avocats.ch\/24th-march-2020-new-french-blacklist\/"},"modified":"2020-03-10T14:04:50","modified_gmt":"2020-03-10T13:04:50","slug":"24th-march-2020-new-french-blacklist","status":"publish","type":"post","link":"https:\/\/staging.fbt-avocats.ch\/en\/24th-march-2020-new-french-blacklist\/","title":{"rendered":"24 March 2020 &#8211; New French Blacklist"},"content":{"rendered":"\n<style type=\"text\/css\" data-created_by=\"avia_inline_auto\" id=\"style-css-av-2etm70-18119d64f2fb4dae83c6c7ce50a97b7b\">\n.flex_column.av-2etm70-18119d64f2fb4dae83c6c7ce50a97b7b{\nborder-radius:0px 0px 0px 0px;\npadding:0px 0px 0px 0px;\n}\n<\/style>\n<div  class='flex_column av-2etm70-18119d64f2fb4dae83c6c7ce50a97b7b av_one_full  avia-builder-el-0  avia-builder-el-no-sibling  first flex_column_div av-zero-column-padding  '     ><p>\n<style type=\"text\/css\" data-created_by=\"avia_inline_auto\" id=\"style-css-av-kebnerbx-9f39cf4ce6dee5f5850e7d8ea7d1b8b3\">\n#top .av-special-heading.av-kebnerbx-9f39cf4ce6dee5f5850e7d8ea7d1b8b3{\npadding-bottom:10px;\nfont-size:26px;\n}\nbody .av-special-heading.av-kebnerbx-9f39cf4ce6dee5f5850e7d8ea7d1b8b3 .av-special-heading-tag .heading-char{\nfont-size:25px;\n}\n#top #wrap_all .av-special-heading.av-kebnerbx-9f39cf4ce6dee5f5850e7d8ea7d1b8b3 .av-special-heading-tag{\nfont-size:26px;\n}\n.av-special-heading.av-kebnerbx-9f39cf4ce6dee5f5850e7d8ea7d1b8b3 .av-subheading{\nfont-size:15px;\n}\n\n@media only screen and (min-width: 480px) and (max-width: 767px){ \n#top #wrap_all .av-special-heading.av-kebnerbx-9f39cf4ce6dee5f5850e7d8ea7d1b8b3 .av-special-heading-tag{\nfont-size:0.8em;\n}\n}\n\n@media only screen and (max-width: 479px){ \n#top #wrap_all .av-special-heading.av-kebnerbx-9f39cf4ce6dee5f5850e7d8ea7d1b8b3 .av-special-heading-tag{\nfont-size:0.8em;\n}\n}\n<\/style>\n<div  class='av-special-heading av-kebnerbx-9f39cf4ce6dee5f5850e7d8ea7d1b8b3 av-special-heading-h1 blockquote modern-quote  avia-builder-el-1  el_before_av_hr  avia-builder-el-first  av-inherit-size'><h1 class='av-special-heading-tag '  itemprop=\"headline\"  >New French Blacklist<\/h1><div class='av-subheading av-subheading_below'><p>24 March 2020 &#8211;\u00a0STEP<br \/>\nAlain Moreau<\/p>\n<\/div><div class=\"special-heading-border\"><div class=\"special-heading-inner-border\"><\/div><\/div><\/div><br \/>\n\n<style type=\"text\/css\" data-created_by=\"avia_inline_auto\" id=\"style-css-av-jnbvy448-af61e942265cee5c52b6bd275e002429\">\n#top .hr.hr-invisible.av-jnbvy448-af61e942265cee5c52b6bd275e002429{\nheight:20px;\n}\n<\/style>\n<div  class='hr av-jnbvy448-af61e942265cee5c52b6bd275e002429 hr-invisible  avia-builder-el-2  el_after_av_heading  el_before_av_textblock '><span class='hr-inner '><span class=\"hr-inner-style\"><\/span><\/span><\/div><br \/>\n<section  class='av_textblock_section av-jnbvyq3d-c7f69aaf0105aaab2cdd6aefc764e89e '   itemscope=\"itemscope\" itemtype=\"https:\/\/schema.org\/BlogPosting\" itemprop=\"blogPost\" ><div class='avia_textblock'  itemprop=\"text\" ><p>STEP Geneva Technical Evening Event on Tuesday, 24th March 2020 at the SWISSOTEL METROPOLE GENEVE, 34 Quai G\u00e9n\u00e9ral-Guisan, Geneva.<\/p>\n<p>Indeed, <strong>France has expanded the list of Non-Cooperative Countries <\/strong>to include BVI, Bahamas, Cayman Island and many others.<strong> Moreover, a new tax \u00a0<\/strong>(including a 75% tax on dividends of French investments) will entail an important risk of responsibility for directors\/officers of investment vehicles, in addition to existing reporting requirements for trustees.<\/p>\n<p>The event will start at 18:00 (doors open from 17:30) and will end at 20:30. The presentation be followed by a cocktail reception during which you will be able to discuss the subject further with the speaker.<\/p>\n<p>Our speakers will be Mr Alain Moreau, Partner with FBT Avocats, Paris.<\/p>\n<\/div><\/section><br \/>\n\n<style type=\"text\/css\" data-created_by=\"avia_inline_auto\" id=\"style-css-av-jnbvy448-af61e942265cee5c52b6bd275e002429\">\n#top .hr.hr-invisible.av-jnbvy448-af61e942265cee5c52b6bd275e002429{\nheight:20px;\n}\n<\/style>\n<div  class='hr av-jnbvy448-af61e942265cee5c52b6bd275e002429 hr-invisible  avia-builder-el-4  el_after_av_textblock  el_before_av_button '><span class='hr-inner '><span class=\"hr-inner-style\"><\/span><\/span><\/div><br \/>\n<div  class='avia-button-wrap av-jnbw0rxe-09ae5c120557d42fc08425a6c84be2ad-wrap avia-button-left  avia-builder-el-5  el_after_av_hr  el_before_av_button '>\n<style type=\"text\/css\" data-created_by=\"avia_inline_auto\" id=\"style-css-av-jnbw0rxe-09ae5c120557d42fc08425a6c84be2ad\">\n#top #wrap_all .avia-button.av-jnbw0rxe-09ae5c120557d42fc08425a6c84be2ad{\nbackground-color:#44525f;\nborder-color:#44525f;\ncolor:#ffffff;\ntransition:all 0.4s ease-in-out;\n}\n#top #wrap_all .avia-button.av-jnbw0rxe-09ae5c120557d42fc08425a6c84be2ad .avia-svg-icon svg:first-child{\nfill:#ffffff;\nstroke:#ffffff;\n}\n<\/style>\n<a href='https:\/\/staging.fbt-avocats.ch\/wp-content\/uploads\/2020\/03\/Invitation-for-technical-events-on-24.03.2020.pdf'  class='avia-button av-jnbw0rxe-09ae5c120557d42fc08425a6c84be2ad av-link-btn avia-icon_select-no avia-size-large avia-position-left'  target=\"_blank\"  rel=\"noopener noreferrer\"  aria-label=\"Program\"><span class='avia_iconbox_title' >Program<\/span><\/a><\/div><br \/>\n<div  class='avia-button-wrap av-jnbw0rxe-0100b84bc01122e9c6bec05ffa8704df-wrap avia-button-left  avia-builder-el-6  el_after_av_button  avia-builder-el-last '>\n<style type=\"text\/css\" data-created_by=\"avia_inline_auto\" id=\"style-css-av-jnbw0rxe-0100b84bc01122e9c6bec05ffa8704df\">\n#top #wrap_all .avia-button.av-jnbw0rxe-0100b84bc01122e9c6bec05ffa8704df{\nbackground-color:#44525f;\nborder-color:#44525f;\ncolor:#ffffff;\ntransition:all 0.4s ease-in-out;\n}\n#top #wrap_all .avia-button.av-jnbw0rxe-0100b84bc01122e9c6bec05ffa8704df .avia-svg-icon svg:first-child{\nfill:#ffffff;\nstroke:#ffffff;\n}\n<\/style>\n<a href='https:\/\/etickets.infomaniak.com\/shop\/ZAb1EJCZnZ\/'  class='avia-button av-jnbw0rxe-0100b84bc01122e9c6bec05ffa8704df av-link-btn avia-icon_select-no avia-size-large avia-position-left'  target=\"_blank\"  rel=\"noopener noreferrer\"  aria-label=\"Register\"><span class='avia_iconbox_title' >Register<\/span><\/a><\/div><\/p><\/div>\n","protected":false},"excerpt":{"rendered":"","protected":false},"author":18,"featured_media":0,"comment_status":"closed","ping_status":"closed","sticky":false,"template":"","format":"standard","meta":{"footnotes":""},"categories":[52],"tags":[558],"datespeciale":[],"class_list":["post-21851","post","type-post","status-publish","format-standard","hentry","category-en-conferences","tag-step-2-en","competences-tax","auteurs-alain-moreau-en","date-publication-2020-en","diffusion-conferences-en"],"yoast_head":"<!-- This site is optimized with the Yoast SEO Premium plugin v27.4 (Yoast SEO v27.4) - https:\/\/yoast.com\/product\/yoast-seo-premium-wordpress\/ -->\n<title>24 March 2020 - New French Blacklist | FBT Avocats SA<\/title>\n<meta name=\"robots\" content=\"noindex, follow, max-snippet:-1, max-image-preview:large, max-video-preview:-1\" \/>\n<meta property=\"og:locale\" content=\"en_US\" \/>\n<meta property=\"og:type\" content=\"article\" \/>\n<meta property=\"og:title\" content=\"24 March 2020 - New French Blacklist\" \/>\n<meta property=\"og:url\" content=\"https:\/\/staging.fbt-avocats.ch\/en\/24th-march-2020-new-french-blacklist\/\" \/>\n<meta property=\"og:site_name\" content=\"FBT Avocats SA\" \/>\n<meta property=\"article:published_time\" content=\"2020-03-10T13:04:50+00:00\" \/>\n<meta name=\"author\" content=\"Helder Carvalho\" \/>\n<meta name=\"twitter:card\" content=\"summary_large_image\" \/>\n<meta name=\"twitter:label1\" content=\"Written by\" \/>\n\t<meta name=\"twitter:data1\" content=\"Helder Carvalho\" \/>\n\t<meta name=\"twitter:label2\" content=\"Est. reading time\" \/>\n\t<meta name=\"twitter:data2\" content=\"3 minutes\" \/>\n<script type=\"application\/ld+json\" class=\"yoast-schema-graph\">{\"@context\":\"https:\\\/\\\/schema.org\",\"@graph\":[{\"@type\":\"Article\",\"@id\":\"https:\\\/\\\/staging.fbt-avocats.ch\\\/en\\\/24th-march-2020-new-french-blacklist\\\/#article\",\"isPartOf\":{\"@id\":\"https:\\\/\\\/staging.fbt-avocats.ch\\\/en\\\/24th-march-2020-new-french-blacklist\\\/\"},\"author\":{\"name\":\"Helder Carvalho\",\"@id\":\"https:\\\/\\\/staging.fbt-avocats.ch\\\/en\\\/#\\\/schema\\\/person\\\/59cfd6ef8354572f3769bd501839bddd\"},\"headline\":\"24 March 2020 &#8211; New French Blacklist\",\"datePublished\":\"2020-03-10T13:04:50+00:00\",\"mainEntityOfPage\":{\"@id\":\"https:\\\/\\\/staging.fbt-avocats.ch\\\/en\\\/24th-march-2020-new-french-blacklist\\\/\"},\"wordCount\":433,\"keywords\":[\"STEP\"],\"articleSection\":[\"Conferences\"],\"inLanguage\":\"en-US\"},{\"@type\":\"WebPage\",\"@id\":\"https:\\\/\\\/staging.fbt-avocats.ch\\\/en\\\/24th-march-2020-new-french-blacklist\\\/\",\"url\":\"https:\\\/\\\/staging.fbt-avocats.ch\\\/en\\\/24th-march-2020-new-french-blacklist\\\/\",\"name\":\"24 March 2020 - New French Blacklist | FBT Avocats SA\",\"isPartOf\":{\"@id\":\"https:\\\/\\\/staging.fbt-avocats.ch\\\/en\\\/#website\"},\"datePublished\":\"2020-03-10T13:04:50+00:00\",\"author\":{\"@id\":\"https:\\\/\\\/staging.fbt-avocats.ch\\\/en\\\/#\\\/schema\\\/person\\\/59cfd6ef8354572f3769bd501839bddd\"},\"breadcrumb\":{\"@id\":\"https:\\\/\\\/staging.fbt-avocats.ch\\\/en\\\/24th-march-2020-new-french-blacklist\\\/#breadcrumb\"},\"inLanguage\":\"en-US\",\"potentialAction\":[{\"@type\":\"ReadAction\",\"target\":[\"https:\\\/\\\/staging.fbt-avocats.ch\\\/en\\\/24th-march-2020-new-french-blacklist\\\/\"]}]},{\"@type\":\"BreadcrumbList\",\"@id\":\"https:\\\/\\\/staging.fbt-avocats.ch\\\/en\\\/24th-march-2020-new-french-blacklist\\\/#breadcrumb\",\"itemListElement\":[{\"@type\":\"ListItem\",\"position\":1,\"name\":\"Home\",\"item\":\"https:\\\/\\\/staging.fbt-avocats.ch\\\/en\\\/\"},{\"@type\":\"ListItem\",\"position\":2,\"name\":\"24 March 2020 &#8211; New French Blacklist\"}]},{\"@type\":\"WebSite\",\"@id\":\"https:\\\/\\\/staging.fbt-avocats.ch\\\/en\\\/#website\",\"url\":\"https:\\\/\\\/staging.fbt-avocats.ch\\\/en\\\/\",\"name\":\"FBT Avocats SA\",\"description\":\"Etudes bas\u00e9es \u00e0 Gen\u00e8ve et Paris\",\"potentialAction\":[{\"@type\":\"SearchAction\",\"target\":{\"@type\":\"EntryPoint\",\"urlTemplate\":\"https:\\\/\\\/staging.fbt-avocats.ch\\\/en\\\/?s={search_term_string}\"},\"query-input\":{\"@type\":\"PropertyValueSpecification\",\"valueRequired\":true,\"valueName\":\"search_term_string\"}}],\"inLanguage\":\"en-US\"},{\"@type\":\"Person\",\"@id\":\"https:\\\/\\\/staging.fbt-avocats.ch\\\/en\\\/#\\\/schema\\\/person\\\/59cfd6ef8354572f3769bd501839bddd\",\"name\":\"Helder Carvalho\"}]}<\/script>\n<!-- \/ Yoast SEO Premium plugin. -->","yoast_head_json":{"title":"24 March 2020 - New French Blacklist | FBT Avocats SA","robots":{"index":"noindex","follow":"follow","max-snippet":"max-snippet:-1","max-image-preview":"max-image-preview:large","max-video-preview":"max-video-preview:-1"},"og_locale":"en_US","og_type":"article","og_title":"24 March 2020 - New French Blacklist","og_url":"https:\/\/staging.fbt-avocats.ch\/en\/24th-march-2020-new-french-blacklist\/","og_site_name":"FBT Avocats SA","article_published_time":"2020-03-10T13:04:50+00:00","author":"Helder Carvalho","twitter_card":"summary_large_image","twitter_misc":{"Written by":"Helder Carvalho","Est. reading time":"3 minutes"},"schema":{"@context":"https:\/\/schema.org","@graph":[{"@type":"Article","@id":"https:\/\/staging.fbt-avocats.ch\/en\/24th-march-2020-new-french-blacklist\/#article","isPartOf":{"@id":"https:\/\/staging.fbt-avocats.ch\/en\/24th-march-2020-new-french-blacklist\/"},"author":{"name":"Helder Carvalho","@id":"https:\/\/staging.fbt-avocats.ch\/en\/#\/schema\/person\/59cfd6ef8354572f3769bd501839bddd"},"headline":"24 March 2020 &#8211; New French Blacklist","datePublished":"2020-03-10T13:04:50+00:00","mainEntityOfPage":{"@id":"https:\/\/staging.fbt-avocats.ch\/en\/24th-march-2020-new-french-blacklist\/"},"wordCount":433,"keywords":["STEP"],"articleSection":["Conferences"],"inLanguage":"en-US"},{"@type":"WebPage","@id":"https:\/\/staging.fbt-avocats.ch\/en\/24th-march-2020-new-french-blacklist\/","url":"https:\/\/staging.fbt-avocats.ch\/en\/24th-march-2020-new-french-blacklist\/","name":"24 March 2020 - New French Blacklist | FBT Avocats SA","isPartOf":{"@id":"https:\/\/staging.fbt-avocats.ch\/en\/#website"},"datePublished":"2020-03-10T13:04:50+00:00","author":{"@id":"https:\/\/staging.fbt-avocats.ch\/en\/#\/schema\/person\/59cfd6ef8354572f3769bd501839bddd"},"breadcrumb":{"@id":"https:\/\/staging.fbt-avocats.ch\/en\/24th-march-2020-new-french-blacklist\/#breadcrumb"},"inLanguage":"en-US","potentialAction":[{"@type":"ReadAction","target":["https:\/\/staging.fbt-avocats.ch\/en\/24th-march-2020-new-french-blacklist\/"]}]},{"@type":"BreadcrumbList","@id":"https:\/\/staging.fbt-avocats.ch\/en\/24th-march-2020-new-french-blacklist\/#breadcrumb","itemListElement":[{"@type":"ListItem","position":1,"name":"Home","item":"https:\/\/staging.fbt-avocats.ch\/en\/"},{"@type":"ListItem","position":2,"name":"24 March 2020 &#8211; New French Blacklist"}]},{"@type":"WebSite","@id":"https:\/\/staging.fbt-avocats.ch\/en\/#website","url":"https:\/\/staging.fbt-avocats.ch\/en\/","name":"FBT Avocats SA","description":"Etudes bas\u00e9es \u00e0 Gen\u00e8ve et Paris","potentialAction":[{"@type":"SearchAction","target":{"@type":"EntryPoint","urlTemplate":"https:\/\/staging.fbt-avocats.ch\/en\/?s={search_term_string}"},"query-input":{"@type":"PropertyValueSpecification","valueRequired":true,"valueName":"search_term_string"}}],"inLanguage":"en-US"},{"@type":"Person","@id":"https:\/\/staging.fbt-avocats.ch\/en\/#\/schema\/person\/59cfd6ef8354572f3769bd501839bddd","name":"Helder Carvalho"}]}},"_links":{"self":[{"href":"https:\/\/staging.fbt-avocats.ch\/en\/wp-json\/wp\/v2\/posts\/21851","targetHints":{"allow":["GET"]}}],"collection":[{"href":"https:\/\/staging.fbt-avocats.ch\/en\/wp-json\/wp\/v2\/posts"}],"about":[{"href":"https:\/\/staging.fbt-avocats.ch\/en\/wp-json\/wp\/v2\/types\/post"}],"author":[{"embeddable":true,"href":"https:\/\/staging.fbt-avocats.ch\/en\/wp-json\/wp\/v2\/users\/18"}],"replies":[{"embeddable":true,"href":"https:\/\/staging.fbt-avocats.ch\/en\/wp-json\/wp\/v2\/comments?post=21851"}],"version-history":[{"count":0,"href":"https:\/\/staging.fbt-avocats.ch\/en\/wp-json\/wp\/v2\/posts\/21851\/revisions"}],"wp:attachment":[{"href":"https:\/\/staging.fbt-avocats.ch\/en\/wp-json\/wp\/v2\/media?parent=21851"}],"wp:term":[{"taxonomy":"category","embeddable":true,"href":"https:\/\/staging.fbt-avocats.ch\/en\/wp-json\/wp\/v2\/categories?post=21851"},{"taxonomy":"post_tag","embeddable":true,"href":"https:\/\/staging.fbt-avocats.ch\/en\/wp-json\/wp\/v2\/tags?post=21851"},{"taxonomy":"datespeciale","embeddable":true,"href":"https:\/\/staging.fbt-avocats.ch\/en\/wp-json\/wp\/v2\/datespeciale?post=21851"}],"curies":[{"name":"wp","href":"https:\/\/api.w.org\/{rel}","templated":true}]}}