{"id":22035,"date":"2022-05-16T16:09:54","date_gmt":"2022-05-16T15:09:54","guid":{"rendered":"https:\/\/www.fbt-avocats.ch\/?p=22035"},"modified":"2025-10-20T09:47:30","modified_gmt":"2025-10-20T08:47:30","slug":"teletravail-quelques-reflexions","status":"publish","type":"post","link":"https:\/\/staging.fbt-avocats.ch\/en\/teletravail-quelques-reflexions\/","title":{"rendered":"T\u00e9l\u00e9travail \u2013 Quelques R\u00e9flexions"},"content":{"rendered":"<section  class='av_textblock_section av-7dtlel-54646e090b2362c0ce717e7039213545 '   itemscope=\"itemscope\" itemtype=\"https:\/\/schema.org\/BlogPosting\" itemprop=\"blogPost\" ><div class='avia_textblock'  itemprop=\"text\" ><\/div><\/section>\n\n<style type=\"text\/css\" data-created_by=\"avia_inline_auto\" id=\"style-css-av-6hs9cd-aa7fd7160a86b43089fe650ca2464333\">\n.flex_column.av-6hs9cd-aa7fd7160a86b43089fe650ca2464333{\nborder-radius:0px 0px 0px 0px;\npadding:0px 0px 0px 0px;\n}\n<\/style>\n<div  class='flex_column av-6hs9cd-aa7fd7160a86b43089fe650ca2464333 av_one_full  avia-builder-el-1  el_after_av_textblock  avia-builder-el-last  first flex_column_div av-zero-column-padding  column-top-margin'     ><p>\n<style type=\"text\/css\" data-created_by=\"avia_inline_auto\" id=\"style-css-av-l38uvu44-f674d49388e6cbc497e22bfb58e44a3a\">\n#top .av-special-heading.av-l38uvu44-f674d49388e6cbc497e22bfb58e44a3a{\npadding-bottom:10px;\nfont-size:26px;\n}\nbody .av-special-heading.av-l38uvu44-f674d49388e6cbc497e22bfb58e44a3a .av-special-heading-tag .heading-char{\nfont-size:25px;\n}\n#top #wrap_all .av-special-heading.av-l38uvu44-f674d49388e6cbc497e22bfb58e44a3a .av-special-heading-tag{\nfont-size:26px;\n}\n.av-special-heading.av-l38uvu44-f674d49388e6cbc497e22bfb58e44a3a .av-subheading{\nfont-size:15px;\n}\n\n@media only screen and (min-width: 480px) and (max-width: 767px){ \n#top #wrap_all .av-special-heading.av-l38uvu44-f674d49388e6cbc497e22bfb58e44a3a .av-special-heading-tag{\nfont-size:0.8em;\n}\n}\n\n@media only screen and (max-width: 479px){ \n#top #wrap_all .av-special-heading.av-l38uvu44-f674d49388e6cbc497e22bfb58e44a3a .av-special-heading-tag{\nfont-size:0.8em;\n}\n}\n<\/style>\n<div  class='av-special-heading av-l38uvu44-f674d49388e6cbc497e22bfb58e44a3a av-special-heading-h1 blockquote modern-quote  avia-builder-el-2  el_before_av_hr  avia-builder-el-first  av-inherit-size'><h1 class='av-special-heading-tag '  itemprop=\"headline\"  >T\u00e9l\u00e9travail \u2013 Quelques R\u00e9flexions<\/h1><div class='av-subheading av-subheading_below'><p>FBT Avocats \u2013 Mai 2022<br \/>\nSerge Fasel et Olivia de Weck<br \/>\nCharlotte Andrey, Sara Charfadi, Audrey Ciucchi, David Masson, Joanna Ybarra<\/p>\n<\/div><div class=\"special-heading-border\"><div class=\"special-heading-inner-border\"><\/div><\/div><\/div><br \/>\n\n<style type=\"text\/css\" data-created_by=\"avia_inline_auto\" id=\"style-css-av-4rtof1-6cb168409d4b952e81360eb2f8cb23b0\">\n#top .hr.hr-invisible.av-4rtof1-6cb168409d4b952e81360eb2f8cb23b0{\nheight:20px;\n}\n<\/style>\n<div  class='hr av-4rtof1-6cb168409d4b952e81360eb2f8cb23b0 hr-invisible  avia-builder-el-3  el_after_av_heading  el_before_av_textblock '><span class='hr-inner '><span class=\"hr-inner-style\"><\/span><\/span><\/div><br \/>\n<section  class='av_textblock_section av-jo5hremo-8df0535b4b08dc00af18df224af1af03 '   itemscope=\"itemscope\" itemtype=\"https:\/\/schema.org\/BlogPosting\" itemprop=\"blogPost\" ><div class='avia_textblock'  itemprop=\"text\" ><div data-canvas-width=\"431.1431666666666\">\n<div class=\"textLayer\">\n<div data-canvas-width=\"318.9300803304\">\n<p><strong>La crise du COVID aura marqu\u00e9 (et continue de marquer dans une certaine mesure) notre mani\u00e8re de vivre pendant pr\u00e8s de deux ans<\/strong>.<\/p>\n<p>Nous avons \u00e9t\u00e9 contraints de r\u00e9duire nos interactions sociales, de garder des distances avec nos proches et \u00e9galement, pour certains, de rester \u00e0 la maison. Le t\u00e9l\u00e9travail a pris une place consid\u00e9rable au sein de notre soci\u00e9t\u00e9. Aujourd\u2019hui, la plupart des mesures sanitaires sont lev\u00e9es, y compris la recommandation de t\u00e9l\u00e9travailler. Certaines questions demeurent n\u00e9anmoins d\u2019actualit\u00e9 alors que nous devons reprendre une vie \u00ab normale \u00bb. Le t\u00e9l\u00e9travail a marqu\u00e9 l\u2019esprit de la plupart des employ\u00e9s. Beaucoup s\u2019y sont habitu\u00e9s et souhaitent pouvoir continuer \u00e0 profiter de ce mode de travail. Cette note a pour but d\u2019examiner les quelques points auxquels l\u2019employeur doit \u00eatre attentif.<\/p>\n<\/div>\n<div data-canvas-width=\"318.9300803304\"><\/div>\n<div data-canvas-width=\"318.9300803304\"><\/div>\n<div data-canvas-width=\"318.9300803304\"><\/div>\n<div data-canvas-width=\"318.9300803304\"><\/div>\n<div data-canvas-width=\"318.9300803304\"><\/div>\n<div data-canvas-width=\"318.9300803304\"><\/div>\n<div data-canvas-width=\"318.9300803304\"><\/div>\n<div data-canvas-width=\"318.9300803304\"><\/div>\n<div data-canvas-width=\"318.9300803304\"><\/div>\n<\/div>\n<\/div>\n<\/div><\/section><br \/>\n\n<style type=\"text\/css\" data-created_by=\"avia_inline_auto\" id=\"style-css-av-1xwhd9-afd37c19b28461d09397a418e175376c\">\n#top .hr.hr-invisible.av-1xwhd9-afd37c19b28461d09397a418e175376c{\nheight:20px;\n}\n<\/style>\n<div  class='hr av-1xwhd9-afd37c19b28461d09397a418e175376c hr-invisible  avia-builder-el-5  el_after_av_textblock  el_before_av_button '><span class='hr-inner '><span class=\"hr-inner-style\"><\/span><\/span><\/div><br \/>\n<div  class='avia-button-wrap av-jo5hs5ts-c27178f15e6cc69479c6f9d1f8275848-wrap avia-button-left  avia-builder-el-6  el_after_av_hr  avia-builder-el-last '>\n<style type=\"text\/css\" data-created_by=\"avia_inline_auto\" id=\"style-css-av-jo5hs5ts-c27178f15e6cc69479c6f9d1f8275848\">\n#top #wrap_all .avia-button.av-jo5hs5ts-c27178f15e6cc69479c6f9d1f8275848{\nbackground-color:#44525f;\nborder-color:#44525f;\ncolor:#ffffff;\ntransition:all 0.4s ease-in-out;\n}\n#top #wrap_all .avia-button.av-jo5hs5ts-c27178f15e6cc69479c6f9d1f8275848 .avia-svg-icon svg:first-child{\nfill:#ffffff;\nstroke:#ffffff;\n}\n<\/style>\n<a href='https:\/\/staging.fbt-avocats.ch\/wp-content\/uploads\/2022\/05\/FBT-T\u00e9l\u00e9travail-Quelques-R\u00e9flexions-Mai-2022.pdf'  class='avia-button av-jo5hs5ts-c27178f15e6cc69479c6f9d1f8275848 av-link-btn avia-icon_select-no avia-size-large avia-position-left'  target=\"_blank\"  rel=\"noopener noreferrer\"  aria-label=\"Lire la suite\"><span class='avia_iconbox_title' >Lire la suite<\/span><\/a><\/div><\/p><\/div>\n","protected":false},"excerpt":{"rendered":"","protected":false},"author":21,"featured_media":0,"comment_status":"closed","ping_status":"closed","sticky":false,"template":"","format":"standard","meta":{"footnotes":""},"categories":[85],"tags":[],"datespeciale":[],"class_list":["post-22035","post","type-post","status-publish","format-standard","hentry","category-publications","competences-litigation-and-arbitration","auteurs-olivia-de-weck-en","auteurs-serge-fasel-en","date-publication-2022-en","diffusion-groupe-contentieux-en","diffusion-publications-en"],"yoast_head":"<!-- This site is optimized with the Yoast SEO Premium plugin v27.4 (Yoast SEO v27.4) - https:\/\/yoast.com\/product\/yoast-seo-premium-wordpress\/ -->\n<title>T\u00e9l\u00e9travail \u2013 Quelques R\u00e9flexions | FBT Avocats SA<\/title>\n<meta name=\"robots\" content=\"noindex, follow, max-snippet:-1, max-image-preview:large, max-video-preview:-1\" \/>\n<meta property=\"og:locale\" content=\"en_US\" \/>\n<meta property=\"og:type\" content=\"article\" \/>\n<meta property=\"og:title\" content=\"T\u00e9l\u00e9travail \u2013 Quelques R\u00e9flexions\" \/>\n<meta property=\"og:url\" content=\"https:\/\/staging.fbt-avocats.ch\/en\/teletravail-quelques-reflexions\/\" \/>\n<meta property=\"og:site_name\" content=\"FBT Avocats SA\" \/>\n<meta property=\"article:published_time\" content=\"2022-05-16T15:09:54+00:00\" \/>\n<meta property=\"article:modified_time\" content=\"2025-10-20T08:47:30+00:00\" \/>\n<meta name=\"author\" content=\"fcordey\" \/>\n<meta name=\"twitter:card\" content=\"summary_large_image\" \/>\n<meta name=\"twitter:label1\" content=\"Written by\" \/>\n\t<meta name=\"twitter:data1\" content=\"fcordey\" \/>\n\t<meta name=\"twitter:label2\" content=\"Est. reading time\" \/>\n\t<meta name=\"twitter:data2\" content=\"2 minutes\" \/>\n<script type=\"application\/ld+json\" class=\"yoast-schema-graph\">{\"@context\":\"https:\\\/\\\/schema.org\",\"@graph\":[{\"@type\":\"Article\",\"@id\":\"https:\\\/\\\/staging.fbt-avocats.ch\\\/en\\\/teletravail-quelques-reflexions\\\/#article\",\"isPartOf\":{\"@id\":\"https:\\\/\\\/staging.fbt-avocats.ch\\\/en\\\/teletravail-quelques-reflexions\\\/\"},\"author\":{\"name\":\"fcordey\",\"@id\":\"https:\\\/\\\/staging.fbt-avocats.ch\\\/en\\\/#\\\/schema\\\/person\\\/00ccb3602dc4f17535396c80f1e85072\"},\"headline\":\"T\u00e9l\u00e9travail \u2013 Quelques R\u00e9flexions\",\"datePublished\":\"2022-05-16T15:09:54+00:00\",\"dateModified\":\"2025-10-20T08:47:30+00:00\",\"mainEntityOfPage\":{\"@id\":\"https:\\\/\\\/staging.fbt-avocats.ch\\\/en\\\/teletravail-quelques-reflexions\\\/\"},\"wordCount\":429,\"articleSection\":[\"Publications\"],\"inLanguage\":\"en-US\"},{\"@type\":\"WebPage\",\"@id\":\"https:\\\/\\\/staging.fbt-avocats.ch\\\/en\\\/teletravail-quelques-reflexions\\\/\",\"url\":\"https:\\\/\\\/staging.fbt-avocats.ch\\\/en\\\/teletravail-quelques-reflexions\\\/\",\"name\":\"T\u00e9l\u00e9travail \u2013 Quelques R\u00e9flexions | FBT Avocats SA\",\"isPartOf\":{\"@id\":\"https:\\\/\\\/staging.fbt-avocats.ch\\\/en\\\/#website\"},\"datePublished\":\"2022-05-16T15:09:54+00:00\",\"dateModified\":\"2025-10-20T08:47:30+00:00\",\"author\":{\"@id\":\"https:\\\/\\\/staging.fbt-avocats.ch\\\/en\\\/#\\\/schema\\\/person\\\/00ccb3602dc4f17535396c80f1e85072\"},\"breadcrumb\":{\"@id\":\"https:\\\/\\\/staging.fbt-avocats.ch\\\/en\\\/teletravail-quelques-reflexions\\\/#breadcrumb\"},\"inLanguage\":\"en-US\",\"potentialAction\":[{\"@type\":\"ReadAction\",\"target\":[\"https:\\\/\\\/staging.fbt-avocats.ch\\\/en\\\/teletravail-quelques-reflexions\\\/\"]}]},{\"@type\":\"BreadcrumbList\",\"@id\":\"https:\\\/\\\/staging.fbt-avocats.ch\\\/en\\\/teletravail-quelques-reflexions\\\/#breadcrumb\",\"itemListElement\":[{\"@type\":\"ListItem\",\"position\":1,\"name\":\"Home\",\"item\":\"https:\\\/\\\/staging.fbt-avocats.ch\\\/en\\\/\"},{\"@type\":\"ListItem\",\"position\":2,\"name\":\"T\u00e9l\u00e9travail \u2013 Quelques R\u00e9flexions\"}]},{\"@type\":\"WebSite\",\"@id\":\"https:\\\/\\\/staging.fbt-avocats.ch\\\/en\\\/#website\",\"url\":\"https:\\\/\\\/staging.fbt-avocats.ch\\\/en\\\/\",\"name\":\"FBT Avocats SA\",\"description\":\"Etudes bas\u00e9es \u00e0 Gen\u00e8ve et Paris\",\"potentialAction\":[{\"@type\":\"SearchAction\",\"target\":{\"@type\":\"EntryPoint\",\"urlTemplate\":\"https:\\\/\\\/staging.fbt-avocats.ch\\\/en\\\/?s={search_term_string}\"},\"query-input\":{\"@type\":\"PropertyValueSpecification\",\"valueRequired\":true,\"valueName\":\"search_term_string\"}}],\"inLanguage\":\"en-US\"},{\"@type\":\"Person\",\"@id\":\"https:\\\/\\\/staging.fbt-avocats.ch\\\/en\\\/#\\\/schema\\\/person\\\/00ccb3602dc4f17535396c80f1e85072\",\"name\":\"fcordey\"}]}<\/script>\n<!-- \/ Yoast SEO Premium plugin. -->","yoast_head_json":{"title":"T\u00e9l\u00e9travail \u2013 Quelques R\u00e9flexions | FBT Avocats SA","robots":{"index":"noindex","follow":"follow","max-snippet":"max-snippet:-1","max-image-preview":"max-image-preview:large","max-video-preview":"max-video-preview:-1"},"og_locale":"en_US","og_type":"article","og_title":"T\u00e9l\u00e9travail \u2013 Quelques R\u00e9flexions","og_url":"https:\/\/staging.fbt-avocats.ch\/en\/teletravail-quelques-reflexions\/","og_site_name":"FBT Avocats SA","article_published_time":"2022-05-16T15:09:54+00:00","article_modified_time":"2025-10-20T08:47:30+00:00","author":"fcordey","twitter_card":"summary_large_image","twitter_misc":{"Written by":"fcordey","Est. reading time":"2 minutes"},"schema":{"@context":"https:\/\/schema.org","@graph":[{"@type":"Article","@id":"https:\/\/staging.fbt-avocats.ch\/en\/teletravail-quelques-reflexions\/#article","isPartOf":{"@id":"https:\/\/staging.fbt-avocats.ch\/en\/teletravail-quelques-reflexions\/"},"author":{"name":"fcordey","@id":"https:\/\/staging.fbt-avocats.ch\/en\/#\/schema\/person\/00ccb3602dc4f17535396c80f1e85072"},"headline":"T\u00e9l\u00e9travail \u2013 Quelques R\u00e9flexions","datePublished":"2022-05-16T15:09:54+00:00","dateModified":"2025-10-20T08:47:30+00:00","mainEntityOfPage":{"@id":"https:\/\/staging.fbt-avocats.ch\/en\/teletravail-quelques-reflexions\/"},"wordCount":429,"articleSection":["Publications"],"inLanguage":"en-US"},{"@type":"WebPage","@id":"https:\/\/staging.fbt-avocats.ch\/en\/teletravail-quelques-reflexions\/","url":"https:\/\/staging.fbt-avocats.ch\/en\/teletravail-quelques-reflexions\/","name":"T\u00e9l\u00e9travail \u2013 Quelques R\u00e9flexions | FBT Avocats SA","isPartOf":{"@id":"https:\/\/staging.fbt-avocats.ch\/en\/#website"},"datePublished":"2022-05-16T15:09:54+00:00","dateModified":"2025-10-20T08:47:30+00:00","author":{"@id":"https:\/\/staging.fbt-avocats.ch\/en\/#\/schema\/person\/00ccb3602dc4f17535396c80f1e85072"},"breadcrumb":{"@id":"https:\/\/staging.fbt-avocats.ch\/en\/teletravail-quelques-reflexions\/#breadcrumb"},"inLanguage":"en-US","potentialAction":[{"@type":"ReadAction","target":["https:\/\/staging.fbt-avocats.ch\/en\/teletravail-quelques-reflexions\/"]}]},{"@type":"BreadcrumbList","@id":"https:\/\/staging.fbt-avocats.ch\/en\/teletravail-quelques-reflexions\/#breadcrumb","itemListElement":[{"@type":"ListItem","position":1,"name":"Home","item":"https:\/\/staging.fbt-avocats.ch\/en\/"},{"@type":"ListItem","position":2,"name":"T\u00e9l\u00e9travail \u2013 Quelques R\u00e9flexions"}]},{"@type":"WebSite","@id":"https:\/\/staging.fbt-avocats.ch\/en\/#website","url":"https:\/\/staging.fbt-avocats.ch\/en\/","name":"FBT Avocats SA","description":"Etudes bas\u00e9es \u00e0 Gen\u00e8ve et Paris","potentialAction":[{"@type":"SearchAction","target":{"@type":"EntryPoint","urlTemplate":"https:\/\/staging.fbt-avocats.ch\/en\/?s={search_term_string}"},"query-input":{"@type":"PropertyValueSpecification","valueRequired":true,"valueName":"search_term_string"}}],"inLanguage":"en-US"},{"@type":"Person","@id":"https:\/\/staging.fbt-avocats.ch\/en\/#\/schema\/person\/00ccb3602dc4f17535396c80f1e85072","name":"fcordey"}]}},"_links":{"self":[{"href":"https:\/\/staging.fbt-avocats.ch\/en\/wp-json\/wp\/v2\/posts\/22035","targetHints":{"allow":["GET"]}}],"collection":[{"href":"https:\/\/staging.fbt-avocats.ch\/en\/wp-json\/wp\/v2\/posts"}],"about":[{"href":"https:\/\/staging.fbt-avocats.ch\/en\/wp-json\/wp\/v2\/types\/post"}],"author":[{"embeddable":true,"href":"https:\/\/staging.fbt-avocats.ch\/en\/wp-json\/wp\/v2\/users\/21"}],"replies":[{"embeddable":true,"href":"https:\/\/staging.fbt-avocats.ch\/en\/wp-json\/wp\/v2\/comments?post=22035"}],"version-history":[{"count":0,"href":"https:\/\/staging.fbt-avocats.ch\/en\/wp-json\/wp\/v2\/posts\/22035\/revisions"}],"wp:attachment":[{"href":"https:\/\/staging.fbt-avocats.ch\/en\/wp-json\/wp\/v2\/media?parent=22035"}],"wp:term":[{"taxonomy":"category","embeddable":true,"href":"https:\/\/staging.fbt-avocats.ch\/en\/wp-json\/wp\/v2\/categories?post=22035"},{"taxonomy":"post_tag","embeddable":true,"href":"https:\/\/staging.fbt-avocats.ch\/en\/wp-json\/wp\/v2\/tags?post=22035"},{"taxonomy":"datespeciale","embeddable":true,"href":"https:\/\/staging.fbt-avocats.ch\/en\/wp-json\/wp\/v2\/datespeciale?post=22035"}],"curies":[{"name":"wp","href":"https:\/\/api.w.org\/{rel}","templated":true}]}}