{"id":22188,"date":"2022-07-04T10:32:35","date_gmt":"2022-07-04T09:32:35","guid":{"rendered":"https:\/\/www.fbt-avocats.ch\/?p=22188"},"modified":"2026-02-06T10:57:55","modified_gmt":"2026-02-06T09:57:55","slug":"sanctions-et-intermediaires-financiers","status":"publish","type":"post","link":"https:\/\/staging.fbt-avocats.ch\/en\/sanctions-et-intermediaires-financiers\/","title":{"rendered":"Sanctions et interm\u00e9diaires financiers (premier volet)"},"content":{"rendered":"<section  class='av_textblock_section av-7dtlel-54646e090b2362c0ce717e7039213545 '   itemscope=\"itemscope\" itemtype=\"https:\/\/schema.org\/BlogPosting\" itemprop=\"blogPost\" ><div class='avia_textblock'  itemprop=\"text\" ><\/div><\/section>\n\n<style type=\"text\/css\" data-created_by=\"avia_inline_auto\" id=\"style-css-av-6hs9cd-aa7fd7160a86b43089fe650ca2464333\">\n.flex_column.av-6hs9cd-aa7fd7160a86b43089fe650ca2464333{\nborder-radius:0px 0px 0px 0px;\npadding:0px 0px 0px 0px;\n}\n<\/style>\n<div  class='flex_column av-6hs9cd-aa7fd7160a86b43089fe650ca2464333 av_one_full  avia-builder-el-1  el_after_av_textblock  avia-builder-el-last  first flex_column_div av-zero-column-padding  column-top-margin'     ><p>\n<style type=\"text\/css\" data-created_by=\"avia_inline_auto\" id=\"style-css-av-l5ruaex6-9391d3b820f79d118c8f00f0c9d244d9\">\n#top .av-special-heading.av-l5ruaex6-9391d3b820f79d118c8f00f0c9d244d9{\npadding-bottom:10px;\nfont-size:26px;\n}\nbody .av-special-heading.av-l5ruaex6-9391d3b820f79d118c8f00f0c9d244d9 .av-special-heading-tag .heading-char{\nfont-size:25px;\n}\n#top #wrap_all .av-special-heading.av-l5ruaex6-9391d3b820f79d118c8f00f0c9d244d9 .av-special-heading-tag{\nfont-size:26px;\n}\n.av-special-heading.av-l5ruaex6-9391d3b820f79d118c8f00f0c9d244d9 .av-subheading{\nfont-size:15px;\n}\n\n@media only screen and (min-width: 480px) and (max-width: 767px){ \n#top #wrap_all .av-special-heading.av-l5ruaex6-9391d3b820f79d118c8f00f0c9d244d9 .av-special-heading-tag{\nfont-size:0.8em;\n}\n}\n\n@media only screen and (max-width: 479px){ \n#top #wrap_all .av-special-heading.av-l5ruaex6-9391d3b820f79d118c8f00f0c9d244d9 .av-special-heading-tag{\nfont-size:0.8em;\n}\n}\n<\/style>\n<div  class='av-special-heading av-l5ruaex6-9391d3b820f79d118c8f00f0c9d244d9 av-special-heading-h1 blockquote modern-quote  avia-builder-el-2  el_before_av_hr  avia-builder-el-first  av-inherit-size'><h1 class='av-special-heading-tag '  itemprop=\"headline\"  >Sanctions et interm\u00e9diaires financiers (premier volet)<\/h1><div class='av-subheading av-subheading_below'><p>Allnews \u2013 Juillet 2022<br \/>\nFr\u00e9d\u00e9rique Bensahel<\/p>\n<\/div><div class=\"special-heading-border\"><div class=\"special-heading-inner-border\"><\/div><\/div><\/div><br \/>\n\n<style type=\"text\/css\" data-created_by=\"avia_inline_auto\" id=\"style-css-av-4rtof1-6cb168409d4b952e81360eb2f8cb23b0\">\n#top .hr.hr-invisible.av-4rtof1-6cb168409d4b952e81360eb2f8cb23b0{\nheight:20px;\n}\n<\/style>\n<div  class='hr av-4rtof1-6cb168409d4b952e81360eb2f8cb23b0 hr-invisible  avia-builder-el-3  el_after_av_heading  el_before_av_textblock '><span class='hr-inner '><span class=\"hr-inner-style\"><\/span><\/span><\/div><br \/>\n<section  class='av_textblock_section av-jo5hremo-8df0535b4b08dc00af18df224af1af03 '   itemscope=\"itemscope\" itemtype=\"https:\/\/schema.org\/BlogPosting\" itemprop=\"blogPost\" ><div class='avia_textblock'  itemprop=\"text\" ><div data-canvas-width=\"431.1431666666666\">\n<div class=\"textLayer\">\n<div data-canvas-width=\"318.9300803304\">\n<p><strong>Premier volet d\u2019une s\u00e9rie consacr\u00e9e \u00e0 l\u2019impact des obligations contraignantes impos\u00e9es aux interm\u00e9diaires nanciers dans le cadre des sanctions \u00e9conomiques sur l\u2019Ukraine.<br \/>\n<\/strong>En Suisse, la loi sur les sanctions internationales, appel\u00e9e \u00e9galement loi sur les embargos (LEMb), constitue aujourd\u2019hui la base l\u00e9gale permettant \u00e0 la Conf\u00e9d\u00e9ration d\u2019\u00e9dicter des mesures de coercition visant notamment \u00e0 faire appliquer les sanctions internationales comme celles de l\u2019ONU, de l\u2019OSCE ou celles de ses principaux partenaires commerciaux, comme l\u2019Union europ\u00e9enne.<\/p>\n<\/div>\n<div data-canvas-width=\"318.9300803304\"><\/div>\n<div data-canvas-width=\"318.9300803304\"><\/div>\n<div data-canvas-width=\"318.9300803304\"><\/div>\n<div data-canvas-width=\"318.9300803304\"><\/div>\n<div data-canvas-width=\"318.9300803304\"><\/div>\n<div data-canvas-width=\"318.9300803304\"><\/div>\n<div data-canvas-width=\"318.9300803304\"><\/div>\n<div data-canvas-width=\"318.9300803304\"><\/div>\n<div data-canvas-width=\"318.9300803304\"><\/div>\n<\/div>\n<\/div>\n<\/div><\/section><br \/>\n\n<style type=\"text\/css\" data-created_by=\"avia_inline_auto\" id=\"style-css-av-1xwhd9-afd37c19b28461d09397a418e175376c\">\n#top .hr.hr-invisible.av-1xwhd9-afd37c19b28461d09397a418e175376c{\nheight:20px;\n}\n<\/style>\n<div  class='hr av-1xwhd9-afd37c19b28461d09397a418e175376c hr-invisible  avia-builder-el-5  el_after_av_textblock  el_before_av_button '><span class='hr-inner '><span class=\"hr-inner-style\"><\/span><\/span><\/div><br \/>\n<div  class='avia-button-wrap av-jo5hs5ts-4ef886a1b03b531760abf70ad05bd095-wrap avia-button-left  avia-builder-el-6  el_after_av_hr  avia-builder-el-last '>\n<style type=\"text\/css\" data-created_by=\"avia_inline_auto\" id=\"style-css-av-jo5hs5ts-4ef886a1b03b531760abf70ad05bd095\">\n#top #wrap_all .avia-button.av-jo5hs5ts-4ef886a1b03b531760abf70ad05bd095{\nbackground-color:#44525f;\nborder-color:#44525f;\ncolor:#ffffff;\ntransition:all 0.4s ease-in-out;\n}\n#top #wrap_all .avia-button.av-jo5hs5ts-4ef886a1b03b531760abf70ad05bd095 .avia-svg-icon svg:first-child{\nfill:#ffffff;\nstroke:#ffffff;\n}\n<\/style>\n<a href='https:\/\/staging.fbt-avocats.ch\/wp-content\/uploads\/2022\/07\/Sanctions-et-intermediaires-financiers-allnews.pdf'  class='avia-button av-jo5hs5ts-4ef886a1b03b531760abf70ad05bd095 av-link-btn avia-icon_select-no avia-size-large avia-position-left'  target=\"_blank\"  rel=\"noopener noreferrer\"  aria-label=\"Lire la suite\"><span class='avia_iconbox_title' >Lire la suite<\/span><\/a><\/div><\/p><\/div>\n","protected":false},"excerpt":{"rendered":"<p>Available only in French<\/p>\n","protected":false},"author":21,"featured_media":0,"comment_status":"closed","ping_status":"closed","sticky":false,"template":"","format":"standard","meta":{"footnotes":""},"categories":[84],"tags":[560],"datespeciale":[],"class_list":["post-22188","post","type-post","status-publish","format-standard","hentry","category-media-and-news","tag-allnews-en","competences-banking-and-finance","competences-white-collar-crime","auteurs-frederique-bensahel-en","date-publication-2022-en","diffusion-groupe-white-collar-crime","diffusion-medias-en"],"yoast_head":"<!-- This site is optimized with the Yoast SEO Premium plugin v27.4 (Yoast SEO v27.4) - https:\/\/yoast.com\/product\/yoast-seo-premium-wordpress\/ -->\n<title>Sanctions et interm\u00e9diaires financiers (premier volet) | FBT Avocats SA<\/title>\n<meta name=\"robots\" content=\"noindex, follow, max-snippet:-1, max-image-preview:large, max-video-preview:-1\" \/>\n<meta property=\"og:locale\" content=\"en_US\" \/>\n<meta property=\"og:type\" content=\"article\" \/>\n<meta property=\"og:title\" content=\"Sanctions et interm\u00e9diaires financiers (premier volet)\" \/>\n<meta property=\"og:description\" content=\"Available only in French\" \/>\n<meta property=\"og:url\" content=\"https:\/\/staging.fbt-avocats.ch\/en\/sanctions-et-intermediaires-financiers\/\" \/>\n<meta property=\"og:site_name\" content=\"FBT Avocats SA\" \/>\n<meta property=\"article:published_time\" content=\"2022-07-04T09:32:35+00:00\" \/>\n<meta property=\"article:modified_time\" content=\"2026-02-06T09:57:55+00:00\" \/>\n<meta name=\"author\" content=\"fcordey\" \/>\n<meta name=\"twitter:card\" content=\"summary_large_image\" \/>\n<meta name=\"twitter:label1\" content=\"Written by\" \/>\n\t<meta name=\"twitter:data1\" content=\"fcordey\" \/>\n\t<meta name=\"twitter:label2\" content=\"Est. reading time\" \/>\n\t<meta name=\"twitter:data2\" content=\"2 minutes\" \/>\n<script type=\"application\/ld+json\" class=\"yoast-schema-graph\">{\"@context\":\"https:\\\/\\\/schema.org\",\"@graph\":[{\"@type\":\"Article\",\"@id\":\"https:\\\/\\\/staging.fbt-avocats.ch\\\/en\\\/sanctions-et-intermediaires-financiers\\\/#article\",\"isPartOf\":{\"@id\":\"https:\\\/\\\/staging.fbt-avocats.ch\\\/en\\\/sanctions-et-intermediaires-financiers\\\/\"},\"author\":{\"name\":\"fcordey\",\"@id\":\"https:\\\/\\\/staging.fbt-avocats.ch\\\/en\\\/#\\\/schema\\\/person\\\/00ccb3602dc4f17535396c80f1e85072\"},\"headline\":\"Sanctions et interm\u00e9diaires financiers (premier volet)\",\"datePublished\":\"2022-07-04T09:32:35+00:00\",\"dateModified\":\"2026-02-06T09:57:55+00:00\",\"mainEntityOfPage\":{\"@id\":\"https:\\\/\\\/staging.fbt-avocats.ch\\\/en\\\/sanctions-et-intermediaires-financiers\\\/\"},\"wordCount\":359,\"keywords\":[\"Allnews\"],\"articleSection\":[\"Media and News\"],\"inLanguage\":\"en-US\"},{\"@type\":\"WebPage\",\"@id\":\"https:\\\/\\\/staging.fbt-avocats.ch\\\/en\\\/sanctions-et-intermediaires-financiers\\\/\",\"url\":\"https:\\\/\\\/staging.fbt-avocats.ch\\\/en\\\/sanctions-et-intermediaires-financiers\\\/\",\"name\":\"Sanctions et interm\u00e9diaires financiers (premier volet) | FBT Avocats SA\",\"isPartOf\":{\"@id\":\"https:\\\/\\\/staging.fbt-avocats.ch\\\/en\\\/#website\"},\"datePublished\":\"2022-07-04T09:32:35+00:00\",\"dateModified\":\"2026-02-06T09:57:55+00:00\",\"author\":{\"@id\":\"https:\\\/\\\/staging.fbt-avocats.ch\\\/en\\\/#\\\/schema\\\/person\\\/00ccb3602dc4f17535396c80f1e85072\"},\"breadcrumb\":{\"@id\":\"https:\\\/\\\/staging.fbt-avocats.ch\\\/en\\\/sanctions-et-intermediaires-financiers\\\/#breadcrumb\"},\"inLanguage\":\"en-US\",\"potentialAction\":[{\"@type\":\"ReadAction\",\"target\":[\"https:\\\/\\\/staging.fbt-avocats.ch\\\/en\\\/sanctions-et-intermediaires-financiers\\\/\"]}]},{\"@type\":\"BreadcrumbList\",\"@id\":\"https:\\\/\\\/staging.fbt-avocats.ch\\\/en\\\/sanctions-et-intermediaires-financiers\\\/#breadcrumb\",\"itemListElement\":[{\"@type\":\"ListItem\",\"position\":1,\"name\":\"Home\",\"item\":\"https:\\\/\\\/staging.fbt-avocats.ch\\\/en\\\/\"},{\"@type\":\"ListItem\",\"position\":2,\"name\":\"Sanctions et interm\u00e9diaires financiers (premier volet)\"}]},{\"@type\":\"WebSite\",\"@id\":\"https:\\\/\\\/staging.fbt-avocats.ch\\\/en\\\/#website\",\"url\":\"https:\\\/\\\/staging.fbt-avocats.ch\\\/en\\\/\",\"name\":\"FBT Avocats SA\",\"description\":\"Etudes bas\u00e9es \u00e0 Gen\u00e8ve et Paris\",\"potentialAction\":[{\"@type\":\"SearchAction\",\"target\":{\"@type\":\"EntryPoint\",\"urlTemplate\":\"https:\\\/\\\/staging.fbt-avocats.ch\\\/en\\\/?s={search_term_string}\"},\"query-input\":{\"@type\":\"PropertyValueSpecification\",\"valueRequired\":true,\"valueName\":\"search_term_string\"}}],\"inLanguage\":\"en-US\"},{\"@type\":\"Person\",\"@id\":\"https:\\\/\\\/staging.fbt-avocats.ch\\\/en\\\/#\\\/schema\\\/person\\\/00ccb3602dc4f17535396c80f1e85072\",\"name\":\"fcordey\"}]}<\/script>\n<!-- \/ Yoast SEO Premium plugin. -->","yoast_head_json":{"title":"Sanctions et interm\u00e9diaires financiers (premier volet) | FBT Avocats SA","robots":{"index":"noindex","follow":"follow","max-snippet":"max-snippet:-1","max-image-preview":"max-image-preview:large","max-video-preview":"max-video-preview:-1"},"og_locale":"en_US","og_type":"article","og_title":"Sanctions et interm\u00e9diaires financiers (premier volet)","og_description":"Available only in French","og_url":"https:\/\/staging.fbt-avocats.ch\/en\/sanctions-et-intermediaires-financiers\/","og_site_name":"FBT Avocats SA","article_published_time":"2022-07-04T09:32:35+00:00","article_modified_time":"2026-02-06T09:57:55+00:00","author":"fcordey","twitter_card":"summary_large_image","twitter_misc":{"Written by":"fcordey","Est. reading time":"2 minutes"},"schema":{"@context":"https:\/\/schema.org","@graph":[{"@type":"Article","@id":"https:\/\/staging.fbt-avocats.ch\/en\/sanctions-et-intermediaires-financiers\/#article","isPartOf":{"@id":"https:\/\/staging.fbt-avocats.ch\/en\/sanctions-et-intermediaires-financiers\/"},"author":{"name":"fcordey","@id":"https:\/\/staging.fbt-avocats.ch\/en\/#\/schema\/person\/00ccb3602dc4f17535396c80f1e85072"},"headline":"Sanctions et interm\u00e9diaires financiers (premier volet)","datePublished":"2022-07-04T09:32:35+00:00","dateModified":"2026-02-06T09:57:55+00:00","mainEntityOfPage":{"@id":"https:\/\/staging.fbt-avocats.ch\/en\/sanctions-et-intermediaires-financiers\/"},"wordCount":359,"keywords":["Allnews"],"articleSection":["Media and News"],"inLanguage":"en-US"},{"@type":"WebPage","@id":"https:\/\/staging.fbt-avocats.ch\/en\/sanctions-et-intermediaires-financiers\/","url":"https:\/\/staging.fbt-avocats.ch\/en\/sanctions-et-intermediaires-financiers\/","name":"Sanctions et interm\u00e9diaires financiers (premier volet) | FBT Avocats SA","isPartOf":{"@id":"https:\/\/staging.fbt-avocats.ch\/en\/#website"},"datePublished":"2022-07-04T09:32:35+00:00","dateModified":"2026-02-06T09:57:55+00:00","author":{"@id":"https:\/\/staging.fbt-avocats.ch\/en\/#\/schema\/person\/00ccb3602dc4f17535396c80f1e85072"},"breadcrumb":{"@id":"https:\/\/staging.fbt-avocats.ch\/en\/sanctions-et-intermediaires-financiers\/#breadcrumb"},"inLanguage":"en-US","potentialAction":[{"@type":"ReadAction","target":["https:\/\/staging.fbt-avocats.ch\/en\/sanctions-et-intermediaires-financiers\/"]}]},{"@type":"BreadcrumbList","@id":"https:\/\/staging.fbt-avocats.ch\/en\/sanctions-et-intermediaires-financiers\/#breadcrumb","itemListElement":[{"@type":"ListItem","position":1,"name":"Home","item":"https:\/\/staging.fbt-avocats.ch\/en\/"},{"@type":"ListItem","position":2,"name":"Sanctions et interm\u00e9diaires financiers (premier volet)"}]},{"@type":"WebSite","@id":"https:\/\/staging.fbt-avocats.ch\/en\/#website","url":"https:\/\/staging.fbt-avocats.ch\/en\/","name":"FBT Avocats SA","description":"Etudes bas\u00e9es \u00e0 Gen\u00e8ve et Paris","potentialAction":[{"@type":"SearchAction","target":{"@type":"EntryPoint","urlTemplate":"https:\/\/staging.fbt-avocats.ch\/en\/?s={search_term_string}"},"query-input":{"@type":"PropertyValueSpecification","valueRequired":true,"valueName":"search_term_string"}}],"inLanguage":"en-US"},{"@type":"Person","@id":"https:\/\/staging.fbt-avocats.ch\/en\/#\/schema\/person\/00ccb3602dc4f17535396c80f1e85072","name":"fcordey"}]}},"_links":{"self":[{"href":"https:\/\/staging.fbt-avocats.ch\/en\/wp-json\/wp\/v2\/posts\/22188","targetHints":{"allow":["GET"]}}],"collection":[{"href":"https:\/\/staging.fbt-avocats.ch\/en\/wp-json\/wp\/v2\/posts"}],"about":[{"href":"https:\/\/staging.fbt-avocats.ch\/en\/wp-json\/wp\/v2\/types\/post"}],"author":[{"embeddable":true,"href":"https:\/\/staging.fbt-avocats.ch\/en\/wp-json\/wp\/v2\/users\/21"}],"replies":[{"embeddable":true,"href":"https:\/\/staging.fbt-avocats.ch\/en\/wp-json\/wp\/v2\/comments?post=22188"}],"version-history":[{"count":0,"href":"https:\/\/staging.fbt-avocats.ch\/en\/wp-json\/wp\/v2\/posts\/22188\/revisions"}],"wp:attachment":[{"href":"https:\/\/staging.fbt-avocats.ch\/en\/wp-json\/wp\/v2\/media?parent=22188"}],"wp:term":[{"taxonomy":"category","embeddable":true,"href":"https:\/\/staging.fbt-avocats.ch\/en\/wp-json\/wp\/v2\/categories?post=22188"},{"taxonomy":"post_tag","embeddable":true,"href":"https:\/\/staging.fbt-avocats.ch\/en\/wp-json\/wp\/v2\/tags?post=22188"},{"taxonomy":"datespeciale","embeddable":true,"href":"https:\/\/staging.fbt-avocats.ch\/en\/wp-json\/wp\/v2\/datespeciale?post=22188"}],"curies":[{"name":"wp","href":"https:\/\/api.w.org\/{rel}","templated":true}]}}