{"id":22929,"date":"2023-03-08T17:04:59","date_gmt":"2023-03-08T16:04:59","guid":{"rendered":"https:\/\/www.fbt-avocats.ch\/contrats-de-travail-clauses-de-non-concurrence-principes-generaux-conseils\/"},"modified":"2025-12-01T14:25:44","modified_gmt":"2025-12-01T13:25:44","slug":"contrats-de-travail-clauses-de-non-concurrence-principes-generaux-conseils","status":"publish","type":"post","link":"https:\/\/staging.fbt-avocats.ch\/en\/contrats-de-travail-clauses-de-non-concurrence-principes-generaux-conseils\/","title":{"rendered":"Contrats de travail et clauses de non-concurrence: principes g\u00e9n\u00e9raux et conseils"},"content":{"rendered":"<section  class='av_textblock_section av-7dtlel-54646e090b2362c0ce717e7039213545 '   itemscope=\"itemscope\" itemtype=\"https:\/\/schema.org\/BlogPosting\" itemprop=\"blogPost\" ><div class='avia_textblock'  itemprop=\"text\" ><\/div><\/section>\n\n<style type=\"text\/css\" data-created_by=\"avia_inline_auto\" id=\"style-css-av-6hs9cd-aa7fd7160a86b43089fe650ca2464333\">\n.flex_column.av-6hs9cd-aa7fd7160a86b43089fe650ca2464333{\nborder-radius:0px 0px 0px 0px;\npadding:0px 0px 0px 0px;\n}\n<\/style>\n<div  class='flex_column av-6hs9cd-aa7fd7160a86b43089fe650ca2464333 av_one_full  avia-builder-el-1  el_after_av_textblock  avia-builder-el-last  first flex_column_div av-zero-column-padding  column-top-margin'     ><p>\n<style type=\"text\/css\" data-created_by=\"avia_inline_auto\" id=\"style-css-av-lezvd05x-b1042791f2d47bafd26ad741a8467c97\">\n#top .av-special-heading.av-lezvd05x-b1042791f2d47bafd26ad741a8467c97{\npadding-bottom:10px;\nfont-size:26px;\n}\nbody .av-special-heading.av-lezvd05x-b1042791f2d47bafd26ad741a8467c97 .av-special-heading-tag .heading-char{\nfont-size:25px;\n}\n#top #wrap_all .av-special-heading.av-lezvd05x-b1042791f2d47bafd26ad741a8467c97 .av-special-heading-tag{\nfont-size:26px;\n}\n.av-special-heading.av-lezvd05x-b1042791f2d47bafd26ad741a8467c97 .av-subheading{\nfont-size:15px;\n}\n\n@media only screen and (min-width: 480px) and (max-width: 767px){ \n#top #wrap_all .av-special-heading.av-lezvd05x-b1042791f2d47bafd26ad741a8467c97 .av-special-heading-tag{\nfont-size:0.8em;\n}\n}\n\n@media only screen and (max-width: 479px){ \n#top #wrap_all .av-special-heading.av-lezvd05x-b1042791f2d47bafd26ad741a8467c97 .av-special-heading-tag{\nfont-size:0.8em;\n}\n}\n<\/style>\n<div  class='av-special-heading av-lezvd05x-b1042791f2d47bafd26ad741a8467c97 av-special-heading-h1 blockquote modern-quote  avia-builder-el-2  el_before_av_hr  avia-builder-el-first  av-inherit-size'><h1 class='av-special-heading-tag '  itemprop=\"headline\"  >Contrats de travail et clauses de non-concurrence: principes g\u00e9n\u00e9raux et conseils<\/h1><div class='av-subheading av-subheading_below'><p>Allnews \u2013 Mars 2023<br \/>\nOlivia de Weck<\/p>\n<\/div><div class=\"special-heading-border\"><div class=\"special-heading-inner-border\"><\/div><\/div><\/div><br \/>\n\n<style type=\"text\/css\" data-created_by=\"avia_inline_auto\" id=\"style-css-av-4rtof1-6cb168409d4b952e81360eb2f8cb23b0\">\n#top .hr.hr-invisible.av-4rtof1-6cb168409d4b952e81360eb2f8cb23b0{\nheight:20px;\n}\n<\/style>\n<div  class='hr av-4rtof1-6cb168409d4b952e81360eb2f8cb23b0 hr-invisible  avia-builder-el-3  el_after_av_heading  el_before_av_textblock '><span class='hr-inner '><span class=\"hr-inner-style\"><\/span><\/span><\/div><br \/>\n<section  class='av_textblock_section av-jo5hremo-8df0535b4b08dc00af18df224af1af03 '   itemscope=\"itemscope\" itemtype=\"https:\/\/schema.org\/BlogPosting\" itemprop=\"blogPost\" ><div class='avia_textblock'  itemprop=\"text\" ><div data-canvas-width=\"431.1431666666666\">\n<div class=\"textLayer\">\n<div data-canvas-width=\"318.9300803304\">\n<p><strong>Une clause de non-concurrence doit toujours faire l\u2019objet d\u2019une analyse individuelle, en fonction du domaine d\u2019activit\u00e9 et de la particularit\u00e9 de la relation de travail.<br \/>\n<\/strong><\/p>\n<p>L\u2019exp\u00e9rience a pu d\u00e9montrer que les clauses de prohibition de concurrence pr\u00e9vues dans les contrats de travail sont souvent d\u00e9faillantes et incompl\u00e8tes. Une clause de non-concurrence doit toujours faire l\u2019objet d\u2019une analyse individuelle, en fonction du domaine d\u2019activit\u00e9 et de la particularit\u00e9 de la relation de travail. Il est toujours temps de les faire contr\u00f4ler et, le cas \u00e9ch\u00e9ant, modifier, au risque de leur voir perdre tout validit\u00e9.<\/p>\n<p>Il convient d\u2019abord de rappeler qu\u2019une clause de prohibition de concurrence n\u2019est valable que si elle rev\u00eat la forme \u00e9crite et porte la signature des parties au contrat de travail. Elle peut \u00eatre conclue lors de la conclusion du contrat de travail ou post\u00e9rieurement durant les rapports de travail.<\/p>\n<\/div>\n<\/div>\n<\/div>\n<\/div><\/section><br \/>\n\n<style type=\"text\/css\" data-created_by=\"avia_inline_auto\" id=\"style-css-av-1xwhd9-afd37c19b28461d09397a418e175376c\">\n#top .hr.hr-invisible.av-1xwhd9-afd37c19b28461d09397a418e175376c{\nheight:20px;\n}\n<\/style>\n<div  class='hr av-1xwhd9-afd37c19b28461d09397a418e175376c hr-invisible  avia-builder-el-5  el_after_av_textblock  el_before_av_button '><span class='hr-inner '><span class=\"hr-inner-style\"><\/span><\/span><\/div><br \/>\n<div  class='avia-button-wrap av-jo5hs5ts-e38da3a830bfb1ad3e0fe91162b4f39d-wrap avia-button-left  avia-builder-el-6  el_after_av_hr  avia-builder-el-last '>\n<style type=\"text\/css\" data-created_by=\"avia_inline_auto\" id=\"style-css-av-jo5hs5ts-e38da3a830bfb1ad3e0fe91162b4f39d\">\n#top #wrap_all .avia-button.av-jo5hs5ts-e38da3a830bfb1ad3e0fe91162b4f39d{\nbackground-color:#44525f;\nborder-color:#44525f;\ncolor:#ffffff;\ntransition:all 0.4s ease-in-out;\n}\n#top #wrap_all .avia-button.av-jo5hs5ts-e38da3a830bfb1ad3e0fe91162b4f39d .avia-svg-icon svg:first-child{\nfill:#ffffff;\nstroke:#ffffff;\n}\n<\/style>\n<a href='https:\/\/staging.fbt-avocats.ch\/wp-content\/uploads\/2023\/03\/contrats-de-travail-et-clauses-de-non-concurrence-principes-generaux-et-conseils-allnews.pdf'  class='avia-button av-jo5hs5ts-e38da3a830bfb1ad3e0fe91162b4f39d av-link-btn avia-icon_select-no avia-size-large avia-position-left'  target=\"_blank\"  rel=\"noopener noreferrer\"  aria-label=\"Lire la suite\"><span class='avia_iconbox_title' >Lire la suite<\/span><\/a><\/div><\/p><\/div>\n","protected":false},"excerpt":{"rendered":"<p>Une clause de non-concurrence doit toujours faire l\u2019objet d\u2019une analyse individuelle, en fonction du domaine d\u2019activit\u00e9 et de la particularit\u00e9 de la relation de travail.<\/p>\n","protected":false},"author":18,"featured_media":0,"comment_status":"closed","ping_status":"closed","sticky":false,"template":"","format":"standard","meta":{"footnotes":""},"categories":[84],"tags":[560],"datespeciale":[],"class_list":["post-22929","post","type-post","status-publish","format-standard","hentry","category-media-and-news","tag-allnews-en","competences-labour-and-social-insurance","auteurs-olivia-de-weck-en","date-publication-2023-en","diffusion-groupe-droit-du-travail-en","diffusion-medias-en"],"yoast_head":"<!-- This site is optimized with the Yoast SEO Premium plugin v27.4 (Yoast SEO v27.4) - https:\/\/yoast.com\/product\/yoast-seo-premium-wordpress\/ -->\n<title>Contrats de travail et clauses de non-concurrence: principes g\u00e9n\u00e9raux et conseils | FBT Avocats SA<\/title>\n<meta name=\"robots\" content=\"noindex, follow, max-snippet:-1, max-image-preview:large, max-video-preview:-1\" \/>\n<meta property=\"og:locale\" content=\"en_US\" \/>\n<meta property=\"og:type\" content=\"article\" \/>\n<meta property=\"og:title\" content=\"Contrats de travail et clauses de non-concurrence: principes g\u00e9n\u00e9raux et conseils\" \/>\n<meta property=\"og:description\" content=\"Une clause de non-concurrence doit toujours faire l\u2019objet d\u2019une analyse individuelle, en fonction du domaine d\u2019activit\u00e9 et de la particularit\u00e9 de la relation de travail.\" \/>\n<meta property=\"og:url\" content=\"https:\/\/staging.fbt-avocats.ch\/en\/contrats-de-travail-clauses-de-non-concurrence-principes-generaux-conseils\/\" \/>\n<meta property=\"og:site_name\" content=\"FBT Avocats SA\" \/>\n<meta property=\"article:published_time\" content=\"2023-03-08T16:04:59+00:00\" \/>\n<meta property=\"article:modified_time\" content=\"2025-12-01T13:25:44+00:00\" \/>\n<meta name=\"author\" content=\"Helder Carvalho\" \/>\n<meta name=\"twitter:card\" content=\"summary_large_image\" \/>\n<meta name=\"twitter:label1\" content=\"Written by\" \/>\n\t<meta name=\"twitter:data1\" content=\"Helder Carvalho\" \/>\n\t<meta name=\"twitter:label2\" content=\"Est. reading time\" \/>\n\t<meta name=\"twitter:data2\" content=\"2 minutes\" \/>\n<script type=\"application\/ld+json\" class=\"yoast-schema-graph\">{\"@context\":\"https:\\\/\\\/schema.org\",\"@graph\":[{\"@type\":\"Article\",\"@id\":\"https:\\\/\\\/staging.fbt-avocats.ch\\\/en\\\/contrats-de-travail-clauses-de-non-concurrence-principes-generaux-conseils\\\/#article\",\"isPartOf\":{\"@id\":\"https:\\\/\\\/staging.fbt-avocats.ch\\\/en\\\/contrats-de-travail-clauses-de-non-concurrence-principes-generaux-conseils\\\/\"},\"author\":{\"name\":\"Helder Carvalho\",\"@id\":\"https:\\\/\\\/staging.fbt-avocats.ch\\\/en\\\/#\\\/schema\\\/person\\\/59cfd6ef8354572f3769bd501839bddd\"},\"headline\":\"Contrats de travail et clauses de non-concurrence: principes g\u00e9n\u00e9raux et conseils\",\"datePublished\":\"2023-03-08T16:04:59+00:00\",\"dateModified\":\"2025-12-01T13:25:44+00:00\",\"mainEntityOfPage\":{\"@id\":\"https:\\\/\\\/staging.fbt-avocats.ch\\\/en\\\/contrats-de-travail-clauses-de-non-concurrence-principes-generaux-conseils\\\/\"},\"wordCount\":442,\"keywords\":[\"Allnews\"],\"articleSection\":[\"Media and News\"],\"inLanguage\":\"en-US\"},{\"@type\":\"WebPage\",\"@id\":\"https:\\\/\\\/staging.fbt-avocats.ch\\\/en\\\/contrats-de-travail-clauses-de-non-concurrence-principes-generaux-conseils\\\/\",\"url\":\"https:\\\/\\\/staging.fbt-avocats.ch\\\/en\\\/contrats-de-travail-clauses-de-non-concurrence-principes-generaux-conseils\\\/\",\"name\":\"Contrats de travail et clauses de non-concurrence: principes g\u00e9n\u00e9raux et conseils | FBT Avocats SA\",\"isPartOf\":{\"@id\":\"https:\\\/\\\/staging.fbt-avocats.ch\\\/en\\\/#website\"},\"datePublished\":\"2023-03-08T16:04:59+00:00\",\"dateModified\":\"2025-12-01T13:25:44+00:00\",\"author\":{\"@id\":\"https:\\\/\\\/staging.fbt-avocats.ch\\\/en\\\/#\\\/schema\\\/person\\\/59cfd6ef8354572f3769bd501839bddd\"},\"breadcrumb\":{\"@id\":\"https:\\\/\\\/staging.fbt-avocats.ch\\\/en\\\/contrats-de-travail-clauses-de-non-concurrence-principes-generaux-conseils\\\/#breadcrumb\"},\"inLanguage\":\"en-US\",\"potentialAction\":[{\"@type\":\"ReadAction\",\"target\":[\"https:\\\/\\\/staging.fbt-avocats.ch\\\/en\\\/contrats-de-travail-clauses-de-non-concurrence-principes-generaux-conseils\\\/\"]}]},{\"@type\":\"BreadcrumbList\",\"@id\":\"https:\\\/\\\/staging.fbt-avocats.ch\\\/en\\\/contrats-de-travail-clauses-de-non-concurrence-principes-generaux-conseils\\\/#breadcrumb\",\"itemListElement\":[{\"@type\":\"ListItem\",\"position\":1,\"name\":\"Home\",\"item\":\"https:\\\/\\\/staging.fbt-avocats.ch\\\/en\\\/\"},{\"@type\":\"ListItem\",\"position\":2,\"name\":\"Contrats de travail et clauses de non-concurrence: principes g\u00e9n\u00e9raux et conseils\"}]},{\"@type\":\"WebSite\",\"@id\":\"https:\\\/\\\/staging.fbt-avocats.ch\\\/en\\\/#website\",\"url\":\"https:\\\/\\\/staging.fbt-avocats.ch\\\/en\\\/\",\"name\":\"FBT Avocats SA\",\"description\":\"Etudes bas\u00e9es \u00e0 Gen\u00e8ve et Paris\",\"potentialAction\":[{\"@type\":\"SearchAction\",\"target\":{\"@type\":\"EntryPoint\",\"urlTemplate\":\"https:\\\/\\\/staging.fbt-avocats.ch\\\/en\\\/?s={search_term_string}\"},\"query-input\":{\"@type\":\"PropertyValueSpecification\",\"valueRequired\":true,\"valueName\":\"search_term_string\"}}],\"inLanguage\":\"en-US\"},{\"@type\":\"Person\",\"@id\":\"https:\\\/\\\/staging.fbt-avocats.ch\\\/en\\\/#\\\/schema\\\/person\\\/59cfd6ef8354572f3769bd501839bddd\",\"name\":\"Helder Carvalho\"}]}<\/script>\n<!-- \/ Yoast SEO Premium plugin. -->","yoast_head_json":{"title":"Contrats de travail et clauses de non-concurrence: principes g\u00e9n\u00e9raux et conseils | FBT Avocats SA","robots":{"index":"noindex","follow":"follow","max-snippet":"max-snippet:-1","max-image-preview":"max-image-preview:large","max-video-preview":"max-video-preview:-1"},"og_locale":"en_US","og_type":"article","og_title":"Contrats de travail et clauses de non-concurrence: principes g\u00e9n\u00e9raux et conseils","og_description":"Une clause de non-concurrence doit toujours faire l\u2019objet d\u2019une analyse individuelle, en fonction du domaine d\u2019activit\u00e9 et de la particularit\u00e9 de la relation de travail.","og_url":"https:\/\/staging.fbt-avocats.ch\/en\/contrats-de-travail-clauses-de-non-concurrence-principes-generaux-conseils\/","og_site_name":"FBT Avocats SA","article_published_time":"2023-03-08T16:04:59+00:00","article_modified_time":"2025-12-01T13:25:44+00:00","author":"Helder Carvalho","twitter_card":"summary_large_image","twitter_misc":{"Written by":"Helder Carvalho","Est. reading time":"2 minutes"},"schema":{"@context":"https:\/\/schema.org","@graph":[{"@type":"Article","@id":"https:\/\/staging.fbt-avocats.ch\/en\/contrats-de-travail-clauses-de-non-concurrence-principes-generaux-conseils\/#article","isPartOf":{"@id":"https:\/\/staging.fbt-avocats.ch\/en\/contrats-de-travail-clauses-de-non-concurrence-principes-generaux-conseils\/"},"author":{"name":"Helder Carvalho","@id":"https:\/\/staging.fbt-avocats.ch\/en\/#\/schema\/person\/59cfd6ef8354572f3769bd501839bddd"},"headline":"Contrats de travail et clauses de non-concurrence: principes g\u00e9n\u00e9raux et conseils","datePublished":"2023-03-08T16:04:59+00:00","dateModified":"2025-12-01T13:25:44+00:00","mainEntityOfPage":{"@id":"https:\/\/staging.fbt-avocats.ch\/en\/contrats-de-travail-clauses-de-non-concurrence-principes-generaux-conseils\/"},"wordCount":442,"keywords":["Allnews"],"articleSection":["Media and News"],"inLanguage":"en-US"},{"@type":"WebPage","@id":"https:\/\/staging.fbt-avocats.ch\/en\/contrats-de-travail-clauses-de-non-concurrence-principes-generaux-conseils\/","url":"https:\/\/staging.fbt-avocats.ch\/en\/contrats-de-travail-clauses-de-non-concurrence-principes-generaux-conseils\/","name":"Contrats de travail et clauses de non-concurrence: principes g\u00e9n\u00e9raux et conseils | FBT Avocats SA","isPartOf":{"@id":"https:\/\/staging.fbt-avocats.ch\/en\/#website"},"datePublished":"2023-03-08T16:04:59+00:00","dateModified":"2025-12-01T13:25:44+00:00","author":{"@id":"https:\/\/staging.fbt-avocats.ch\/en\/#\/schema\/person\/59cfd6ef8354572f3769bd501839bddd"},"breadcrumb":{"@id":"https:\/\/staging.fbt-avocats.ch\/en\/contrats-de-travail-clauses-de-non-concurrence-principes-generaux-conseils\/#breadcrumb"},"inLanguage":"en-US","potentialAction":[{"@type":"ReadAction","target":["https:\/\/staging.fbt-avocats.ch\/en\/contrats-de-travail-clauses-de-non-concurrence-principes-generaux-conseils\/"]}]},{"@type":"BreadcrumbList","@id":"https:\/\/staging.fbt-avocats.ch\/en\/contrats-de-travail-clauses-de-non-concurrence-principes-generaux-conseils\/#breadcrumb","itemListElement":[{"@type":"ListItem","position":1,"name":"Home","item":"https:\/\/staging.fbt-avocats.ch\/en\/"},{"@type":"ListItem","position":2,"name":"Contrats de travail et clauses de non-concurrence: principes g\u00e9n\u00e9raux et conseils"}]},{"@type":"WebSite","@id":"https:\/\/staging.fbt-avocats.ch\/en\/#website","url":"https:\/\/staging.fbt-avocats.ch\/en\/","name":"FBT Avocats SA","description":"Etudes bas\u00e9es \u00e0 Gen\u00e8ve et Paris","potentialAction":[{"@type":"SearchAction","target":{"@type":"EntryPoint","urlTemplate":"https:\/\/staging.fbt-avocats.ch\/en\/?s={search_term_string}"},"query-input":{"@type":"PropertyValueSpecification","valueRequired":true,"valueName":"search_term_string"}}],"inLanguage":"en-US"},{"@type":"Person","@id":"https:\/\/staging.fbt-avocats.ch\/en\/#\/schema\/person\/59cfd6ef8354572f3769bd501839bddd","name":"Helder Carvalho"}]}},"_links":{"self":[{"href":"https:\/\/staging.fbt-avocats.ch\/en\/wp-json\/wp\/v2\/posts\/22929","targetHints":{"allow":["GET"]}}],"collection":[{"href":"https:\/\/staging.fbt-avocats.ch\/en\/wp-json\/wp\/v2\/posts"}],"about":[{"href":"https:\/\/staging.fbt-avocats.ch\/en\/wp-json\/wp\/v2\/types\/post"}],"author":[{"embeddable":true,"href":"https:\/\/staging.fbt-avocats.ch\/en\/wp-json\/wp\/v2\/users\/18"}],"replies":[{"embeddable":true,"href":"https:\/\/staging.fbt-avocats.ch\/en\/wp-json\/wp\/v2\/comments?post=22929"}],"version-history":[{"count":0,"href":"https:\/\/staging.fbt-avocats.ch\/en\/wp-json\/wp\/v2\/posts\/22929\/revisions"}],"wp:attachment":[{"href":"https:\/\/staging.fbt-avocats.ch\/en\/wp-json\/wp\/v2\/media?parent=22929"}],"wp:term":[{"taxonomy":"category","embeddable":true,"href":"https:\/\/staging.fbt-avocats.ch\/en\/wp-json\/wp\/v2\/categories?post=22929"},{"taxonomy":"post_tag","embeddable":true,"href":"https:\/\/staging.fbt-avocats.ch\/en\/wp-json\/wp\/v2\/tags?post=22929"},{"taxonomy":"datespeciale","embeddable":true,"href":"https:\/\/staging.fbt-avocats.ch\/en\/wp-json\/wp\/v2\/datespeciale?post=22929"}],"curies":[{"name":"wp","href":"https:\/\/api.w.org\/{rel}","templated":true}]}}