{"id":22972,"date":"2023-03-28T10:12:51","date_gmt":"2023-03-28T09:12:51","guid":{"rendered":"https:\/\/www.fbt-avocats.ch\/4-avril-2023-webinaire-fiscal-asg-fbt-avocats-conseil-fiscal-aux-clients\/"},"modified":"2023-03-28T10:14:13","modified_gmt":"2023-03-28T09:14:13","slug":"4-avril-2023-webinaire-fiscal-asg-fbt-avocats-conseil-fiscal-aux-clients","status":"publish","type":"post","link":"https:\/\/staging.fbt-avocats.ch\/en\/4-avril-2023-webinaire-fiscal-asg-fbt-avocats-conseil-fiscal-aux-clients\/","title":{"rendered":"4 avril 2023 &#8211; Webinaire fiscal ASG et FBT Avocats SA &#8211; Conseil fiscal aux clients"},"content":{"rendered":"\n<style type=\"text\/css\" data-created_by=\"avia_inline_auto\" id=\"style-css-av-2etm70-18119d64f2fb4dae83c6c7ce50a97b7b\">\n.flex_column.av-2etm70-18119d64f2fb4dae83c6c7ce50a97b7b{\nborder-radius:0px 0px 0px 0px;\npadding:0px 0px 0px 0px;\n}\n<\/style>\n<div  class='flex_column av-2etm70-18119d64f2fb4dae83c6c7ce50a97b7b av_one_full  avia-builder-el-0  avia-builder-el-no-sibling  first flex_column_div av-zero-column-padding  '     ><p>\n<style type=\"text\/css\" data-created_by=\"avia_inline_auto\" id=\"style-css-av-lfs1d16k-2e16e52aa6ec8e01906e32d7c1e56508\">\n#top .av-special-heading.av-lfs1d16k-2e16e52aa6ec8e01906e32d7c1e56508{\npadding-bottom:10px;\nfont-size:26px;\n}\nbody .av-special-heading.av-lfs1d16k-2e16e52aa6ec8e01906e32d7c1e56508 .av-special-heading-tag .heading-char{\nfont-size:25px;\n}\n#top #wrap_all .av-special-heading.av-lfs1d16k-2e16e52aa6ec8e01906e32d7c1e56508 .av-special-heading-tag{\nfont-size:26px;\n}\n.av-special-heading.av-lfs1d16k-2e16e52aa6ec8e01906e32d7c1e56508 .av-subheading{\nfont-size:15px;\n}\n\n@media only screen and (min-width: 480px) and (max-width: 767px){ \n#top #wrap_all .av-special-heading.av-lfs1d16k-2e16e52aa6ec8e01906e32d7c1e56508 .av-special-heading-tag{\nfont-size:0.8em;\n}\n}\n\n@media only screen and (max-width: 479px){ \n#top #wrap_all .av-special-heading.av-lfs1d16k-2e16e52aa6ec8e01906e32d7c1e56508 .av-special-heading-tag{\nfont-size:0.8em;\n}\n}\n<\/style>\n<div  class='av-special-heading av-lfs1d16k-2e16e52aa6ec8e01906e32d7c1e56508 av-special-heading-h1 blockquote modern-quote  avia-builder-el-1  el_before_av_textblock  avia-builder-el-first  av-inherit-size'><h1 class='av-special-heading-tag '  itemprop=\"headline\"  >Webinaire fiscal ASG et FBT Avocats SA &#8211; Conseil fiscal aux clients<\/h1><div class='av-subheading av-subheading_below'><p>4 avril 2023<br \/>\nSt\u00e9phanie Barreira et Marco Villa<\/p>\n<\/div><div class=\"special-heading-border\"><div class=\"special-heading-inner-border\"><\/div><\/div><\/div><br \/>\n<section  class='av_textblock_section av-jnbvyq3d-c7f69aaf0105aaab2cdd6aefc764e89e '   itemscope=\"itemscope\" itemtype=\"https:\/\/schema.org\/BlogPosting\" itemprop=\"blogPost\" ><div class='avia_textblock'  itemprop=\"text\" ><p>Conseil fiscal donn\u00e9 par le GF \u00e0 ses clients:<\/p>\n<ol>\n<li>Les r\u00e9flexes \u00e0 d\u00e9velopper par le GF et les questions \u00e0 poser aux clients aux fins de les orienter vers le conseiller fiscal ad\u00e9quat.<\/li>\n<li>L\u2019\u00e9ventuelle responsabilit\u00e9 du GF pour conseil fiscal : Le conseil en lien avec l\u2019instrument financier et le conseil plus global en lien avec la situation du client.<\/li>\n<\/ol>\n<\/div><\/section><br \/>\n\n<style type=\"text\/css\" data-created_by=\"avia_inline_auto\" id=\"style-css-av-jnbvy448-af61e942265cee5c52b6bd275e002429\">\n#top .hr.hr-invisible.av-jnbvy448-af61e942265cee5c52b6bd275e002429{\nheight:20px;\n}\n<\/style>\n<div  class='hr av-jnbvy448-af61e942265cee5c52b6bd275e002429 hr-invisible  avia-builder-el-3  el_after_av_textblock  el_before_av_button '><span class='hr-inner '><span class=\"hr-inner-style\"><\/span><\/span><\/div><br \/>\n<div  class='avia-button-wrap av-jnbw0rxe-169c58e4eec53c7faa9077daa7ae9c7f-wrap avia-button-left  avia-builder-el-4  el_after_av_hr  avia-builder-el-last '>\n<style type=\"text\/css\" data-created_by=\"avia_inline_auto\" id=\"style-css-av-jnbw0rxe-169c58e4eec53c7faa9077daa7ae9c7f\">\n#top #wrap_all .avia-button.av-jnbw0rxe-169c58e4eec53c7faa9077daa7ae9c7f{\nbackground-color:#44525f;\nborder-color:#44525f;\ncolor:#ffffff;\ntransition:all 0.4s ease-in-out;\n}\n#top #wrap_all .avia-button.av-jnbw0rxe-169c58e4eec53c7faa9077daa7ae9c7f .avia-svg-icon svg:first-child{\nfill:#ffffff;\nstroke:#ffffff;\n}\n<\/style>\n<a href='https:\/\/www.vsv-asg-training.ch\/fr\/agenda-detail?id=657d9b7f-380e-4364-a52b-c3203caf49e5&amp;previousPage=https%3A%2F%2Fwww.vsv-asg-training.ch%2Ffr%2Fbildungsangebote'  class='avia-button av-jnbw0rxe-169c58e4eec53c7faa9077daa7ae9c7f av-link-btn avia-icon_select-no avia-size-large avia-position-left'   aria-label=\"Lire la suite\"><span class='avia_iconbox_title' >Lire la suite<\/span><\/a><\/div><\/p><\/div>\n","protected":false},"excerpt":{"rendered":"","protected":false},"author":18,"featured_media":0,"comment_status":"closed","ping_status":"closed","sticky":false,"template":"","format":"standard","meta":{"footnotes":""},"categories":[52],"tags":[749],"datespeciale":[],"class_list":["post-22972","post","type-post","status-publish","format-standard","hentry","category-en-conferences","tag-asg-en","competences-corporate-and-commercial","competences-tax","auteurs-marco-villa-en","auteurs-stephanie-barreira-en-2","date-publication-2023-en","diffusion-conferences-en"],"yoast_head":"<!-- This site is optimized with the Yoast SEO Premium plugin v27.4 (Yoast SEO v27.4) - https:\/\/yoast.com\/product\/yoast-seo-premium-wordpress\/ -->\n<title>4 avril 2023 - Webinaire fiscal ASG et FBT Avocats SA - Conseil fiscal aux clients | FBT Avocats SA<\/title>\n<meta name=\"robots\" content=\"noindex, follow, max-snippet:-1, max-image-preview:large, max-video-preview:-1\" \/>\n<meta property=\"og:locale\" content=\"en_US\" \/>\n<meta property=\"og:type\" content=\"article\" \/>\n<meta property=\"og:title\" content=\"4 avril 2023 - Webinaire fiscal ASG et FBT Avocats SA - Conseil fiscal aux clients\" \/>\n<meta property=\"og:url\" content=\"https:\/\/staging.fbt-avocats.ch\/en\/4-avril-2023-webinaire-fiscal-asg-fbt-avocats-conseil-fiscal-aux-clients\/\" \/>\n<meta property=\"og:site_name\" content=\"FBT Avocats SA\" \/>\n<meta property=\"article:published_time\" content=\"2023-03-28T09:12:51+00:00\" \/>\n<meta property=\"article:modified_time\" content=\"2023-03-28T09:14:13+00:00\" \/>\n<meta name=\"author\" content=\"Helder Carvalho\" \/>\n<meta name=\"twitter:card\" content=\"summary_large_image\" \/>\n<meta name=\"twitter:label1\" content=\"Written by\" \/>\n\t<meta name=\"twitter:data1\" content=\"Helder Carvalho\" \/>\n\t<meta name=\"twitter:label2\" content=\"Est. reading time\" \/>\n\t<meta name=\"twitter:data2\" content=\"2 minutes\" \/>\n<script type=\"application\/ld+json\" class=\"yoast-schema-graph\">{\"@context\":\"https:\\\/\\\/schema.org\",\"@graph\":[{\"@type\":\"Article\",\"@id\":\"https:\\\/\\\/staging.fbt-avocats.ch\\\/en\\\/4-avril-2023-webinaire-fiscal-asg-fbt-avocats-conseil-fiscal-aux-clients\\\/#article\",\"isPartOf\":{\"@id\":\"https:\\\/\\\/staging.fbt-avocats.ch\\\/en\\\/4-avril-2023-webinaire-fiscal-asg-fbt-avocats-conseil-fiscal-aux-clients\\\/\"},\"author\":{\"name\":\"Helder Carvalho\",\"@id\":\"https:\\\/\\\/staging.fbt-avocats.ch\\\/#\\\/schema\\\/person\\\/59cfd6ef8354572f3769bd501839bddd\"},\"headline\":\"4 avril 2023 &#8211; Webinaire fiscal ASG et FBT Avocats SA &#8211; Conseil fiscal aux clients\",\"datePublished\":\"2023-03-28T09:12:51+00:00\",\"dateModified\":\"2023-03-28T09:14:13+00:00\",\"mainEntityOfPage\":{\"@id\":\"https:\\\/\\\/staging.fbt-avocats.ch\\\/en\\\/4-avril-2023-webinaire-fiscal-asg-fbt-avocats-conseil-fiscal-aux-clients\\\/\"},\"wordCount\":329,\"keywords\":[\"ASG\"],\"articleSection\":[\"Conferences\"],\"inLanguage\":\"en-US\"},{\"@type\":\"WebPage\",\"@id\":\"https:\\\/\\\/staging.fbt-avocats.ch\\\/en\\\/4-avril-2023-webinaire-fiscal-asg-fbt-avocats-conseil-fiscal-aux-clients\\\/\",\"url\":\"https:\\\/\\\/staging.fbt-avocats.ch\\\/en\\\/4-avril-2023-webinaire-fiscal-asg-fbt-avocats-conseil-fiscal-aux-clients\\\/\",\"name\":\"4 avril 2023 - Webinaire fiscal ASG et FBT Avocats SA - Conseil fiscal aux clients | FBT Avocats SA\",\"isPartOf\":{\"@id\":\"https:\\\/\\\/staging.fbt-avocats.ch\\\/#website\"},\"datePublished\":\"2023-03-28T09:12:51+00:00\",\"dateModified\":\"2023-03-28T09:14:13+00:00\",\"author\":{\"@id\":\"https:\\\/\\\/staging.fbt-avocats.ch\\\/#\\\/schema\\\/person\\\/59cfd6ef8354572f3769bd501839bddd\"},\"breadcrumb\":{\"@id\":\"https:\\\/\\\/staging.fbt-avocats.ch\\\/en\\\/4-avril-2023-webinaire-fiscal-asg-fbt-avocats-conseil-fiscal-aux-clients\\\/#breadcrumb\"},\"inLanguage\":\"en-US\",\"potentialAction\":[{\"@type\":\"ReadAction\",\"target\":[\"https:\\\/\\\/staging.fbt-avocats.ch\\\/en\\\/4-avril-2023-webinaire-fiscal-asg-fbt-avocats-conseil-fiscal-aux-clients\\\/\"]}]},{\"@type\":\"BreadcrumbList\",\"@id\":\"https:\\\/\\\/staging.fbt-avocats.ch\\\/en\\\/4-avril-2023-webinaire-fiscal-asg-fbt-avocats-conseil-fiscal-aux-clients\\\/#breadcrumb\",\"itemListElement\":[{\"@type\":\"ListItem\",\"position\":1,\"name\":\"Home\",\"item\":\"https:\\\/\\\/staging.fbt-avocats.ch\\\/en\\\/\"},{\"@type\":\"ListItem\",\"position\":2,\"name\":\"4 avril 2023 &#8211; Webinaire fiscal ASG et FBT Avocats SA &#8211; Conseil fiscal aux clients\"}]},{\"@type\":\"WebSite\",\"@id\":\"https:\\\/\\\/staging.fbt-avocats.ch\\\/#website\",\"url\":\"https:\\\/\\\/staging.fbt-avocats.ch\\\/\",\"name\":\"FBT Avocats SA\",\"description\":\"Etudes bas\u00e9es \u00e0 Gen\u00e8ve et Paris\",\"potentialAction\":[{\"@type\":\"SearchAction\",\"target\":{\"@type\":\"EntryPoint\",\"urlTemplate\":\"https:\\\/\\\/staging.fbt-avocats.ch\\\/?s={search_term_string}\"},\"query-input\":{\"@type\":\"PropertyValueSpecification\",\"valueRequired\":true,\"valueName\":\"search_term_string\"}}],\"inLanguage\":\"en-US\"},{\"@type\":\"Person\",\"@id\":\"https:\\\/\\\/staging.fbt-avocats.ch\\\/#\\\/schema\\\/person\\\/59cfd6ef8354572f3769bd501839bddd\",\"name\":\"Helder Carvalho\"}]}<\/script>\n<!-- \/ Yoast SEO Premium plugin. -->","yoast_head_json":{"title":"4 avril 2023 - Webinaire fiscal ASG et FBT Avocats SA - Conseil fiscal aux clients | FBT Avocats SA","robots":{"index":"noindex","follow":"follow","max-snippet":"max-snippet:-1","max-image-preview":"max-image-preview:large","max-video-preview":"max-video-preview:-1"},"og_locale":"en_US","og_type":"article","og_title":"4 avril 2023 - Webinaire fiscal ASG et FBT Avocats SA - Conseil fiscal aux clients","og_url":"https:\/\/staging.fbt-avocats.ch\/en\/4-avril-2023-webinaire-fiscal-asg-fbt-avocats-conseil-fiscal-aux-clients\/","og_site_name":"FBT Avocats SA","article_published_time":"2023-03-28T09:12:51+00:00","article_modified_time":"2023-03-28T09:14:13+00:00","author":"Helder Carvalho","twitter_card":"summary_large_image","twitter_misc":{"Written by":"Helder Carvalho","Est. reading time":"2 minutes"},"schema":{"@context":"https:\/\/schema.org","@graph":[{"@type":"Article","@id":"https:\/\/staging.fbt-avocats.ch\/en\/4-avril-2023-webinaire-fiscal-asg-fbt-avocats-conseil-fiscal-aux-clients\/#article","isPartOf":{"@id":"https:\/\/staging.fbt-avocats.ch\/en\/4-avril-2023-webinaire-fiscal-asg-fbt-avocats-conseil-fiscal-aux-clients\/"},"author":{"name":"Helder Carvalho","@id":"https:\/\/staging.fbt-avocats.ch\/#\/schema\/person\/59cfd6ef8354572f3769bd501839bddd"},"headline":"4 avril 2023 &#8211; Webinaire fiscal ASG et FBT Avocats SA &#8211; Conseil fiscal aux clients","datePublished":"2023-03-28T09:12:51+00:00","dateModified":"2023-03-28T09:14:13+00:00","mainEntityOfPage":{"@id":"https:\/\/staging.fbt-avocats.ch\/en\/4-avril-2023-webinaire-fiscal-asg-fbt-avocats-conseil-fiscal-aux-clients\/"},"wordCount":329,"keywords":["ASG"],"articleSection":["Conferences"],"inLanguage":"en-US"},{"@type":"WebPage","@id":"https:\/\/staging.fbt-avocats.ch\/en\/4-avril-2023-webinaire-fiscal-asg-fbt-avocats-conseil-fiscal-aux-clients\/","url":"https:\/\/staging.fbt-avocats.ch\/en\/4-avril-2023-webinaire-fiscal-asg-fbt-avocats-conseil-fiscal-aux-clients\/","name":"4 avril 2023 - Webinaire fiscal ASG et FBT Avocats SA - Conseil fiscal aux clients | FBT Avocats SA","isPartOf":{"@id":"https:\/\/staging.fbt-avocats.ch\/#website"},"datePublished":"2023-03-28T09:12:51+00:00","dateModified":"2023-03-28T09:14:13+00:00","author":{"@id":"https:\/\/staging.fbt-avocats.ch\/#\/schema\/person\/59cfd6ef8354572f3769bd501839bddd"},"breadcrumb":{"@id":"https:\/\/staging.fbt-avocats.ch\/en\/4-avril-2023-webinaire-fiscal-asg-fbt-avocats-conseil-fiscal-aux-clients\/#breadcrumb"},"inLanguage":"en-US","potentialAction":[{"@type":"ReadAction","target":["https:\/\/staging.fbt-avocats.ch\/en\/4-avril-2023-webinaire-fiscal-asg-fbt-avocats-conseil-fiscal-aux-clients\/"]}]},{"@type":"BreadcrumbList","@id":"https:\/\/staging.fbt-avocats.ch\/en\/4-avril-2023-webinaire-fiscal-asg-fbt-avocats-conseil-fiscal-aux-clients\/#breadcrumb","itemListElement":[{"@type":"ListItem","position":1,"name":"Home","item":"https:\/\/staging.fbt-avocats.ch\/en\/"},{"@type":"ListItem","position":2,"name":"4 avril 2023 &#8211; Webinaire fiscal ASG et FBT Avocats SA &#8211; Conseil fiscal aux clients"}]},{"@type":"WebSite","@id":"https:\/\/staging.fbt-avocats.ch\/#website","url":"https:\/\/staging.fbt-avocats.ch\/","name":"FBT Avocats SA","description":"Etudes bas\u00e9es \u00e0 Gen\u00e8ve et Paris","potentialAction":[{"@type":"SearchAction","target":{"@type":"EntryPoint","urlTemplate":"https:\/\/staging.fbt-avocats.ch\/?s={search_term_string}"},"query-input":{"@type":"PropertyValueSpecification","valueRequired":true,"valueName":"search_term_string"}}],"inLanguage":"en-US"},{"@type":"Person","@id":"https:\/\/staging.fbt-avocats.ch\/#\/schema\/person\/59cfd6ef8354572f3769bd501839bddd","name":"Helder Carvalho"}]}},"_links":{"self":[{"href":"https:\/\/staging.fbt-avocats.ch\/en\/wp-json\/wp\/v2\/posts\/22972","targetHints":{"allow":["GET"]}}],"collection":[{"href":"https:\/\/staging.fbt-avocats.ch\/en\/wp-json\/wp\/v2\/posts"}],"about":[{"href":"https:\/\/staging.fbt-avocats.ch\/en\/wp-json\/wp\/v2\/types\/post"}],"author":[{"embeddable":true,"href":"https:\/\/staging.fbt-avocats.ch\/en\/wp-json\/wp\/v2\/users\/18"}],"replies":[{"embeddable":true,"href":"https:\/\/staging.fbt-avocats.ch\/en\/wp-json\/wp\/v2\/comments?post=22972"}],"version-history":[{"count":0,"href":"https:\/\/staging.fbt-avocats.ch\/en\/wp-json\/wp\/v2\/posts\/22972\/revisions"}],"wp:attachment":[{"href":"https:\/\/staging.fbt-avocats.ch\/en\/wp-json\/wp\/v2\/media?parent=22972"}],"wp:term":[{"taxonomy":"category","embeddable":true,"href":"https:\/\/staging.fbt-avocats.ch\/en\/wp-json\/wp\/v2\/categories?post=22972"},{"taxonomy":"post_tag","embeddable":true,"href":"https:\/\/staging.fbt-avocats.ch\/en\/wp-json\/wp\/v2\/tags?post=22972"},{"taxonomy":"datespeciale","embeddable":true,"href":"https:\/\/staging.fbt-avocats.ch\/en\/wp-json\/wp\/v2\/datespeciale?post=22972"}],"curies":[{"name":"wp","href":"https:\/\/api.w.org\/{rel}","templated":true}]}}