{"id":23127,"date":"2023-05-10T13:32:46","date_gmt":"2023-05-10T12:32:46","guid":{"rendered":"https:\/\/www.fbt-avocats.ch\/limites-droit-dacces-aux-donnees-de-lart-8-lpd-situation-actuelle-droit-a-lavenir\/"},"modified":"2023-05-10T13:34:33","modified_gmt":"2023-05-10T12:34:33","slug":"limites-droit-dacces-aux-donnees-de-lart-8-lpd-situation-actuelle-droit-a-lavenir","status":"publish","type":"post","link":"https:\/\/staging.fbt-avocats.ch\/en\/limites-droit-dacces-aux-donnees-de-lart-8-lpd-situation-actuelle-droit-a-lavenir\/","title":{"rendered":"Les limites du droit d&#8217;acc\u00e8s aux donn\u00e9es de l&#8217;art. 8 LPD (Situation actuelle et droit \u00e0 l&#8217;avenir)"},"content":{"rendered":"<section  class='av_textblock_section av-7dtlel-54646e090b2362c0ce717e7039213545 '   itemscope=\"itemscope\" itemtype=\"https:\/\/schema.org\/BlogPosting\" itemprop=\"blogPost\" ><div class='avia_textblock'  itemprop=\"text\" ><\/div><\/section>\n\n<style type=\"text\/css\" data-created_by=\"avia_inline_auto\" id=\"style-css-av-6hs9cd-aa7fd7160a86b43089fe650ca2464333\">\n.flex_column.av-6hs9cd-aa7fd7160a86b43089fe650ca2464333{\nborder-radius:0px 0px 0px 0px;\npadding:0px 0px 0px 0px;\n}\n<\/style>\n<div  class='flex_column av-6hs9cd-aa7fd7160a86b43089fe650ca2464333 av_one_full  avia-builder-el-1  el_after_av_textblock  avia-builder-el-last  first flex_column_div av-zero-column-padding  column-top-margin'     ><p>\n<style type=\"text\/css\" data-created_by=\"avia_inline_auto\" id=\"style-css-av-lhhojji8-7cf91cc7aafbecae16689e1e7f1018e9\">\n#top .av-special-heading.av-lhhojji8-7cf91cc7aafbecae16689e1e7f1018e9{\npadding-bottom:10px;\nfont-size:26px;\n}\nbody .av-special-heading.av-lhhojji8-7cf91cc7aafbecae16689e1e7f1018e9 .av-special-heading-tag .heading-char{\nfont-size:25px;\n}\n#top #wrap_all .av-special-heading.av-lhhojji8-7cf91cc7aafbecae16689e1e7f1018e9 .av-special-heading-tag{\nfont-size:26px;\n}\n.av-special-heading.av-lhhojji8-7cf91cc7aafbecae16689e1e7f1018e9 .av-subheading{\nfont-size:15px;\n}\n\n@media only screen and (min-width: 480px) and (max-width: 767px){ \n#top #wrap_all .av-special-heading.av-lhhojji8-7cf91cc7aafbecae16689e1e7f1018e9 .av-special-heading-tag{\nfont-size:0.8em;\n}\n}\n\n@media only screen and (max-width: 479px){ \n#top #wrap_all .av-special-heading.av-lhhojji8-7cf91cc7aafbecae16689e1e7f1018e9 .av-special-heading-tag{\nfont-size:0.8em;\n}\n}\n<\/style>\n<div  class='av-special-heading av-lhhojji8-7cf91cc7aafbecae16689e1e7f1018e9 av-special-heading-h1 blockquote modern-quote  avia-builder-el-2  el_before_av_hr  avia-builder-el-first  av-inherit-size'><h1 class='av-special-heading-tag '  itemprop=\"headline\"  >Les limites du droit d\u2018acc\u00e8s aux donn\u00e9es de l\u2019art. 8 LPD (Situation actuelle et droit \u00e0 l\u2019avenir)<\/h1><div class='av-subheading av-subheading_below'><p>FBT Avocats \u2013 Mai 2023<br \/>\nSerge Fasel et Olivia de Weck<\/p>\n<\/div><div class=\"special-heading-border\"><div class=\"special-heading-inner-border\"><\/div><\/div><\/div><br \/>\n\n<style type=\"text\/css\" data-created_by=\"avia_inline_auto\" id=\"style-css-av-4rtof1-6cb168409d4b952e81360eb2f8cb23b0\">\n#top .hr.hr-invisible.av-4rtof1-6cb168409d4b952e81360eb2f8cb23b0{\nheight:20px;\n}\n<\/style>\n<div  class='hr av-4rtof1-6cb168409d4b952e81360eb2f8cb23b0 hr-invisible  avia-builder-el-3  el_after_av_heading  el_before_av_textblock '><span class='hr-inner '><span class=\"hr-inner-style\"><\/span><\/span><\/div><br \/>\n<section  class='av_textblock_section av-jo5hremo-8df0535b4b08dc00af18df224af1af03 '   itemscope=\"itemscope\" itemtype=\"https:\/\/schema.org\/BlogPosting\" itemprop=\"blogPost\" ><div class='avia_textblock'  itemprop=\"text\" ><div data-canvas-width=\"431.1431666666666\">\n<div class=\"textLayer\">\n<div data-canvas-width=\"318.9300803304\">\n<p>A l\u2019heure o\u00f9 la collecte de donn\u00e9es suscite le plus grand int\u00e9r\u00eat des entreprises mais affole les particuliers, la protection des donn\u00e9es personnelles est devenue un enjeu majeur. La loi f\u00e9d\u00e9rale sur la protection des donn\u00e9es (LPD ; RS 235.1), entr\u00e9e en vigueur en 1993, constitue son garde-fou. Elle a pour but de r\u00e9gler le traitement et la communication des donn\u00e9es, tant dans le secteur public que priv\u00e9, ainsi que le droit central du particulier, d\u2019avoir acc\u00e8s \u00e0 ses donn\u00e9es (art. 8 LPD).<\/p>\n<\/div>\n<div data-canvas-width=\"318.9300803304\"><\/div>\n<div data-canvas-width=\"318.9300803304\"><\/div>\n<div data-canvas-width=\"318.9300803304\"><\/div>\n<div data-canvas-width=\"318.9300803304\"><\/div>\n<div data-canvas-width=\"318.9300803304\"><\/div>\n<div data-canvas-width=\"318.9300803304\"><\/div>\n<div data-canvas-width=\"318.9300803304\"><\/div>\n<div data-canvas-width=\"318.9300803304\"><\/div>\n<div data-canvas-width=\"318.9300803304\"><\/div>\n<\/div>\n<\/div>\n<\/div><\/section><br \/>\n\n<style type=\"text\/css\" data-created_by=\"avia_inline_auto\" id=\"style-css-av-1xwhd9-afd37c19b28461d09397a418e175376c\">\n#top .hr.hr-invisible.av-1xwhd9-afd37c19b28461d09397a418e175376c{\nheight:20px;\n}\n<\/style>\n<div  class='hr av-1xwhd9-afd37c19b28461d09397a418e175376c hr-invisible  avia-builder-el-5  el_after_av_textblock  el_before_av_button '><span class='hr-inner '><span class=\"hr-inner-style\"><\/span><\/span><\/div><br \/>\n<div  class='avia-button-wrap av-jo5hs5ts-c0a958f7ac28d7c4c3b3215e9d73dcb3-wrap avia-button-left  avia-builder-el-6  el_after_av_hr  avia-builder-el-last '>\n<style type=\"text\/css\" data-created_by=\"avia_inline_auto\" id=\"style-css-av-jo5hs5ts-c0a958f7ac28d7c4c3b3215e9d73dcb3\">\n#top #wrap_all .avia-button.av-jo5hs5ts-c0a958f7ac28d7c4c3b3215e9d73dcb3{\nbackground-color:#44525f;\nborder-color:#44525f;\ncolor:#ffffff;\ntransition:all 0.4s ease-in-out;\n}\n#top #wrap_all .avia-button.av-jo5hs5ts-c0a958f7ac28d7c4c3b3215e9d73dcb3 .avia-svg-icon svg:first-child{\nfill:#ffffff;\nstroke:#ffffff;\n}\n<\/style>\n<a href='https:\/\/staging.fbt-avocats.ch\/wp-content\/uploads\/2023\/05\/FBT-Contentieux-Arbitrage-Article-Mai-2023.pdf'  class='avia-button av-jo5hs5ts-c0a958f7ac28d7c4c3b3215e9d73dcb3 av-link-btn avia-icon_select-no avia-size-large avia-position-left'  target=\"_blank\"  rel=\"noopener noreferrer\"  aria-label=\"Lire la suite\"><span class='avia_iconbox_title' >Lire la suite<\/span><\/a><\/div><\/p><\/div>\n","protected":false},"excerpt":{"rendered":"","protected":false},"author":18,"featured_media":0,"comment_status":"closed","ping_status":"closed","sticky":false,"template":"","format":"standard","meta":{"footnotes":""},"categories":[85],"tags":[],"datespeciale":[],"class_list":["post-23127","post","type-post","status-publish","format-standard","hentry","category-publications","competences-litigation-and-arbitration","auteurs-olivia-de-weck-en","auteurs-serge-fasel-en","date-publication-2023-en","diffusion-groupe-contentieux-en","diffusion-publications-en"],"yoast_head":"<!-- This site is optimized with the Yoast SEO Premium plugin v27.4 (Yoast SEO v27.4) - https:\/\/yoast.com\/product\/yoast-seo-premium-wordpress\/ -->\n<title>Les limites du droit d&#039;acc\u00e8s aux donn\u00e9es de l&#039;art. 8 LPD (Situation actuelle et droit \u00e0 l&#039;avenir) | FBT Avocats SA<\/title>\n<meta name=\"robots\" content=\"noindex, follow, max-snippet:-1, max-image-preview:large, max-video-preview:-1\" \/>\n<meta property=\"og:locale\" content=\"en_US\" \/>\n<meta property=\"og:type\" content=\"article\" \/>\n<meta property=\"og:title\" content=\"Les limites du droit d&#039;acc\u00e8s aux donn\u00e9es de l&#039;art. 8 LPD (Situation actuelle et droit \u00e0 l&#039;avenir)\" \/>\n<meta property=\"og:url\" content=\"https:\/\/staging.fbt-avocats.ch\/en\/limites-droit-dacces-aux-donnees-de-lart-8-lpd-situation-actuelle-droit-a-lavenir\/\" \/>\n<meta property=\"og:site_name\" content=\"FBT Avocats SA\" \/>\n<meta property=\"article:published_time\" content=\"2023-05-10T12:32:46+00:00\" \/>\n<meta property=\"article:modified_time\" content=\"2023-05-10T12:34:33+00:00\" \/>\n<meta name=\"author\" content=\"Helder Carvalho\" \/>\n<meta name=\"twitter:card\" content=\"summary_large_image\" \/>\n<meta name=\"twitter:label1\" content=\"Written by\" \/>\n\t<meta name=\"twitter:data1\" content=\"Helder Carvalho\" \/>\n\t<meta name=\"twitter:label2\" content=\"Est. reading time\" \/>\n\t<meta name=\"twitter:data2\" content=\"2 minutes\" \/>\n<script type=\"application\/ld+json\" class=\"yoast-schema-graph\">{\"@context\":\"https:\\\/\\\/schema.org\",\"@graph\":[{\"@type\":\"Article\",\"@id\":\"https:\\\/\\\/staging.fbt-avocats.ch\\\/en\\\/limites-droit-dacces-aux-donnees-de-lart-8-lpd-situation-actuelle-droit-a-lavenir\\\/#article\",\"isPartOf\":{\"@id\":\"https:\\\/\\\/staging.fbt-avocats.ch\\\/en\\\/limites-droit-dacces-aux-donnees-de-lart-8-lpd-situation-actuelle-droit-a-lavenir\\\/\"},\"author\":{\"name\":\"Helder Carvalho\",\"@id\":\"https:\\\/\\\/staging.fbt-avocats.ch\\\/en\\\/#\\\/schema\\\/person\\\/59cfd6ef8354572f3769bd501839bddd\"},\"headline\":\"Les limites du droit d&#8217;acc\u00e8s aux donn\u00e9es de l&#8217;art. 8 LPD (Situation actuelle et droit \u00e0 l&#8217;avenir)\",\"datePublished\":\"2023-05-10T12:32:46+00:00\",\"dateModified\":\"2023-05-10T12:34:33+00:00\",\"mainEntityOfPage\":{\"@id\":\"https:\\\/\\\/staging.fbt-avocats.ch\\\/en\\\/limites-droit-dacces-aux-donnees-de-lart-8-lpd-situation-actuelle-droit-a-lavenir\\\/\"},\"wordCount\":390,\"articleSection\":[\"Publications\"],\"inLanguage\":\"en-US\"},{\"@type\":\"WebPage\",\"@id\":\"https:\\\/\\\/staging.fbt-avocats.ch\\\/en\\\/limites-droit-dacces-aux-donnees-de-lart-8-lpd-situation-actuelle-droit-a-lavenir\\\/\",\"url\":\"https:\\\/\\\/staging.fbt-avocats.ch\\\/en\\\/limites-droit-dacces-aux-donnees-de-lart-8-lpd-situation-actuelle-droit-a-lavenir\\\/\",\"name\":\"Les limites du droit d'acc\u00e8s aux donn\u00e9es de l'art. 8 LPD (Situation actuelle et droit \u00e0 l'avenir) | FBT Avocats SA\",\"isPartOf\":{\"@id\":\"https:\\\/\\\/staging.fbt-avocats.ch\\\/en\\\/#website\"},\"datePublished\":\"2023-05-10T12:32:46+00:00\",\"dateModified\":\"2023-05-10T12:34:33+00:00\",\"author\":{\"@id\":\"https:\\\/\\\/staging.fbt-avocats.ch\\\/en\\\/#\\\/schema\\\/person\\\/59cfd6ef8354572f3769bd501839bddd\"},\"breadcrumb\":{\"@id\":\"https:\\\/\\\/staging.fbt-avocats.ch\\\/en\\\/limites-droit-dacces-aux-donnees-de-lart-8-lpd-situation-actuelle-droit-a-lavenir\\\/#breadcrumb\"},\"inLanguage\":\"en-US\",\"potentialAction\":[{\"@type\":\"ReadAction\",\"target\":[\"https:\\\/\\\/staging.fbt-avocats.ch\\\/en\\\/limites-droit-dacces-aux-donnees-de-lart-8-lpd-situation-actuelle-droit-a-lavenir\\\/\"]}]},{\"@type\":\"BreadcrumbList\",\"@id\":\"https:\\\/\\\/staging.fbt-avocats.ch\\\/en\\\/limites-droit-dacces-aux-donnees-de-lart-8-lpd-situation-actuelle-droit-a-lavenir\\\/#breadcrumb\",\"itemListElement\":[{\"@type\":\"ListItem\",\"position\":1,\"name\":\"Home\",\"item\":\"https:\\\/\\\/staging.fbt-avocats.ch\\\/en\\\/\"},{\"@type\":\"ListItem\",\"position\":2,\"name\":\"Les limites du droit d&#8217;acc\u00e8s aux donn\u00e9es de l&#8217;art. 8 LPD (Situation actuelle et droit \u00e0 l&#8217;avenir)\"}]},{\"@type\":\"WebSite\",\"@id\":\"https:\\\/\\\/staging.fbt-avocats.ch\\\/en\\\/#website\",\"url\":\"https:\\\/\\\/staging.fbt-avocats.ch\\\/en\\\/\",\"name\":\"FBT Avocats SA\",\"description\":\"Etudes bas\u00e9es \u00e0 Gen\u00e8ve et Paris\",\"potentialAction\":[{\"@type\":\"SearchAction\",\"target\":{\"@type\":\"EntryPoint\",\"urlTemplate\":\"https:\\\/\\\/staging.fbt-avocats.ch\\\/en\\\/?s={search_term_string}\"},\"query-input\":{\"@type\":\"PropertyValueSpecification\",\"valueRequired\":true,\"valueName\":\"search_term_string\"}}],\"inLanguage\":\"en-US\"},{\"@type\":\"Person\",\"@id\":\"https:\\\/\\\/staging.fbt-avocats.ch\\\/en\\\/#\\\/schema\\\/person\\\/59cfd6ef8354572f3769bd501839bddd\",\"name\":\"Helder Carvalho\"}]}<\/script>\n<!-- \/ Yoast SEO Premium plugin. -->","yoast_head_json":{"title":"Les limites du droit d'acc\u00e8s aux donn\u00e9es de l'art. 8 LPD (Situation actuelle et droit \u00e0 l'avenir) | FBT Avocats SA","robots":{"index":"noindex","follow":"follow","max-snippet":"max-snippet:-1","max-image-preview":"max-image-preview:large","max-video-preview":"max-video-preview:-1"},"og_locale":"en_US","og_type":"article","og_title":"Les limites du droit d'acc\u00e8s aux donn\u00e9es de l'art. 8 LPD (Situation actuelle et droit \u00e0 l'avenir)","og_url":"https:\/\/staging.fbt-avocats.ch\/en\/limites-droit-dacces-aux-donnees-de-lart-8-lpd-situation-actuelle-droit-a-lavenir\/","og_site_name":"FBT Avocats SA","article_published_time":"2023-05-10T12:32:46+00:00","article_modified_time":"2023-05-10T12:34:33+00:00","author":"Helder Carvalho","twitter_card":"summary_large_image","twitter_misc":{"Written by":"Helder Carvalho","Est. reading time":"2 minutes"},"schema":{"@context":"https:\/\/schema.org","@graph":[{"@type":"Article","@id":"https:\/\/staging.fbt-avocats.ch\/en\/limites-droit-dacces-aux-donnees-de-lart-8-lpd-situation-actuelle-droit-a-lavenir\/#article","isPartOf":{"@id":"https:\/\/staging.fbt-avocats.ch\/en\/limites-droit-dacces-aux-donnees-de-lart-8-lpd-situation-actuelle-droit-a-lavenir\/"},"author":{"name":"Helder Carvalho","@id":"https:\/\/staging.fbt-avocats.ch\/en\/#\/schema\/person\/59cfd6ef8354572f3769bd501839bddd"},"headline":"Les limites du droit d&#8217;acc\u00e8s aux donn\u00e9es de l&#8217;art. 8 LPD (Situation actuelle et droit \u00e0 l&#8217;avenir)","datePublished":"2023-05-10T12:32:46+00:00","dateModified":"2023-05-10T12:34:33+00:00","mainEntityOfPage":{"@id":"https:\/\/staging.fbt-avocats.ch\/en\/limites-droit-dacces-aux-donnees-de-lart-8-lpd-situation-actuelle-droit-a-lavenir\/"},"wordCount":390,"articleSection":["Publications"],"inLanguage":"en-US"},{"@type":"WebPage","@id":"https:\/\/staging.fbt-avocats.ch\/en\/limites-droit-dacces-aux-donnees-de-lart-8-lpd-situation-actuelle-droit-a-lavenir\/","url":"https:\/\/staging.fbt-avocats.ch\/en\/limites-droit-dacces-aux-donnees-de-lart-8-lpd-situation-actuelle-droit-a-lavenir\/","name":"Les limites du droit d'acc\u00e8s aux donn\u00e9es de l'art. 8 LPD (Situation actuelle et droit \u00e0 l'avenir) | FBT Avocats SA","isPartOf":{"@id":"https:\/\/staging.fbt-avocats.ch\/en\/#website"},"datePublished":"2023-05-10T12:32:46+00:00","dateModified":"2023-05-10T12:34:33+00:00","author":{"@id":"https:\/\/staging.fbt-avocats.ch\/en\/#\/schema\/person\/59cfd6ef8354572f3769bd501839bddd"},"breadcrumb":{"@id":"https:\/\/staging.fbt-avocats.ch\/en\/limites-droit-dacces-aux-donnees-de-lart-8-lpd-situation-actuelle-droit-a-lavenir\/#breadcrumb"},"inLanguage":"en-US","potentialAction":[{"@type":"ReadAction","target":["https:\/\/staging.fbt-avocats.ch\/en\/limites-droit-dacces-aux-donnees-de-lart-8-lpd-situation-actuelle-droit-a-lavenir\/"]}]},{"@type":"BreadcrumbList","@id":"https:\/\/staging.fbt-avocats.ch\/en\/limites-droit-dacces-aux-donnees-de-lart-8-lpd-situation-actuelle-droit-a-lavenir\/#breadcrumb","itemListElement":[{"@type":"ListItem","position":1,"name":"Home","item":"https:\/\/staging.fbt-avocats.ch\/en\/"},{"@type":"ListItem","position":2,"name":"Les limites du droit d&#8217;acc\u00e8s aux donn\u00e9es de l&#8217;art. 8 LPD (Situation actuelle et droit \u00e0 l&#8217;avenir)"}]},{"@type":"WebSite","@id":"https:\/\/staging.fbt-avocats.ch\/en\/#website","url":"https:\/\/staging.fbt-avocats.ch\/en\/","name":"FBT Avocats SA","description":"Etudes bas\u00e9es \u00e0 Gen\u00e8ve et Paris","potentialAction":[{"@type":"SearchAction","target":{"@type":"EntryPoint","urlTemplate":"https:\/\/staging.fbt-avocats.ch\/en\/?s={search_term_string}"},"query-input":{"@type":"PropertyValueSpecification","valueRequired":true,"valueName":"search_term_string"}}],"inLanguage":"en-US"},{"@type":"Person","@id":"https:\/\/staging.fbt-avocats.ch\/en\/#\/schema\/person\/59cfd6ef8354572f3769bd501839bddd","name":"Helder Carvalho"}]}},"_links":{"self":[{"href":"https:\/\/staging.fbt-avocats.ch\/en\/wp-json\/wp\/v2\/posts\/23127","targetHints":{"allow":["GET"]}}],"collection":[{"href":"https:\/\/staging.fbt-avocats.ch\/en\/wp-json\/wp\/v2\/posts"}],"about":[{"href":"https:\/\/staging.fbt-avocats.ch\/en\/wp-json\/wp\/v2\/types\/post"}],"author":[{"embeddable":true,"href":"https:\/\/staging.fbt-avocats.ch\/en\/wp-json\/wp\/v2\/users\/18"}],"replies":[{"embeddable":true,"href":"https:\/\/staging.fbt-avocats.ch\/en\/wp-json\/wp\/v2\/comments?post=23127"}],"version-history":[{"count":0,"href":"https:\/\/staging.fbt-avocats.ch\/en\/wp-json\/wp\/v2\/posts\/23127\/revisions"}],"wp:attachment":[{"href":"https:\/\/staging.fbt-avocats.ch\/en\/wp-json\/wp\/v2\/media?parent=23127"}],"wp:term":[{"taxonomy":"category","embeddable":true,"href":"https:\/\/staging.fbt-avocats.ch\/en\/wp-json\/wp\/v2\/categories?post=23127"},{"taxonomy":"post_tag","embeddable":true,"href":"https:\/\/staging.fbt-avocats.ch\/en\/wp-json\/wp\/v2\/tags?post=23127"},{"taxonomy":"datespeciale","embeddable":true,"href":"https:\/\/staging.fbt-avocats.ch\/en\/wp-json\/wp\/v2\/datespeciale?post=23127"}],"curies":[{"name":"wp","href":"https:\/\/api.w.org\/{rel}","templated":true}]}}