{"id":23193,"date":"2023-06-06T09:42:47","date_gmt":"2023-06-06T08:42:47","guid":{"rendered":"https:\/\/www.fbt-avocats.ch\/pret-dune-societe-a-actionnaire-quelques-points-dattention\/"},"modified":"2025-10-20T10:09:03","modified_gmt":"2025-10-20T09:09:03","slug":"pret-dune-societe-a-actionnaire-quelques-points-dattention","status":"publish","type":"post","link":"https:\/\/staging.fbt-avocats.ch\/en\/pret-dune-societe-a-actionnaire-quelques-points-dattention\/","title":{"rendered":"Pr\u00eat d\u2019une soci\u00e9t\u00e9 \u00e0 son actionnaire: quelques points d\u2019attention"},"content":{"rendered":"<section  class='av_textblock_section av-7dtlel-54646e090b2362c0ce717e7039213545 '   itemscope=\"itemscope\" itemtype=\"https:\/\/schema.org\/BlogPosting\" itemprop=\"blogPost\" ><div class='avia_textblock'  itemprop=\"text\" ><\/div><\/section>\n\n<style type=\"text\/css\" data-created_by=\"avia_inline_auto\" id=\"style-css-av-6hs9cd-aa7fd7160a86b43089fe650ca2464333\">\n.flex_column.av-6hs9cd-aa7fd7160a86b43089fe650ca2464333{\nborder-radius:0px 0px 0px 0px;\npadding:0px 0px 0px 0px;\n}\n<\/style>\n<div  class='flex_column av-6hs9cd-aa7fd7160a86b43089fe650ca2464333 av_one_full  avia-builder-el-1  el_after_av_textblock  avia-builder-el-last  first flex_column_div av-zero-column-padding  column-top-margin'     ><p>\n<style type=\"text\/css\" data-created_by=\"avia_inline_auto\" id=\"style-css-av-av_heading-458339ca3d878f3789c98dd19fb04b9c\">\n#top .av-special-heading.av-av_heading-458339ca3d878f3789c98dd19fb04b9c{\npadding-bottom:10px;\nfont-size:26px;\n}\nbody .av-special-heading.av-av_heading-458339ca3d878f3789c98dd19fb04b9c .av-special-heading-tag .heading-char{\nfont-size:25px;\n}\n#top #wrap_all .av-special-heading.av-av_heading-458339ca3d878f3789c98dd19fb04b9c .av-special-heading-tag{\nfont-size:26px;\n}\n.av-special-heading.av-av_heading-458339ca3d878f3789c98dd19fb04b9c .av-subheading{\nfont-size:15px;\n}\n\n@media only screen and (min-width: 480px) and (max-width: 767px){ \n#top #wrap_all .av-special-heading.av-av_heading-458339ca3d878f3789c98dd19fb04b9c .av-special-heading-tag{\nfont-size:0.8em;\n}\n}\n\n@media only screen and (max-width: 479px){ \n#top #wrap_all .av-special-heading.av-av_heading-458339ca3d878f3789c98dd19fb04b9c .av-special-heading-tag{\nfont-size:0.8em;\n}\n}\n<\/style>\n<div  class='av-special-heading av-av_heading-458339ca3d878f3789c98dd19fb04b9c av-special-heading-h1 blockquote modern-quote  avia-builder-el-2  el_before_av_hr  avia-builder-el-first  av-inherit-size'><h1 class='av-special-heading-tag '  itemprop=\"headline\"  >Pr\u00eat d\u2019une soci\u00e9t\u00e9 \u00e0 son actionnaire: quelques points d\u2019attention<\/h1><div class='av-subheading av-subheading_below'><p>Allnews \u2013 Juin 2023<br \/>\nMarco Villa<\/p>\n<\/div><div class=\"special-heading-border\"><div class=\"special-heading-inner-border\"><\/div><\/div><\/div><br \/>\n\n<style type=\"text\/css\" data-created_by=\"avia_inline_auto\" id=\"style-css-av-4rtof1-6cb168409d4b952e81360eb2f8cb23b0\">\n#top .hr.hr-invisible.av-4rtof1-6cb168409d4b952e81360eb2f8cb23b0{\nheight:20px;\n}\n<\/style>\n<div  class='hr av-4rtof1-6cb168409d4b952e81360eb2f8cb23b0 hr-invisible  avia-builder-el-3  el_after_av_heading  el_before_av_textblock '><span class='hr-inner '><span class=\"hr-inner-style\"><\/span><\/span><\/div><br \/>\n<section  class='av_textblock_section av-jo5hremo-8df0535b4b08dc00af18df224af1af03 '   itemscope=\"itemscope\" itemtype=\"https:\/\/schema.org\/BlogPosting\" itemprop=\"blogPost\" ><div class='avia_textblock'  itemprop=\"text\" ><div data-canvas-width=\"431.1431666666666\">\n<div class=\"textLayer\">\n<div data-canvas-width=\"318.9300803304\">\n<p><strong>Il est commun qu\u2019une soci\u00e9t\u00e9 fasse un pr\u00eat \u00e0 son actionnaire. L\u2019op\u00e9ration peut toute fois \u00eatre nulle si certaines conditions ne sont pas respect\u00e9es.<br \/>\n<\/strong><\/p>\n<p>La soci\u00e9t\u00e9 Foxtrott SA, active dans la location de jets priv\u00e9s, est administr\u00e9e par M. Bravo, seul administrateur. Celui-ci est aussi actionnaire majoritaire de la soci\u00e9t\u00e9, \u00e0 hauteur de 60%.Le solde de 40% est d\u00e9tenu \u00e0 hauteur de 30% par M. Tango et de 10 % par Mme Alpha. Ni M. Tango ni Mme Alpha ne sont actifs au sein de Foxtrott SA. Madame Alpha est \u00e9tudiante, tandis que M. Tango a sa propre raison individuelle de jardinier. M. Bravo souhaite acqu\u00e9rir une \u0153uvre d\u2019art, mais il n\u2019a pas les liquidit\u00e9s n\u00e9cessaires. Il envisage de faire en sorte que la soci\u00e9t\u00e9 lui pr\u00eate un montant de 50&#8217;000 francs, sans int\u00e9r\u00eats, pour une dur\u00e9e de 5 ans.<\/p>\n<\/div>\n<\/div>\n<\/div>\n<\/div><\/section><br \/>\n\n<style type=\"text\/css\" data-created_by=\"avia_inline_auto\" id=\"style-css-av-1xwhd9-afd37c19b28461d09397a418e175376c\">\n#top .hr.hr-invisible.av-1xwhd9-afd37c19b28461d09397a418e175376c{\nheight:20px;\n}\n<\/style>\n<div  class='hr av-1xwhd9-afd37c19b28461d09397a418e175376c hr-invisible  avia-builder-el-5  el_after_av_textblock  el_before_av_button '><span class='hr-inner '><span class=\"hr-inner-style\"><\/span><\/span><\/div><br \/>\n<div  class='avia-button-wrap av-jo5hs5ts-2b1b1f5f403314cac5d4f711fcac9317-wrap avia-button-left  avia-builder-el-6  el_after_av_hr  avia-builder-el-last '>\n<style type=\"text\/css\" data-created_by=\"avia_inline_auto\" id=\"style-css-av-jo5hs5ts-2b1b1f5f403314cac5d4f711fcac9317\">\n#top #wrap_all .avia-button.av-jo5hs5ts-2b1b1f5f403314cac5d4f711fcac9317{\nbackground-color:#44525f;\nborder-color:#44525f;\ncolor:#ffffff;\ntransition:all 0.4s ease-in-out;\n}\n#top #wrap_all .avia-button.av-jo5hs5ts-2b1b1f5f403314cac5d4f711fcac9317 .avia-svg-icon svg:first-child{\nfill:#ffffff;\nstroke:#ffffff;\n}\n<\/style>\n<a href='https:\/\/staging.fbt-avocats.ch\/wp-content\/uploads\/2023\/06\/Pr\u00eat-d\u2019une-soci\u00e9t\u00e9-\u00e0-son-actionnaire-quelques-points-d\u2019attention_Allnews.pdf'  class='avia-button av-jo5hs5ts-2b1b1f5f403314cac5d4f711fcac9317 av-link-btn avia-icon_select-no avia-size-large avia-position-left'  target=\"_blank\"  rel=\"noopener noreferrer\"  aria-label=\"Lire la suite\"><span class='avia_iconbox_title' >Lire la suite<\/span><\/a><\/div><\/p><\/div>\n","protected":false},"excerpt":{"rendered":"","protected":false},"author":18,"featured_media":0,"comment_status":"closed","ping_status":"closed","sticky":false,"template":"","format":"standard","meta":{"footnotes":""},"categories":[52],"tags":[560],"datespeciale":[],"class_list":["post-23193","post","type-post","status-publish","format-standard","hentry","category-en-conferences","tag-allnews-en","competences-corporate-and-commercial","auteurs-marco-villa-en","date-publication-2023-en","diffusion-groupe-societes-et-contrats-en","diffusion-medias-en"],"yoast_head":"<!-- This site is optimized with the Yoast SEO Premium plugin v27.4 (Yoast SEO v27.4) - https:\/\/yoast.com\/product\/yoast-seo-premium-wordpress\/ -->\n<title>Pr\u00eat d\u2019une soci\u00e9t\u00e9 \u00e0 son actionnaire: quelques points d\u2019attention | FBT Avocats SA<\/title>\n<meta name=\"robots\" content=\"noindex, follow, max-snippet:-1, max-image-preview:large, max-video-preview:-1\" \/>\n<meta property=\"og:locale\" content=\"en_US\" \/>\n<meta property=\"og:type\" content=\"article\" \/>\n<meta property=\"og:title\" content=\"Pr\u00eat d\u2019une soci\u00e9t\u00e9 \u00e0 son actionnaire: quelques points d\u2019attention\" \/>\n<meta property=\"og:url\" content=\"https:\/\/staging.fbt-avocats.ch\/en\/pret-dune-societe-a-actionnaire-quelques-points-dattention\/\" \/>\n<meta property=\"og:site_name\" content=\"FBT Avocats SA\" \/>\n<meta property=\"article:published_time\" content=\"2023-06-06T08:42:47+00:00\" \/>\n<meta property=\"article:modified_time\" content=\"2025-10-20T09:09:03+00:00\" \/>\n<meta name=\"author\" content=\"Helder Carvalho\" \/>\n<meta name=\"twitter:card\" content=\"summary_large_image\" \/>\n<meta name=\"twitter:label1\" content=\"Written by\" \/>\n\t<meta name=\"twitter:data1\" content=\"Helder Carvalho\" \/>\n\t<meta name=\"twitter:label2\" content=\"Est. reading time\" \/>\n\t<meta name=\"twitter:data2\" content=\"2 minutes\" \/>\n<script type=\"application\/ld+json\" class=\"yoast-schema-graph\">{\"@context\":\"https:\\\/\\\/schema.org\",\"@graph\":[{\"@type\":\"Article\",\"@id\":\"https:\\\/\\\/staging.fbt-avocats.ch\\\/en\\\/pret-dune-societe-a-actionnaire-quelques-points-dattention\\\/#article\",\"isPartOf\":{\"@id\":\"https:\\\/\\\/staging.fbt-avocats.ch\\\/en\\\/pret-dune-societe-a-actionnaire-quelques-points-dattention\\\/\"},\"author\":{\"name\":\"Helder Carvalho\",\"@id\":\"https:\\\/\\\/staging.fbt-avocats.ch\\\/en\\\/#\\\/schema\\\/person\\\/59cfd6ef8354572f3769bd501839bddd\"},\"headline\":\"Pr\u00eat d\u2019une soci\u00e9t\u00e9 \u00e0 son actionnaire: quelques points d\u2019attention\",\"datePublished\":\"2023-06-06T08:42:47+00:00\",\"dateModified\":\"2025-10-20T09:09:03+00:00\",\"mainEntityOfPage\":{\"@id\":\"https:\\\/\\\/staging.fbt-avocats.ch\\\/en\\\/pret-dune-societe-a-actionnaire-quelques-points-dattention\\\/\"},\"wordCount\":434,\"keywords\":[\"Allnews\"],\"articleSection\":[\"Conferences\"],\"inLanguage\":\"en-US\"},{\"@type\":\"WebPage\",\"@id\":\"https:\\\/\\\/staging.fbt-avocats.ch\\\/en\\\/pret-dune-societe-a-actionnaire-quelques-points-dattention\\\/\",\"url\":\"https:\\\/\\\/staging.fbt-avocats.ch\\\/en\\\/pret-dune-societe-a-actionnaire-quelques-points-dattention\\\/\",\"name\":\"Pr\u00eat d\u2019une soci\u00e9t\u00e9 \u00e0 son actionnaire: quelques points d\u2019attention | FBT Avocats SA\",\"isPartOf\":{\"@id\":\"https:\\\/\\\/staging.fbt-avocats.ch\\\/en\\\/#website\"},\"datePublished\":\"2023-06-06T08:42:47+00:00\",\"dateModified\":\"2025-10-20T09:09:03+00:00\",\"author\":{\"@id\":\"https:\\\/\\\/staging.fbt-avocats.ch\\\/en\\\/#\\\/schema\\\/person\\\/59cfd6ef8354572f3769bd501839bddd\"},\"breadcrumb\":{\"@id\":\"https:\\\/\\\/staging.fbt-avocats.ch\\\/en\\\/pret-dune-societe-a-actionnaire-quelques-points-dattention\\\/#breadcrumb\"},\"inLanguage\":\"en-US\",\"potentialAction\":[{\"@type\":\"ReadAction\",\"target\":[\"https:\\\/\\\/staging.fbt-avocats.ch\\\/en\\\/pret-dune-societe-a-actionnaire-quelques-points-dattention\\\/\"]}]},{\"@type\":\"BreadcrumbList\",\"@id\":\"https:\\\/\\\/staging.fbt-avocats.ch\\\/en\\\/pret-dune-societe-a-actionnaire-quelques-points-dattention\\\/#breadcrumb\",\"itemListElement\":[{\"@type\":\"ListItem\",\"position\":1,\"name\":\"Home\",\"item\":\"https:\\\/\\\/staging.fbt-avocats.ch\\\/en\\\/\"},{\"@type\":\"ListItem\",\"position\":2,\"name\":\"Pr\u00eat d\u2019une soci\u00e9t\u00e9 \u00e0 son actionnaire: quelques points d\u2019attention\"}]},{\"@type\":\"WebSite\",\"@id\":\"https:\\\/\\\/staging.fbt-avocats.ch\\\/en\\\/#website\",\"url\":\"https:\\\/\\\/staging.fbt-avocats.ch\\\/en\\\/\",\"name\":\"FBT Avocats SA\",\"description\":\"Etudes bas\u00e9es \u00e0 Gen\u00e8ve et Paris\",\"potentialAction\":[{\"@type\":\"SearchAction\",\"target\":{\"@type\":\"EntryPoint\",\"urlTemplate\":\"https:\\\/\\\/staging.fbt-avocats.ch\\\/en\\\/?s={search_term_string}\"},\"query-input\":{\"@type\":\"PropertyValueSpecification\",\"valueRequired\":true,\"valueName\":\"search_term_string\"}}],\"inLanguage\":\"en-US\"},{\"@type\":\"Person\",\"@id\":\"https:\\\/\\\/staging.fbt-avocats.ch\\\/en\\\/#\\\/schema\\\/person\\\/59cfd6ef8354572f3769bd501839bddd\",\"name\":\"Helder Carvalho\"}]}<\/script>\n<!-- \/ Yoast SEO Premium plugin. -->","yoast_head_json":{"title":"Pr\u00eat d\u2019une soci\u00e9t\u00e9 \u00e0 son actionnaire: quelques points d\u2019attention | FBT Avocats SA","robots":{"index":"noindex","follow":"follow","max-snippet":"max-snippet:-1","max-image-preview":"max-image-preview:large","max-video-preview":"max-video-preview:-1"},"og_locale":"en_US","og_type":"article","og_title":"Pr\u00eat d\u2019une soci\u00e9t\u00e9 \u00e0 son actionnaire: quelques points d\u2019attention","og_url":"https:\/\/staging.fbt-avocats.ch\/en\/pret-dune-societe-a-actionnaire-quelques-points-dattention\/","og_site_name":"FBT Avocats SA","article_published_time":"2023-06-06T08:42:47+00:00","article_modified_time":"2025-10-20T09:09:03+00:00","author":"Helder Carvalho","twitter_card":"summary_large_image","twitter_misc":{"Written by":"Helder Carvalho","Est. reading time":"2 minutes"},"schema":{"@context":"https:\/\/schema.org","@graph":[{"@type":"Article","@id":"https:\/\/staging.fbt-avocats.ch\/en\/pret-dune-societe-a-actionnaire-quelques-points-dattention\/#article","isPartOf":{"@id":"https:\/\/staging.fbt-avocats.ch\/en\/pret-dune-societe-a-actionnaire-quelques-points-dattention\/"},"author":{"name":"Helder Carvalho","@id":"https:\/\/staging.fbt-avocats.ch\/en\/#\/schema\/person\/59cfd6ef8354572f3769bd501839bddd"},"headline":"Pr\u00eat d\u2019une soci\u00e9t\u00e9 \u00e0 son actionnaire: quelques points d\u2019attention","datePublished":"2023-06-06T08:42:47+00:00","dateModified":"2025-10-20T09:09:03+00:00","mainEntityOfPage":{"@id":"https:\/\/staging.fbt-avocats.ch\/en\/pret-dune-societe-a-actionnaire-quelques-points-dattention\/"},"wordCount":434,"keywords":["Allnews"],"articleSection":["Conferences"],"inLanguage":"en-US"},{"@type":"WebPage","@id":"https:\/\/staging.fbt-avocats.ch\/en\/pret-dune-societe-a-actionnaire-quelques-points-dattention\/","url":"https:\/\/staging.fbt-avocats.ch\/en\/pret-dune-societe-a-actionnaire-quelques-points-dattention\/","name":"Pr\u00eat d\u2019une soci\u00e9t\u00e9 \u00e0 son actionnaire: quelques points d\u2019attention | FBT Avocats SA","isPartOf":{"@id":"https:\/\/staging.fbt-avocats.ch\/en\/#website"},"datePublished":"2023-06-06T08:42:47+00:00","dateModified":"2025-10-20T09:09:03+00:00","author":{"@id":"https:\/\/staging.fbt-avocats.ch\/en\/#\/schema\/person\/59cfd6ef8354572f3769bd501839bddd"},"breadcrumb":{"@id":"https:\/\/staging.fbt-avocats.ch\/en\/pret-dune-societe-a-actionnaire-quelques-points-dattention\/#breadcrumb"},"inLanguage":"en-US","potentialAction":[{"@type":"ReadAction","target":["https:\/\/staging.fbt-avocats.ch\/en\/pret-dune-societe-a-actionnaire-quelques-points-dattention\/"]}]},{"@type":"BreadcrumbList","@id":"https:\/\/staging.fbt-avocats.ch\/en\/pret-dune-societe-a-actionnaire-quelques-points-dattention\/#breadcrumb","itemListElement":[{"@type":"ListItem","position":1,"name":"Home","item":"https:\/\/staging.fbt-avocats.ch\/en\/"},{"@type":"ListItem","position":2,"name":"Pr\u00eat d\u2019une soci\u00e9t\u00e9 \u00e0 son actionnaire: quelques points d\u2019attention"}]},{"@type":"WebSite","@id":"https:\/\/staging.fbt-avocats.ch\/en\/#website","url":"https:\/\/staging.fbt-avocats.ch\/en\/","name":"FBT Avocats SA","description":"Etudes bas\u00e9es \u00e0 Gen\u00e8ve et Paris","potentialAction":[{"@type":"SearchAction","target":{"@type":"EntryPoint","urlTemplate":"https:\/\/staging.fbt-avocats.ch\/en\/?s={search_term_string}"},"query-input":{"@type":"PropertyValueSpecification","valueRequired":true,"valueName":"search_term_string"}}],"inLanguage":"en-US"},{"@type":"Person","@id":"https:\/\/staging.fbt-avocats.ch\/en\/#\/schema\/person\/59cfd6ef8354572f3769bd501839bddd","name":"Helder Carvalho"}]}},"_links":{"self":[{"href":"https:\/\/staging.fbt-avocats.ch\/en\/wp-json\/wp\/v2\/posts\/23193","targetHints":{"allow":["GET"]}}],"collection":[{"href":"https:\/\/staging.fbt-avocats.ch\/en\/wp-json\/wp\/v2\/posts"}],"about":[{"href":"https:\/\/staging.fbt-avocats.ch\/en\/wp-json\/wp\/v2\/types\/post"}],"author":[{"embeddable":true,"href":"https:\/\/staging.fbt-avocats.ch\/en\/wp-json\/wp\/v2\/users\/18"}],"replies":[{"embeddable":true,"href":"https:\/\/staging.fbt-avocats.ch\/en\/wp-json\/wp\/v2\/comments?post=23193"}],"version-history":[{"count":0,"href":"https:\/\/staging.fbt-avocats.ch\/en\/wp-json\/wp\/v2\/posts\/23193\/revisions"}],"wp:attachment":[{"href":"https:\/\/staging.fbt-avocats.ch\/en\/wp-json\/wp\/v2\/media?parent=23193"}],"wp:term":[{"taxonomy":"category","embeddable":true,"href":"https:\/\/staging.fbt-avocats.ch\/en\/wp-json\/wp\/v2\/categories?post=23193"},{"taxonomy":"post_tag","embeddable":true,"href":"https:\/\/staging.fbt-avocats.ch\/en\/wp-json\/wp\/v2\/tags?post=23193"},{"taxonomy":"datespeciale","embeddable":true,"href":"https:\/\/staging.fbt-avocats.ch\/en\/wp-json\/wp\/v2\/datespeciale?post=23193"}],"curies":[{"name":"wp","href":"https:\/\/api.w.org\/{rel}","templated":true}]}}