{"id":23255,"date":"2023-07-17T11:15:02","date_gmt":"2023-07-17T10:15:02","guid":{"rendered":"https:\/\/www.fbt-avocats.ch\/dutreil-holding-animatrice-remise-cause-dispositif-confirmee-cour-de-cassation-cas-danimation-insuffisamment-preparee-donation\/"},"modified":"2023-07-17T11:35:55","modified_gmt":"2023-07-17T10:35:55","slug":"dutreil-holding-animatrice-remise-cause-dispositif-confirmee-cour-de-cassation-cas-danimation-insuffisamment-preparee-donation","status":"publish","type":"post","link":"https:\/\/staging.fbt-avocats.ch\/en\/dutreil-holding-animatrice-remise-cause-dispositif-confirmee-cour-de-cassation-cas-danimation-insuffisamment-preparee-donation\/","title":{"rendered":"Dutreil et holding animatrice : remise en cause du dispositif confirm\u00e9e par la Cour de cassation en cas d\u2019animation insuffisamment pr\u00e9par\u00e9e avant une donation"},"content":{"rendered":"<section  class='av_textblock_section av-7dtlel-54646e090b2362c0ce717e7039213545 '   itemscope=\"itemscope\" itemtype=\"https:\/\/schema.org\/BlogPosting\" itemprop=\"blogPost\" ><div class='avia_textblock'  itemprop=\"text\" ><\/div><\/section>\n\n<style type=\"text\/css\" data-created_by=\"avia_inline_auto\" id=\"style-css-av-6hs9cd-aa7fd7160a86b43089fe650ca2464333\">\n.flex_column.av-6hs9cd-aa7fd7160a86b43089fe650ca2464333{\nborder-radius:0px 0px 0px 0px;\npadding:0px 0px 0px 0px;\n}\n<\/style>\n<div  class='flex_column av-6hs9cd-aa7fd7160a86b43089fe650ca2464333 av_one_full  avia-builder-el-1  el_after_av_textblock  avia-builder-el-last  first flex_column_div av-zero-column-padding  column-top-margin'     ><p>\n<style type=\"text\/css\" data-created_by=\"avia_inline_auto\" id=\"style-css-av-lk6qau2e-ed8e9a2fcd925459c486664b3c3c24d3\">\n#top .av-special-heading.av-lk6qau2e-ed8e9a2fcd925459c486664b3c3c24d3{\npadding-bottom:10px;\nfont-size:26px;\n}\nbody .av-special-heading.av-lk6qau2e-ed8e9a2fcd925459c486664b3c3c24d3 .av-special-heading-tag .heading-char{\nfont-size:25px;\n}\n#top #wrap_all .av-special-heading.av-lk6qau2e-ed8e9a2fcd925459c486664b3c3c24d3 .av-special-heading-tag{\nfont-size:26px;\n}\n.av-special-heading.av-lk6qau2e-ed8e9a2fcd925459c486664b3c3c24d3 .av-subheading{\nfont-size:15px;\n}\n\n@media only screen and (min-width: 480px) and (max-width: 767px){ \n#top #wrap_all .av-special-heading.av-lk6qau2e-ed8e9a2fcd925459c486664b3c3c24d3 .av-special-heading-tag{\nfont-size:0.8em;\n}\n}\n\n@media only screen and (max-width: 479px){ \n#top #wrap_all .av-special-heading.av-lk6qau2e-ed8e9a2fcd925459c486664b3c3c24d3 .av-special-heading-tag{\nfont-size:0.8em;\n}\n}\n<\/style>\n<div  class='av-special-heading av-lk6qau2e-ed8e9a2fcd925459c486664b3c3c24d3 av-special-heading-h1 blockquote modern-quote  avia-builder-el-2  el_before_av_hr  avia-builder-el-first  av-inherit-size'><h1 class='av-special-heading-tag '  itemprop=\"headline\"  >Dutreil et holding animatrice : remise en cause du dispositif confirm\u00e9e par la Cour de cassation en cas d\u2019animation insuffisamment pr\u00e9par\u00e9e avant une donation<\/h1><div class='av-subheading av-subheading_below'><p>Lexbase &#8211; Hebdo \u00e9dition fiscale n\u00b0951 \u2013 27 juin 2023<br \/>\nJ\u00e9r\u00f4me Bissardon<\/p>\n<\/div><div class=\"special-heading-border\"><div class=\"special-heading-inner-border\"><\/div><\/div><\/div><br \/>\n\n<style type=\"text\/css\" data-created_by=\"avia_inline_auto\" id=\"style-css-av-4rtof1-6cb168409d4b952e81360eb2f8cb23b0\">\n#top .hr.hr-invisible.av-4rtof1-6cb168409d4b952e81360eb2f8cb23b0{\nheight:20px;\n}\n<\/style>\n<div  class='hr av-4rtof1-6cb168409d4b952e81360eb2f8cb23b0 hr-invisible  avia-builder-el-3  el_after_av_heading  el_before_av_textblock '><span class='hr-inner '><span class=\"hr-inner-style\"><\/span><\/span><\/div><br \/>\n<section  class='av_textblock_section av-jo5hremo-8df0535b4b08dc00af18df224af1af03 '   itemscope=\"itemscope\" itemtype=\"https:\/\/schema.org\/BlogPosting\" itemprop=\"blogPost\" ><div class='avia_textblock'  itemprop=\"text\" ><div data-canvas-width=\"431.1431666666666\">\n<div class=\"textLayer\">\n<div data-canvas-width=\"318.9300803304\">\n<p>La Cour de cassation rappelle que l&#8217;exon\u00e9ration partielle de droits de mutation \u00e0 titre gratuit pr\u00e9vue par l&#8217;article 787 B du CGI dans le cadre d&#8217;une donation partage de titres d&#8217;une soci\u00e9t\u00e9 holding animatrice de son groupe, n\u00e9cessite que la preuve de l\u2019animation effective soit rapport\u00e9e au jour de la donation.<\/p>\n<\/div>\n<\/div>\n<p><strong>I. L\u2019expos\u00e9 du litige et de la proc\u00e9dure<\/strong><br \/>\n<strong> II. La motivation de l\u2019arr\u00eat de la Chambre commerciale de la Cour de cassation<\/strong><br \/>\n<strong> III. La port\u00e9e de cet arr\u00eat<\/strong><br \/>\n<strong> IV. La grille de lecture de l\u2019animation s\u2019affine au gr\u00e9 des jurisprudences et des \u00e9volutions l\u00e9gislatives<\/strong><\/p>\n<\/div>\n<div data-canvas-width=\"431.1431666666666\">\n<div class=\"textLayer\">\n<div data-canvas-width=\"318.9300803304\"><\/div>\n<\/div>\n<\/div>\n<\/div><\/section><br \/>\n\n<style type=\"text\/css\" data-created_by=\"avia_inline_auto\" id=\"style-css-av-1xwhd9-afd37c19b28461d09397a418e175376c\">\n#top .hr.hr-invisible.av-1xwhd9-afd37c19b28461d09397a418e175376c{\nheight:20px;\n}\n<\/style>\n<div  class='hr av-1xwhd9-afd37c19b28461d09397a418e175376c hr-invisible  avia-builder-el-5  el_after_av_textblock  el_before_av_button '><span class='hr-inner '><span class=\"hr-inner-style\"><\/span><\/span><\/div><br \/>\n<div  class='avia-button-wrap av-jo5hs5ts-0793ca8c3c3a9acf32c355105c6267ce-wrap avia-button-left  avia-builder-el-6  el_after_av_hr  el_before_av_textblock '>\n<style type=\"text\/css\" data-created_by=\"avia_inline_auto\" id=\"style-css-av-jo5hs5ts-0793ca8c3c3a9acf32c355105c6267ce\">\n#top #wrap_all .avia-button.av-jo5hs5ts-0793ca8c3c3a9acf32c355105c6267ce{\nbackground-color:#44525f;\nborder-color:#44525f;\ncolor:#ffffff;\ntransition:all 0.4s ease-in-out;\n}\n#top #wrap_all .avia-button.av-jo5hs5ts-0793ca8c3c3a9acf32c355105c6267ce .avia-svg-icon svg:first-child{\nfill:#ffffff;\nstroke:#ffffff;\n}\n<\/style>\n<a href='https:\/\/staging.fbt-avocats.ch\/wp-content\/uploads\/2023\/07\/lexbase-fiscal-n-951-du-29-juin-2023-fiscalite-du-patrimoine-par-jerome-bissardon.pdf'  class='avia-button av-jo5hs5ts-0793ca8c3c3a9acf32c355105c6267ce av-link-btn avia-icon_select-no avia-size-large avia-position-left'  target=\"_blank\"  rel=\"noopener noreferrer\"  aria-label=\"Lire la suite\"><span class='avia_iconbox_title' >Lire la suite<\/span><\/a><\/div><br \/>\n\n<style type=\"text\/css\" data-created_by=\"avia_inline_auto\" id=\"style-css-av-jo5hremo-d0271c5bb95324dedba3198797f7be68\">\n#top .av_textblock_section.av-jo5hremo-d0271c5bb95324dedba3198797f7be68 .avia_textblock{\nfont-size:8px;\n}\n<\/style>\n<section  class='av_textblock_section av-jo5hremo-d0271c5bb95324dedba3198797f7be68 '   itemscope=\"itemscope\" itemtype=\"https:\/\/schema.org\/BlogPosting\" itemprop=\"blogPost\" ><div class='avia_textblock'  itemprop=\"text\" ><div data-canvas-width=\"431.1431666666666\">\n<div class=\"textLayer\">\n<div data-canvas-width=\"318.9300803304\"><\/div>\n<\/div>\n<\/div>\n<p><span style=\"color: #ffffff;\">Mots-cl\u00e9s : cr\u00e9dit d\u2019imp\u00f4t musique \u2022 cr\u00e9dit d\u2019imp\u00f4t spectacle\u00a0\u2022 cr\u00e9dit d\u2019imp\u00f4t phonographique \u2022 cr\u00e9dit d\u2019imp\u00f4t album \u2022 CIS \u2022 CIP<\/span><\/p>\n<div data-canvas-width=\"431.1431666666666\">\n<div class=\"textLayer\">\n<div data-canvas-width=\"318.9300803304\"><\/div>\n<\/div>\n<\/div>\n<\/div><\/section><\/p><\/div>\n","protected":false},"excerpt":{"rendered":"","protected":false},"author":18,"featured_media":0,"comment_status":"closed","ping_status":"closed","sticky":false,"template":"","format":"standard","meta":{"footnotes":""},"categories":[85],"tags":[794],"datespeciale":[],"class_list":["post-23255","post","type-post","status-publish","format-standard","hentry","category-publications","tag-lexbase-en","competences-tax","auteurs-jerome-bissardon-en","date-publication-2023-en","diffusion-groupe-fiscal-en","diffusion-publications-en"],"yoast_head":"<!-- This site is optimized with the Yoast SEO Premium plugin v27.4 (Yoast SEO v27.4) - https:\/\/yoast.com\/product\/yoast-seo-premium-wordpress\/ -->\n<title>Dutreil et holding animatrice : remise en cause du dispositif confirm\u00e9e par la Cour de cassation en cas d\u2019animation insuffisamment pr\u00e9par\u00e9e avant une donation | FBT Avocats SA<\/title>\n<meta name=\"robots\" content=\"noindex, follow, max-snippet:-1, max-image-preview:large, max-video-preview:-1\" \/>\n<meta property=\"og:locale\" content=\"en_US\" \/>\n<meta property=\"og:type\" content=\"article\" \/>\n<meta property=\"og:title\" content=\"Dutreil et holding animatrice : remise en cause du dispositif confirm\u00e9e par la Cour de cassation en cas d\u2019animation insuffisamment pr\u00e9par\u00e9e avant une donation\" \/>\n<meta property=\"og:url\" content=\"https:\/\/staging.fbt-avocats.ch\/en\/dutreil-holding-animatrice-remise-cause-dispositif-confirmee-cour-de-cassation-cas-danimation-insuffisamment-preparee-donation\/\" \/>\n<meta property=\"og:site_name\" content=\"FBT Avocats SA\" \/>\n<meta property=\"article:published_time\" content=\"2023-07-17T10:15:02+00:00\" \/>\n<meta property=\"article:modified_time\" content=\"2023-07-17T10:35:55+00:00\" \/>\n<meta name=\"author\" content=\"Helder Carvalho\" \/>\n<meta name=\"twitter:card\" content=\"summary_large_image\" \/>\n<meta name=\"twitter:label1\" content=\"Written by\" \/>\n\t<meta name=\"twitter:data1\" content=\"Helder Carvalho\" \/>\n\t<meta name=\"twitter:label2\" content=\"Est. reading time\" \/>\n\t<meta name=\"twitter:data2\" content=\"3 minutes\" \/>\n<script type=\"application\/ld+json\" class=\"yoast-schema-graph\">{\"@context\":\"https:\\\/\\\/schema.org\",\"@graph\":[{\"@type\":\"Article\",\"@id\":\"https:\\\/\\\/staging.fbt-avocats.ch\\\/en\\\/dutreil-holding-animatrice-remise-cause-dispositif-confirmee-cour-de-cassation-cas-danimation-insuffisamment-preparee-donation\\\/#article\",\"isPartOf\":{\"@id\":\"https:\\\/\\\/staging.fbt-avocats.ch\\\/en\\\/dutreil-holding-animatrice-remise-cause-dispositif-confirmee-cour-de-cassation-cas-danimation-insuffisamment-preparee-donation\\\/\"},\"author\":{\"name\":\"Helder Carvalho\",\"@id\":\"https:\\\/\\\/staging.fbt-avocats.ch\\\/en\\\/#\\\/schema\\\/person\\\/59cfd6ef8354572f3769bd501839bddd\"},\"headline\":\"Dutreil et holding animatrice : remise en cause du dispositif confirm\u00e9e par la Cour de cassation en cas d\u2019animation insuffisamment pr\u00e9par\u00e9e avant une donation\",\"datePublished\":\"2023-07-17T10:15:02+00:00\",\"dateModified\":\"2023-07-17T10:35:55+00:00\",\"mainEntityOfPage\":{\"@id\":\"https:\\\/\\\/staging.fbt-avocats.ch\\\/en\\\/dutreil-holding-animatrice-remise-cause-dispositif-confirmee-cour-de-cassation-cas-danimation-insuffisamment-preparee-donation\\\/\"},\"wordCount\":479,\"keywords\":[\"Lexbase\"],\"articleSection\":[\"Publications\"],\"inLanguage\":\"en-US\"},{\"@type\":\"WebPage\",\"@id\":\"https:\\\/\\\/staging.fbt-avocats.ch\\\/en\\\/dutreil-holding-animatrice-remise-cause-dispositif-confirmee-cour-de-cassation-cas-danimation-insuffisamment-preparee-donation\\\/\",\"url\":\"https:\\\/\\\/staging.fbt-avocats.ch\\\/en\\\/dutreil-holding-animatrice-remise-cause-dispositif-confirmee-cour-de-cassation-cas-danimation-insuffisamment-preparee-donation\\\/\",\"name\":\"Dutreil et holding animatrice : remise en cause du dispositif confirm\u00e9e par la Cour de cassation en cas d\u2019animation insuffisamment pr\u00e9par\u00e9e avant une donation | FBT Avocats SA\",\"isPartOf\":{\"@id\":\"https:\\\/\\\/staging.fbt-avocats.ch\\\/en\\\/#website\"},\"datePublished\":\"2023-07-17T10:15:02+00:00\",\"dateModified\":\"2023-07-17T10:35:55+00:00\",\"author\":{\"@id\":\"https:\\\/\\\/staging.fbt-avocats.ch\\\/en\\\/#\\\/schema\\\/person\\\/59cfd6ef8354572f3769bd501839bddd\"},\"breadcrumb\":{\"@id\":\"https:\\\/\\\/staging.fbt-avocats.ch\\\/en\\\/dutreil-holding-animatrice-remise-cause-dispositif-confirmee-cour-de-cassation-cas-danimation-insuffisamment-preparee-donation\\\/#breadcrumb\"},\"inLanguage\":\"en-US\",\"potentialAction\":[{\"@type\":\"ReadAction\",\"target\":[\"https:\\\/\\\/staging.fbt-avocats.ch\\\/en\\\/dutreil-holding-animatrice-remise-cause-dispositif-confirmee-cour-de-cassation-cas-danimation-insuffisamment-preparee-donation\\\/\"]}]},{\"@type\":\"BreadcrumbList\",\"@id\":\"https:\\\/\\\/staging.fbt-avocats.ch\\\/en\\\/dutreil-holding-animatrice-remise-cause-dispositif-confirmee-cour-de-cassation-cas-danimation-insuffisamment-preparee-donation\\\/#breadcrumb\",\"itemListElement\":[{\"@type\":\"ListItem\",\"position\":1,\"name\":\"Home\",\"item\":\"https:\\\/\\\/staging.fbt-avocats.ch\\\/en\\\/\"},{\"@type\":\"ListItem\",\"position\":2,\"name\":\"Dutreil et holding animatrice : remise en cause du dispositif confirm\u00e9e par la Cour de cassation en cas d\u2019animation insuffisamment pr\u00e9par\u00e9e avant une donation\"}]},{\"@type\":\"WebSite\",\"@id\":\"https:\\\/\\\/staging.fbt-avocats.ch\\\/en\\\/#website\",\"url\":\"https:\\\/\\\/staging.fbt-avocats.ch\\\/en\\\/\",\"name\":\"FBT Avocats SA\",\"description\":\"Etudes bas\u00e9es \u00e0 Gen\u00e8ve et Paris\",\"potentialAction\":[{\"@type\":\"SearchAction\",\"target\":{\"@type\":\"EntryPoint\",\"urlTemplate\":\"https:\\\/\\\/staging.fbt-avocats.ch\\\/en\\\/?s={search_term_string}\"},\"query-input\":{\"@type\":\"PropertyValueSpecification\",\"valueRequired\":true,\"valueName\":\"search_term_string\"}}],\"inLanguage\":\"en-US\"},{\"@type\":\"Person\",\"@id\":\"https:\\\/\\\/staging.fbt-avocats.ch\\\/en\\\/#\\\/schema\\\/person\\\/59cfd6ef8354572f3769bd501839bddd\",\"name\":\"Helder Carvalho\"}]}<\/script>\n<!-- \/ Yoast SEO Premium plugin. -->","yoast_head_json":{"title":"Dutreil et holding animatrice : remise en cause du dispositif confirm\u00e9e par la Cour de cassation en cas d\u2019animation insuffisamment pr\u00e9par\u00e9e avant une donation | FBT Avocats SA","robots":{"index":"noindex","follow":"follow","max-snippet":"max-snippet:-1","max-image-preview":"max-image-preview:large","max-video-preview":"max-video-preview:-1"},"og_locale":"en_US","og_type":"article","og_title":"Dutreil et holding animatrice : remise en cause du dispositif confirm\u00e9e par la Cour de cassation en cas d\u2019animation insuffisamment pr\u00e9par\u00e9e avant une donation","og_url":"https:\/\/staging.fbt-avocats.ch\/en\/dutreil-holding-animatrice-remise-cause-dispositif-confirmee-cour-de-cassation-cas-danimation-insuffisamment-preparee-donation\/","og_site_name":"FBT Avocats SA","article_published_time":"2023-07-17T10:15:02+00:00","article_modified_time":"2023-07-17T10:35:55+00:00","author":"Helder Carvalho","twitter_card":"summary_large_image","twitter_misc":{"Written by":"Helder Carvalho","Est. reading time":"3 minutes"},"schema":{"@context":"https:\/\/schema.org","@graph":[{"@type":"Article","@id":"https:\/\/staging.fbt-avocats.ch\/en\/dutreil-holding-animatrice-remise-cause-dispositif-confirmee-cour-de-cassation-cas-danimation-insuffisamment-preparee-donation\/#article","isPartOf":{"@id":"https:\/\/staging.fbt-avocats.ch\/en\/dutreil-holding-animatrice-remise-cause-dispositif-confirmee-cour-de-cassation-cas-danimation-insuffisamment-preparee-donation\/"},"author":{"name":"Helder Carvalho","@id":"https:\/\/staging.fbt-avocats.ch\/en\/#\/schema\/person\/59cfd6ef8354572f3769bd501839bddd"},"headline":"Dutreil et holding animatrice : remise en cause du dispositif confirm\u00e9e par la Cour de cassation en cas d\u2019animation insuffisamment pr\u00e9par\u00e9e avant une donation","datePublished":"2023-07-17T10:15:02+00:00","dateModified":"2023-07-17T10:35:55+00:00","mainEntityOfPage":{"@id":"https:\/\/staging.fbt-avocats.ch\/en\/dutreil-holding-animatrice-remise-cause-dispositif-confirmee-cour-de-cassation-cas-danimation-insuffisamment-preparee-donation\/"},"wordCount":479,"keywords":["Lexbase"],"articleSection":["Publications"],"inLanguage":"en-US"},{"@type":"WebPage","@id":"https:\/\/staging.fbt-avocats.ch\/en\/dutreil-holding-animatrice-remise-cause-dispositif-confirmee-cour-de-cassation-cas-danimation-insuffisamment-preparee-donation\/","url":"https:\/\/staging.fbt-avocats.ch\/en\/dutreil-holding-animatrice-remise-cause-dispositif-confirmee-cour-de-cassation-cas-danimation-insuffisamment-preparee-donation\/","name":"Dutreil et holding animatrice : remise en cause du dispositif confirm\u00e9e par la Cour de cassation en cas d\u2019animation insuffisamment pr\u00e9par\u00e9e avant une donation | FBT Avocats SA","isPartOf":{"@id":"https:\/\/staging.fbt-avocats.ch\/en\/#website"},"datePublished":"2023-07-17T10:15:02+00:00","dateModified":"2023-07-17T10:35:55+00:00","author":{"@id":"https:\/\/staging.fbt-avocats.ch\/en\/#\/schema\/person\/59cfd6ef8354572f3769bd501839bddd"},"breadcrumb":{"@id":"https:\/\/staging.fbt-avocats.ch\/en\/dutreil-holding-animatrice-remise-cause-dispositif-confirmee-cour-de-cassation-cas-danimation-insuffisamment-preparee-donation\/#breadcrumb"},"inLanguage":"en-US","potentialAction":[{"@type":"ReadAction","target":["https:\/\/staging.fbt-avocats.ch\/en\/dutreil-holding-animatrice-remise-cause-dispositif-confirmee-cour-de-cassation-cas-danimation-insuffisamment-preparee-donation\/"]}]},{"@type":"BreadcrumbList","@id":"https:\/\/staging.fbt-avocats.ch\/en\/dutreil-holding-animatrice-remise-cause-dispositif-confirmee-cour-de-cassation-cas-danimation-insuffisamment-preparee-donation\/#breadcrumb","itemListElement":[{"@type":"ListItem","position":1,"name":"Home","item":"https:\/\/staging.fbt-avocats.ch\/en\/"},{"@type":"ListItem","position":2,"name":"Dutreil et holding animatrice : remise en cause du dispositif confirm\u00e9e par la Cour de cassation en cas d\u2019animation insuffisamment pr\u00e9par\u00e9e avant une donation"}]},{"@type":"WebSite","@id":"https:\/\/staging.fbt-avocats.ch\/en\/#website","url":"https:\/\/staging.fbt-avocats.ch\/en\/","name":"FBT Avocats SA","description":"Etudes bas\u00e9es \u00e0 Gen\u00e8ve et Paris","potentialAction":[{"@type":"SearchAction","target":{"@type":"EntryPoint","urlTemplate":"https:\/\/staging.fbt-avocats.ch\/en\/?s={search_term_string}"},"query-input":{"@type":"PropertyValueSpecification","valueRequired":true,"valueName":"search_term_string"}}],"inLanguage":"en-US"},{"@type":"Person","@id":"https:\/\/staging.fbt-avocats.ch\/en\/#\/schema\/person\/59cfd6ef8354572f3769bd501839bddd","name":"Helder Carvalho"}]}},"_links":{"self":[{"href":"https:\/\/staging.fbt-avocats.ch\/en\/wp-json\/wp\/v2\/posts\/23255","targetHints":{"allow":["GET"]}}],"collection":[{"href":"https:\/\/staging.fbt-avocats.ch\/en\/wp-json\/wp\/v2\/posts"}],"about":[{"href":"https:\/\/staging.fbt-avocats.ch\/en\/wp-json\/wp\/v2\/types\/post"}],"author":[{"embeddable":true,"href":"https:\/\/staging.fbt-avocats.ch\/en\/wp-json\/wp\/v2\/users\/18"}],"replies":[{"embeddable":true,"href":"https:\/\/staging.fbt-avocats.ch\/en\/wp-json\/wp\/v2\/comments?post=23255"}],"version-history":[{"count":0,"href":"https:\/\/staging.fbt-avocats.ch\/en\/wp-json\/wp\/v2\/posts\/23255\/revisions"}],"wp:attachment":[{"href":"https:\/\/staging.fbt-avocats.ch\/en\/wp-json\/wp\/v2\/media?parent=23255"}],"wp:term":[{"taxonomy":"category","embeddable":true,"href":"https:\/\/staging.fbt-avocats.ch\/en\/wp-json\/wp\/v2\/categories?post=23255"},{"taxonomy":"post_tag","embeddable":true,"href":"https:\/\/staging.fbt-avocats.ch\/en\/wp-json\/wp\/v2\/tags?post=23255"},{"taxonomy":"datespeciale","embeddable":true,"href":"https:\/\/staging.fbt-avocats.ch\/en\/wp-json\/wp\/v2\/datespeciale?post=23255"}],"curies":[{"name":"wp","href":"https:\/\/api.w.org\/{rel}","templated":true}]}}