{"id":23293,"date":"2023-08-07T08:44:28","date_gmt":"2023-08-07T07:44:28","guid":{"rendered":"https:\/\/www.fbt-avocats.ch\/recette-dun-piege-fiscal-meconnu\/"},"modified":"2025-10-20T10:00:30","modified_gmt":"2025-10-20T09:00:30","slug":"recette-dun-piege-fiscal-meconnu","status":"publish","type":"post","link":"https:\/\/staging.fbt-avocats.ch\/en\/recette-dun-piege-fiscal-meconnu\/","title":{"rendered":"Recette d\u2019un pi\u00e8ge fiscal m\u00e9connu"},"content":{"rendered":"<section  class='av_textblock_section av-7dtlel-54646e090b2362c0ce717e7039213545 '   itemscope=\"itemscope\" itemtype=\"https:\/\/schema.org\/BlogPosting\" itemprop=\"blogPost\" ><div class='avia_textblock'  itemprop=\"text\" ><\/div><\/section>\n\n<style type=\"text\/css\" data-created_by=\"avia_inline_auto\" id=\"style-css-av-6hs9cd-aa7fd7160a86b43089fe650ca2464333\">\n.flex_column.av-6hs9cd-aa7fd7160a86b43089fe650ca2464333{\nborder-radius:0px 0px 0px 0px;\npadding:0px 0px 0px 0px;\n}\n<\/style>\n<div  class='flex_column av-6hs9cd-aa7fd7160a86b43089fe650ca2464333 av_one_full  avia-builder-el-1  el_after_av_textblock  avia-builder-el-last  first flex_column_div av-zero-column-padding  column-top-margin'     ><p>\n<style type=\"text\/css\" data-created_by=\"avia_inline_auto\" id=\"style-css-av-ll0mqw8o-28093fff59acda636056346955148b46\">\n#top .av-special-heading.av-ll0mqw8o-28093fff59acda636056346955148b46{\npadding-bottom:10px;\nfont-size:26px;\n}\nbody .av-special-heading.av-ll0mqw8o-28093fff59acda636056346955148b46 .av-special-heading-tag .heading-char{\nfont-size:25px;\n}\n#top #wrap_all .av-special-heading.av-ll0mqw8o-28093fff59acda636056346955148b46 .av-special-heading-tag{\nfont-size:26px;\n}\n.av-special-heading.av-ll0mqw8o-28093fff59acda636056346955148b46 .av-subheading{\nfont-size:15px;\n}\n\n@media only screen and (min-width: 480px) and (max-width: 767px){ \n#top #wrap_all .av-special-heading.av-ll0mqw8o-28093fff59acda636056346955148b46 .av-special-heading-tag{\nfont-size:0.8em;\n}\n}\n\n@media only screen and (max-width: 479px){ \n#top #wrap_all .av-special-heading.av-ll0mqw8o-28093fff59acda636056346955148b46 .av-special-heading-tag{\nfont-size:0.8em;\n}\n}\n<\/style>\n<div  class='av-special-heading av-ll0mqw8o-28093fff59acda636056346955148b46 av-special-heading-h1 blockquote modern-quote  avia-builder-el-2  el_before_av_hr  avia-builder-el-first  av-inherit-size'><h1 class='av-special-heading-tag '  itemprop=\"headline\"  >Recette d\u2019un pi\u00e8ge fiscal m\u00e9connu<\/h1><div class='av-subheading av-subheading_below'><p>Allnews \u2013 Ao\u00fbt 2023<br \/>\nMichel Abt et Romain Baume<\/p>\n<\/div><div class=\"special-heading-border\"><div class=\"special-heading-inner-border\"><\/div><\/div><\/div><br \/>\n\n<style type=\"text\/css\" data-created_by=\"avia_inline_auto\" id=\"style-css-av-4rtof1-6cb168409d4b952e81360eb2f8cb23b0\">\n#top .hr.hr-invisible.av-4rtof1-6cb168409d4b952e81360eb2f8cb23b0{\nheight:20px;\n}\n<\/style>\n<div  class='hr av-4rtof1-6cb168409d4b952e81360eb2f8cb23b0 hr-invisible  avia-builder-el-3  el_after_av_heading  el_before_av_textblock '><span class='hr-inner '><span class=\"hr-inner-style\"><\/span><\/span><\/div><br \/>\n<section  class='av_textblock_section av-jo5hremo-8df0535b4b08dc00af18df224af1af03 '   itemscope=\"itemscope\" itemtype=\"https:\/\/schema.org\/BlogPosting\" itemprop=\"blogPost\" ><div class='avia_textblock'  itemprop=\"text\" ><div data-canvas-width=\"431.1431666666666\">\n<div class=\"textLayer\">\n<div data-canvas-width=\"318.9300803304\">\n<p><strong>Modification de r\u00e9gime matrimonial et droits de donation: danger m\u00e9connu planant au-dessus des contribuables genevois actuellement ou pr\u00e9c\u00e9demment impos\u00e9s d\u2019apr\u00e8s la d\u00e9pense.<br \/>\n<\/strong><\/p>\n<p>Dans le canton de Gen\u00e8ve, les donations entre conjoints sont int\u00e9gralement exon\u00e9r\u00e9es d\u2019imp\u00f4ts\u2026 sauf pour les contribuables impos\u00e9s d\u2019apr\u00e8s la d\u00e9pense. Cette exception \u00e0 l\u2019exemption est g\u00e9n\u00e9ralement bien connue en son principe. Mais cette contre-exemption n\u2019est pas sans subtilit\u00e9s, ce qui peut notamment aboutir \u00e0 de f\u00e2cheuses cons\u00e9quence fiscales lorsqu\u2019un couple de forfaitaires ou d\u2019ex-forfaitaires proc\u00e8de \u00e0 un changement ou une modification de son r\u00e9gime matrimonial.<\/p>\n<p>Dans la mesure o\u00f9 la notion de \u00abr\u00e9gime matrimonial\u00bb est consubstantielle au mariage et que les couples mari\u00e9s sont exon\u00e9r\u00e9s de droits de donation pour l\u2019ensemble des transferts de valeurs entre conjoints sur le territoire genevois, aborder les risques fiscaux en termes de droits de donation li\u00e9s \u00e0 une modification de r\u00e9gime matrimonial pourrait \u00e0 premi\u00e8re vue laisser \u00e0 penser que cet article \u00e9tait destin\u00e9 \u00e0 une publication en date du 1<sup>er<\/sup>\u00a0avril. Il n\u2019en est toutefois rien.<\/p>\n<\/div>\n<\/div>\n<\/div>\n<\/div><\/section><br \/>\n\n<style type=\"text\/css\" data-created_by=\"avia_inline_auto\" id=\"style-css-av-1xwhd9-afd37c19b28461d09397a418e175376c\">\n#top .hr.hr-invisible.av-1xwhd9-afd37c19b28461d09397a418e175376c{\nheight:20px;\n}\n<\/style>\n<div  class='hr av-1xwhd9-afd37c19b28461d09397a418e175376c hr-invisible  avia-builder-el-5  el_after_av_textblock  el_before_av_button '><span class='hr-inner '><span class=\"hr-inner-style\"><\/span><\/span><\/div><br \/>\n<div  class='avia-button-wrap av-jo5hs5ts-d62857a132246eecd962b16d598479ce-wrap avia-button-left  avia-builder-el-6  el_after_av_hr  avia-builder-el-last '>\n<style type=\"text\/css\" data-created_by=\"avia_inline_auto\" id=\"style-css-av-jo5hs5ts-d62857a132246eecd962b16d598479ce\">\n#top #wrap_all .avia-button.av-jo5hs5ts-d62857a132246eecd962b16d598479ce{\nbackground-color:#44525f;\nborder-color:#44525f;\ncolor:#ffffff;\ntransition:all 0.4s ease-in-out;\n}\n#top #wrap_all .avia-button.av-jo5hs5ts-d62857a132246eecd962b16d598479ce .avia-svg-icon svg:first-child{\nfill:#ffffff;\nstroke:#ffffff;\n}\n<\/style>\n<a href='https:\/\/staging.fbt-avocats.ch\/wp-content\/uploads\/2023\/08\/Recette-d\u2019un-pi\u00e8ge-fiscal-m\u00e9connu_Allnews.pdf'  class='avia-button av-jo5hs5ts-d62857a132246eecd962b16d598479ce av-link-btn avia-icon_select-no avia-size-large avia-position-left'  target=\"_blank\"  rel=\"noopener noreferrer\"  aria-label=\"Lire la suite\"><span class='avia_iconbox_title' >Lire la suite<\/span><\/a><\/div><\/p><\/div>\n","protected":false},"excerpt":{"rendered":"<p>Dans le canton de Gen\u00e8ve, les donations entre conjoints sont int\u00e9gralement exon\u00e9r\u00e9es d\u2019imp\u00f4ts\u2026 sauf pour les contribuables impos\u00e9s d\u2019apr\u00e8s la d\u00e9pense. Cette exception \u00e0 l\u2019exemption est g\u00e9n\u00e9ralement bien connue en son principe. Mais cette contre-exemption n\u2019est pas sans subtilit\u00e9s\u2026<\/p>\n","protected":false},"author":18,"featured_media":23511,"comment_status":"closed","ping_status":"closed","sticky":false,"template":"","format":"standard","meta":{"footnotes":""},"categories":[84],"tags":[560],"datespeciale":[],"class_list":["post-23293","post","type-post","status-publish","format-standard","has-post-thumbnail","hentry","category-media-and-news","tag-allnews-en","competences-tax","auteurs-michel-abt-en","auteurs-romain-baume-en","date-publication-2023-en","diffusion-groupe-fiscal-en","diffusion-medias-en"],"yoast_head":"<!-- This site is optimized with the Yoast SEO Premium plugin v27.4 (Yoast SEO v27.4) - https:\/\/yoast.com\/product\/yoast-seo-premium-wordpress\/ -->\n<title>Recette d\u2019un pi\u00e8ge fiscal m\u00e9connu | FBT Avocats SA<\/title>\n<meta name=\"robots\" content=\"noindex, follow, max-snippet:-1, max-image-preview:large, max-video-preview:-1\" \/>\n<meta property=\"og:locale\" content=\"en_US\" \/>\n<meta property=\"og:type\" content=\"article\" \/>\n<meta property=\"og:title\" content=\"Recette d\u2019un pi\u00e8ge fiscal m\u00e9connu\" \/>\n<meta property=\"og:description\" content=\"Dans le canton de Gen\u00e8ve, les donations entre conjoints sont int\u00e9gralement exon\u00e9r\u00e9es d\u2019imp\u00f4ts\u2026 sauf pour les contribuables impos\u00e9s d\u2019apr\u00e8s la d\u00e9pense.\" \/>\n<meta property=\"og:url\" content=\"https:\/\/staging.fbt-avocats.ch\/en\/recette-dun-piege-fiscal-meconnu\/\" \/>\n<meta property=\"og:site_name\" content=\"FBT Avocats SA\" \/>\n<meta property=\"article:published_time\" content=\"2023-08-07T07:44:28+00:00\" \/>\n<meta property=\"article:modified_time\" content=\"2025-10-20T09:00:30+00:00\" \/>\n<meta property=\"og:image\" content=\"https:\/\/staging.fbt-avocats.ch\/wp-content\/uploads\/2023\/11\/test-img-og-scaled.jpg\" \/>\n\t<meta property=\"og:image:width\" content=\"2560\" \/>\n\t<meta property=\"og:image:height\" content=\"1345\" \/>\n\t<meta property=\"og:image:type\" content=\"image\/jpeg\" \/>\n<meta name=\"author\" content=\"Helder Carvalho\" \/>\n<meta name=\"twitter:card\" content=\"summary_large_image\" \/>\n<meta name=\"twitter:label1\" content=\"Written by\" \/>\n\t<meta name=\"twitter:data1\" content=\"Helder Carvalho\" \/>\n\t<meta name=\"twitter:label2\" content=\"Est. reading time\" \/>\n\t<meta name=\"twitter:data2\" content=\"3 minutes\" \/>\n<script type=\"application\/ld+json\" class=\"yoast-schema-graph\">{\"@context\":\"https:\\\/\\\/schema.org\",\"@graph\":[{\"@type\":\"Article\",\"@id\":\"https:\\\/\\\/staging.fbt-avocats.ch\\\/en\\\/recette-dun-piege-fiscal-meconnu\\\/#article\",\"isPartOf\":{\"@id\":\"https:\\\/\\\/staging.fbt-avocats.ch\\\/en\\\/recette-dun-piege-fiscal-meconnu\\\/\"},\"author\":{\"name\":\"Helder Carvalho\",\"@id\":\"https:\\\/\\\/staging.fbt-avocats.ch\\\/en\\\/#\\\/schema\\\/person\\\/59cfd6ef8354572f3769bd501839bddd\"},\"headline\":\"Recette d\u2019un pi\u00e8ge fiscal m\u00e9connu\",\"datePublished\":\"2023-08-07T07:44:28+00:00\",\"dateModified\":\"2025-10-20T09:00:30+00:00\",\"mainEntityOfPage\":{\"@id\":\"https:\\\/\\\/staging.fbt-avocats.ch\\\/en\\\/recette-dun-piege-fiscal-meconnu\\\/\"},\"wordCount\":476,\"image\":{\"@id\":\"https:\\\/\\\/staging.fbt-avocats.ch\\\/en\\\/recette-dun-piege-fiscal-meconnu\\\/#primaryimage\"},\"thumbnailUrl\":\"https:\\\/\\\/staging.fbt-avocats.ch\\\/wp-content\\\/uploads\\\/2023\\\/11\\\/test-img-og-scaled.jpg\",\"keywords\":[\"Allnews\"],\"articleSection\":[\"Media and News\"],\"inLanguage\":\"en-US\"},{\"@type\":\"WebPage\",\"@id\":\"https:\\\/\\\/staging.fbt-avocats.ch\\\/en\\\/recette-dun-piege-fiscal-meconnu\\\/\",\"url\":\"https:\\\/\\\/staging.fbt-avocats.ch\\\/en\\\/recette-dun-piege-fiscal-meconnu\\\/\",\"name\":\"Recette d\u2019un pi\u00e8ge fiscal m\u00e9connu | FBT Avocats SA\",\"isPartOf\":{\"@id\":\"https:\\\/\\\/staging.fbt-avocats.ch\\\/en\\\/#website\"},\"primaryImageOfPage\":{\"@id\":\"https:\\\/\\\/staging.fbt-avocats.ch\\\/en\\\/recette-dun-piege-fiscal-meconnu\\\/#primaryimage\"},\"image\":{\"@id\":\"https:\\\/\\\/staging.fbt-avocats.ch\\\/en\\\/recette-dun-piege-fiscal-meconnu\\\/#primaryimage\"},\"thumbnailUrl\":\"https:\\\/\\\/staging.fbt-avocats.ch\\\/wp-content\\\/uploads\\\/2023\\\/11\\\/test-img-og-scaled.jpg\",\"datePublished\":\"2023-08-07T07:44:28+00:00\",\"dateModified\":\"2025-10-20T09:00:30+00:00\",\"author\":{\"@id\":\"https:\\\/\\\/staging.fbt-avocats.ch\\\/en\\\/#\\\/schema\\\/person\\\/59cfd6ef8354572f3769bd501839bddd\"},\"breadcrumb\":{\"@id\":\"https:\\\/\\\/staging.fbt-avocats.ch\\\/en\\\/recette-dun-piege-fiscal-meconnu\\\/#breadcrumb\"},\"inLanguage\":\"en-US\",\"potentialAction\":[{\"@type\":\"ReadAction\",\"target\":[\"https:\\\/\\\/staging.fbt-avocats.ch\\\/en\\\/recette-dun-piege-fiscal-meconnu\\\/\"]}]},{\"@type\":\"ImageObject\",\"inLanguage\":\"en-US\",\"@id\":\"https:\\\/\\\/staging.fbt-avocats.ch\\\/en\\\/recette-dun-piege-fiscal-meconnu\\\/#primaryimage\",\"url\":\"https:\\\/\\\/staging.fbt-avocats.ch\\\/wp-content\\\/uploads\\\/2023\\\/11\\\/test-img-og-scaled.jpg\",\"contentUrl\":\"https:\\\/\\\/staging.fbt-avocats.ch\\\/wp-content\\\/uploads\\\/2023\\\/11\\\/test-img-og-scaled.jpg\",\"width\":2560,\"height\":1345},{\"@type\":\"BreadcrumbList\",\"@id\":\"https:\\\/\\\/staging.fbt-avocats.ch\\\/en\\\/recette-dun-piege-fiscal-meconnu\\\/#breadcrumb\",\"itemListElement\":[{\"@type\":\"ListItem\",\"position\":1,\"name\":\"Home\",\"item\":\"https:\\\/\\\/staging.fbt-avocats.ch\\\/en\\\/\"},{\"@type\":\"ListItem\",\"position\":2,\"name\":\"Recette d\u2019un pi\u00e8ge fiscal m\u00e9connu\"}]},{\"@type\":\"WebSite\",\"@id\":\"https:\\\/\\\/staging.fbt-avocats.ch\\\/en\\\/#website\",\"url\":\"https:\\\/\\\/staging.fbt-avocats.ch\\\/en\\\/\",\"name\":\"FBT Avocats SA\",\"description\":\"Etudes bas\u00e9es \u00e0 Gen\u00e8ve et Paris\",\"potentialAction\":[{\"@type\":\"SearchAction\",\"target\":{\"@type\":\"EntryPoint\",\"urlTemplate\":\"https:\\\/\\\/staging.fbt-avocats.ch\\\/en\\\/?s={search_term_string}\"},\"query-input\":{\"@type\":\"PropertyValueSpecification\",\"valueRequired\":true,\"valueName\":\"search_term_string\"}}],\"inLanguage\":\"en-US\"},{\"@type\":\"Person\",\"@id\":\"https:\\\/\\\/staging.fbt-avocats.ch\\\/en\\\/#\\\/schema\\\/person\\\/59cfd6ef8354572f3769bd501839bddd\",\"name\":\"Helder Carvalho\"}]}<\/script>\n<!-- \/ Yoast SEO Premium plugin. -->","yoast_head_json":{"title":"Recette d\u2019un pi\u00e8ge fiscal m\u00e9connu | FBT Avocats SA","robots":{"index":"noindex","follow":"follow","max-snippet":"max-snippet:-1","max-image-preview":"max-image-preview:large","max-video-preview":"max-video-preview:-1"},"og_locale":"en_US","og_type":"article","og_title":"Recette d\u2019un pi\u00e8ge fiscal m\u00e9connu","og_description":"Dans le canton de Gen\u00e8ve, les donations entre conjoints sont int\u00e9gralement exon\u00e9r\u00e9es d\u2019imp\u00f4ts\u2026 sauf pour les contribuables impos\u00e9s d\u2019apr\u00e8s la d\u00e9pense.","og_url":"https:\/\/staging.fbt-avocats.ch\/en\/recette-dun-piege-fiscal-meconnu\/","og_site_name":"FBT Avocats SA","article_published_time":"2023-08-07T07:44:28+00:00","article_modified_time":"2025-10-20T09:00:30+00:00","og_image":[{"width":2560,"height":1345,"url":"https:\/\/staging.fbt-avocats.ch\/wp-content\/uploads\/2023\/11\/test-img-og-scaled.jpg","type":"image\/jpeg"}],"author":"Helder Carvalho","twitter_card":"summary_large_image","twitter_misc":{"Written by":"Helder Carvalho","Est. reading time":"3 minutes"},"schema":{"@context":"https:\/\/schema.org","@graph":[{"@type":"Article","@id":"https:\/\/staging.fbt-avocats.ch\/en\/recette-dun-piege-fiscal-meconnu\/#article","isPartOf":{"@id":"https:\/\/staging.fbt-avocats.ch\/en\/recette-dun-piege-fiscal-meconnu\/"},"author":{"name":"Helder Carvalho","@id":"https:\/\/staging.fbt-avocats.ch\/en\/#\/schema\/person\/59cfd6ef8354572f3769bd501839bddd"},"headline":"Recette d\u2019un pi\u00e8ge fiscal m\u00e9connu","datePublished":"2023-08-07T07:44:28+00:00","dateModified":"2025-10-20T09:00:30+00:00","mainEntityOfPage":{"@id":"https:\/\/staging.fbt-avocats.ch\/en\/recette-dun-piege-fiscal-meconnu\/"},"wordCount":476,"image":{"@id":"https:\/\/staging.fbt-avocats.ch\/en\/recette-dun-piege-fiscal-meconnu\/#primaryimage"},"thumbnailUrl":"https:\/\/staging.fbt-avocats.ch\/wp-content\/uploads\/2023\/11\/test-img-og-scaled.jpg","keywords":["Allnews"],"articleSection":["Media and News"],"inLanguage":"en-US"},{"@type":"WebPage","@id":"https:\/\/staging.fbt-avocats.ch\/en\/recette-dun-piege-fiscal-meconnu\/","url":"https:\/\/staging.fbt-avocats.ch\/en\/recette-dun-piege-fiscal-meconnu\/","name":"Recette d\u2019un pi\u00e8ge fiscal m\u00e9connu | FBT Avocats SA","isPartOf":{"@id":"https:\/\/staging.fbt-avocats.ch\/en\/#website"},"primaryImageOfPage":{"@id":"https:\/\/staging.fbt-avocats.ch\/en\/recette-dun-piege-fiscal-meconnu\/#primaryimage"},"image":{"@id":"https:\/\/staging.fbt-avocats.ch\/en\/recette-dun-piege-fiscal-meconnu\/#primaryimage"},"thumbnailUrl":"https:\/\/staging.fbt-avocats.ch\/wp-content\/uploads\/2023\/11\/test-img-og-scaled.jpg","datePublished":"2023-08-07T07:44:28+00:00","dateModified":"2025-10-20T09:00:30+00:00","author":{"@id":"https:\/\/staging.fbt-avocats.ch\/en\/#\/schema\/person\/59cfd6ef8354572f3769bd501839bddd"},"breadcrumb":{"@id":"https:\/\/staging.fbt-avocats.ch\/en\/recette-dun-piege-fiscal-meconnu\/#breadcrumb"},"inLanguage":"en-US","potentialAction":[{"@type":"ReadAction","target":["https:\/\/staging.fbt-avocats.ch\/en\/recette-dun-piege-fiscal-meconnu\/"]}]},{"@type":"ImageObject","inLanguage":"en-US","@id":"https:\/\/staging.fbt-avocats.ch\/en\/recette-dun-piege-fiscal-meconnu\/#primaryimage","url":"https:\/\/staging.fbt-avocats.ch\/wp-content\/uploads\/2023\/11\/test-img-og-scaled.jpg","contentUrl":"https:\/\/staging.fbt-avocats.ch\/wp-content\/uploads\/2023\/11\/test-img-og-scaled.jpg","width":2560,"height":1345},{"@type":"BreadcrumbList","@id":"https:\/\/staging.fbt-avocats.ch\/en\/recette-dun-piege-fiscal-meconnu\/#breadcrumb","itemListElement":[{"@type":"ListItem","position":1,"name":"Home","item":"https:\/\/staging.fbt-avocats.ch\/en\/"},{"@type":"ListItem","position":2,"name":"Recette d\u2019un pi\u00e8ge fiscal m\u00e9connu"}]},{"@type":"WebSite","@id":"https:\/\/staging.fbt-avocats.ch\/en\/#website","url":"https:\/\/staging.fbt-avocats.ch\/en\/","name":"FBT Avocats SA","description":"Etudes bas\u00e9es \u00e0 Gen\u00e8ve et Paris","potentialAction":[{"@type":"SearchAction","target":{"@type":"EntryPoint","urlTemplate":"https:\/\/staging.fbt-avocats.ch\/en\/?s={search_term_string}"},"query-input":{"@type":"PropertyValueSpecification","valueRequired":true,"valueName":"search_term_string"}}],"inLanguage":"en-US"},{"@type":"Person","@id":"https:\/\/staging.fbt-avocats.ch\/en\/#\/schema\/person\/59cfd6ef8354572f3769bd501839bddd","name":"Helder Carvalho"}]}},"_links":{"self":[{"href":"https:\/\/staging.fbt-avocats.ch\/en\/wp-json\/wp\/v2\/posts\/23293","targetHints":{"allow":["GET"]}}],"collection":[{"href":"https:\/\/staging.fbt-avocats.ch\/en\/wp-json\/wp\/v2\/posts"}],"about":[{"href":"https:\/\/staging.fbt-avocats.ch\/en\/wp-json\/wp\/v2\/types\/post"}],"author":[{"embeddable":true,"href":"https:\/\/staging.fbt-avocats.ch\/en\/wp-json\/wp\/v2\/users\/18"}],"replies":[{"embeddable":true,"href":"https:\/\/staging.fbt-avocats.ch\/en\/wp-json\/wp\/v2\/comments?post=23293"}],"version-history":[{"count":0,"href":"https:\/\/staging.fbt-avocats.ch\/en\/wp-json\/wp\/v2\/posts\/23293\/revisions"}],"wp:featuredmedia":[{"embeddable":true,"href":"https:\/\/staging.fbt-avocats.ch\/en\/wp-json\/wp\/v2\/media\/23511"}],"wp:attachment":[{"href":"https:\/\/staging.fbt-avocats.ch\/en\/wp-json\/wp\/v2\/media?parent=23293"}],"wp:term":[{"taxonomy":"category","embeddable":true,"href":"https:\/\/staging.fbt-avocats.ch\/en\/wp-json\/wp\/v2\/categories?post=23293"},{"taxonomy":"post_tag","embeddable":true,"href":"https:\/\/staging.fbt-avocats.ch\/en\/wp-json\/wp\/v2\/tags?post=23293"},{"taxonomy":"datespeciale","embeddable":true,"href":"https:\/\/staging.fbt-avocats.ch\/en\/wp-json\/wp\/v2\/datespeciale?post=23293"}],"curies":[{"name":"wp","href":"https:\/\/api.w.org\/{rel}","templated":true}]}}