{"id":23381,"date":"2023-10-02T10:01:33","date_gmt":"2023-10-02T09:01:33","guid":{"rendered":"https:\/\/www.fbt-avocats.ch\/teletravail-franco-suisse-cadre-legal-desormais-normalise\/"},"modified":"2025-10-20T09:59:40","modified_gmt":"2025-10-20T08:59:40","slug":"teletravail-franco-suisse-cadre-legal-desormais-normalise","status":"publish","type":"post","link":"https:\/\/staging.fbt-avocats.ch\/en\/teletravail-franco-suisse-cadre-legal-desormais-normalise\/","title":{"rendered":"T\u00e9l\u00e9travail franco-suisse: un cadre l\u00e9gal d\u00e9sormais normalis\u00e9"},"content":{"rendered":"<section  class='av_textblock_section av-7dtlel-54646e090b2362c0ce717e7039213545 '   itemscope=\"itemscope\" itemtype=\"https:\/\/schema.org\/BlogPosting\" itemprop=\"blogPost\" ><div class='avia_textblock'  itemprop=\"text\" ><\/div><\/section>\n\n<style type=\"text\/css\" data-created_by=\"avia_inline_auto\" id=\"style-css-av-6hs9cd-aa7fd7160a86b43089fe650ca2464333\">\n.flex_column.av-6hs9cd-aa7fd7160a86b43089fe650ca2464333{\nborder-radius:0px 0px 0px 0px;\npadding:0px 0px 0px 0px;\n}\n<\/style>\n<div  class='flex_column av-6hs9cd-aa7fd7160a86b43089fe650ca2464333 av_one_full  avia-builder-el-1  el_after_av_textblock  avia-builder-el-last  first flex_column_div av-zero-column-padding  column-top-margin'     ><p>\n<style type=\"text\/css\" data-created_by=\"avia_inline_auto\" id=\"style-css-av-ln8ntx77-7cbd03550f049eac06405536c5f64542\">\n#top .av-special-heading.av-ln8ntx77-7cbd03550f049eac06405536c5f64542{\npadding-bottom:10px;\nfont-size:26px;\n}\nbody .av-special-heading.av-ln8ntx77-7cbd03550f049eac06405536c5f64542 .av-special-heading-tag .heading-char{\nfont-size:25px;\n}\n#top #wrap_all .av-special-heading.av-ln8ntx77-7cbd03550f049eac06405536c5f64542 .av-special-heading-tag{\nfont-size:26px;\n}\n.av-special-heading.av-ln8ntx77-7cbd03550f049eac06405536c5f64542 .av-subheading{\nfont-size:15px;\n}\n\n@media only screen and (min-width: 480px) and (max-width: 767px){ \n#top #wrap_all .av-special-heading.av-ln8ntx77-7cbd03550f049eac06405536c5f64542 .av-special-heading-tag{\nfont-size:0.8em;\n}\n}\n\n@media only screen and (max-width: 479px){ \n#top #wrap_all .av-special-heading.av-ln8ntx77-7cbd03550f049eac06405536c5f64542 .av-special-heading-tag{\nfont-size:0.8em;\n}\n}\n<\/style>\n<div  class='av-special-heading av-ln8ntx77-7cbd03550f049eac06405536c5f64542 av-special-heading-h1 blockquote modern-quote  avia-builder-el-2  el_before_av_hr  avia-builder-el-first  av-inherit-size'><h1 class='av-special-heading-tag '  itemprop=\"headline\"  >T\u00e9l\u00e9travail franco-suisse: un cadre l\u00e9gal d\u00e9sormais normalis\u00e9<\/h1><div class='av-subheading av-subheading_below'><p>Allnews \u2013 Octobre 2023<br \/>\nAlain Moreau<\/p>\n<\/div><div class=\"special-heading-border\"><div class=\"special-heading-inner-border\"><\/div><\/div><\/div><br \/>\n\n<style type=\"text\/css\" data-created_by=\"avia_inline_auto\" id=\"style-css-av-4rtof1-6cb168409d4b952e81360eb2f8cb23b0\">\n#top .hr.hr-invisible.av-4rtof1-6cb168409d4b952e81360eb2f8cb23b0{\nheight:20px;\n}\n<\/style>\n<div  class='hr av-4rtof1-6cb168409d4b952e81360eb2f8cb23b0 hr-invisible  avia-builder-el-3  el_after_av_heading  el_before_av_textblock '><span class='hr-inner '><span class=\"hr-inner-style\"><\/span><\/span><\/div><br \/>\n<section  class='av_textblock_section av-jo5hremo-8df0535b4b08dc00af18df224af1af03 '   itemscope=\"itemscope\" itemtype=\"https:\/\/schema.org\/BlogPosting\" itemprop=\"blogPost\" ><div class='avia_textblock'  itemprop=\"text\" ><div data-canvas-width=\"431.1431666666666\">\n<div class=\"textLayer\">\n<div data-canvas-width=\"318.9300803304\">\n<p><strong>Avec 350&#8217;000 travailleurs frontaliers, le t\u00e9l\u00e9travail constitue une probl\u00e9matique majeure entre la Suisse et la France.<br \/>\n<\/strong><\/p>\n<p>Une enqu\u00eate statistique r\u00e9alis\u00e9e en 2022 par l&#8217;AFC aupr\u00e8s d&#8217;employeurs suisses de salari\u00e9s \u00abfran\u00e7ais\u00bb (i.e. domicili\u00e9s en France) impos\u00e9s \u00e0 la source en Suisse a r\u00e9v\u00e9l\u00e9 que 34,7% des employeurs autorisaient le t\u00e9l\u00e9travail de leur personnel frontalier et que, pour 7 4,8% d&#8217;entre eux, un taux de t\u00e9l\u00e9travail pouvant aller jusqu&#8217;\u00e0 40% r\u00e9pondait \u00e0 leurs besoins op\u00e9rationnels.<\/p>\n<p>La question du t\u00e9l\u00e9travail entre la Suisse et la France &#8211; fort de 350&#8217;000 frontaliers &#8211; s&#8217;est donc vite pos\u00e9e comme une probl\u00e9matique majeure entre les deux pays. Avant la pand\u00e9mie, les travailleurs frontaliers pouvaient t\u00e9l\u00e9travailler \u00e0 hauteur de 25% de leur taux d&#8217;activit\u00e9 sans impact sur leur couverture sociale ou leur fiscalit\u00e9. Pendant la pand\u00e9mie de COVID-19, les Etats membres de l&#8217;Union europ\u00e9enne ainsi que la Suisse (Accord du 13 mai 2020 avec la France) ont convenu, face \u00e0 l&#8217;urgence de la situation, de la neutralisation des r\u00e8gles fiscales et sociales encadrant la pratique du t\u00e9l\u00e9travail pour les travailleurs frontaliers. Ce r\u00e9gime fiscal et social d\u00e9rogatoire a pris fin au 31 d\u00e9cembre 2022 en mati\u00e8re fiscale et au 30 juin 2023 pour le volet social.<\/p>\n<\/div>\n<\/div>\n<\/div>\n<\/div><\/section><br \/>\n\n<style type=\"text\/css\" data-created_by=\"avia_inline_auto\" id=\"style-css-av-1xwhd9-afd37c19b28461d09397a418e175376c\">\n#top .hr.hr-invisible.av-1xwhd9-afd37c19b28461d09397a418e175376c{\nheight:20px;\n}\n<\/style>\n<div  class='hr av-1xwhd9-afd37c19b28461d09397a418e175376c hr-invisible  avia-builder-el-5  el_after_av_textblock  el_before_av_button '><span class='hr-inner '><span class=\"hr-inner-style\"><\/span><\/span><\/div><br \/>\n<div  class='avia-button-wrap av-jo5hs5ts-a520beb68da3f347d677db6801165c70-wrap avia-button-left  avia-builder-el-6  el_after_av_hr  avia-builder-el-last '>\n<style type=\"text\/css\" data-created_by=\"avia_inline_auto\" id=\"style-css-av-jo5hs5ts-a520beb68da3f347d677db6801165c70\">\n#top #wrap_all .avia-button.av-jo5hs5ts-a520beb68da3f347d677db6801165c70{\nbackground-color:#44525f;\nborder-color:#44525f;\ncolor:#ffffff;\ntransition:all 0.4s ease-in-out;\n}\n#top #wrap_all .avia-button.av-jo5hs5ts-a520beb68da3f347d677db6801165c70 .avia-svg-icon svg:first-child{\nfill:#ffffff;\nstroke:#ffffff;\n}\n<\/style>\n<a href='https:\/\/staging.fbt-avocats.ch\/wp-content\/uploads\/2023\/10\/T\u00e9l\u00e9travail-franco-suisse-un-cadre-l\u00e9gal-d\u00e9sormais-normalis\u00e9_Allnews.pdf'  class='avia-button av-jo5hs5ts-a520beb68da3f347d677db6801165c70 av-link-btn avia-icon_select-no avia-size-large avia-position-left'  target=\"_blank\"  rel=\"noopener noreferrer\"  aria-label=\"Lire la suite\"><span class='avia_iconbox_title' >Lire la suite<\/span><\/a><\/div><\/p><\/div>\n","protected":false},"excerpt":{"rendered":"<p>Avec 350&#8217;000 travailleurs frontaliers, le t\u00e9l\u00e9travail constitue une probl\u00e9matique majeure entre la Suisse et la France.<br \/>\nUne enqu\u00eate statistique r\u00e9alis\u00e9e en 2022 par l&#8217;AFC aupr\u00e8s d&#8217;employeurs suisses de salari\u00e9s \u00abfran\u00e7ais\u00bb (i.e. domicili\u00e9s en France) impos\u00e9s \u00e0 la source en Suisse a r\u00e9v\u00e9l\u00e9 que 34,7% des employeurs autorisaient le t\u00e9l\u00e9travail de leur personnel frontalier et que, pour 7 4,8% d&#8217;entre eux, un taux de t\u00e9l\u00e9travail pouvant aller jusqu&#8217;\u00e0 40% r\u00e9pondait \u00e0 leurs besoins op\u00e9rationnels.<\/p>\n","protected":false},"author":18,"featured_media":0,"comment_status":"closed","ping_status":"closed","sticky":false,"template":"","format":"standard","meta":{"footnotes":""},"categories":[84],"tags":[560],"datespeciale":[],"class_list":["post-23381","post","type-post","status-publish","format-standard","hentry","category-media-and-news","tag-allnews-en","competences-tax","auteurs-alain-moreau-en","date-publication-2023-en","diffusion-groupe-fiscal-en","diffusion-medias-en"],"yoast_head":"<!-- This site is optimized with the Yoast SEO Premium plugin v27.4 (Yoast SEO v27.4) - https:\/\/yoast.com\/product\/yoast-seo-premium-wordpress\/ -->\n<title>T\u00e9l\u00e9travail franco-suisse: un cadre l\u00e9gal d\u00e9sormais normalis\u00e9 | FBT Avocats SA<\/title>\n<meta name=\"robots\" content=\"noindex, follow, max-snippet:-1, max-image-preview:large, max-video-preview:-1\" \/>\n<meta property=\"og:locale\" content=\"en_US\" \/>\n<meta property=\"og:type\" content=\"article\" \/>\n<meta property=\"og:title\" content=\"T\u00e9l\u00e9travail franco-suisse: un cadre l\u00e9gal d\u00e9sormais normalis\u00e9\" \/>\n<meta property=\"og:description\" content=\"Avec 350&#039;000 travailleurs frontaliers, le t\u00e9l\u00e9travail constitue une probl\u00e9matique majeure entre la Suisse et la France. Une enqu\u00eate statistique r\u00e9alis\u00e9e en 2022 par l&#039;AFC aupr\u00e8s d&#039;employeurs suisses de salari\u00e9s \u00abfran\u00e7ais\u00bb (i.e. domicili\u00e9s en France) impos\u00e9s \u00e0 la source en Suisse a r\u00e9v\u00e9l\u00e9 que 34,7% des employeurs autorisaient le t\u00e9l\u00e9travail de leur personnel frontalier et que, pour 7 4,8% d&#039;entre eux, un taux de t\u00e9l\u00e9travail pouvant aller jusqu&#039;\u00e0 40% r\u00e9pondait \u00e0 leurs besoins op\u00e9rationnels.\" \/>\n<meta property=\"og:url\" content=\"https:\/\/staging.fbt-avocats.ch\/en\/teletravail-franco-suisse-cadre-legal-desormais-normalise\/\" \/>\n<meta property=\"og:site_name\" content=\"FBT Avocats SA\" \/>\n<meta property=\"article:published_time\" content=\"2023-10-02T09:01:33+00:00\" \/>\n<meta property=\"article:modified_time\" content=\"2025-10-20T08:59:40+00:00\" \/>\n<meta name=\"author\" content=\"Helder Carvalho\" \/>\n<meta name=\"twitter:card\" content=\"summary_large_image\" \/>\n<meta name=\"twitter:label1\" content=\"Written by\" \/>\n\t<meta name=\"twitter:data1\" content=\"Helder Carvalho\" \/>\n\t<meta name=\"twitter:label2\" content=\"Est. reading time\" \/>\n\t<meta name=\"twitter:data2\" content=\"3 minutes\" \/>\n<script type=\"application\/ld+json\" class=\"yoast-schema-graph\">{\"@context\":\"https:\\\/\\\/schema.org\",\"@graph\":[{\"@type\":\"Article\",\"@id\":\"https:\\\/\\\/staging.fbt-avocats.ch\\\/en\\\/teletravail-franco-suisse-cadre-legal-desormais-normalise\\\/#article\",\"isPartOf\":{\"@id\":\"https:\\\/\\\/staging.fbt-avocats.ch\\\/en\\\/teletravail-franco-suisse-cadre-legal-desormais-normalise\\\/\"},\"author\":{\"name\":\"Helder Carvalho\",\"@id\":\"https:\\\/\\\/staging.fbt-avocats.ch\\\/en\\\/#\\\/schema\\\/person\\\/59cfd6ef8354572f3769bd501839bddd\"},\"headline\":\"T\u00e9l\u00e9travail franco-suisse: un cadre l\u00e9gal d\u00e9sormais normalis\u00e9\",\"datePublished\":\"2023-10-02T09:01:33+00:00\",\"dateModified\":\"2025-10-20T08:59:40+00:00\",\"mainEntityOfPage\":{\"@id\":\"https:\\\/\\\/staging.fbt-avocats.ch\\\/en\\\/teletravail-franco-suisse-cadre-legal-desormais-normalise\\\/\"},\"wordCount\":505,\"keywords\":[\"Allnews\"],\"articleSection\":[\"Media and News\"],\"inLanguage\":\"en-US\"},{\"@type\":\"WebPage\",\"@id\":\"https:\\\/\\\/staging.fbt-avocats.ch\\\/en\\\/teletravail-franco-suisse-cadre-legal-desormais-normalise\\\/\",\"url\":\"https:\\\/\\\/staging.fbt-avocats.ch\\\/en\\\/teletravail-franco-suisse-cadre-legal-desormais-normalise\\\/\",\"name\":\"T\u00e9l\u00e9travail franco-suisse: un cadre l\u00e9gal d\u00e9sormais normalis\u00e9 | FBT Avocats SA\",\"isPartOf\":{\"@id\":\"https:\\\/\\\/staging.fbt-avocats.ch\\\/en\\\/#website\"},\"datePublished\":\"2023-10-02T09:01:33+00:00\",\"dateModified\":\"2025-10-20T08:59:40+00:00\",\"author\":{\"@id\":\"https:\\\/\\\/staging.fbt-avocats.ch\\\/en\\\/#\\\/schema\\\/person\\\/59cfd6ef8354572f3769bd501839bddd\"},\"breadcrumb\":{\"@id\":\"https:\\\/\\\/staging.fbt-avocats.ch\\\/en\\\/teletravail-franco-suisse-cadre-legal-desormais-normalise\\\/#breadcrumb\"},\"inLanguage\":\"en-US\",\"potentialAction\":[{\"@type\":\"ReadAction\",\"target\":[\"https:\\\/\\\/staging.fbt-avocats.ch\\\/en\\\/teletravail-franco-suisse-cadre-legal-desormais-normalise\\\/\"]}]},{\"@type\":\"BreadcrumbList\",\"@id\":\"https:\\\/\\\/staging.fbt-avocats.ch\\\/en\\\/teletravail-franco-suisse-cadre-legal-desormais-normalise\\\/#breadcrumb\",\"itemListElement\":[{\"@type\":\"ListItem\",\"position\":1,\"name\":\"Home\",\"item\":\"https:\\\/\\\/staging.fbt-avocats.ch\\\/en\\\/\"},{\"@type\":\"ListItem\",\"position\":2,\"name\":\"T\u00e9l\u00e9travail franco-suisse: un cadre l\u00e9gal d\u00e9sormais normalis\u00e9\"}]},{\"@type\":\"WebSite\",\"@id\":\"https:\\\/\\\/staging.fbt-avocats.ch\\\/en\\\/#website\",\"url\":\"https:\\\/\\\/staging.fbt-avocats.ch\\\/en\\\/\",\"name\":\"FBT Avocats SA\",\"description\":\"Etudes bas\u00e9es \u00e0 Gen\u00e8ve et Paris\",\"potentialAction\":[{\"@type\":\"SearchAction\",\"target\":{\"@type\":\"EntryPoint\",\"urlTemplate\":\"https:\\\/\\\/staging.fbt-avocats.ch\\\/en\\\/?s={search_term_string}\"},\"query-input\":{\"@type\":\"PropertyValueSpecification\",\"valueRequired\":true,\"valueName\":\"search_term_string\"}}],\"inLanguage\":\"en-US\"},{\"@type\":\"Person\",\"@id\":\"https:\\\/\\\/staging.fbt-avocats.ch\\\/en\\\/#\\\/schema\\\/person\\\/59cfd6ef8354572f3769bd501839bddd\",\"name\":\"Helder Carvalho\"}]}<\/script>\n<!-- \/ Yoast SEO Premium plugin. -->","yoast_head_json":{"title":"T\u00e9l\u00e9travail franco-suisse: un cadre l\u00e9gal d\u00e9sormais normalis\u00e9 | FBT Avocats SA","robots":{"index":"noindex","follow":"follow","max-snippet":"max-snippet:-1","max-image-preview":"max-image-preview:large","max-video-preview":"max-video-preview:-1"},"og_locale":"en_US","og_type":"article","og_title":"T\u00e9l\u00e9travail franco-suisse: un cadre l\u00e9gal d\u00e9sormais normalis\u00e9","og_description":"Avec 350'000 travailleurs frontaliers, le t\u00e9l\u00e9travail constitue une probl\u00e9matique majeure entre la Suisse et la France. Une enqu\u00eate statistique r\u00e9alis\u00e9e en 2022 par l'AFC aupr\u00e8s d'employeurs suisses de salari\u00e9s \u00abfran\u00e7ais\u00bb (i.e. domicili\u00e9s en France) impos\u00e9s \u00e0 la source en Suisse a r\u00e9v\u00e9l\u00e9 que 34,7% des employeurs autorisaient le t\u00e9l\u00e9travail de leur personnel frontalier et que, pour 7 4,8% d'entre eux, un taux de t\u00e9l\u00e9travail pouvant aller jusqu'\u00e0 40% r\u00e9pondait \u00e0 leurs besoins op\u00e9rationnels.","og_url":"https:\/\/staging.fbt-avocats.ch\/en\/teletravail-franco-suisse-cadre-legal-desormais-normalise\/","og_site_name":"FBT Avocats SA","article_published_time":"2023-10-02T09:01:33+00:00","article_modified_time":"2025-10-20T08:59:40+00:00","author":"Helder Carvalho","twitter_card":"summary_large_image","twitter_misc":{"Written by":"Helder Carvalho","Est. reading time":"3 minutes"},"schema":{"@context":"https:\/\/schema.org","@graph":[{"@type":"Article","@id":"https:\/\/staging.fbt-avocats.ch\/en\/teletravail-franco-suisse-cadre-legal-desormais-normalise\/#article","isPartOf":{"@id":"https:\/\/staging.fbt-avocats.ch\/en\/teletravail-franco-suisse-cadre-legal-desormais-normalise\/"},"author":{"name":"Helder Carvalho","@id":"https:\/\/staging.fbt-avocats.ch\/en\/#\/schema\/person\/59cfd6ef8354572f3769bd501839bddd"},"headline":"T\u00e9l\u00e9travail franco-suisse: un cadre l\u00e9gal d\u00e9sormais normalis\u00e9","datePublished":"2023-10-02T09:01:33+00:00","dateModified":"2025-10-20T08:59:40+00:00","mainEntityOfPage":{"@id":"https:\/\/staging.fbt-avocats.ch\/en\/teletravail-franco-suisse-cadre-legal-desormais-normalise\/"},"wordCount":505,"keywords":["Allnews"],"articleSection":["Media and News"],"inLanguage":"en-US"},{"@type":"WebPage","@id":"https:\/\/staging.fbt-avocats.ch\/en\/teletravail-franco-suisse-cadre-legal-desormais-normalise\/","url":"https:\/\/staging.fbt-avocats.ch\/en\/teletravail-franco-suisse-cadre-legal-desormais-normalise\/","name":"T\u00e9l\u00e9travail franco-suisse: un cadre l\u00e9gal d\u00e9sormais normalis\u00e9 | FBT Avocats SA","isPartOf":{"@id":"https:\/\/staging.fbt-avocats.ch\/en\/#website"},"datePublished":"2023-10-02T09:01:33+00:00","dateModified":"2025-10-20T08:59:40+00:00","author":{"@id":"https:\/\/staging.fbt-avocats.ch\/en\/#\/schema\/person\/59cfd6ef8354572f3769bd501839bddd"},"breadcrumb":{"@id":"https:\/\/staging.fbt-avocats.ch\/en\/teletravail-franco-suisse-cadre-legal-desormais-normalise\/#breadcrumb"},"inLanguage":"en-US","potentialAction":[{"@type":"ReadAction","target":["https:\/\/staging.fbt-avocats.ch\/en\/teletravail-franco-suisse-cadre-legal-desormais-normalise\/"]}]},{"@type":"BreadcrumbList","@id":"https:\/\/staging.fbt-avocats.ch\/en\/teletravail-franco-suisse-cadre-legal-desormais-normalise\/#breadcrumb","itemListElement":[{"@type":"ListItem","position":1,"name":"Home","item":"https:\/\/staging.fbt-avocats.ch\/en\/"},{"@type":"ListItem","position":2,"name":"T\u00e9l\u00e9travail franco-suisse: un cadre l\u00e9gal d\u00e9sormais normalis\u00e9"}]},{"@type":"WebSite","@id":"https:\/\/staging.fbt-avocats.ch\/en\/#website","url":"https:\/\/staging.fbt-avocats.ch\/en\/","name":"FBT Avocats SA","description":"Etudes bas\u00e9es \u00e0 Gen\u00e8ve et Paris","potentialAction":[{"@type":"SearchAction","target":{"@type":"EntryPoint","urlTemplate":"https:\/\/staging.fbt-avocats.ch\/en\/?s={search_term_string}"},"query-input":{"@type":"PropertyValueSpecification","valueRequired":true,"valueName":"search_term_string"}}],"inLanguage":"en-US"},{"@type":"Person","@id":"https:\/\/staging.fbt-avocats.ch\/en\/#\/schema\/person\/59cfd6ef8354572f3769bd501839bddd","name":"Helder Carvalho"}]}},"_links":{"self":[{"href":"https:\/\/staging.fbt-avocats.ch\/en\/wp-json\/wp\/v2\/posts\/23381","targetHints":{"allow":["GET"]}}],"collection":[{"href":"https:\/\/staging.fbt-avocats.ch\/en\/wp-json\/wp\/v2\/posts"}],"about":[{"href":"https:\/\/staging.fbt-avocats.ch\/en\/wp-json\/wp\/v2\/types\/post"}],"author":[{"embeddable":true,"href":"https:\/\/staging.fbt-avocats.ch\/en\/wp-json\/wp\/v2\/users\/18"}],"replies":[{"embeddable":true,"href":"https:\/\/staging.fbt-avocats.ch\/en\/wp-json\/wp\/v2\/comments?post=23381"}],"version-history":[{"count":0,"href":"https:\/\/staging.fbt-avocats.ch\/en\/wp-json\/wp\/v2\/posts\/23381\/revisions"}],"wp:attachment":[{"href":"https:\/\/staging.fbt-avocats.ch\/en\/wp-json\/wp\/v2\/media?parent=23381"}],"wp:term":[{"taxonomy":"category","embeddable":true,"href":"https:\/\/staging.fbt-avocats.ch\/en\/wp-json\/wp\/v2\/categories?post=23381"},{"taxonomy":"post_tag","embeddable":true,"href":"https:\/\/staging.fbt-avocats.ch\/en\/wp-json\/wp\/v2\/tags?post=23381"},{"taxonomy":"datespeciale","embeddable":true,"href":"https:\/\/staging.fbt-avocats.ch\/en\/wp-json\/wp\/v2\/datespeciale?post=23381"}],"curies":[{"name":"wp","href":"https:\/\/api.w.org\/{rel}","templated":true}]}}