{"id":23685,"date":"2023-12-04T18:49:16","date_gmt":"2023-12-04T17:49:16","guid":{"rendered":"https:\/\/www.fbt-avocats.ch\/?p=23685"},"modified":"2025-10-20T11:12:04","modified_gmt":"2025-10-20T10:12:04","slug":"new-developments-in-data-protection","status":"publish","type":"post","link":"https:\/\/staging.fbt-avocats.ch\/en\/new-developments-in-data-protection\/","title":{"rendered":"New developments in data protection"},"content":{"rendered":"<div  class='avia-slideshow av-lpqtcuam-76906b30aa535219bbd7e5abbadb45f0 avia-slideshow-featured_large av_slideshow avia-slide-slider  avia-builder-el-0  el_before_av_heading  avia-builder-el-first  av-slideshow-ui av-control-default av-slideshow-manual av-loop-once av-loop-manual-endless av-default-height-applied avia-slideshow-1' data-slideshow-options=\"{&quot;animation&quot;:&quot;slide&quot;,&quot;autoplay&quot;:false,&quot;loop_autoplay&quot;:&quot;once&quot;,&quot;interval&quot;:5,&quot;loop_manual&quot;:&quot;manual-endless&quot;,&quot;autoplay_stopper&quot;:false,&quot;noNavigation&quot;:false,&quot;bg_slider&quot;:false,&quot;keep_padding&quot;:false,&quot;hoverpause&quot;:false,&quot;show_slide_delay&quot;:0}\"  itemprop=\"image\" itemscope=\"itemscope\" itemtype=\"https:\/\/schema.org\/ImageObject\" ><ul class='avia-slideshow-inner ' style='padding-bottom: 52.333333333333%;'><li  class='avia-slideshow-slide av-lpqtcuam-76906b30aa535219bbd7e5abbadb45f0__0  av-single-slide slide-1 slide-odd'><div data-rel='slideshow-1' class='avia-slide-wrap '   ><img fetchpriority=\"high\" class=\"wp-image-23995 avia-img-lazy-loading-not-23995\"  src='https:\/\/staging.fbt-avocats.ch\/wp-content\/uploads\/2024\/01\/7.jpg' width='1200' height='628' title='7' alt=''  itemprop=\"thumbnailUrl\"   \/><\/div><\/li><\/ul><\/div>\n\n<style type=\"text\/css\" data-created_by=\"avia_inline_auto\" id=\"style-css-av-av_heading-b9390c3788125534520fa275b4cee458\">\n#top .av-special-heading.av-av_heading-b9390c3788125534520fa275b4cee458{\npadding-bottom:10px;\nfont-size:26px;\n}\nbody .av-special-heading.av-av_heading-b9390c3788125534520fa275b4cee458 .av-special-heading-tag .heading-char{\nfont-size:25px;\n}\n#top #wrap_all .av-special-heading.av-av_heading-b9390c3788125534520fa275b4cee458 .av-special-heading-tag{\nfont-size:26px;\n}\n.av-special-heading.av-av_heading-b9390c3788125534520fa275b4cee458 .av-subheading{\nfont-size:15px;\n}\n\n@media only screen and (min-width: 480px) and (max-width: 767px){ \n#top #wrap_all .av-special-heading.av-av_heading-b9390c3788125534520fa275b4cee458 .av-special-heading-tag{\nfont-size:0.8em;\n}\n}\n\n@media only screen and (max-width: 479px){ \n#top #wrap_all .av-special-heading.av-av_heading-b9390c3788125534520fa275b4cee458 .av-special-heading-tag{\nfont-size:0.8em;\n}\n}\n<\/style>\n<div  class='av-special-heading av-av_heading-b9390c3788125534520fa275b4cee458 av-special-heading-h1 blockquote modern-quote  avia-builder-el-1  el_after_av_slideshow  el_before_av_hr  av-inherit-size'><h1 class='av-special-heading-tag '  itemprop=\"headline\"  >New developments in data protection<\/h1><div class='av-subheading av-subheading_below'><p>BSL The Guide to banking in Switzerland &#8211; November 2023<br \/>\nFr\u00e9d\u00e9rique Bensahel<\/p>\n<\/div><div class=\"special-heading-border\"><div class=\"special-heading-inner-border\"><\/div><\/div><\/div>\n\n<style type=\"text\/css\" data-created_by=\"avia_inline_auto\" id=\"style-css-av-lpqthvln-edf60761fad835755560d987abf79923\">\n#top .hr.hr-invisible.av-lpqthvln-edf60761fad835755560d987abf79923{\nheight:30px;\n}\n<\/style>\n<div  class='hr av-lpqthvln-edf60761fad835755560d987abf79923 hr-invisible  avia-builder-el-2  el_after_av_heading  el_before_av_button '><span class='hr-inner '><span class=\"hr-inner-style\"><\/span><\/span><\/div>\n<div  class='avia-button-wrap av-lpqtm003-235610e0b28c6aa1893578cb7188f0fa-wrap avia-button-left  avia-builder-el-3  el_after_av_hr  el_before_av_hr '><a href='https:\/\/staging.fbt-avocats.ch\/wp-content\/uploads\/2023\/11\/BSL-2024-nLPD.pdf'  class='avia-button av-lpqtm003-235610e0b28c6aa1893578cb7188f0fa av-link-btn avia-icon_select-no avia-size-large avia-position-left avia-color-theme-color'  target=\"_blank\"  rel=\"noopener noreferrer\"  aria-label=\"Download pdf\"><span class='avia_iconbox_title' >Download pdf<\/span><\/a><\/div>\n\n<style type=\"text\/css\" data-created_by=\"avia_inline_auto\" id=\"style-css-av-lpqthvln-edf60761fad835755560d987abf79923\">\n#top .hr.hr-invisible.av-lpqthvln-edf60761fad835755560d987abf79923{\nheight:30px;\n}\n<\/style>\n<div  class='hr av-lpqthvln-edf60761fad835755560d987abf79923 hr-invisible  avia-builder-el-4  el_after_av_button  el_before_av_textblock '><span class='hr-inner '><span class=\"hr-inner-style\"><\/span><\/span><\/div>\n<section  class='av_textblock_section av-lpqt34bs-e4937d6ee6fb8bf73eb238b3b32b6052 '   itemscope=\"itemscope\" itemtype=\"https:\/\/schema.org\/BlogPosting\" itemprop=\"blogPost\" ><div class='avia_textblock'  itemprop=\"text\" ><p><strong>Today, data collection is a key development tool for businesses but it is also a <\/strong><strong>source of great concern for individuals. In such an environment, data protection <\/strong><strong>has become a major issue. The Federal Data Protection Act (DPA), which came into <\/strong><strong>force in 1993, is a safeguard against abuse. Its purpose is to regulate the processing and <\/strong><strong>disclosure of data both in the public and private sectors. It also confers a fundamental right <\/strong><strong>on individuals: the right to access their own data.<\/strong><\/p>\n<p>At the same time as companies are increasingly attracted by data, legislators are seeking to protect the people whose data is used, usually without their knowledge. Switzerland launched the revision of the Data Protection Act in 2017. The result is a reform that will come into force on 1st September 2023. The aim of this reform is to guarantee better protection of the private sphere of people concerned by the processing of their personal data by improving, on the one hand, the transparency of this processing and, on the other hand, the right of access to this data, but also to maintain the compatibility of Swiss law with European law and thus preserve the free circulation of data, while guaranteeing Switzerland\u2019s competitiveness.<\/p>\n<\/div><\/section>\n\n<style type=\"text\/css\" data-created_by=\"avia_inline_auto\" id=\"style-css-av-av_heading-22c1c618dda50c8923918d803f34be0f\">\n#top .av-special-heading.av-av_heading-22c1c618dda50c8923918d803f34be0f{\npadding-bottom:10px;\nfont-size:20px;\n}\nbody .av-special-heading.av-av_heading-22c1c618dda50c8923918d803f34be0f .av-special-heading-tag .heading-char{\nfont-size:25px;\n}\n#top #wrap_all .av-special-heading.av-av_heading-22c1c618dda50c8923918d803f34be0f .av-special-heading-tag{\nfont-size:20px;\n}\n.av-special-heading.av-av_heading-22c1c618dda50c8923918d803f34be0f .av-subheading{\nfont-size:15px;\n}\n\n@media only screen and (min-width: 480px) and (max-width: 767px){ \n#top #wrap_all .av-special-heading.av-av_heading-22c1c618dda50c8923918d803f34be0f .av-special-heading-tag{\nfont-size:0.8em;\n}\n}\n\n@media only screen and (max-width: 479px){ \n#top #wrap_all .av-special-heading.av-av_heading-22c1c618dda50c8923918d803f34be0f .av-special-heading-tag{\nfont-size:0.8em;\n}\n}\n<\/style>\n<div  class='av-special-heading av-av_heading-22c1c618dda50c8923918d803f34be0f av-special-heading-h2 blockquote modern-quote  avia-builder-el-6  el_after_av_textblock  el_before_av_textblock  av-inherit-size'><h2 class='av-special-heading-tag '  itemprop=\"headline\"  >Main changes introduced by the new content of the Data Protection Act<\/h2><div class=\"special-heading-border\"><div class=\"special-heading-inner-border\"><\/div><\/div><\/div>\n<section  class='av_textblock_section av-lpqt34bs-e4937d6ee6fb8bf73eb238b3b32b6052 '   itemscope=\"itemscope\" itemtype=\"https:\/\/schema.org\/BlogPosting\" itemprop=\"blogPost\" ><div class='avia_textblock'  itemprop=\"text\" ><p>The revised DPA provides for immediate application, i.e. without any transition period for compliance with the new obligations. As a result, companies affected by the new provisions \u2013 i.e. the majority of Swiss companies for a certain number of provisions \u2013 have had to adjust to the new provisions very quickly.<\/p>\n<p>The first major change introduced by this revision is that the legislator has abandoned the rules on data protection for legal entities. However, this will have little impact in practice, since the data of legal entities is otherwise protected by Articles 28 et seq. of the Swiss Civil Code and by the laws on unfair competition and copyright.<\/p>\n<p>Another more significant change is the definition of \u201csensitive\u201d data. The definition of sensitive data is fundamental to the DPA system, as this type of data is subject to enhanced protection on the grounds that its disclosure may have harmful consequences for the privacy of the individuals concerned. Sensitive data under the revised DPA includes data relating to religious, philosophical, political or trade union opinions or activities, data relating to health, privacy or racial or ethnic origin, genetic data, biometric data where it uniquely identifies a person, data relating to criminal or administrative proceedings or sanctions and, lastly, data relating to social welfare measures. One of the aims of extending the definition of sensitive data is to include fingerprints or voice prints, where these can be used to identify a person.<\/p>\n<p>As a result of technical progress and the emergence of new data processing methods capable in particular of recording large quantities of data, linking them together and analysing them in order to derive information about individuals using mathematical and statistical processes, the revision of the DPA replaces the term \u201cpersonality profile\u201d with the term \u201cprofiling\u201d. This new term now includes any type or method of data processing, in particular automated assessments of certain personal aspects of a natural person; the \u201cpersonal aspects\u201d referred to here include \u201cwork performance, economic situation, health, personal preferences, interests, reliability, behaviour, location or movements\u201d of the natural person in question. In addition to \u201cprofiling\u201d, the law now also defines \u201chigh-risk profiling\u201d, i.e. any profiling that entails a high risk for the personality or fundamental rights of the data subject in that such profiling makes it possible to \u201cassess the essential personal characteristics\u201d of a natural person. Thanks to these new qualifications, all profiling by federal bodies will require authorisation with a legal basis.<\/p>\n<p>The principles of \u201cPrivacy by design\u201d and \u201cPrivacy by default\u201d have been introduced in the new law. From now on, companies will be required to put in place, by default and right from the design stage, technical and organisational measures to comply with data protection regulations.<\/p>\n<p>Transparency in data processing has been improved by consolidating the right of data subjects to access their data and the right to be informed as to whether or not personal data is being collected. The new provisions lay down an obligation to provide prior information to any person whose data is to be collected. The data controller is obliged to provide data subjects with the information they need to exercise their rights. The right of all data subjects to receive their data in electronic format is also guaranteed. Lastly, anyone may also request that their data be rectified or deleted. It is therefore recommended that companies establish a procedure for responding rapidly to any request for information or deletion of data.<\/p>\n<p>Where data is transferred abroad, the information on data collection must mention the countries to which the data is transferred and the level of protection offered or the safeguards that have been put in place to ensure adequate protection. The list of countries offering an adequate level of protection is now set out in the ordinance implementing the Act; for countries that are not on the list, personal data may only be transferred to them if there is an adequate level of protection in the country of destination, which may result, in substance, from an international treaty, contractual data protection clauses communicated in advance to the Federal Data Protection and Information Commissioner (FDPIC), specific guarantees drawn up by a federal body and communicated to the FDPIC, standard data protection clauses previously approved, drawn up or recognised by the FDPIC, or binding company rules previously approved; derogations are possible in certain specific cases, which are listed exhaustively. As a result, companies will have to determine to which countries the data is transferred (in the case, for example, of storage on a cloud), determine the level of protection offered by that country, determine \u2013 if the country in question is not on the Federal Council\u2019s list \u2013 whether other guarantees are in place, or determine whether an exception is justified in the light of the restrictive catalogue provided by law.<\/p>\n<p>In the age of robot advisors, there is also a new obligation to inform data subjects of any decision taken exclusively on the basis of fully automated processing of personal data. In other words, the revised DPA imposes a duty to inform when a decision is taken exclusively by a software.<\/p>\n<p>Finally, companies will have to establish and maintain a register of data processing activities, which will have to be regularly updated. Companies with fewer than 250 employees, whose data processing presents a low risk of damage to personality, are exempt from this measure. This exemption is only possible if the data processing carried out by the company does not involve large-scale sensitive data or constitute high-risk profiling. For exempted companies, the appropriateness of keeping a register of data processing activities must be analysed in order to determine the usefulness of such a register \u2013 even in the absence of a legal obligation \u2013 and the conditions for exemption.<\/p>\n<p>The revision encourages those responsible for data processing to take responsibility for their actions, in particular by allowing professional and business associations to draw up their own code of conduct and submit it to the FDPIC. The latter\u2019s approval will establish the legal presumption that the behaviour defined in the code complies with data protection.<\/p>\n<p>The revision introduces a genuine obligation to carry out impact assessments, along the lines of those already provided for federal bodies. These analyses are only compulsory in the case of data processing likely to entail a high risk for the personal rights or fundamental rights of the data subjects. However, such impact analyses may be waived if the system, product or service used is certified by an approved or independent certification body, or if the approved code of conduct is complied with. Where it must be carried out, the impact assessment will include a description of the processing envisaged, an assessment of the risks to the data subject\u2019s personality or fundamental rights, and the measures planned to protect the data subject\u2019s personality and fundamental rights. As no specific methodology is laid down in the law, it is advisable to follow the recommendations of the European supervisory authorities.<\/p>\n<p>Finally, the revision introduces a general obligation to inform the FDPIC and the data subject, as soon as possible, of any breach of security that is likely to result in a high risk to the personality or fundamental rights of the data subject. Until now, this duty to report existed only for institutions subject to the supervision of the FINMA.<\/p>\n<\/div><\/section>\n\n<style type=\"text\/css\" data-created_by=\"avia_inline_auto\" id=\"style-css-av-av_heading-0d30b2a5d37286d3c39645746495d928\">\n#top .av-special-heading.av-av_heading-0d30b2a5d37286d3c39645746495d928{\npadding-bottom:10px;\nfont-size:20px;\n}\nbody .av-special-heading.av-av_heading-0d30b2a5d37286d3c39645746495d928 .av-special-heading-tag .heading-char{\nfont-size:25px;\n}\n#top #wrap_all .av-special-heading.av-av_heading-0d30b2a5d37286d3c39645746495d928 .av-special-heading-tag{\nfont-size:20px;\n}\n.av-special-heading.av-av_heading-0d30b2a5d37286d3c39645746495d928 .av-subheading{\nfont-size:15px;\n}\n\n@media only screen and (min-width: 480px) and (max-width: 767px){ \n#top #wrap_all .av-special-heading.av-av_heading-0d30b2a5d37286d3c39645746495d928 .av-special-heading-tag{\nfont-size:0.8em;\n}\n}\n\n@media only screen and (max-width: 479px){ \n#top #wrap_all .av-special-heading.av-av_heading-0d30b2a5d37286d3c39645746495d928 .av-special-heading-tag{\nfont-size:0.8em;\n}\n}\n<\/style>\n<div  class='av-special-heading av-av_heading-0d30b2a5d37286d3c39645746495d928 av-special-heading-h2 blockquote modern-quote  avia-builder-el-8  el_after_av_textblock  el_before_av_textblock  av-inherit-size'><h2 class='av-special-heading-tag '  itemprop=\"headline\"  >Conclusion<\/h2><div class=\"special-heading-border\"><div class=\"special-heading-inner-border\"><\/div><\/div><\/div>\n<section  class='av_textblock_section av-lpqt34bs-e4937d6ee6fb8bf73eb238b3b32b6052 '   itemscope=\"itemscope\" itemtype=\"https:\/\/schema.org\/BlogPosting\" itemprop=\"blogPost\" ><div class='avia_textblock'  itemprop=\"text\" ><p>The aim of the new version of the DPA is to strengthen consumer confidence in the processing of their personal data. However, this comes at a cost to the data controllers, i.e. generally the companies. However, Swiss companies offering services in European Union member states subject to the EU Regulation 2016\/679 have already made the greatest effort, as the implementation of this regulation essentially already involves compliance with the new provisions of the DPA.<\/p>\n<\/div><\/section>\n\n<style type=\"text\/css\" data-created_by=\"avia_inline_auto\" id=\"style-css-av-lpqthvln-27e3d4689132014f1425f973d38a9921\">\n#top .hr.hr-invisible.av-lpqthvln-27e3d4689132014f1425f973d38a9921{\nheight:10px;\n}\n<\/style>\n<div  class='hr av-lpqthvln-27e3d4689132014f1425f973d38a9921 hr-invisible  avia-builder-el-10  el_after_av_textblock  el_before_av_textblock '><span class='hr-inner '><span class=\"hr-inner-style\"><\/span><\/span><\/div>\n<section  class='av_textblock_section av-m7kpmwv0-bdde0827085d01ae72bb9f5b545c4380 '   itemscope=\"itemscope\" itemtype=\"https:\/\/schema.org\/BlogPosting\" itemprop=\"blogPost\" ><div class='avia_textblock'  itemprop=\"text\" ><p style=\"text-align: right;\"><a href=\"https:\/\/staging.fbt-avocats.ch\/en\/portfolio-item\/frederique-bensahel\/\">Fr\u00e9d\u00e9rique Bensahel<\/a><br \/>\nPartner, Geneva<\/p>\n<\/div><\/section>\n\n<style type=\"text\/css\" data-created_by=\"avia_inline_auto\" id=\"style-css-av-av_heading-642d5874d7c6fe698cea463ae5f9eb80\">\n#top .av-special-heading.av-av_heading-642d5874d7c6fe698cea463ae5f9eb80{\npadding-bottom:10px;\nfont-size:20px;\n}\nbody .av-special-heading.av-av_heading-642d5874d7c6fe698cea463ae5f9eb80 .av-special-heading-tag .heading-char{\nfont-size:25px;\n}\n#top #wrap_all .av-special-heading.av-av_heading-642d5874d7c6fe698cea463ae5f9eb80 .av-special-heading-tag{\nfont-size:20px;\n}\n.av-special-heading.av-av_heading-642d5874d7c6fe698cea463ae5f9eb80 .av-subheading{\nfont-size:15px;\n}\n\n@media only screen and (min-width: 480px) and (max-width: 767px){ \n#top #wrap_all .av-special-heading.av-av_heading-642d5874d7c6fe698cea463ae5f9eb80 .av-special-heading-tag{\nfont-size:0.8em;\n}\n}\n\n@media only screen and (max-width: 479px){ \n#top #wrap_all .av-special-heading.av-av_heading-642d5874d7c6fe698cea463ae5f9eb80 .av-special-heading-tag{\nfont-size:0.8em;\n}\n}\n<\/style>\n<div  class='av-special-heading av-av_heading-642d5874d7c6fe698cea463ae5f9eb80 av-special-heading-h3 blockquote modern-quote modern-centered  avia-builder-el-12  el_after_av_textblock  el_before_av_hr  av-inherit-size'><h3 class='av-special-heading-tag '  itemprop=\"headline\"  >Share on LinkedIn<\/h3><div class=\"special-heading-border\"><div class=\"special-heading-inner-border\"><\/div><\/div><\/div>\n\n<style type=\"text\/css\" data-created_by=\"avia_inline_auto\" id=\"style-css-av-lpqthvln-2e2fa36faa97a09467bbe73150a11a71\">\n#top .hr.hr-invisible.av-lpqthvln-2e2fa36faa97a09467bbe73150a11a71{\nheight:50px;\n}\n<\/style>\n<div  class='hr av-lpqthvln-2e2fa36faa97a09467bbe73150a11a71 hr-invisible  avia-builder-el-13  el_after_av_heading  el_before_av_one_fifth '><span class='hr-inner '><span class=\"hr-inner-style\"><\/span><\/span><\/div>\n\n<style type=\"text\/css\" data-created_by=\"avia_inline_auto\" id=\"style-css-av-9e2fin-bbc0ca04020420e781d39cc3494c45b8\">\n.flex_column.av-9e2fin-bbc0ca04020420e781d39cc3494c45b8{\nborder-radius:0px 0px 0px 0px;\npadding:0px 0px 0px 0px;\n}\n<\/style>\n<div  class='flex_column av-9e2fin-bbc0ca04020420e781d39cc3494c45b8 av_one_fifth  avia-builder-el-14  el_after_av_hr  el_before_av_one_fifth  first flex_column_div av-zero-column-padding  '     ><\/div>\n\n<style type=\"text\/css\" data-created_by=\"avia_inline_auto\" id=\"style-css-av-1x9x0zz-e64e466cd386aaee1bd5f68371054878\">\n.flex_column.av-1x9x0zz-e64e466cd386aaee1bd5f68371054878{\nborder-radius:0px 0px 0px 0px;\npadding:0px 0px 0px 0px;\n}\n<\/style>\n<div  class='flex_column av-1x9x0zz-e64e466cd386aaee1bd5f68371054878 av_one_fifth  avia-builder-el-15  el_after_av_one_fifth  el_before_av_one_fifth  flex_column_div av-zero-column-padding  '     ><\/div>\n\n<style type=\"text\/css\" data-created_by=\"avia_inline_auto\" id=\"style-css-av-5xgelr-d59aca5a57fe07fa744bbd9602e9bf67\">\n.flex_column.av-5xgelr-d59aca5a57fe07fa744bbd9602e9bf67{\nborder-radius:0px 0px 0px 0px;\npadding:0px 0px 0px 0px;\n}\n<\/style>\n<div  class='flex_column av-5xgelr-d59aca5a57fe07fa744bbd9602e9bf67 av_one_fifth  avia-builder-el-16  el_after_av_one_fifth  el_before_av_one_fifth  flex_column_div av-zero-column-padding  '     ><div  class='av-social-sharing-box av-lpqum02u-bc0494c5c39e8aaf1b0cc89c664ccf98 av-social-sharing-box-default  avia-builder-el-17  avia-builder-el-no-sibling  av-social-sharing-box-fullwidth'><div class=\"av-share-box\"><ul class=\"av-share-box-list noLightbox\"><li class='av-share-link av-social-link-linkedin avia_social_iconfont' ><a target=\"_blank\" aria-label=\"Share on LinkedIn\" href='https:\/\/linkedin.com\/shareArticle?mini=true&#038;title=New%20developments%20in%20data%20protection&#038;url=https:\/\/staging.fbt-avocats.ch\/en\/new-developments-in-data-protection\/' data-av_icon='\ue8fc' data-av_iconfont='entypo-fontello'  title='' data-avia-related-tooltip='Share on LinkedIn'><span class='avia_hidden_link_text'>Share on LinkedIn<\/span><\/a><\/li><\/ul><\/div><\/div><\/div>\n\n<style type=\"text\/css\" data-created_by=\"avia_inline_auto\" id=\"style-css-av-zwbzwv-d588d2919d90a086024618c0426c2d82\">\n.flex_column.av-zwbzwv-d588d2919d90a086024618c0426c2d82{\nborder-radius:0px 0px 0px 0px;\npadding:0px 0px 0px 0px;\n}\n<\/style>\n<div  class='flex_column av-zwbzwv-d588d2919d90a086024618c0426c2d82 av_one_fifth  avia-builder-el-18  el_after_av_one_fifth  el_before_av_one_fifth  flex_column_div av-zero-column-padding  '     ><\/div>\n\n<style type=\"text\/css\" data-created_by=\"avia_inline_auto\" id=\"style-css-av-o9hju7-32a104d32f841d19cc28f6b0f2ba7bb7\">\n.flex_column.av-o9hju7-32a104d32f841d19cc28f6b0f2ba7bb7{\nborder-radius:0px 0px 0px 0px;\npadding:0px 0px 0px 0px;\n}\n<\/style>\n<div  class='flex_column av-o9hju7-32a104d32f841d19cc28f6b0f2ba7bb7 av_one_fifth  avia-builder-el-19  el_after_av_one_fifth  el_before_av_hr  flex_column_div av-zero-column-padding  '     ><\/div>\n\n<style type=\"text\/css\" data-created_by=\"avia_inline_auto\" id=\"style-css-av-lpqthvln-2e2fa36faa97a09467bbe73150a11a71\">\n#top .hr.hr-invisible.av-lpqthvln-2e2fa36faa97a09467bbe73150a11a71{\nheight:50px;\n}\n<\/style>\n<div  class='hr av-lpqthvln-2e2fa36faa97a09467bbe73150a11a71 hr-invisible  avia-builder-el-20  el_after_av_one_fifth  avia-builder-el-last '><span class='hr-inner '><span class=\"hr-inner-style\"><\/span><\/span><\/div>\n","protected":false},"excerpt":{"rendered":"<p>Today, data collection is a key development tool for businesses but it is also a source of great concern for individuals. <\/p>\n","protected":false},"author":26,"featured_media":25510,"comment_status":"closed","ping_status":"closed","sticky":false,"template":"","format":"standard","meta":{"footnotes":""},"categories":[655,85],"tags":[276],"datespeciale":[],"class_list":["post-23685","post","type-post","status-publish","format-standard","has-post-thumbnail","hentry","category-news","category-publications","tag-bsl-banking-in-switzerland-and-liechstenstein-en","competences-banking-and-finance","auteurs-frederique-bensahel-en","date-publication-2023-en","diffusion-groupe-bancaire-en","diffusion-publications-en"],"yoast_head":"<!-- This site is optimized with the Yoast SEO Premium plugin v27.4 (Yoast SEO v27.4) - https:\/\/yoast.com\/product\/yoast-seo-premium-wordpress\/ -->\n<title>New developments in data protection | FBT Avocats SA<\/title>\n<meta name=\"robots\" content=\"noindex, follow, max-snippet:-1, max-image-preview:large, max-video-preview:-1\" \/>\n<meta property=\"og:locale\" content=\"en_US\" \/>\n<meta property=\"og:type\" content=\"article\" \/>\n<meta property=\"og:title\" content=\"New developments in data protection\" \/>\n<meta property=\"og:description\" content=\"Today, data collection is a key development tool for businesses but it is also a source of great concern for individuals. In such an environment, data protection has become a major issue. The Federal Data Protection Act (DPA), which came into force in 1993, is a safeguard against abuse.\" \/>\n<meta property=\"og:url\" content=\"https:\/\/staging.fbt-avocats.ch\/en\/new-developments-in-data-protection\/\" \/>\n<meta property=\"og:site_name\" content=\"FBT Avocats SA\" \/>\n<meta property=\"article:published_time\" content=\"2023-12-04T17:49:16+00:00\" \/>\n<meta property=\"article:modified_time\" content=\"2025-10-20T10:12:04+00:00\" \/>\n<meta property=\"og:image\" content=\"https:\/\/staging.fbt-avocats.ch\/wp-content\/uploads\/2023\/12\/og-nlpd-EN-1.jpg\" \/>\n<meta name=\"author\" content=\"Yann Bellini\" \/>\n<meta name=\"twitter:card\" content=\"summary_large_image\" \/>\n<meta name=\"twitter:label1\" content=\"Written by\" \/>\n\t<meta name=\"twitter:data1\" content=\"Yann Bellini\" \/>\n\t<meta name=\"twitter:label2\" content=\"Est. reading time\" \/>\n\t<meta name=\"twitter:data2\" content=\"14 minutes\" \/>\n<script type=\"application\/ld+json\" class=\"yoast-schema-graph\">{\"@context\":\"https:\\\/\\\/schema.org\",\"@graph\":[{\"@type\":\"Article\",\"@id\":\"https:\\\/\\\/staging.fbt-avocats.ch\\\/en\\\/new-developments-in-data-protection\\\/#article\",\"isPartOf\":{\"@id\":\"https:\\\/\\\/staging.fbt-avocats.ch\\\/en\\\/new-developments-in-data-protection\\\/\"},\"author\":{\"name\":\"Yann Bellini\",\"@id\":\"https:\\\/\\\/staging.fbt-avocats.ch\\\/en\\\/#\\\/schema\\\/person\\\/53faa592d1d545188ce0efaa23e0b547\"},\"headline\":\"New developments in data protection\",\"datePublished\":\"2023-12-04T17:49:16+00:00\",\"dateModified\":\"2025-10-20T10:12:04+00:00\",\"mainEntityOfPage\":{\"@id\":\"https:\\\/\\\/staging.fbt-avocats.ch\\\/en\\\/new-developments-in-data-protection\\\/\"},\"wordCount\":2526,\"image\":{\"@id\":\"https:\\\/\\\/staging.fbt-avocats.ch\\\/en\\\/new-developments-in-data-protection\\\/#primaryimage\"},\"thumbnailUrl\":\"https:\\\/\\\/staging.fbt-avocats.ch\\\/wp-content\\\/uploads\\\/2024\\\/08\\\/OG-EN-2.png\",\"keywords\":[\"BSL Banking in Switzerland and Liechstenstein\"],\"articleSection\":[\"News\",\"Publications\"],\"inLanguage\":\"en-US\"},{\"@type\":\"WebPage\",\"@id\":\"https:\\\/\\\/staging.fbt-avocats.ch\\\/en\\\/new-developments-in-data-protection\\\/\",\"url\":\"https:\\\/\\\/staging.fbt-avocats.ch\\\/en\\\/new-developments-in-data-protection\\\/\",\"name\":\"New developments in data protection | FBT Avocats SA\",\"isPartOf\":{\"@id\":\"https:\\\/\\\/staging.fbt-avocats.ch\\\/en\\\/#website\"},\"primaryImageOfPage\":{\"@id\":\"https:\\\/\\\/staging.fbt-avocats.ch\\\/en\\\/new-developments-in-data-protection\\\/#primaryimage\"},\"image\":{\"@id\":\"https:\\\/\\\/staging.fbt-avocats.ch\\\/en\\\/new-developments-in-data-protection\\\/#primaryimage\"},\"thumbnailUrl\":\"https:\\\/\\\/staging.fbt-avocats.ch\\\/wp-content\\\/uploads\\\/2024\\\/08\\\/OG-EN-2.png\",\"datePublished\":\"2023-12-04T17:49:16+00:00\",\"dateModified\":\"2025-10-20T10:12:04+00:00\",\"author\":{\"@id\":\"https:\\\/\\\/staging.fbt-avocats.ch\\\/en\\\/#\\\/schema\\\/person\\\/53faa592d1d545188ce0efaa23e0b547\"},\"breadcrumb\":{\"@id\":\"https:\\\/\\\/staging.fbt-avocats.ch\\\/en\\\/new-developments-in-data-protection\\\/#breadcrumb\"},\"inLanguage\":\"en-US\",\"potentialAction\":[{\"@type\":\"ReadAction\",\"target\":[\"https:\\\/\\\/staging.fbt-avocats.ch\\\/en\\\/new-developments-in-data-protection\\\/\"]}]},{\"@type\":\"ImageObject\",\"inLanguage\":\"en-US\",\"@id\":\"https:\\\/\\\/staging.fbt-avocats.ch\\\/en\\\/new-developments-in-data-protection\\\/#primaryimage\",\"url\":\"https:\\\/\\\/staging.fbt-avocats.ch\\\/wp-content\\\/uploads\\\/2024\\\/08\\\/OG-EN-2.png\",\"contentUrl\":\"https:\\\/\\\/staging.fbt-avocats.ch\\\/wp-content\\\/uploads\\\/2024\\\/08\\\/OG-EN-2.png\",\"width\":1200,\"height\":628},{\"@type\":\"BreadcrumbList\",\"@id\":\"https:\\\/\\\/staging.fbt-avocats.ch\\\/en\\\/new-developments-in-data-protection\\\/#breadcrumb\",\"itemListElement\":[{\"@type\":\"ListItem\",\"position\":1,\"name\":\"Home\",\"item\":\"https:\\\/\\\/staging.fbt-avocats.ch\\\/en\\\/\"},{\"@type\":\"ListItem\",\"position\":2,\"name\":\"New developments in data protection\"}]},{\"@type\":\"WebSite\",\"@id\":\"https:\\\/\\\/staging.fbt-avocats.ch\\\/en\\\/#website\",\"url\":\"https:\\\/\\\/staging.fbt-avocats.ch\\\/en\\\/\",\"name\":\"FBT Avocats SA\",\"description\":\"Etudes bas\u00e9es \u00e0 Gen\u00e8ve et Paris\",\"potentialAction\":[{\"@type\":\"SearchAction\",\"target\":{\"@type\":\"EntryPoint\",\"urlTemplate\":\"https:\\\/\\\/staging.fbt-avocats.ch\\\/en\\\/?s={search_term_string}\"},\"query-input\":{\"@type\":\"PropertyValueSpecification\",\"valueRequired\":true,\"valueName\":\"search_term_string\"}}],\"inLanguage\":\"en-US\"},{\"@type\":\"Person\",\"@id\":\"https:\\\/\\\/staging.fbt-avocats.ch\\\/en\\\/#\\\/schema\\\/person\\\/53faa592d1d545188ce0efaa23e0b547\",\"name\":\"Yann Bellini\"}]}<\/script>\n<!-- \/ Yoast SEO Premium plugin. -->","yoast_head_json":{"title":"New developments in data protection | FBT Avocats SA","robots":{"index":"noindex","follow":"follow","max-snippet":"max-snippet:-1","max-image-preview":"max-image-preview:large","max-video-preview":"max-video-preview:-1"},"og_locale":"en_US","og_type":"article","og_title":"New developments in data protection","og_description":"Today, data collection is a key development tool for businesses but it is also a source of great concern for individuals. In such an environment, data protection has become a major issue. The Federal Data Protection Act (DPA), which came into force in 1993, is a safeguard against abuse.","og_url":"https:\/\/staging.fbt-avocats.ch\/en\/new-developments-in-data-protection\/","og_site_name":"FBT Avocats SA","article_published_time":"2023-12-04T17:49:16+00:00","article_modified_time":"2025-10-20T10:12:04+00:00","og_image":[{"url":"https:\/\/staging.fbt-avocats.ch\/wp-content\/uploads\/2023\/12\/og-nlpd-EN-1.jpg","type":"","width":"","height":""}],"author":"Yann Bellini","twitter_card":"summary_large_image","twitter_misc":{"Written by":"Yann Bellini","Est. reading time":"14 minutes"},"schema":{"@context":"https:\/\/schema.org","@graph":[{"@type":"Article","@id":"https:\/\/staging.fbt-avocats.ch\/en\/new-developments-in-data-protection\/#article","isPartOf":{"@id":"https:\/\/staging.fbt-avocats.ch\/en\/new-developments-in-data-protection\/"},"author":{"name":"Yann Bellini","@id":"https:\/\/staging.fbt-avocats.ch\/en\/#\/schema\/person\/53faa592d1d545188ce0efaa23e0b547"},"headline":"New developments in data protection","datePublished":"2023-12-04T17:49:16+00:00","dateModified":"2025-10-20T10:12:04+00:00","mainEntityOfPage":{"@id":"https:\/\/staging.fbt-avocats.ch\/en\/new-developments-in-data-protection\/"},"wordCount":2526,"image":{"@id":"https:\/\/staging.fbt-avocats.ch\/en\/new-developments-in-data-protection\/#primaryimage"},"thumbnailUrl":"https:\/\/staging.fbt-avocats.ch\/wp-content\/uploads\/2024\/08\/OG-EN-2.png","keywords":["BSL Banking in Switzerland and Liechstenstein"],"articleSection":["News","Publications"],"inLanguage":"en-US"},{"@type":"WebPage","@id":"https:\/\/staging.fbt-avocats.ch\/en\/new-developments-in-data-protection\/","url":"https:\/\/staging.fbt-avocats.ch\/en\/new-developments-in-data-protection\/","name":"New developments in data protection | FBT Avocats SA","isPartOf":{"@id":"https:\/\/staging.fbt-avocats.ch\/en\/#website"},"primaryImageOfPage":{"@id":"https:\/\/staging.fbt-avocats.ch\/en\/new-developments-in-data-protection\/#primaryimage"},"image":{"@id":"https:\/\/staging.fbt-avocats.ch\/en\/new-developments-in-data-protection\/#primaryimage"},"thumbnailUrl":"https:\/\/staging.fbt-avocats.ch\/wp-content\/uploads\/2024\/08\/OG-EN-2.png","datePublished":"2023-12-04T17:49:16+00:00","dateModified":"2025-10-20T10:12:04+00:00","author":{"@id":"https:\/\/staging.fbt-avocats.ch\/en\/#\/schema\/person\/53faa592d1d545188ce0efaa23e0b547"},"breadcrumb":{"@id":"https:\/\/staging.fbt-avocats.ch\/en\/new-developments-in-data-protection\/#breadcrumb"},"inLanguage":"en-US","potentialAction":[{"@type":"ReadAction","target":["https:\/\/staging.fbt-avocats.ch\/en\/new-developments-in-data-protection\/"]}]},{"@type":"ImageObject","inLanguage":"en-US","@id":"https:\/\/staging.fbt-avocats.ch\/en\/new-developments-in-data-protection\/#primaryimage","url":"https:\/\/staging.fbt-avocats.ch\/wp-content\/uploads\/2024\/08\/OG-EN-2.png","contentUrl":"https:\/\/staging.fbt-avocats.ch\/wp-content\/uploads\/2024\/08\/OG-EN-2.png","width":1200,"height":628},{"@type":"BreadcrumbList","@id":"https:\/\/staging.fbt-avocats.ch\/en\/new-developments-in-data-protection\/#breadcrumb","itemListElement":[{"@type":"ListItem","position":1,"name":"Home","item":"https:\/\/staging.fbt-avocats.ch\/en\/"},{"@type":"ListItem","position":2,"name":"New developments in data protection"}]},{"@type":"WebSite","@id":"https:\/\/staging.fbt-avocats.ch\/en\/#website","url":"https:\/\/staging.fbt-avocats.ch\/en\/","name":"FBT Avocats SA","description":"Etudes bas\u00e9es \u00e0 Gen\u00e8ve et Paris","potentialAction":[{"@type":"SearchAction","target":{"@type":"EntryPoint","urlTemplate":"https:\/\/staging.fbt-avocats.ch\/en\/?s={search_term_string}"},"query-input":{"@type":"PropertyValueSpecification","valueRequired":true,"valueName":"search_term_string"}}],"inLanguage":"en-US"},{"@type":"Person","@id":"https:\/\/staging.fbt-avocats.ch\/en\/#\/schema\/person\/53faa592d1d545188ce0efaa23e0b547","name":"Yann Bellini"}]}},"_links":{"self":[{"href":"https:\/\/staging.fbt-avocats.ch\/en\/wp-json\/wp\/v2\/posts\/23685","targetHints":{"allow":["GET"]}}],"collection":[{"href":"https:\/\/staging.fbt-avocats.ch\/en\/wp-json\/wp\/v2\/posts"}],"about":[{"href":"https:\/\/staging.fbt-avocats.ch\/en\/wp-json\/wp\/v2\/types\/post"}],"author":[{"embeddable":true,"href":"https:\/\/staging.fbt-avocats.ch\/en\/wp-json\/wp\/v2\/users\/26"}],"replies":[{"embeddable":true,"href":"https:\/\/staging.fbt-avocats.ch\/en\/wp-json\/wp\/v2\/comments?post=23685"}],"version-history":[{"count":0,"href":"https:\/\/staging.fbt-avocats.ch\/en\/wp-json\/wp\/v2\/posts\/23685\/revisions"}],"wp:featuredmedia":[{"embeddable":true,"href":"https:\/\/staging.fbt-avocats.ch\/en\/wp-json\/wp\/v2\/media\/25510"}],"wp:attachment":[{"href":"https:\/\/staging.fbt-avocats.ch\/en\/wp-json\/wp\/v2\/media?parent=23685"}],"wp:term":[{"taxonomy":"category","embeddable":true,"href":"https:\/\/staging.fbt-avocats.ch\/en\/wp-json\/wp\/v2\/categories?post=23685"},{"taxonomy":"post_tag","embeddable":true,"href":"https:\/\/staging.fbt-avocats.ch\/en\/wp-json\/wp\/v2\/tags?post=23685"},{"taxonomy":"datespeciale","embeddable":true,"href":"https:\/\/staging.fbt-avocats.ch\/en\/wp-json\/wp\/v2\/datespeciale?post=23685"}],"curies":[{"name":"wp","href":"https:\/\/api.w.org\/{rel}","templated":true}]}}