{"id":25471,"date":"2024-08-13T08:52:03","date_gmt":"2024-08-13T07:52:03","guid":{"rendered":"https:\/\/www.fbt-avocats.ch\/budget-de-france-2025-ca-va-etre-sportif\/"},"modified":"2025-10-20T11:08:50","modified_gmt":"2025-10-20T10:08:50","slug":"budget-de-france-2025-ca-va-etre-sportif","status":"publish","type":"post","link":"https:\/\/staging.fbt-avocats.ch\/en\/budget-de-france-2025-ca-va-etre-sportif\/","title":{"rendered":"France&#8217;s budget for 2025: it&#8217;s going to be sporting!"},"content":{"rendered":"<div  class='avia-slideshow av-lpqtcuam-76906b30aa535219bbd7e5abbadb45f0 avia-slideshow-featured_large av_slideshow avia-slide-slider  avia-builder-el-0  el_before_av_heading  avia-builder-el-first  av-slideshow-ui av-control-default av-slideshow-manual av-loop-once av-loop-manual-endless av-default-height-applied avia-slideshow-1' data-slideshow-options=\"{&quot;animation&quot;:&quot;slide&quot;,&quot;autoplay&quot;:false,&quot;loop_autoplay&quot;:&quot;once&quot;,&quot;interval&quot;:5,&quot;loop_manual&quot;:&quot;manual-endless&quot;,&quot;autoplay_stopper&quot;:false,&quot;noNavigation&quot;:false,&quot;bg_slider&quot;:false,&quot;keep_padding&quot;:false,&quot;hoverpause&quot;:false,&quot;show_slide_delay&quot;:0}\"  itemprop=\"image\" itemscope=\"itemscope\" itemtype=\"https:\/\/schema.org\/ImageObject\" ><ul class='avia-slideshow-inner ' style='padding-bottom: 42%;'><li  class='avia-slideshow-slide av-lpqtcuam-76906b30aa535219bbd7e5abbadb45f0__0  av-single-slide slide-1 slide-odd'><div data-rel='slideshow-1' class='avia-slide-wrap '   ><img fetchpriority=\"high\" class=\"wp-image-25478 avia-img-lazy-loading-not-25478\"  src='https:\/\/staging.fbt-avocats.ch\/wp-content\/uploads\/2024\/08\/ENAllnews_Alain_Moreau_Budget_2025_France-1.png' width='1500' height='630' title='ENAllnews_Alain_Moreau_Budget_2025_France' alt=''  itemprop=\"thumbnailUrl\"   \/><\/div><\/li><\/ul><\/div>\n\n<style type=\"text\/css\" data-created_by=\"avia_inline_auto\" id=\"style-css-av-av_heading-fab965951184302792a0db6b70ca29fa\">\n#top .av-special-heading.av-av_heading-fab965951184302792a0db6b70ca29fa{\npadding-bottom:10px;\nfont-size:26px;\n}\nbody .av-special-heading.av-av_heading-fab965951184302792a0db6b70ca29fa .av-special-heading-tag .heading-char{\nfont-size:25px;\n}\n#top #wrap_all .av-special-heading.av-av_heading-fab965951184302792a0db6b70ca29fa .av-special-heading-tag{\nfont-size:26px;\n}\n.av-special-heading.av-av_heading-fab965951184302792a0db6b70ca29fa .av-subheading{\nfont-size:15px;\n}\n\n@media only screen and (min-width: 480px) and (max-width: 767px){ \n#top #wrap_all .av-special-heading.av-av_heading-fab965951184302792a0db6b70ca29fa .av-special-heading-tag{\nfont-size:0.8em;\n}\n}\n\n@media only screen and (max-width: 479px){ \n#top #wrap_all .av-special-heading.av-av_heading-fab965951184302792a0db6b70ca29fa .av-special-heading-tag{\nfont-size:0.8em;\n}\n}\n<\/style>\n<div  class='av-special-heading av-av_heading-fab965951184302792a0db6b70ca29fa av-special-heading-h1 blockquote modern-quote  avia-builder-el-1  el_after_av_slideshow  el_before_av_hr  av-inherit-size'><h1 class='av-special-heading-tag '  itemprop=\"headline\"  >France\u2018s budget for 2025: it\u2019s going to be sporting!<\/h1><div class='av-subheading av-subheading_below'><p>Allnews &#8211; August 2024<br \/>\nAlain Moreau<\/p>\n<\/div><div class=\"special-heading-border\"><div class=\"special-heading-inner-border\"><\/div><\/div><\/div>\n\n<style type=\"text\/css\" data-created_by=\"avia_inline_auto\" id=\"style-css-av-lpqthvln-edf60761fad835755560d987abf79923\">\n#top .hr.hr-invisible.av-lpqthvln-edf60761fad835755560d987abf79923{\nheight:30px;\n}\n<\/style>\n<div  class='hr av-lpqthvln-edf60761fad835755560d987abf79923 hr-invisible  avia-builder-el-2  el_after_av_heading  el_before_av_button '><span class='hr-inner '><span class=\"hr-inner-style\"><\/span><\/span><\/div>\n<div  class='avia-button-wrap av-lpqtm003-46675d50494a796d5ef7156b4e4c9bd2-wrap avia-button-left  avia-builder-el-3  el_after_av_hr  el_before_av_hr '><a href='https:\/\/staging.fbt-avocats.ch\/wp-content\/uploads\/2024\/08\/Allnews_Alain_Moreau_Budget_2025_France.pdf'  class='avia-button av-lpqtm003-46675d50494a796d5ef7156b4e4c9bd2 av-link-btn avia-icon_select-no avia-size-large avia-position-left avia-color-theme-color'  target=\"_blank\"  rel=\"noopener noreferrer\"  aria-label=\"Download pdf\"><span class='avia_iconbox_title' >Download pdf<\/span><\/a><\/div>\n\n<style type=\"text\/css\" data-created_by=\"avia_inline_auto\" id=\"style-css-av-lpqthvln-edf60761fad835755560d987abf79923\">\n#top .hr.hr-invisible.av-lpqthvln-edf60761fad835755560d987abf79923{\nheight:30px;\n}\n<\/style>\n<div  class='hr av-lpqthvln-edf60761fad835755560d987abf79923 hr-invisible  avia-builder-el-4  el_after_av_button  el_before_av_textblock '><span class='hr-inner '><span class=\"hr-inner-style\"><\/span><\/span><\/div>\n<section  class='av_textblock_section av-lpqt34bs-e4937d6ee6fb8bf73eb238b3b32b6052 '   itemscope=\"itemscope\" itemtype=\"https:\/\/schema.org\/BlogPosting\" itemprop=\"blogPost\" ><div class='avia_textblock'  itemprop=\"text\" ><p>Entre absence de majorit\u00e9 \u00e0 l\u2019Assembl\u00e9e nationale, d\u00e9ficit budg\u00e9taire et dette abyssale, la pr\u00e9paration et le vote du projet de Loi de finances pour 2025 va s\u2019av\u00e9rer \u00eatre une sacr\u00e9e course d\u2019obstacles.<\/p>\n<p>En cette p\u00e9riode olympique, la devise des Jeux \u00abPlus vite, plus haut, plus fort\u00bb pourrait \u00eatre reprise par le Minist\u00e8re des comptes public fran\u00e7ais tant la t\u00e2che de Bercy en cet \u00e9t\u00e9 2024 s\u2019annonce p\u00e9rilleuse.<\/p>\n<p>En effet, le mardi 1er octobre 2024 est en principe la date butoir pour le d\u00e9p\u00f4t de la Loi de finances 2025 sur le bureau de l\u2019Assembl\u00e9e nationale. Pr\u00e9alablement, ce projet de budget aura d\u00fb \u00eatre soumis \u00e0 l\u2019avis du Conseil d\u2019Etat et du Haut Conseil des finances publiques (HCFP). Le projet doit par cons\u00e9quent \u00eatre \u00abboucl\u00e9\u00bb et les arbitrages gouvernementaux op\u00e9r\u00e9s, au plus tard dans le courant du mois de septembre.<\/p>\n<p>Or, Emmanuel Macron vient d\u2019annoncer que le nom du futur premier ministre ne serait connu qu\u2019apr\u00e8s la cl\u00f4ture des Jeux Olympiques, soit au plus t\u00f4t \u00e0 la mi-ao\u00fbt. Le timing budg\u00e9taire s\u2019annonce donc particuli\u00e8rement serr\u00e9, mais n\u00e9anmoins tenable compte tenu du fait que les \u00e9quipes de Bercy travaillent en r\u00e9alit\u00e9 sur ce budget depuis plusieurs mois d\u00e9j\u00e0. Seuls les arbitrages politiques n\u2019ont pas encore pu avoir lieu, alors qu\u2019en temps normal, ils interviennent entre juillet et ao\u00fbt.<\/p>\n<\/div><\/section>\n\n<style type=\"text\/css\" data-created_by=\"avia_inline_auto\" id=\"style-css-av-av_heading-1480f8b23212de2ff078b7141c78b206\">\n#top .av-special-heading.av-av_heading-1480f8b23212de2ff078b7141c78b206{\npadding-bottom:10px;\nfont-size:20px;\n}\nbody .av-special-heading.av-av_heading-1480f8b23212de2ff078b7141c78b206 .av-special-heading-tag .heading-char{\nfont-size:25px;\n}\n#top #wrap_all .av-special-heading.av-av_heading-1480f8b23212de2ff078b7141c78b206 .av-special-heading-tag{\nfont-size:20px;\n}\n.av-special-heading.av-av_heading-1480f8b23212de2ff078b7141c78b206 .av-subheading{\nfont-size:15px;\n}\n\n@media only screen and (min-width: 480px) and (max-width: 767px){ \n#top #wrap_all .av-special-heading.av-av_heading-1480f8b23212de2ff078b7141c78b206 .av-special-heading-tag{\nfont-size:0.8em;\n}\n}\n\n@media only screen and (max-width: 479px){ \n#top #wrap_all .av-special-heading.av-av_heading-1480f8b23212de2ff078b7141c78b206 .av-special-heading-tag{\nfont-size:0.8em;\n}\n}\n<\/style>\n<div  class='av-special-heading av-av_heading-1480f8b23212de2ff078b7141c78b206 av-special-heading-h2 blockquote modern-quote  avia-builder-el-6  el_after_av_textblock  el_before_av_textblock  av-inherit-size'><h2 class='av-special-heading-tag '  itemprop=\"headline\"  ><span class='special_amp'>&#8220;<\/span>Une taxe sur les superprofits des \u00e9nerg\u00e9ticiens, potentiellement r\u00e9troactive, et une autre d\u00e9di\u00e9e aux rachats d\u2019actions seraient pr\u00eates \u00e0 \u00eatre inscrites dans le futur projet de Loi de finances.<span class='special_amp'>&#8221;<\/span><\/h2><div class=\"special-heading-border\"><div class=\"special-heading-inner-border\"><\/div><\/div><\/div>\n<section  class='av_textblock_section av-lpqt34bs-e4937d6ee6fb8bf73eb238b3b32b6052 '   itemscope=\"itemscope\" itemtype=\"https:\/\/schema.org\/BlogPosting\" itemprop=\"blogPost\" ><div class='avia_textblock'  itemprop=\"text\" ><p>Dans ce contexte, et compte tenu des d\u00e9lais tr\u00e8s courts, le futur gouvernement, quel qu\u2019il soit, devrait tr\u00e8s probablement reprendre \u00e0 son compte le projet de budget pr\u00e9par\u00e9 par l\u2019\u00e9quipe sortante, et laisser aux parlementaires le soin de le modifier par voie d\u2019amendements lors du d\u00e9bat l\u00e9gislatif.<\/p>\n<p>En mati\u00e8re de recettes fiscales, de nombreuses \u00abpistes\u00bb ont \u00e9t\u00e9 \u00e9voqu\u00e9es lors des derni\u00e8res \u00e9lections, notamment du c\u00f4t\u00e9 du Nouveau Front populaire (NFP). Citons, sans que cette liste ne pr\u00e9tende \u00eatre exhaustive: restauration d\u2019un imp\u00f4t sur la fortune financi\u00e8re, abrogation de la \u00abflat tax\u00bb de 30% sur les revenus financiers, augmentation du bar\u00e8me de l\u2019imp\u00f4t sur les revenus, augmentation du taux des pr\u00e9l\u00e8vements sociaux, taxe sur les superprofits des entreprises, durcissement des conditions de l\u2019\u00abexit tax\u00bb, ou encore augmentation des taux des droits de donation et de succession sur les gros patrimoines.<\/p>\n<p>En l\u2019absence de majorit\u00e9 claire \u00e0 l\u2019Assembl\u00e9e nationale, en particulier sur des probl\u00e9matiques fiscales aussi clivantes, il ne peut \u00eatre exclu qu\u2019aucune majorit\u00e9 ne soit trouv\u00e9e pour approuver le futur budget 2025 pendant la p\u00e9riode impos\u00e9e d\u2019examen de 70 jours.<\/p>\n<p>Dans un tel cas de figure, les sp\u00e9cialistes des finances publiques ne sont pas tous d\u2019accord entre eux, mais la porte de sortie \u00e0 une telle \u00abimpasse\u00bb budg\u00e9taire pourrait \u00eatre soit le recours \u00e0 des ordonnances gouvernementales, soit le vote d\u2019une loi d\u2019urgence visant \u00e0 temporairement lever l\u2019imp\u00f4t et payer les fonctionnaires et les d\u00e9penses strictement n\u00e9cessaires.<\/p>\n<p>Face \u00e0 ce risque de \u00abshutdown\u00bb \u00e0 la fran\u00e7aise, les services de Bercy se veulent rassurants, indiquant ces derniers jours qu\u2019un budget \u00abcl\u00e9s en main\u00bb \u00e9tait pratiquement finalis\u00e9 pour le futur gouvernement, \u00abpermettant de repasser sous la barre des 3% de d\u00e9ficit public d\u2019ici 2027\u00bb. Des mesures int\u00e9grant une taxe sur les superprofits des \u00e9nerg\u00e9ticiens, potentiellement r\u00e9troactive, ainsi qu\u2019une taxe d\u00e9di\u00e9e aux rachats d\u2019actions seraient \u00e9galement pr\u00eates \u00e0 \u00eatre inscrites dans le futur projet de Loi de finances.<\/p>\n<p>Les prochaines semaines, et surtout la formation du nouveau gouvernement dans la deuxi\u00e8me quinzaine du mois d\u2019ao\u00fbt, devraient permettre d\u2019y voir un peu plus clair, m\u00eame si la bataille, voire la \u00abguerre l\u00e9gislative\u00bb, qui s\u2019annonce \u00e0 l\u2019Assembl\u00e9e nationale r\u00e9servera, \u00e0 n\u2019en pas douter, son lot de (mauvaises) surprises pour les contribuables fran\u00e7ais. Pour ce marathon l\u00e9gislatif, Il va falloir avoir le c\u0153ur bien accroch\u00e9 !<\/p>\n<\/div><\/section>\n\n<style type=\"text\/css\" data-created_by=\"avia_inline_auto\" id=\"style-css-av-lpqthvln-27e3d4689132014f1425f973d38a9921\">\n#top .hr.hr-invisible.av-lpqthvln-27e3d4689132014f1425f973d38a9921{\nheight:10px;\n}\n<\/style>\n<div  class='hr av-lpqthvln-27e3d4689132014f1425f973d38a9921 hr-invisible  avia-builder-el-8  el_after_av_textblock  el_before_av_textblock '><span class='hr-inner '><span class=\"hr-inner-style\"><\/span><\/span><\/div>\n<section  class='av_textblock_section av-m7kp5waw-b6779d2bd42b5f08566d9ac410792f11 '   itemscope=\"itemscope\" itemtype=\"https:\/\/schema.org\/BlogPosting\" itemprop=\"blogPost\" ><div class='avia_textblock'  itemprop=\"text\" ><p style=\"text-align: right;\"><a href=\"https:\/\/staging.fbt-avocats.ch\/en\/portfolio-item\/alain-moreau\/\">Alain Moreau<\/a><br \/>\nPartner, Paris<\/p>\n<\/div><\/section>\n\n<style type=\"text\/css\" data-created_by=\"avia_inline_auto\" id=\"style-css-av-av_heading-214293ecc75803cef32ca5a4ec32f750\">\n#top .av-special-heading.av-av_heading-214293ecc75803cef32ca5a4ec32f750{\npadding-bottom:10px;\nfont-size:20px;\n}\nbody .av-special-heading.av-av_heading-214293ecc75803cef32ca5a4ec32f750 .av-special-heading-tag .heading-char{\nfont-size:25px;\n}\n#top #wrap_all .av-special-heading.av-av_heading-214293ecc75803cef32ca5a4ec32f750 .av-special-heading-tag{\nfont-size:20px;\n}\n.av-special-heading.av-av_heading-214293ecc75803cef32ca5a4ec32f750 .av-subheading{\nfont-size:15px;\n}\n\n@media only screen and (min-width: 480px) and (max-width: 767px){ \n#top #wrap_all .av-special-heading.av-av_heading-214293ecc75803cef32ca5a4ec32f750 .av-special-heading-tag{\nfont-size:0.8em;\n}\n}\n\n@media only screen and (max-width: 479px){ \n#top #wrap_all .av-special-heading.av-av_heading-214293ecc75803cef32ca5a4ec32f750 .av-special-heading-tag{\nfont-size:0.8em;\n}\n}\n<\/style>\n<div  class='av-special-heading av-av_heading-214293ecc75803cef32ca5a4ec32f750 av-special-heading-h3 blockquote modern-quote modern-centered  avia-builder-el-10  el_after_av_textblock  el_before_av_hr  av-inherit-size'><h3 class='av-special-heading-tag '  itemprop=\"headline\"  >Partager sur LinkedIn<\/h3><div class=\"special-heading-border\"><div class=\"special-heading-inner-border\"><\/div><\/div><\/div>\n\n<style type=\"text\/css\" data-created_by=\"avia_inline_auto\" id=\"style-css-av-lpqthvln-2e2fa36faa97a09467bbe73150a11a71\">\n#top .hr.hr-invisible.av-lpqthvln-2e2fa36faa97a09467bbe73150a11a71{\nheight:50px;\n}\n<\/style>\n<div  class='hr av-lpqthvln-2e2fa36faa97a09467bbe73150a11a71 hr-invisible  avia-builder-el-11  el_after_av_heading  el_before_av_one_fifth '><span class='hr-inner '><span class=\"hr-inner-style\"><\/span><\/span><\/div>\n\n<style type=\"text\/css\" data-created_by=\"avia_inline_auto\" id=\"style-css-av-2il6c92-659475ef011a8f768eb623e80e9b4c1f\">\n.flex_column.av-2il6c92-659475ef011a8f768eb623e80e9b4c1f{\nborder-radius:0px 0px 0px 0px;\npadding:0px 0px 0px 0px;\n}\n<\/style>\n<div  class='flex_column av-2il6c92-659475ef011a8f768eb623e80e9b4c1f av_one_fifth  avia-builder-el-12  el_after_av_hr  el_before_av_one_fifth  first flex_column_div av-zero-column-padding  '     ><\/div>\n\n<style type=\"text\/css\" data-created_by=\"avia_inline_auto\" id=\"style-css-av-29oszmu-714d6f38bd5b8e6f4196d6365a8ad9d0\">\n.flex_column.av-29oszmu-714d6f38bd5b8e6f4196d6365a8ad9d0{\nborder-radius:0px 0px 0px 0px;\npadding:0px 0px 0px 0px;\n}\n<\/style>\n<div  class='flex_column av-29oszmu-714d6f38bd5b8e6f4196d6365a8ad9d0 av_one_fifth  avia-builder-el-13  el_after_av_one_fifth  el_before_av_one_fifth  flex_column_div av-zero-column-padding  '     ><\/div>\n\n<style type=\"text\/css\" data-created_by=\"avia_inline_auto\" id=\"style-css-av-1g3uxvq-432a17fb372e62d71cd14c3123628a44\">\n.flex_column.av-1g3uxvq-432a17fb372e62d71cd14c3123628a44{\nborder-radius:0px 0px 0px 0px;\npadding:0px 0px 0px 0px;\n}\n<\/style>\n<div  class='flex_column av-1g3uxvq-432a17fb372e62d71cd14c3123628a44 av_one_fifth  avia-builder-el-14  el_after_av_one_fifth  el_before_av_one_fifth  flex_column_div av-zero-column-padding  '     ><div  class='av-social-sharing-box av-lpqum02u-bc0494c5c39e8aaf1b0cc89c664ccf98 av-social-sharing-box-default  avia-builder-el-15  avia-builder-el-no-sibling  av-social-sharing-box-fullwidth'><div class=\"av-share-box\"><ul class=\"av-share-box-list noLightbox\"><li class='av-share-link av-social-link-linkedin avia_social_iconfont' ><a target=\"_blank\" aria-label=\"Share on LinkedIn\" href='https:\/\/linkedin.com\/shareArticle?mini=true&#038;title=France%E2%80%99s%20budget%20for%202025%3A%20it%E2%80%99s%20going%20to%20be%20sporting%21&#038;url=https:\/\/staging.fbt-avocats.ch\/en\/budget-de-france-2025-ca-va-etre-sportif\/' data-av_icon='\ue8fc' data-av_iconfont='entypo-fontello'  title='' data-avia-related-tooltip='Share on LinkedIn'><span class='avia_hidden_link_text'>Share on LinkedIn<\/span><\/a><\/li><\/ul><\/div><\/div><\/div>\n\n<style type=\"text\/css\" data-created_by=\"avia_inline_auto\" id=\"style-css-av-16odkqu-0047da59c041e4b090215877c632a064\">\n.flex_column.av-16odkqu-0047da59c041e4b090215877c632a064{\nborder-radius:0px 0px 0px 0px;\npadding:0px 0px 0px 0px;\n}\n<\/style>\n<div  class='flex_column av-16odkqu-0047da59c041e4b090215877c632a064 av_one_fifth  avia-builder-el-16  el_after_av_one_fifth  el_before_av_one_fifth  flex_column_div av-zero-column-padding  '     ><\/div>\n\n<style type=\"text\/css\" data-created_by=\"avia_inline_auto\" id=\"style-css-av-t9666e-093950a8b679803810638c99153bc64c\">\n.flex_column.av-t9666e-093950a8b679803810638c99153bc64c{\nborder-radius:0px 0px 0px 0px;\npadding:0px 0px 0px 0px;\n}\n<\/style>\n<div  class='flex_column av-t9666e-093950a8b679803810638c99153bc64c av_one_fifth  avia-builder-el-17  el_after_av_one_fifth  el_before_av_hr  flex_column_div av-zero-column-padding  '     ><\/div>\n\n<style type=\"text\/css\" data-created_by=\"avia_inline_auto\" id=\"style-css-av-lpqthvln-2e2fa36faa97a09467bbe73150a11a71\">\n#top .hr.hr-invisible.av-lpqthvln-2e2fa36faa97a09467bbe73150a11a71{\nheight:50px;\n}\n<\/style>\n<div  class='hr av-lpqthvln-2e2fa36faa97a09467bbe73150a11a71 hr-invisible  avia-builder-el-18  el_after_av_one_fifth  avia-builder-el-last '><span class='hr-inner '><span class=\"hr-inner-style\"><\/span><\/span><\/div>\n","protected":false},"excerpt":{"rendered":"<p>With no majority in the National Assembly, a budget deficit and abysmal debt, the preparing and voting of the Finance Bill for 2025 is going to be quite an obstacle course.<\/p>\n","protected":false},"author":26,"featured_media":25524,"comment_status":"closed","ping_status":"closed","sticky":false,"template":"","format":"standard","meta":{"footnotes":""},"categories":[84,655],"tags":[560],"datespeciale":[],"class_list":["post-25471","post","type-post","status-publish","format-standard","has-post-thumbnail","hentry","category-media-and-news","category-news","tag-allnews-en","competences-tax","auteurs-alain-moreau-en","date-publication-2024-en","diffusion-groupe-fiscal-en","diffusion-medias-en","diffusion-news-en"],"yoast_head":"<!-- This site is optimized with the Yoast SEO Premium plugin v27.4 (Yoast SEO v27.4) - https:\/\/yoast.com\/product\/yoast-seo-premium-wordpress\/ -->\n<title>France&#039;s budget for 2025: it&#039;s going to be sporting!<\/title>\n<meta name=\"description\" content=\"Entre absence de majorit\u00e9 \u00e0 l\u2019Assembl\u00e9e nationale, d\u00e9ficit budg\u00e9taire et dette abyssale, la pr\u00e9paration et le vote du projet de Loi de finances pour 2025 va s\u2019av\u00e9rer \u00eatre une sacr\u00e9e course d\u2019obstacles.\" \/>\n<meta name=\"robots\" content=\"noindex, follow, max-snippet:-1, max-image-preview:large, max-video-preview:-1\" \/>\n<meta property=\"og:locale\" content=\"en_US\" \/>\n<meta property=\"og:type\" content=\"article\" \/>\n<meta property=\"og:title\" content=\"France&#039;s budget for 2025: it&#039;s going to be sporting!\" \/>\n<meta property=\"og:description\" content=\"With no majority in the National Assembly, a budget deficit and abysmal debt, the preparing and voting of the Finance Bill for 2025 is going to be quite an obstacle course.\" \/>\n<meta property=\"og:url\" content=\"https:\/\/staging.fbt-avocats.ch\/en\/budget-de-france-2025-ca-va-etre-sportif\/\" \/>\n<meta property=\"og:site_name\" content=\"FBT Avocats SA\" \/>\n<meta property=\"article:published_time\" content=\"2024-08-13T07:52:03+00:00\" \/>\n<meta property=\"article:modified_time\" content=\"2025-10-20T10:08:50+00:00\" \/>\n<meta property=\"og:image\" content=\"https:\/\/staging.fbt-avocats.ch\/wp-content\/uploads\/2024\/08\/OGENAllnews_Alain_Moreau_Budget_2025_France.png\" \/>\n<meta name=\"author\" content=\"Yann Bellini\" \/>\n<meta name=\"twitter:card\" content=\"summary_large_image\" \/>\n<meta name=\"twitter:title\" content=\"France&#039;s budget for 2025: it&#039;s going to be sporting!\" \/>\n<meta name=\"twitter:label1\" content=\"Written by\" \/>\n\t<meta name=\"twitter:data1\" content=\"Yann Bellini\" \/>\n\t<meta name=\"twitter:label2\" content=\"Est. reading time\" \/>\n\t<meta name=\"twitter:data2\" content=\"10 minutes\" \/>\n<script type=\"application\/ld+json\" class=\"yoast-schema-graph\">{\"@context\":\"https:\\\/\\\/schema.org\",\"@graph\":[{\"@type\":\"Article\",\"@id\":\"https:\\\/\\\/staging.fbt-avocats.ch\\\/en\\\/budget-de-france-2025-ca-va-etre-sportif\\\/#article\",\"isPartOf\":{\"@id\":\"https:\\\/\\\/staging.fbt-avocats.ch\\\/en\\\/budget-de-france-2025-ca-va-etre-sportif\\\/\"},\"author\":{\"name\":\"Yann Bellini\",\"@id\":\"https:\\\/\\\/staging.fbt-avocats.ch\\\/en\\\/#\\\/schema\\\/person\\\/53faa592d1d545188ce0efaa23e0b547\"},\"headline\":\"France&#8217;s budget for 2025: it&#8217;s going to be sporting!\",\"datePublished\":\"2024-08-13T07:52:03+00:00\",\"dateModified\":\"2025-10-20T10:08:50+00:00\",\"mainEntityOfPage\":{\"@id\":\"https:\\\/\\\/staging.fbt-avocats.ch\\\/en\\\/budget-de-france-2025-ca-va-etre-sportif\\\/\"},\"wordCount\":1671,\"image\":{\"@id\":\"https:\\\/\\\/staging.fbt-avocats.ch\\\/en\\\/budget-de-france-2025-ca-va-etre-sportif\\\/#primaryimage\"},\"thumbnailUrl\":\"https:\\\/\\\/staging.fbt-avocats.ch\\\/wp-content\\\/uploads\\\/2024\\\/08\\\/OG-EN-9.png\",\"keywords\":[\"Allnews\"],\"articleSection\":[\"Media and News\",\"News\"],\"inLanguage\":\"en-US\"},{\"@type\":\"WebPage\",\"@id\":\"https:\\\/\\\/staging.fbt-avocats.ch\\\/en\\\/budget-de-france-2025-ca-va-etre-sportif\\\/\",\"url\":\"https:\\\/\\\/staging.fbt-avocats.ch\\\/en\\\/budget-de-france-2025-ca-va-etre-sportif\\\/\",\"name\":\"France's budget for 2025: it's going to be sporting!\",\"isPartOf\":{\"@id\":\"https:\\\/\\\/staging.fbt-avocats.ch\\\/en\\\/#website\"},\"primaryImageOfPage\":{\"@id\":\"https:\\\/\\\/staging.fbt-avocats.ch\\\/en\\\/budget-de-france-2025-ca-va-etre-sportif\\\/#primaryimage\"},\"image\":{\"@id\":\"https:\\\/\\\/staging.fbt-avocats.ch\\\/en\\\/budget-de-france-2025-ca-va-etre-sportif\\\/#primaryimage\"},\"thumbnailUrl\":\"https:\\\/\\\/staging.fbt-avocats.ch\\\/wp-content\\\/uploads\\\/2024\\\/08\\\/OG-EN-9.png\",\"datePublished\":\"2024-08-13T07:52:03+00:00\",\"dateModified\":\"2025-10-20T10:08:50+00:00\",\"author\":{\"@id\":\"https:\\\/\\\/staging.fbt-avocats.ch\\\/en\\\/#\\\/schema\\\/person\\\/53faa592d1d545188ce0efaa23e0b547\"},\"description\":\"Entre absence de majorit\u00e9 \u00e0 l\u2019Assembl\u00e9e nationale, d\u00e9ficit budg\u00e9taire et dette abyssale, la pr\u00e9paration et le vote du projet de Loi de finances pour 2025 va s\u2019av\u00e9rer \u00eatre une sacr\u00e9e course d\u2019obstacles.\",\"breadcrumb\":{\"@id\":\"https:\\\/\\\/staging.fbt-avocats.ch\\\/en\\\/budget-de-france-2025-ca-va-etre-sportif\\\/#breadcrumb\"},\"inLanguage\":\"en-US\",\"potentialAction\":[{\"@type\":\"ReadAction\",\"target\":[\"https:\\\/\\\/staging.fbt-avocats.ch\\\/en\\\/budget-de-france-2025-ca-va-etre-sportif\\\/\"]}]},{\"@type\":\"ImageObject\",\"inLanguage\":\"en-US\",\"@id\":\"https:\\\/\\\/staging.fbt-avocats.ch\\\/en\\\/budget-de-france-2025-ca-va-etre-sportif\\\/#primaryimage\",\"url\":\"https:\\\/\\\/staging.fbt-avocats.ch\\\/wp-content\\\/uploads\\\/2024\\\/08\\\/OG-EN-9.png\",\"contentUrl\":\"https:\\\/\\\/staging.fbt-avocats.ch\\\/wp-content\\\/uploads\\\/2024\\\/08\\\/OG-EN-9.png\",\"width\":1200,\"height\":628},{\"@type\":\"BreadcrumbList\",\"@id\":\"https:\\\/\\\/staging.fbt-avocats.ch\\\/en\\\/budget-de-france-2025-ca-va-etre-sportif\\\/#breadcrumb\",\"itemListElement\":[{\"@type\":\"ListItem\",\"position\":1,\"name\":\"Home\",\"item\":\"https:\\\/\\\/staging.fbt-avocats.ch\\\/en\\\/\"},{\"@type\":\"ListItem\",\"position\":2,\"name\":\"France&#8217;s budget for 2025: it&#8217;s going to be sporting!\"}]},{\"@type\":\"WebSite\",\"@id\":\"https:\\\/\\\/staging.fbt-avocats.ch\\\/en\\\/#website\",\"url\":\"https:\\\/\\\/staging.fbt-avocats.ch\\\/en\\\/\",\"name\":\"FBT Avocats SA\",\"description\":\"Etudes bas\u00e9es \u00e0 Gen\u00e8ve et Paris\",\"potentialAction\":[{\"@type\":\"SearchAction\",\"target\":{\"@type\":\"EntryPoint\",\"urlTemplate\":\"https:\\\/\\\/staging.fbt-avocats.ch\\\/en\\\/?s={search_term_string}\"},\"query-input\":{\"@type\":\"PropertyValueSpecification\",\"valueRequired\":true,\"valueName\":\"search_term_string\"}}],\"inLanguage\":\"en-US\"},{\"@type\":\"Person\",\"@id\":\"https:\\\/\\\/staging.fbt-avocats.ch\\\/en\\\/#\\\/schema\\\/person\\\/53faa592d1d545188ce0efaa23e0b547\",\"name\":\"Yann Bellini\"}]}<\/script>\n<!-- \/ Yoast SEO Premium plugin. -->","yoast_head_json":{"title":"France's budget for 2025: it's going to be sporting!","description":"Entre absence de majorit\u00e9 \u00e0 l\u2019Assembl\u00e9e nationale, d\u00e9ficit budg\u00e9taire et dette abyssale, la pr\u00e9paration et le vote du projet de Loi de finances pour 2025 va s\u2019av\u00e9rer \u00eatre une sacr\u00e9e course d\u2019obstacles.","robots":{"index":"noindex","follow":"follow","max-snippet":"max-snippet:-1","max-image-preview":"max-image-preview:large","max-video-preview":"max-video-preview:-1"},"og_locale":"en_US","og_type":"article","og_title":"France's budget for 2025: it's going to be sporting!","og_description":"With no majority in the National Assembly, a budget deficit and abysmal debt, the preparing and voting of the Finance Bill for 2025 is going to be quite an obstacle course.","og_url":"https:\/\/staging.fbt-avocats.ch\/en\/budget-de-france-2025-ca-va-etre-sportif\/","og_site_name":"FBT Avocats SA","article_published_time":"2024-08-13T07:52:03+00:00","article_modified_time":"2025-10-20T10:08:50+00:00","og_image":[{"url":"https:\/\/staging.fbt-avocats.ch\/wp-content\/uploads\/2024\/08\/OGENAllnews_Alain_Moreau_Budget_2025_France.png","type":"","width":"","height":""}],"author":"Yann Bellini","twitter_card":"summary_large_image","twitter_title":"France's budget for 2025: it's going to be sporting!","twitter_misc":{"Written by":"Yann Bellini","Est. reading time":"10 minutes"},"schema":{"@context":"https:\/\/schema.org","@graph":[{"@type":"Article","@id":"https:\/\/staging.fbt-avocats.ch\/en\/budget-de-france-2025-ca-va-etre-sportif\/#article","isPartOf":{"@id":"https:\/\/staging.fbt-avocats.ch\/en\/budget-de-france-2025-ca-va-etre-sportif\/"},"author":{"name":"Yann Bellini","@id":"https:\/\/staging.fbt-avocats.ch\/en\/#\/schema\/person\/53faa592d1d545188ce0efaa23e0b547"},"headline":"France&#8217;s budget for 2025: it&#8217;s going to be sporting!","datePublished":"2024-08-13T07:52:03+00:00","dateModified":"2025-10-20T10:08:50+00:00","mainEntityOfPage":{"@id":"https:\/\/staging.fbt-avocats.ch\/en\/budget-de-france-2025-ca-va-etre-sportif\/"},"wordCount":1671,"image":{"@id":"https:\/\/staging.fbt-avocats.ch\/en\/budget-de-france-2025-ca-va-etre-sportif\/#primaryimage"},"thumbnailUrl":"https:\/\/staging.fbt-avocats.ch\/wp-content\/uploads\/2024\/08\/OG-EN-9.png","keywords":["Allnews"],"articleSection":["Media and News","News"],"inLanguage":"en-US"},{"@type":"WebPage","@id":"https:\/\/staging.fbt-avocats.ch\/en\/budget-de-france-2025-ca-va-etre-sportif\/","url":"https:\/\/staging.fbt-avocats.ch\/en\/budget-de-france-2025-ca-va-etre-sportif\/","name":"France's budget for 2025: it's going to be sporting!","isPartOf":{"@id":"https:\/\/staging.fbt-avocats.ch\/en\/#website"},"primaryImageOfPage":{"@id":"https:\/\/staging.fbt-avocats.ch\/en\/budget-de-france-2025-ca-va-etre-sportif\/#primaryimage"},"image":{"@id":"https:\/\/staging.fbt-avocats.ch\/en\/budget-de-france-2025-ca-va-etre-sportif\/#primaryimage"},"thumbnailUrl":"https:\/\/staging.fbt-avocats.ch\/wp-content\/uploads\/2024\/08\/OG-EN-9.png","datePublished":"2024-08-13T07:52:03+00:00","dateModified":"2025-10-20T10:08:50+00:00","author":{"@id":"https:\/\/staging.fbt-avocats.ch\/en\/#\/schema\/person\/53faa592d1d545188ce0efaa23e0b547"},"description":"Entre absence de majorit\u00e9 \u00e0 l\u2019Assembl\u00e9e nationale, d\u00e9ficit budg\u00e9taire et dette abyssale, la pr\u00e9paration et le vote du projet de Loi de finances pour 2025 va s\u2019av\u00e9rer \u00eatre une sacr\u00e9e course d\u2019obstacles.","breadcrumb":{"@id":"https:\/\/staging.fbt-avocats.ch\/en\/budget-de-france-2025-ca-va-etre-sportif\/#breadcrumb"},"inLanguage":"en-US","potentialAction":[{"@type":"ReadAction","target":["https:\/\/staging.fbt-avocats.ch\/en\/budget-de-france-2025-ca-va-etre-sportif\/"]}]},{"@type":"ImageObject","inLanguage":"en-US","@id":"https:\/\/staging.fbt-avocats.ch\/en\/budget-de-france-2025-ca-va-etre-sportif\/#primaryimage","url":"https:\/\/staging.fbt-avocats.ch\/wp-content\/uploads\/2024\/08\/OG-EN-9.png","contentUrl":"https:\/\/staging.fbt-avocats.ch\/wp-content\/uploads\/2024\/08\/OG-EN-9.png","width":1200,"height":628},{"@type":"BreadcrumbList","@id":"https:\/\/staging.fbt-avocats.ch\/en\/budget-de-france-2025-ca-va-etre-sportif\/#breadcrumb","itemListElement":[{"@type":"ListItem","position":1,"name":"Home","item":"https:\/\/staging.fbt-avocats.ch\/en\/"},{"@type":"ListItem","position":2,"name":"France&#8217;s budget for 2025: it&#8217;s going to be sporting!"}]},{"@type":"WebSite","@id":"https:\/\/staging.fbt-avocats.ch\/en\/#website","url":"https:\/\/staging.fbt-avocats.ch\/en\/","name":"FBT Avocats SA","description":"Etudes bas\u00e9es \u00e0 Gen\u00e8ve et Paris","potentialAction":[{"@type":"SearchAction","target":{"@type":"EntryPoint","urlTemplate":"https:\/\/staging.fbt-avocats.ch\/en\/?s={search_term_string}"},"query-input":{"@type":"PropertyValueSpecification","valueRequired":true,"valueName":"search_term_string"}}],"inLanguage":"en-US"},{"@type":"Person","@id":"https:\/\/staging.fbt-avocats.ch\/en\/#\/schema\/person\/53faa592d1d545188ce0efaa23e0b547","name":"Yann Bellini"}]}},"_links":{"self":[{"href":"https:\/\/staging.fbt-avocats.ch\/en\/wp-json\/wp\/v2\/posts\/25471","targetHints":{"allow":["GET"]}}],"collection":[{"href":"https:\/\/staging.fbt-avocats.ch\/en\/wp-json\/wp\/v2\/posts"}],"about":[{"href":"https:\/\/staging.fbt-avocats.ch\/en\/wp-json\/wp\/v2\/types\/post"}],"author":[{"embeddable":true,"href":"https:\/\/staging.fbt-avocats.ch\/en\/wp-json\/wp\/v2\/users\/26"}],"replies":[{"embeddable":true,"href":"https:\/\/staging.fbt-avocats.ch\/en\/wp-json\/wp\/v2\/comments?post=25471"}],"version-history":[{"count":0,"href":"https:\/\/staging.fbt-avocats.ch\/en\/wp-json\/wp\/v2\/posts\/25471\/revisions"}],"wp:featuredmedia":[{"embeddable":true,"href":"https:\/\/staging.fbt-avocats.ch\/en\/wp-json\/wp\/v2\/media\/25524"}],"wp:attachment":[{"href":"https:\/\/staging.fbt-avocats.ch\/en\/wp-json\/wp\/v2\/media?parent=25471"}],"wp:term":[{"taxonomy":"category","embeddable":true,"href":"https:\/\/staging.fbt-avocats.ch\/en\/wp-json\/wp\/v2\/categories?post=25471"},{"taxonomy":"post_tag","embeddable":true,"href":"https:\/\/staging.fbt-avocats.ch\/en\/wp-json\/wp\/v2\/tags?post=25471"},{"taxonomy":"datespeciale","embeddable":true,"href":"https:\/\/staging.fbt-avocats.ch\/en\/wp-json\/wp\/v2\/datespeciale?post=25471"}],"curies":[{"name":"wp","href":"https:\/\/api.w.org\/{rel}","templated":true}]}}