{"id":27790,"date":"2025-01-13T10:32:30","date_gmt":"2025-01-13T09:32:30","guid":{"rendered":"https:\/\/www.fbt-avocats.ch\/?p=27790"},"modified":"2025-10-20T11:04:38","modified_gmt":"2025-10-20T10:04:38","slug":"mesures-prendre-face-a-lincertitude-fiscale-france","status":"publish","type":"post","link":"https:\/\/staging.fbt-avocats.ch\/en\/mesures-prendre-face-a-lincertitude-fiscale-france\/","title":{"rendered":"What measures can be taken to deal with tax uncertainty in France?"},"content":{"rendered":"<div  class='avia-slideshow av-lpqtcuam-76906b30aa535219bbd7e5abbadb45f0 avia-slideshow-featured_large av_slideshow avia-slide-slider  avia-builder-el-0  el_before_av_heading  avia-builder-el-first  av-slideshow-ui av-control-default av-slideshow-manual av-loop-once av-loop-manual-endless av-default-height-applied avia-slideshow-1' data-slideshow-options=\"{&quot;animation&quot;:&quot;slide&quot;,&quot;autoplay&quot;:false,&quot;loop_autoplay&quot;:&quot;once&quot;,&quot;interval&quot;:5,&quot;loop_manual&quot;:&quot;manual-endless&quot;,&quot;autoplay_stopper&quot;:false,&quot;noNavigation&quot;:false,&quot;bg_slider&quot;:false,&quot;keep_padding&quot;:false,&quot;hoverpause&quot;:false,&quot;show_slide_delay&quot;:0}\"  itemprop=\"image\" itemscope=\"itemscope\" itemtype=\"https:\/\/schema.org\/ImageObject\" ><ul class='avia-slideshow-inner ' style='padding-bottom: 52.333333333333%;'><li  class='avia-slideshow-slide av-lpqtcuam-76906b30aa535219bbd7e5abbadb45f0__0  av-single-slide slide-1 slide-odd'><div data-rel='slideshow-1' class='avia-slide-wrap '   ><img fetchpriority=\"high\" class=\"wp-image-27786 avia-img-lazy-loading-not-27786\"  src='https:\/\/staging.fbt-avocats.ch\/wp-content\/uploads\/2025\/01\/SLIDER-EN-AMO-JLB.png' width='1200' height='628' title='SLIDER EN-AMO-JLB' alt=''  itemprop=\"thumbnailUrl\"   \/><\/div><\/li><\/ul><\/div>\n\n<style type=\"text\/css\" data-created_by=\"avia_inline_auto\" id=\"style-css-av-av_heading-42a72438b63f6828638ccee90a20e004\">\n#top .av-special-heading.av-av_heading-42a72438b63f6828638ccee90a20e004{\npadding-bottom:10px;\nfont-size:26px;\n}\nbody .av-special-heading.av-av_heading-42a72438b63f6828638ccee90a20e004 .av-special-heading-tag .heading-char{\nfont-size:25px;\n}\n#top #wrap_all .av-special-heading.av-av_heading-42a72438b63f6828638ccee90a20e004 .av-special-heading-tag{\nfont-size:26px;\n}\n.av-special-heading.av-av_heading-42a72438b63f6828638ccee90a20e004 .av-subheading{\nfont-size:15px;\n}\n\n@media only screen and (min-width: 480px) and (max-width: 767px){ \n#top #wrap_all .av-special-heading.av-av_heading-42a72438b63f6828638ccee90a20e004 .av-special-heading-tag{\nfont-size:0.8em;\n}\n}\n\n@media only screen and (max-width: 479px){ \n#top #wrap_all .av-special-heading.av-av_heading-42a72438b63f6828638ccee90a20e004 .av-special-heading-tag{\nfont-size:0.8em;\n}\n}\n<\/style>\n<div  class='av-special-heading av-av_heading-42a72438b63f6828638ccee90a20e004 av-special-heading-h1 blockquote modern-quote  avia-builder-el-1  el_after_av_slideshow  el_before_av_hr  av-inherit-size'><h1 class='av-special-heading-tag '  itemprop=\"headline\"  >What measures can be taken to deal with tax uncertainty in France?<\/h1><div class='av-subheading av-subheading_below'><p>BSL The Guide to banking in Switzerland \u2013 November 2024<br \/>\nJean-Luc Bochatay and Alain Moreau<\/p>\n<\/div><div class=\"special-heading-border\"><div class=\"special-heading-inner-border\"><\/div><\/div><\/div>\n\n<style type=\"text\/css\" data-created_by=\"avia_inline_auto\" id=\"style-css-av-lpqthvln-edf60761fad835755560d987abf79923\">\n#top .hr.hr-invisible.av-lpqthvln-edf60761fad835755560d987abf79923{\nheight:30px;\n}\n<\/style>\n<div  class='hr av-lpqthvln-edf60761fad835755560d987abf79923 hr-invisible  avia-builder-el-2  el_after_av_heading  el_before_av_button '><span class='hr-inner '><span class=\"hr-inner-style\"><\/span><\/span><\/div>\n<div  class='avia-button-wrap av-lpqtm003-b563fc0fb924bc2feb5969d0b4bd3a63-wrap avia-button-left  avia-builder-el-3  el_after_av_hr  el_before_av_hr '><a href='https:\/\/staging.fbt-avocats.ch\/wp-content\/uploads\/2025\/01\/Pages-de-BSL_2024_FR_Bochatay_Moreau_FR_EN.pdf'  class='avia-button av-lpqtm003-b563fc0fb924bc2feb5969d0b4bd3a63 av-link-btn avia-icon_select-no avia-size-large avia-position-left avia-color-theme-color'  target=\"_blank\"  rel=\"noopener noreferrer\"  aria-label=\"Download pdf\"><span class='avia_iconbox_title' >Download pdf<\/span><\/a><\/div>\n\n<style type=\"text\/css\" data-created_by=\"avia_inline_auto\" id=\"style-css-av-lpqthvln-edf60761fad835755560d987abf79923\">\n#top .hr.hr-invisible.av-lpqthvln-edf60761fad835755560d987abf79923{\nheight:30px;\n}\n<\/style>\n<div  class='hr av-lpqthvln-edf60761fad835755560d987abf79923 hr-invisible  avia-builder-el-4  el_after_av_button  el_before_av_textblock '><span class='hr-inner '><span class=\"hr-inner-style\"><\/span><\/span><\/div>\n<section  class='av_textblock_section av-lpqt34bs-e4937d6ee6fb8bf73eb238b3b32b6052 '   itemscope=\"itemscope\" itemtype=\"https:\/\/schema.org\/BlogPosting\" itemprop=\"blogPost\" ><div class='avia_textblock'  itemprop=\"text\" ><p><strong>With no majority in the National Assembly, a budget deficit and abysmal national debt, preparing and voting on the Finance Bill for 2025 is going to prove particularly perilous. In the longer term, it is the country\u2019s budgetary stability that is at stake, requiring us to anticipate possible tax increases now, particularly for households<\/strong>.<\/p>\n<p>At the time of writing, the name of the future Prime Minister has just been announced: Michel Barnier, an experienced politician from the ranks of the moderate right. In the absence of a clear majority in the National Assembly, the future Barnier government will not be able to impose its fiscal policy and will have to make concessions to its allies, even accepting tax increases imposed by the opposition parties. In this context, and given the very tight deadlines, the new government will most likely have to adopt the draft budget prepared by the outgoing team and leave it up to the members of parliament to amend it during the legislative debate.<\/p>\n<p>The next few weeks, if not months, should therefore give us a clearer picture, even if the battle \u2013 indeed the \u2018legislative war\u2019 \u2013 that is about to take place in the National Assembly will undoubtedly have its share of (un)pleasant surprises in store for French taxpayers.<\/p>\n<p>When it comes to tax revenues, a number of \u201cideas\u201d were put forward during the last elections, particularly by the left-wing parties (<em>Nouveau Front Populaire<\/em>). These include, but are not limited to: the re-introduction of a tax on financial wealth; the repeal of the 30% flat tax on financial income; an increase in the income tax rate scale; an increase in the rate of social security contributions; a tax on corporate super-profits; tougher conditions for \u201cexit tax\u201d; and an increase in the rate of the gift and inheritance taxes on large estates.<\/p>\n<p>We will not dwell on the question of gift or inheritance tax, since, despite the recurrent debates about whether they should be reduced or increased, it is far too uncertain to anticipate anything on the subject today, especially as this type of taxation does not allow a government to rapidly increase tax revenues, at least when it comes to inheritance tax.<\/p>\n<p>This could be otherwise for the gift tax, with the provision of a \u201cwindow\u201d of a few months to a few years for drastic reductions in taxation procedures (base or rate). Such a measure to anticipate transfers would undoubtedly accelerate tax receipts while injecting capital into the younger generations, who are more likely to consume. It could also revive a property market that is currently at a partial standstill.<\/p>\n<p>However, this would be an eminently political decision, difficult to make in a parliamentary context where the government does not have a majority in the National Assembly. On the subject of eminently political decisions, the possibility of reinstating the tax on financial wealth also needs to be addressed, so that it can be managed in the best possible way when the time comes.<\/p>\n<p>With this in mind, it is advisable to anticipate as of now the possible return of the ISF (wealth tax) in wealth planning schemes by updating the concepts of \u201cprofessional assets\u201d, \u201cincome ceiling\u201d, \u201cinterposition of holding companies\u201d etc. Such anticipation should make it possible to put in place long-term, secure schemes and, above all, to avoid having to dismantle structures mainly intended for the long term, with the resulting costs.<\/p>\n<p>The flat-rate tax of 30% (including social security contributions of 17.2%) on financial income (dividends and interest) and on gains from the sale of securities has been a real advantage for private investors since 2018. Let\u2019s not forget that previously, this financial income was taxed at the same rate as any other income, at a marginal rate of 45%, excluding social security contributions (i.e. 62.2% in total).<\/p>\n<p>In order to anticipate any changes in the taxation of savings, it may be advisable, where possible \u2013 particularly in family-owned companies \u2013 to distribute reserves to shareholders, who may be required to leave the money in the company (shareholder current account) so as not to strain cash flow. Capital transactions can also be used to externalise capital gains.<\/p>\n<p>However, it should be borne in mind that transactions carried out during 2024 could nevertheless be affected by a tax reform passed at the end of 2024. This is known as \u201cminor retroactivity\u201d, which is very unfair but considered legal by the French courts.<\/p>\n<p>For example, if a dividend distribution is made in October 2024, under the 30% flat-rate tax regime, but an increase in the social security contribution is passed in November 2024, raising it from 17.2% to 20%, the tax rate will be increased retroactively by 2.8% over the whole of 2024, to reach 32.8% in the end. It is therefore advisable to wait until the legislative situation is definitively established, at the end of November \/ beginning of December, to effect these transactions in complete security.<\/p>\n<p>Finally, if you are planning to transfer your residence abroad, it may make sense to relocate before 31 December 2024 rather than during 2025. Following the reductions introduced at the beginning of 2019, the \u201cexit tax\u201d on movable assets dropped from 15 years to 5 years (or even 2 years). It is not certain that such a reduction will last, nor is it certain that other measures more restrictive to transfers of residence will not be introduced, particularly in the context of large tax increases.<\/p>\n<p>On the other hand, we rule out the possibility of introducing taxation on the basis of nationality, as has recently been suggested. Such a measure would be particularly complex and time-consuming to implement, requiring in particular a revision of all the tax treaties signed by France.<\/p>\n<p>However, what cannot be ruled out is the introduction of a <em>droit de suite<\/em> (follow-through legislation) in the event of a transfer of residence to a country with an attractive tax regime \u2013 such as already exists in several European countries. This <em>droit de suite<\/em> consists of maintaining the taxation of a taxpayer in the country of departure, as if he or she had remained resident, for a variable period (3, 5, 8 years, for example), if the country of destination is qualified as a tax haven, i.e. if it offers very favourable tax conditions compared with those of the country of departure (in terms of tax base or rates, or even non-taxation of wealth, for example).<\/p>\n<p>In conclusion, given the current and future risks and uncertainties, while it may be tempting to think about relocating, prospective relocators should bear in mind the issues of exit tax, the introduction of a possible <em>droit de suite<\/em> and, of course, the legal risks in the event of fictitious or abusive relocation.<\/p>\n<\/div><\/section>\n\n<style type=\"text\/css\" data-created_by=\"avia_inline_auto\" id=\"style-css-av-lpqthvln-27e3d4689132014f1425f973d38a9921\">\n#top .hr.hr-invisible.av-lpqthvln-27e3d4689132014f1425f973d38a9921{\nheight:10px;\n}\n<\/style>\n<div  class='hr av-lpqthvln-27e3d4689132014f1425f973d38a9921 hr-invisible  avia-builder-el-6  el_after_av_textblock  el_before_av_textblock '><span class='hr-inner '><span class=\"hr-inner-style\"><\/span><\/span><\/div>\n<section  class='av_textblock_section av-m7kpqrhu-21046ea046ec19c237c461c6845e2ea8 '   itemscope=\"itemscope\" itemtype=\"https:\/\/schema.org\/BlogPosting\" itemprop=\"blogPost\" ><div class='avia_textblock'  itemprop=\"text\" ><p style=\"text-align: right;\"><a href=\"https:\/\/staging.fbt-avocats.ch\/en\/portfolio-item\/jean-luc-bochatay\/\">Jean-Luc Bochatay<\/a><br \/>\nand <a href=\"https:\/\/staging.fbt-avocats.ch\/en\/portfolio-item\/alain-moreau\/\">Alain Moreau<\/a><br \/>\nPartners, Geneva | Paris<\/p>\n<\/div><\/section>\n\n<style type=\"text\/css\" data-created_by=\"avia_inline_auto\" id=\"style-css-av-av_heading-642d5874d7c6fe698cea463ae5f9eb80\">\n#top .av-special-heading.av-av_heading-642d5874d7c6fe698cea463ae5f9eb80{\npadding-bottom:10px;\nfont-size:20px;\n}\nbody .av-special-heading.av-av_heading-642d5874d7c6fe698cea463ae5f9eb80 .av-special-heading-tag .heading-char{\nfont-size:25px;\n}\n#top #wrap_all .av-special-heading.av-av_heading-642d5874d7c6fe698cea463ae5f9eb80 .av-special-heading-tag{\nfont-size:20px;\n}\n.av-special-heading.av-av_heading-642d5874d7c6fe698cea463ae5f9eb80 .av-subheading{\nfont-size:15px;\n}\n\n@media only screen and (min-width: 480px) and (max-width: 767px){ \n#top #wrap_all .av-special-heading.av-av_heading-642d5874d7c6fe698cea463ae5f9eb80 .av-special-heading-tag{\nfont-size:0.8em;\n}\n}\n\n@media only screen and (max-width: 479px){ \n#top #wrap_all .av-special-heading.av-av_heading-642d5874d7c6fe698cea463ae5f9eb80 .av-special-heading-tag{\nfont-size:0.8em;\n}\n}\n<\/style>\n<div  class='av-special-heading av-av_heading-642d5874d7c6fe698cea463ae5f9eb80 av-special-heading-h3 blockquote modern-quote modern-centered  avia-builder-el-8  el_after_av_textblock  el_before_av_hr  av-inherit-size'><h3 class='av-special-heading-tag '  itemprop=\"headline\"  >Share on LinkedIn<\/h3><div class=\"special-heading-border\"><div class=\"special-heading-inner-border\"><\/div><\/div><\/div>\n\n<style type=\"text\/css\" data-created_by=\"avia_inline_auto\" id=\"style-css-av-lpqthvln-2e2fa36faa97a09467bbe73150a11a71\">\n#top .hr.hr-invisible.av-lpqthvln-2e2fa36faa97a09467bbe73150a11a71{\nheight:50px;\n}\n<\/style>\n<div  class='hr av-lpqthvln-2e2fa36faa97a09467bbe73150a11a71 hr-invisible  avia-builder-el-9  el_after_av_heading  el_before_av_one_fifth '><span class='hr-inner '><span class=\"hr-inner-style\"><\/span><\/span><\/div>\n\n<style type=\"text\/css\" data-created_by=\"avia_inline_auto\" id=\"style-css-av-2il6c92-659475ef011a8f768eb623e80e9b4c1f\">\n.flex_column.av-2il6c92-659475ef011a8f768eb623e80e9b4c1f{\nborder-radius:0px 0px 0px 0px;\npadding:0px 0px 0px 0px;\n}\n<\/style>\n<div  class='flex_column av-2il6c92-659475ef011a8f768eb623e80e9b4c1f av_one_fifth  avia-builder-el-10  el_after_av_hr  el_before_av_one_fifth  first flex_column_div av-zero-column-padding  '     ><\/div>\n\n<style type=\"text\/css\" data-created_by=\"avia_inline_auto\" id=\"style-css-av-29oszmu-714d6f38bd5b8e6f4196d6365a8ad9d0\">\n.flex_column.av-29oszmu-714d6f38bd5b8e6f4196d6365a8ad9d0{\nborder-radius:0px 0px 0px 0px;\npadding:0px 0px 0px 0px;\n}\n<\/style>\n<div  class='flex_column av-29oszmu-714d6f38bd5b8e6f4196d6365a8ad9d0 av_one_fifth  avia-builder-el-11  el_after_av_one_fifth  el_before_av_one_fifth  flex_column_div av-zero-column-padding  '     ><\/div>\n\n<style type=\"text\/css\" data-created_by=\"avia_inline_auto\" id=\"style-css-av-1g3uxvq-432a17fb372e62d71cd14c3123628a44\">\n.flex_column.av-1g3uxvq-432a17fb372e62d71cd14c3123628a44{\nborder-radius:0px 0px 0px 0px;\npadding:0px 0px 0px 0px;\n}\n<\/style>\n<div  class='flex_column av-1g3uxvq-432a17fb372e62d71cd14c3123628a44 av_one_fifth  avia-builder-el-12  el_after_av_one_fifth  el_before_av_one_fifth  flex_column_div av-zero-column-padding  '     ><div  class='av-social-sharing-box av-lpqum02u-bc0494c5c39e8aaf1b0cc89c664ccf98 av-social-sharing-box-default  avia-builder-el-13  avia-builder-el-no-sibling  av-social-sharing-box-fullwidth'><div class=\"av-share-box\"><ul class=\"av-share-box-list noLightbox\"><li class='av-share-link av-social-link-linkedin avia_social_iconfont' ><a target=\"_blank\" aria-label=\"Share on LinkedIn\" href='https:\/\/linkedin.com\/shareArticle?mini=true&#038;title=What%20measures%20can%20be%20taken%20to%20deal%20with%20tax%20uncertainty%20in%20France%3F&#038;url=https:\/\/staging.fbt-avocats.ch\/en\/mesures-prendre-face-a-lincertitude-fiscale-france\/' data-av_icon='\ue8fc' data-av_iconfont='entypo-fontello'  title='' data-avia-related-tooltip='Share on LinkedIn'><span class='avia_hidden_link_text'>Share on LinkedIn<\/span><\/a><\/li><\/ul><\/div><\/div><\/div>\n\n<style type=\"text\/css\" data-created_by=\"avia_inline_auto\" id=\"style-css-av-16odkqu-0047da59c041e4b090215877c632a064\">\n.flex_column.av-16odkqu-0047da59c041e4b090215877c632a064{\nborder-radius:0px 0px 0px 0px;\npadding:0px 0px 0px 0px;\n}\n<\/style>\n<div  class='flex_column av-16odkqu-0047da59c041e4b090215877c632a064 av_one_fifth  avia-builder-el-14  el_after_av_one_fifth  el_before_av_one_fifth  flex_column_div av-zero-column-padding  '     ><\/div>\n\n<style type=\"text\/css\" data-created_by=\"avia_inline_auto\" id=\"style-css-av-t9666e-093950a8b679803810638c99153bc64c\">\n.flex_column.av-t9666e-093950a8b679803810638c99153bc64c{\nborder-radius:0px 0px 0px 0px;\npadding:0px 0px 0px 0px;\n}\n<\/style>\n<div  class='flex_column av-t9666e-093950a8b679803810638c99153bc64c av_one_fifth  avia-builder-el-15  el_after_av_one_fifth  el_before_av_hr  flex_column_div av-zero-column-padding  '     ><\/div>\n\n<style type=\"text\/css\" data-created_by=\"avia_inline_auto\" id=\"style-css-av-lpqthvln-2e2fa36faa97a09467bbe73150a11a71\">\n#top .hr.hr-invisible.av-lpqthvln-2e2fa36faa97a09467bbe73150a11a71{\nheight:50px;\n}\n<\/style>\n<div  class='hr av-lpqthvln-2e2fa36faa97a09467bbe73150a11a71 hr-invisible  avia-builder-el-16  el_after_av_one_fifth  avia-builder-el-last '><span class='hr-inner '><span class=\"hr-inner-style\"><\/span><\/span><\/div>\n","protected":false},"excerpt":{"rendered":"<p>With no majority in the National Assembly, a budget deficit and abysmal national debt, preparing and voting on the Finance Bill for 2025 is going to prove particularly perilous.<\/p>\n","protected":false},"author":26,"featured_media":27882,"comment_status":"closed","ping_status":"closed","sticky":false,"template":"","format":"standard","meta":{"footnotes":""},"categories":[655,85],"tags":[276],"datespeciale":[],"class_list":["post-27790","post","type-post","status-publish","format-standard","has-post-thumbnail","hentry","category-news","category-publications","tag-bsl-banking-in-switzerland-and-liechstenstein-en","competences-tax","auteurs-alain-moreau-en","auteurs-jean-luc-bochatay-en","date-publication-2025-en","diffusion-groupe-fiscal-en","diffusion-news-en","diffusion-publications-en"],"yoast_head":"<!-- This site is optimized with the Yoast SEO Premium plugin v27.4 (Yoast SEO v27.4) - https:\/\/yoast.com\/product\/yoast-seo-premium-wordpress\/ -->\n<title>What measures can be taken to deal with tax uncertainty in France?<\/title>\n<meta name=\"description\" content=\"With no majority in the National Assembly, a budget deficit and abysmal national debt, preparing and voting on the Finance Bill for 2025 is going to prove particularly perilous.\" \/>\n<meta name=\"robots\" content=\"noindex, follow, max-snippet:-1, max-image-preview:large, max-video-preview:-1\" \/>\n<meta property=\"og:locale\" content=\"en_US\" \/>\n<meta property=\"og:type\" content=\"article\" \/>\n<meta property=\"og:title\" content=\"What measures can be taken to deal with tax uncertainty in France?\" \/>\n<meta property=\"og:description\" content=\"With no majority in the National Assembly, a budget deficit and abysmal national debt, preparing and voting on the Finance Bill for 2025 is going to prove particularly perilous.\" \/>\n<meta property=\"og:url\" content=\"https:\/\/staging.fbt-avocats.ch\/en\/mesures-prendre-face-a-lincertitude-fiscale-france\/\" \/>\n<meta property=\"og:site_name\" content=\"FBT Avocats SA\" \/>\n<meta property=\"article:published_time\" content=\"2025-01-13T09:32:30+00:00\" \/>\n<meta property=\"article:modified_time\" content=\"2025-10-20T10:04:38+00:00\" \/>\n<meta property=\"og:image\" content=\"https:\/\/staging.fbt-avocats.ch\/wp-content\/uploads\/2025\/01\/SLIDER-EN-AMO-JLB.png\" \/>\n<meta name=\"author\" content=\"Yann Bellini\" \/>\n<meta name=\"twitter:card\" content=\"summary_large_image\" \/>\n<meta name=\"twitter:title\" content=\"What measures can be taken to deal with tax uncertainty in France?\" \/>\n<meta name=\"twitter:label1\" content=\"Written by\" \/>\n\t<meta name=\"twitter:data1\" content=\"Yann Bellini\" \/>\n\t<meta name=\"twitter:label2\" content=\"Est. reading time\" \/>\n\t<meta name=\"twitter:data2\" content=\"11 minutes\" \/>\n<script type=\"application\/ld+json\" class=\"yoast-schema-graph\">{\"@context\":\"https:\\\/\\\/schema.org\",\"@graph\":[{\"@type\":\"Article\",\"@id\":\"https:\\\/\\\/staging.fbt-avocats.ch\\\/en\\\/mesures-prendre-face-a-lincertitude-fiscale-france\\\/#article\",\"isPartOf\":{\"@id\":\"https:\\\/\\\/staging.fbt-avocats.ch\\\/en\\\/mesures-prendre-face-a-lincertitude-fiscale-france\\\/\"},\"author\":{\"name\":\"Yann Bellini\",\"@id\":\"https:\\\/\\\/staging.fbt-avocats.ch\\\/en\\\/#\\\/schema\\\/person\\\/53faa592d1d545188ce0efaa23e0b547\"},\"headline\":\"What measures can be taken to deal with tax uncertainty in France?\",\"datePublished\":\"2025-01-13T09:32:30+00:00\",\"dateModified\":\"2025-10-20T10:04:38+00:00\",\"mainEntityOfPage\":{\"@id\":\"https:\\\/\\\/staging.fbt-avocats.ch\\\/en\\\/mesures-prendre-face-a-lincertitude-fiscale-france\\\/\"},\"wordCount\":2005,\"image\":{\"@id\":\"https:\\\/\\\/staging.fbt-avocats.ch\\\/en\\\/mesures-prendre-face-a-lincertitude-fiscale-france\\\/#primaryimage\"},\"thumbnailUrl\":\"https:\\\/\\\/staging.fbt-avocats.ch\\\/wp-content\\\/uploads\\\/2025\\\/01\\\/SLIDER-EN-25.png\",\"keywords\":[\"BSL Banking in Switzerland and Liechstenstein\"],\"articleSection\":[\"News\",\"Publications\"],\"inLanguage\":\"en-US\"},{\"@type\":\"WebPage\",\"@id\":\"https:\\\/\\\/staging.fbt-avocats.ch\\\/en\\\/mesures-prendre-face-a-lincertitude-fiscale-france\\\/\",\"url\":\"https:\\\/\\\/staging.fbt-avocats.ch\\\/en\\\/mesures-prendre-face-a-lincertitude-fiscale-france\\\/\",\"name\":\"What measures can be taken to deal with tax uncertainty in France?\",\"isPartOf\":{\"@id\":\"https:\\\/\\\/staging.fbt-avocats.ch\\\/en\\\/#website\"},\"primaryImageOfPage\":{\"@id\":\"https:\\\/\\\/staging.fbt-avocats.ch\\\/en\\\/mesures-prendre-face-a-lincertitude-fiscale-france\\\/#primaryimage\"},\"image\":{\"@id\":\"https:\\\/\\\/staging.fbt-avocats.ch\\\/en\\\/mesures-prendre-face-a-lincertitude-fiscale-france\\\/#primaryimage\"},\"thumbnailUrl\":\"https:\\\/\\\/staging.fbt-avocats.ch\\\/wp-content\\\/uploads\\\/2025\\\/01\\\/SLIDER-EN-25.png\",\"datePublished\":\"2025-01-13T09:32:30+00:00\",\"dateModified\":\"2025-10-20T10:04:38+00:00\",\"author\":{\"@id\":\"https:\\\/\\\/staging.fbt-avocats.ch\\\/en\\\/#\\\/schema\\\/person\\\/53faa592d1d545188ce0efaa23e0b547\"},\"description\":\"With no majority in the National Assembly, a budget deficit and abysmal national debt, preparing and voting on the Finance Bill for 2025 is going to prove particularly perilous.\",\"breadcrumb\":{\"@id\":\"https:\\\/\\\/staging.fbt-avocats.ch\\\/en\\\/mesures-prendre-face-a-lincertitude-fiscale-france\\\/#breadcrumb\"},\"inLanguage\":\"en-US\",\"potentialAction\":[{\"@type\":\"ReadAction\",\"target\":[\"https:\\\/\\\/staging.fbt-avocats.ch\\\/en\\\/mesures-prendre-face-a-lincertitude-fiscale-france\\\/\"]}]},{\"@type\":\"ImageObject\",\"inLanguage\":\"en-US\",\"@id\":\"https:\\\/\\\/staging.fbt-avocats.ch\\\/en\\\/mesures-prendre-face-a-lincertitude-fiscale-france\\\/#primaryimage\",\"url\":\"https:\\\/\\\/staging.fbt-avocats.ch\\\/wp-content\\\/uploads\\\/2025\\\/01\\\/SLIDER-EN-25.png\",\"contentUrl\":\"https:\\\/\\\/staging.fbt-avocats.ch\\\/wp-content\\\/uploads\\\/2025\\\/01\\\/SLIDER-EN-25.png\",\"width\":1200,\"height\":628},{\"@type\":\"BreadcrumbList\",\"@id\":\"https:\\\/\\\/staging.fbt-avocats.ch\\\/en\\\/mesures-prendre-face-a-lincertitude-fiscale-france\\\/#breadcrumb\",\"itemListElement\":[{\"@type\":\"ListItem\",\"position\":1,\"name\":\"Home\",\"item\":\"https:\\\/\\\/staging.fbt-avocats.ch\\\/en\\\/\"},{\"@type\":\"ListItem\",\"position\":2,\"name\":\"What measures can be taken to deal with tax uncertainty in France?\"}]},{\"@type\":\"WebSite\",\"@id\":\"https:\\\/\\\/staging.fbt-avocats.ch\\\/en\\\/#website\",\"url\":\"https:\\\/\\\/staging.fbt-avocats.ch\\\/en\\\/\",\"name\":\"FBT Avocats SA\",\"description\":\"Etudes bas\u00e9es \u00e0 Gen\u00e8ve et Paris\",\"potentialAction\":[{\"@type\":\"SearchAction\",\"target\":{\"@type\":\"EntryPoint\",\"urlTemplate\":\"https:\\\/\\\/staging.fbt-avocats.ch\\\/en\\\/?s={search_term_string}\"},\"query-input\":{\"@type\":\"PropertyValueSpecification\",\"valueRequired\":true,\"valueName\":\"search_term_string\"}}],\"inLanguage\":\"en-US\"},{\"@type\":\"Person\",\"@id\":\"https:\\\/\\\/staging.fbt-avocats.ch\\\/en\\\/#\\\/schema\\\/person\\\/53faa592d1d545188ce0efaa23e0b547\",\"name\":\"Yann Bellini\"}]}<\/script>\n<!-- \/ Yoast SEO Premium plugin. -->","yoast_head_json":{"title":"What measures can be taken to deal with tax uncertainty in France?","description":"With no majority in the National Assembly, a budget deficit and abysmal national debt, preparing and voting on the Finance Bill for 2025 is going to prove particularly perilous.","robots":{"index":"noindex","follow":"follow","max-snippet":"max-snippet:-1","max-image-preview":"max-image-preview:large","max-video-preview":"max-video-preview:-1"},"og_locale":"en_US","og_type":"article","og_title":"What measures can be taken to deal with tax uncertainty in France?","og_description":"With no majority in the National Assembly, a budget deficit and abysmal national debt, preparing and voting on the Finance Bill for 2025 is going to prove particularly perilous.","og_url":"https:\/\/staging.fbt-avocats.ch\/en\/mesures-prendre-face-a-lincertitude-fiscale-france\/","og_site_name":"FBT Avocats SA","article_published_time":"2025-01-13T09:32:30+00:00","article_modified_time":"2025-10-20T10:04:38+00:00","og_image":[{"url":"https:\/\/staging.fbt-avocats.ch\/wp-content\/uploads\/2025\/01\/SLIDER-EN-AMO-JLB.png","type":"","width":"","height":""}],"author":"Yann Bellini","twitter_card":"summary_large_image","twitter_title":"What measures can be taken to deal with tax uncertainty in France?","twitter_misc":{"Written by":"Yann Bellini","Est. reading time":"11 minutes"},"schema":{"@context":"https:\/\/schema.org","@graph":[{"@type":"Article","@id":"https:\/\/staging.fbt-avocats.ch\/en\/mesures-prendre-face-a-lincertitude-fiscale-france\/#article","isPartOf":{"@id":"https:\/\/staging.fbt-avocats.ch\/en\/mesures-prendre-face-a-lincertitude-fiscale-france\/"},"author":{"name":"Yann Bellini","@id":"https:\/\/staging.fbt-avocats.ch\/en\/#\/schema\/person\/53faa592d1d545188ce0efaa23e0b547"},"headline":"What measures can be taken to deal with tax uncertainty in France?","datePublished":"2025-01-13T09:32:30+00:00","dateModified":"2025-10-20T10:04:38+00:00","mainEntityOfPage":{"@id":"https:\/\/staging.fbt-avocats.ch\/en\/mesures-prendre-face-a-lincertitude-fiscale-france\/"},"wordCount":2005,"image":{"@id":"https:\/\/staging.fbt-avocats.ch\/en\/mesures-prendre-face-a-lincertitude-fiscale-france\/#primaryimage"},"thumbnailUrl":"https:\/\/staging.fbt-avocats.ch\/wp-content\/uploads\/2025\/01\/SLIDER-EN-25.png","keywords":["BSL Banking in Switzerland and Liechstenstein"],"articleSection":["News","Publications"],"inLanguage":"en-US"},{"@type":"WebPage","@id":"https:\/\/staging.fbt-avocats.ch\/en\/mesures-prendre-face-a-lincertitude-fiscale-france\/","url":"https:\/\/staging.fbt-avocats.ch\/en\/mesures-prendre-face-a-lincertitude-fiscale-france\/","name":"What measures can be taken to deal with tax uncertainty in France?","isPartOf":{"@id":"https:\/\/staging.fbt-avocats.ch\/en\/#website"},"primaryImageOfPage":{"@id":"https:\/\/staging.fbt-avocats.ch\/en\/mesures-prendre-face-a-lincertitude-fiscale-france\/#primaryimage"},"image":{"@id":"https:\/\/staging.fbt-avocats.ch\/en\/mesures-prendre-face-a-lincertitude-fiscale-france\/#primaryimage"},"thumbnailUrl":"https:\/\/staging.fbt-avocats.ch\/wp-content\/uploads\/2025\/01\/SLIDER-EN-25.png","datePublished":"2025-01-13T09:32:30+00:00","dateModified":"2025-10-20T10:04:38+00:00","author":{"@id":"https:\/\/staging.fbt-avocats.ch\/en\/#\/schema\/person\/53faa592d1d545188ce0efaa23e0b547"},"description":"With no majority in the National Assembly, a budget deficit and abysmal national debt, preparing and voting on the Finance Bill for 2025 is going to prove particularly perilous.","breadcrumb":{"@id":"https:\/\/staging.fbt-avocats.ch\/en\/mesures-prendre-face-a-lincertitude-fiscale-france\/#breadcrumb"},"inLanguage":"en-US","potentialAction":[{"@type":"ReadAction","target":["https:\/\/staging.fbt-avocats.ch\/en\/mesures-prendre-face-a-lincertitude-fiscale-france\/"]}]},{"@type":"ImageObject","inLanguage":"en-US","@id":"https:\/\/staging.fbt-avocats.ch\/en\/mesures-prendre-face-a-lincertitude-fiscale-france\/#primaryimage","url":"https:\/\/staging.fbt-avocats.ch\/wp-content\/uploads\/2025\/01\/SLIDER-EN-25.png","contentUrl":"https:\/\/staging.fbt-avocats.ch\/wp-content\/uploads\/2025\/01\/SLIDER-EN-25.png","width":1200,"height":628},{"@type":"BreadcrumbList","@id":"https:\/\/staging.fbt-avocats.ch\/en\/mesures-prendre-face-a-lincertitude-fiscale-france\/#breadcrumb","itemListElement":[{"@type":"ListItem","position":1,"name":"Home","item":"https:\/\/staging.fbt-avocats.ch\/en\/"},{"@type":"ListItem","position":2,"name":"What measures can be taken to deal with tax uncertainty in France?"}]},{"@type":"WebSite","@id":"https:\/\/staging.fbt-avocats.ch\/en\/#website","url":"https:\/\/staging.fbt-avocats.ch\/en\/","name":"FBT Avocats SA","description":"Etudes bas\u00e9es \u00e0 Gen\u00e8ve et Paris","potentialAction":[{"@type":"SearchAction","target":{"@type":"EntryPoint","urlTemplate":"https:\/\/staging.fbt-avocats.ch\/en\/?s={search_term_string}"},"query-input":{"@type":"PropertyValueSpecification","valueRequired":true,"valueName":"search_term_string"}}],"inLanguage":"en-US"},{"@type":"Person","@id":"https:\/\/staging.fbt-avocats.ch\/en\/#\/schema\/person\/53faa592d1d545188ce0efaa23e0b547","name":"Yann Bellini"}]}},"_links":{"self":[{"href":"https:\/\/staging.fbt-avocats.ch\/en\/wp-json\/wp\/v2\/posts\/27790","targetHints":{"allow":["GET"]}}],"collection":[{"href":"https:\/\/staging.fbt-avocats.ch\/en\/wp-json\/wp\/v2\/posts"}],"about":[{"href":"https:\/\/staging.fbt-avocats.ch\/en\/wp-json\/wp\/v2\/types\/post"}],"author":[{"embeddable":true,"href":"https:\/\/staging.fbt-avocats.ch\/en\/wp-json\/wp\/v2\/users\/26"}],"replies":[{"embeddable":true,"href":"https:\/\/staging.fbt-avocats.ch\/en\/wp-json\/wp\/v2\/comments?post=27790"}],"version-history":[{"count":0,"href":"https:\/\/staging.fbt-avocats.ch\/en\/wp-json\/wp\/v2\/posts\/27790\/revisions"}],"wp:featuredmedia":[{"embeddable":true,"href":"https:\/\/staging.fbt-avocats.ch\/en\/wp-json\/wp\/v2\/media\/27882"}],"wp:attachment":[{"href":"https:\/\/staging.fbt-avocats.ch\/en\/wp-json\/wp\/v2\/media?parent=27790"}],"wp:term":[{"taxonomy":"category","embeddable":true,"href":"https:\/\/staging.fbt-avocats.ch\/en\/wp-json\/wp\/v2\/categories?post=27790"},{"taxonomy":"post_tag","embeddable":true,"href":"https:\/\/staging.fbt-avocats.ch\/en\/wp-json\/wp\/v2\/tags?post=27790"},{"taxonomy":"datespeciale","embeddable":true,"href":"https:\/\/staging.fbt-avocats.ch\/en\/wp-json\/wp\/v2\/datespeciale?post=27790"}],"curies":[{"name":"wp","href":"https:\/\/api.w.org\/{rel}","templated":true}]}}