{"id":27941,"date":"2025-02-03T10:43:57","date_gmt":"2025-02-03T09:43:57","guid":{"rendered":"https:\/\/www.fbt-avocats.ch\/taxation-des-super-riches-les-pistes-de-reflexion-francaises\/"},"modified":"2025-10-20T11:03:34","modified_gmt":"2025-10-20T10:03:34","slug":"taxation-des-super-riches-les-pistes-de-reflexion-francaises","status":"publish","type":"post","link":"https:\/\/staging.fbt-avocats.ch\/en\/taxation-des-super-riches-les-pistes-de-reflexion-francaises\/","title":{"rendered":"Taxation of the super-rich: French ideas for consideration"},"content":{"rendered":"<div  class='avia-slideshow av-lpqtcuam-76906b30aa535219bbd7e5abbadb45f0 avia-slideshow-featured_large av_slideshow avia-slide-slider  avia-builder-el-0  el_before_av_heading  avia-builder-el-first  av-slideshow-ui av-control-default av-slideshow-manual av-loop-once av-loop-manual-endless av-default-height-applied avia-slideshow-1' data-slideshow-options=\"{&quot;animation&quot;:&quot;slide&quot;,&quot;autoplay&quot;:false,&quot;loop_autoplay&quot;:&quot;once&quot;,&quot;interval&quot;:5,&quot;loop_manual&quot;:&quot;manual-endless&quot;,&quot;autoplay_stopper&quot;:false,&quot;noNavigation&quot;:false,&quot;bg_slider&quot;:false,&quot;keep_padding&quot;:false,&quot;hoverpause&quot;:false,&quot;show_slide_delay&quot;:0}\"  itemprop=\"image\" itemscope=\"itemscope\" itemtype=\"https:\/\/schema.org\/ImageObject\" ><ul class='avia-slideshow-inner ' style='padding-bottom: 52.333333333333%;'><li  class='avia-slideshow-slide av-lpqtcuam-76906b30aa535219bbd7e5abbadb45f0__0  av-single-slide slide-1 slide-odd'><div data-rel='slideshow-1' class='avia-slide-wrap '   ><img fetchpriority=\"high\" class=\"wp-image-27932 avia-img-lazy-loading-not-27932\"  src='https:\/\/staging.fbt-avocats.ch\/wp-content\/uploads\/2025\/02\/Alain-Moreau_Taxation-super-rich-Txt.png' width='1200' height='628' title='Alain-Moreau_Taxation-super-rich-Txt' alt=''  itemprop=\"thumbnailUrl\"   \/><\/div><\/li><\/ul><\/div>\n\n<style type=\"text\/css\" data-created_by=\"avia_inline_auto\" id=\"style-css-av-av_heading-ef780c20a95580af071d08b3ac0a02f4\">\n#top .av-special-heading.av-av_heading-ef780c20a95580af071d08b3ac0a02f4{\npadding-bottom:10px;\nfont-size:26px;\n}\nbody .av-special-heading.av-av_heading-ef780c20a95580af071d08b3ac0a02f4 .av-special-heading-tag .heading-char{\nfont-size:25px;\n}\n#top #wrap_all .av-special-heading.av-av_heading-ef780c20a95580af071d08b3ac0a02f4 .av-special-heading-tag{\nfont-size:26px;\n}\n.av-special-heading.av-av_heading-ef780c20a95580af071d08b3ac0a02f4 .av-subheading{\nfont-size:15px;\n}\n\n@media only screen and (min-width: 480px) and (max-width: 767px){ \n#top #wrap_all .av-special-heading.av-av_heading-ef780c20a95580af071d08b3ac0a02f4 .av-special-heading-tag{\nfont-size:0.8em;\n}\n}\n\n@media only screen and (max-width: 479px){ \n#top #wrap_all .av-special-heading.av-av_heading-ef780c20a95580af071d08b3ac0a02f4 .av-special-heading-tag{\nfont-size:0.8em;\n}\n}\n<\/style>\n<div  class='av-special-heading av-av_heading-ef780c20a95580af071d08b3ac0a02f4 av-special-heading-h1 blockquote modern-quote  avia-builder-el-1  el_after_av_slideshow  el_before_av_hr  av-inherit-size'><h1 class='av-special-heading-tag '  itemprop=\"headline\"  >Taxation of the super-rich: French ideas for consideration<\/h1><div class='av-subheading av-subheading_below'><p>Allnews &#8211; February 2025<br \/>\nAlain Moreau<\/p>\n<\/div><div class=\"special-heading-border\"><div class=\"special-heading-inner-border\"><\/div><\/div><\/div>\n\n<style type=\"text\/css\" data-created_by=\"avia_inline_auto\" id=\"style-css-av-lpqthvln-edf60761fad835755560d987abf79923\">\n#top .hr.hr-invisible.av-lpqthvln-edf60761fad835755560d987abf79923{\nheight:30px;\n}\n<\/style>\n<div  class='hr av-lpqthvln-edf60761fad835755560d987abf79923 hr-invisible  avia-builder-el-2  el_after_av_heading  el_before_av_button '><span class='hr-inner '><span class=\"hr-inner-style\"><\/span><\/span><\/div>\n<div  class='avia-button-wrap av-lpqtm003-c6b605c15a8decfe42a2c232765ffde9-wrap avia-button-left  avia-builder-el-3  el_after_av_hr  el_before_av_hr '><a href='https:\/\/staging.fbt-avocats.ch\/wp-content\/uploads\/2025\/02\/Allnews_Alain-Moreau_Taxation-riches.pdf'  class='avia-button av-lpqtm003-c6b605c15a8decfe42a2c232765ffde9 av-link-btn avia-icon_select-no avia-size-large avia-position-left avia-color-theme-color'  target=\"_blank\"  rel=\"noopener noreferrer\"  aria-label=\"Download pdf\"><span class='avia_iconbox_title' >Download pdf<\/span><\/a><\/div>\n\n<style type=\"text\/css\" data-created_by=\"avia_inline_auto\" id=\"style-css-av-lpqthvln-edf60761fad835755560d987abf79923\">\n#top .hr.hr-invisible.av-lpqthvln-edf60761fad835755560d987abf79923{\nheight:30px;\n}\n<\/style>\n<div  class='hr av-lpqthvln-edf60761fad835755560d987abf79923 hr-invisible  avia-builder-el-4  el_after_av_button  el_before_av_textblock '><span class='hr-inner '><span class=\"hr-inner-style\"><\/span><\/span><\/div>\n<section  class='av_textblock_section av-lpqt34bs-e4937d6ee6fb8bf73eb238b3b32b6052 '   itemscope=\"itemscope\" itemtype=\"https:\/\/schema.org\/BlogPosting\" itemprop=\"blogPost\" ><div class='avia_textblock'  itemprop=\"text\" ><p>La devise en vogue actuellement en France pour tenter de colmater les d\u00e9ficits publics abyssaux semble d\u00e9sormais \u00eatre la suivante : \u00ab Chercher l&#8217;argent o\u00f9 il se trouve\u202f! \u00bb ; c&#8217;est-\u00e0-dire prioritairement chez les contribuables \u00ab premium \u00bb ou \u00ab UHNWI \u00bb. Cette nouvelle doctrine va totalement \u00e0 rebours de la politique fiscale mise en \u0153uvre en France depuis 2017 avec la suppression de l&#8217;imp\u00f4t sur la fortune financi\u00e8re et l&#8217;instauration de la flat tax \u00e0 30%. L&#8217;id\u00e9e d&#8217;un \u00ab ruissellement \u00bb des tr\u00e8s riches vers le reste de la population, pour le bien commun, semble donc r\u00e9volue.<\/p>\n<p>D\u00e9sormais, \u00e0 l&#8217;instar du collectif de grandes fortunes \u00abTax Me Now\u00bb r\u00e9clamant un alourdissement de la taxation des super-riches, de nombreuses voix se font entendre pour alourdir la pression fiscale sur cette cat\u00e9gorie de contribuables.<\/p>\n<p>Le premier signal est \u00e0 trouver dans le projet de budget 2025 qui pr\u00e9voyait l&#8217;instauration d&#8217;une contribution diff\u00e9rentielle sur les hauts revenus (CDHR) visant \u00e0 introduire un imp\u00f4t minimum de 20%. Elle visait les contribuables fran\u00e7ais dont les revenus d\u00e9passent 250&#8217;000 \u20ac pour un c\u00e9libataire et 500&#8217;000 \u20ac pour un couple. Ce dispositif a \u00e9t\u00e9 repris par le gouvernement Bayrou et devrait, sauf censure, entrer en vigueur pour les revenus per\u00e7us \u00e0 compter du 1\u1d49\u02b3 janvier 2025, impactant prioritairement les revenus du capital (dividendes et plus-values) actuellement tax\u00e9s au taux forfaitaire de 12,8%, entrainant ainsi une augmentation de la pression fiscale de plus de 7%.<\/p>\n<\/div><\/section>\n\n<style type=\"text\/css\" data-created_by=\"avia_inline_auto\" id=\"style-css-av-av_heading-4bd657b4dcf10028078de5650df1b376\">\n#top .av-special-heading.av-av_heading-4bd657b4dcf10028078de5650df1b376{\npadding-bottom:10px;\nfont-size:25px;\n}\nbody .av-special-heading.av-av_heading-4bd657b4dcf10028078de5650df1b376 .av-special-heading-tag .heading-char{\nfont-size:25px;\n}\n#top #wrap_all .av-special-heading.av-av_heading-4bd657b4dcf10028078de5650df1b376 .av-special-heading-tag{\nfont-size:25px;\n}\n.av-special-heading.av-av_heading-4bd657b4dcf10028078de5650df1b376 .av-subheading{\nfont-size:15px;\n}\n\n@media only screen and (min-width: 480px) and (max-width: 767px){ \n#top #wrap_all .av-special-heading.av-av_heading-4bd657b4dcf10028078de5650df1b376 .av-special-heading-tag{\nfont-size:0.8em;\n}\n}\n\n@media only screen and (max-width: 479px){ \n#top #wrap_all .av-special-heading.av-av_heading-4bd657b4dcf10028078de5650df1b376 .av-special-heading-tag{\nfont-size:0.8em;\n}\n}\n<\/style>\n<div  class='av-special-heading av-av_heading-4bd657b4dcf10028078de5650df1b376 av-special-heading-h2 blockquote classic-quote  avia-builder-el-6  el_after_av_textblock  el_before_av_hr  av-inherit-size'><h2 class='av-special-heading-tag '  itemprop=\"headline\"  >Fran\u00e7ois Bayrou a r\u00e9cemment \u00e9voqu\u00e9 une r\u00e9flexion sur \u00ab un nouveau dispositif p\u00e9renne de lutte contre une injuste optimisation \u00bb, qui permettrait de collecter deux milliards d\u2019euros.<\/h2><div class=\"special-heading-border\"><div class=\"special-heading-inner-border\"><\/div><\/div><\/div>\n\n<style type=\"text\/css\" data-created_by=\"avia_inline_auto\" id=\"style-css-av-lpqthvln-edf60761fad835755560d987abf79923\">\n#top .hr.hr-invisible.av-lpqthvln-edf60761fad835755560d987abf79923{\nheight:30px;\n}\n<\/style>\n<div  class='hr av-lpqthvln-edf60761fad835755560d987abf79923 hr-invisible  avia-builder-el-7  el_after_av_heading  el_before_av_textblock '><span class='hr-inner '><span class=\"hr-inner-style\"><\/span><\/span><\/div>\n<section  class='av_textblock_section av-lpqt34bs-e4937d6ee6fb8bf73eb238b3b32b6052 '   itemscope=\"itemscope\" itemtype=\"https:\/\/schema.org\/BlogPosting\" itemprop=\"blogPost\" ><div class='avia_textblock'  itemprop=\"text\" ><p>Mais il ne s&#8217;agit assur\u00e9ment que d&#8217;une premi\u00e8re \u00e9tape dans le ciblage fiscal des super-riches et de la manne financi\u00e8re qu&#8217;ils repr\u00e9sentent : en dix ans, les 500 plus grandes fortunes de France auraient vu leur patrimoine multipli\u00e9 par cinq.<\/p>\n<p>Le patrimoine des super-riches \u00e9tant quasi exclusivement log\u00e9 dans des soci\u00e9t\u00e9s holding, professionnelles ou patrimoniales, la taxation des seuls revenus per\u00e7us par les b\u00e9n\u00e9ficiaires finaux r\u00e9duit sensiblement l&#8217;efficacit\u00e9 d&#8217;une mesure comme celle vis\u00e9e pr\u00e9c\u00e9demment. C&#8217;est pourquoi plusieurs pistes ont r\u00e9cemment \u00e9t\u00e9 \u00e9voqu\u00e9es afin d&#8217;aller taxer cette \u00ab r\u00e9serve d&#8217;\u00e9pargne d\u00e9fiscalis\u00e9e \u00bb (dixit Charles de Courson, Rapporteur g\u00e9n\u00e9ral du budget aupr\u00e8s de la Commission des Finances de l&#8217;Assembl\u00e9e Nationale).<\/p>\n<p>Fran\u00e7ois Bayrou a r\u00e9cemment \u00e9voqu\u00e9 une r\u00e9flexion sur \u00ab un nouveau dispositif p\u00e9renne de lutte contre une injuste optimisation \u00bb, qui permettrait de collecter deux milliards d&#8217;euros.<\/p>\n<p>Une proposition de loi pr\u00e9sent\u00e9e le 22 janvier par le groupe \u00ab \u00c9cologie et Social \u00bb va encore plus loin et vise \u00e0 instaurer un imp\u00f4t plancher sur la fortune (IPF) de 2% pour les contribuables dont le patrimoine d\u00e9passe 100 millions d&#8217;euros. Les impositions pay\u00e9es sur les revenus viendraient en revanche en d\u00e9duction de cet imp\u00f4t plancher.<\/p>\n<p>Une mesure assez proche dans sa finalit\u00e9 avait \u00e9t\u00e9 pr\u00e9sent\u00e9e dans le cadre d&#8217;un amendement parlementaire au projet de budget 2025, mais visant cette fois-ci la fraction du patrimoine exc\u00e9dant 1 milliard d&#8217;euros. Cette proposition de loi, fortement inspir\u00e9e de la \u00ab taxe Zucman \u00bb d\u00e9battue au G20 en f\u00e9vrier 2024, sera pr\u00e9sent\u00e9e \u00e0 l&#8217;Assembl\u00e9e Nationale le 20 f\u00e9vrier prochain.<\/p>\n<p>Il y a fort \u00e0 parier que l&#8217;instauration d&#8217;une taxation de cette nature aura n\u00e9cessairement pour corolaire un durcissement des conditions de l&#8217;exittax, m\u00eame si les partisans d&#8217;une \u00ab taxe Zucman \u00bb sur les super-riches contestent, statistiques \u00e0 l&#8217;appui, le lien entre l&#8217;augmentation de la pression fiscale et les d\u00e9parts de France. L&#8217;avenir dira si l&#8217;on peut faire confiance aux statistiques !<\/p>\n<\/div><\/section>\n\n<style type=\"text\/css\" data-created_by=\"avia_inline_auto\" id=\"style-css-av-lpqthvln-2e2fa36faa97a09467bbe73150a11a71\">\n#top .hr.hr-invisible.av-lpqthvln-2e2fa36faa97a09467bbe73150a11a71{\nheight:50px;\n}\n<\/style>\n<div  class='hr av-lpqthvln-2e2fa36faa97a09467bbe73150a11a71 hr-invisible  avia-builder-el-9  el_after_av_textblock  el_before_av_textblock '><span class='hr-inner '><span class=\"hr-inner-style\"><\/span><\/span><\/div>\n<section  class='av_textblock_section av-m7kp48xu-fc80ced6ca6e43730c890b6dee3d342e '   itemscope=\"itemscope\" itemtype=\"https:\/\/schema.org\/BlogPosting\" itemprop=\"blogPost\" ><div class='avia_textblock'  itemprop=\"text\" ><p style=\"text-align: right;\"><a href=\"https:\/\/staging.fbt-avocats.ch\/en\/portfolio-item\/alain-moreau\/\">Alain Moreau<\/a><br \/>\nPartner, Paris<\/p>\n<\/div><\/section>\n\n<style type=\"text\/css\" data-created_by=\"avia_inline_auto\" id=\"style-css-av-av_heading-642d5874d7c6fe698cea463ae5f9eb80\">\n#top .av-special-heading.av-av_heading-642d5874d7c6fe698cea463ae5f9eb80{\npadding-bottom:10px;\nfont-size:20px;\n}\nbody .av-special-heading.av-av_heading-642d5874d7c6fe698cea463ae5f9eb80 .av-special-heading-tag .heading-char{\nfont-size:25px;\n}\n#top #wrap_all .av-special-heading.av-av_heading-642d5874d7c6fe698cea463ae5f9eb80 .av-special-heading-tag{\nfont-size:20px;\n}\n.av-special-heading.av-av_heading-642d5874d7c6fe698cea463ae5f9eb80 .av-subheading{\nfont-size:15px;\n}\n\n@media only screen and (min-width: 480px) and (max-width: 767px){ \n#top #wrap_all .av-special-heading.av-av_heading-642d5874d7c6fe698cea463ae5f9eb80 .av-special-heading-tag{\nfont-size:0.8em;\n}\n}\n\n@media only screen and (max-width: 479px){ \n#top #wrap_all .av-special-heading.av-av_heading-642d5874d7c6fe698cea463ae5f9eb80 .av-special-heading-tag{\nfont-size:0.8em;\n}\n}\n<\/style>\n<div  class='av-special-heading av-av_heading-642d5874d7c6fe698cea463ae5f9eb80 av-special-heading-h3 blockquote modern-quote modern-centered  avia-builder-el-11  el_after_av_textblock  el_before_av_hr  av-inherit-size'><h3 class='av-special-heading-tag '  itemprop=\"headline\"  >Share on LinkedIn<\/h3><div class=\"special-heading-border\"><div class=\"special-heading-inner-border\"><\/div><\/div><\/div>\n\n<style type=\"text\/css\" data-created_by=\"avia_inline_auto\" id=\"style-css-av-lpqthvln-2e2fa36faa97a09467bbe73150a11a71\">\n#top .hr.hr-invisible.av-lpqthvln-2e2fa36faa97a09467bbe73150a11a71{\nheight:50px;\n}\n<\/style>\n<div  class='hr av-lpqthvln-2e2fa36faa97a09467bbe73150a11a71 hr-invisible  avia-builder-el-12  el_after_av_heading  el_before_av_one_fifth '><span class='hr-inner '><span class=\"hr-inner-style\"><\/span><\/span><\/div>\n\n<style type=\"text\/css\" data-created_by=\"avia_inline_auto\" id=\"style-css-av-2il6c92-659475ef011a8f768eb623e80e9b4c1f\">\n.flex_column.av-2il6c92-659475ef011a8f768eb623e80e9b4c1f{\nborder-radius:0px 0px 0px 0px;\npadding:0px 0px 0px 0px;\n}\n<\/style>\n<div  class='flex_column av-2il6c92-659475ef011a8f768eb623e80e9b4c1f av_one_fifth  avia-builder-el-13  el_after_av_hr  el_before_av_one_fifth  first flex_column_div av-zero-column-padding  '     ><\/div>\n\n<style type=\"text\/css\" data-created_by=\"avia_inline_auto\" id=\"style-css-av-29oszmu-714d6f38bd5b8e6f4196d6365a8ad9d0\">\n.flex_column.av-29oszmu-714d6f38bd5b8e6f4196d6365a8ad9d0{\nborder-radius:0px 0px 0px 0px;\npadding:0px 0px 0px 0px;\n}\n<\/style>\n<div  class='flex_column av-29oszmu-714d6f38bd5b8e6f4196d6365a8ad9d0 av_one_fifth  avia-builder-el-14  el_after_av_one_fifth  el_before_av_one_fifth  flex_column_div av-zero-column-padding  '     ><\/div>\n\n<style type=\"text\/css\" data-created_by=\"avia_inline_auto\" id=\"style-css-av-1g3uxvq-432a17fb372e62d71cd14c3123628a44\">\n.flex_column.av-1g3uxvq-432a17fb372e62d71cd14c3123628a44{\nborder-radius:0px 0px 0px 0px;\npadding:0px 0px 0px 0px;\n}\n<\/style>\n<div  class='flex_column av-1g3uxvq-432a17fb372e62d71cd14c3123628a44 av_one_fifth  avia-builder-el-15  el_after_av_one_fifth  el_before_av_one_fifth  flex_column_div av-zero-column-padding  '     ><div  class='av-social-sharing-box av-lpqum02u-bc0494c5c39e8aaf1b0cc89c664ccf98 av-social-sharing-box-default  avia-builder-el-16  avia-builder-el-no-sibling  av-social-sharing-box-fullwidth'><div class=\"av-share-box\"><ul class=\"av-share-box-list noLightbox\"><li class='av-share-link av-social-link-linkedin avia_social_iconfont' ><a target=\"_blank\" aria-label=\"Share on LinkedIn\" href='https:\/\/linkedin.com\/shareArticle?mini=true&#038;title=Taxation%20of%20the%20super-rich%3A%20French%20ideas%20for%20consideration&#038;url=https:\/\/staging.fbt-avocats.ch\/en\/taxation-des-super-riches-les-pistes-de-reflexion-francaises\/' data-av_icon='\ue8fc' data-av_iconfont='entypo-fontello'  title='' data-avia-related-tooltip='Share on LinkedIn'><span class='avia_hidden_link_text'>Share on LinkedIn<\/span><\/a><\/li><\/ul><\/div><\/div><\/div>\n\n<style type=\"text\/css\" data-created_by=\"avia_inline_auto\" id=\"style-css-av-16odkqu-0047da59c041e4b090215877c632a064\">\n.flex_column.av-16odkqu-0047da59c041e4b090215877c632a064{\nborder-radius:0px 0px 0px 0px;\npadding:0px 0px 0px 0px;\n}\n<\/style>\n<div  class='flex_column av-16odkqu-0047da59c041e4b090215877c632a064 av_one_fifth  avia-builder-el-17  el_after_av_one_fifth  el_before_av_one_fifth  flex_column_div av-zero-column-padding  '     ><\/div>\n\n<style type=\"text\/css\" data-created_by=\"avia_inline_auto\" id=\"style-css-av-t9666e-093950a8b679803810638c99153bc64c\">\n.flex_column.av-t9666e-093950a8b679803810638c99153bc64c{\nborder-radius:0px 0px 0px 0px;\npadding:0px 0px 0px 0px;\n}\n<\/style>\n<div  class='flex_column av-t9666e-093950a8b679803810638c99153bc64c av_one_fifth  avia-builder-el-18  el_after_av_one_fifth  el_before_av_hr  flex_column_div av-zero-column-padding  '     ><\/div>\n\n<style type=\"text\/css\" data-created_by=\"avia_inline_auto\" id=\"style-css-av-lpqthvln-2e2fa36faa97a09467bbe73150a11a71\">\n#top .hr.hr-invisible.av-lpqthvln-2e2fa36faa97a09467bbe73150a11a71{\nheight:50px;\n}\n<\/style>\n<div  class='hr av-lpqthvln-2e2fa36faa97a09467bbe73150a11a71 hr-invisible  avia-builder-el-19  el_after_av_one_fifth  avia-builder-el-last '><span class='hr-inner '><span class=\"hr-inner-style\"><\/span><\/span><\/div>\n","protected":false},"excerpt":{"rendered":"<p>Faced with the political risk of upsetting the working, middle and even wealthy classes, the priority now seems to be to tax \u00abpremium\u00bb taxpayers.<\/p>\n","protected":false},"author":26,"featured_media":25524,"comment_status":"closed","ping_status":"closed","sticky":false,"template":"","format":"standard","meta":{"footnotes":""},"categories":[84,655],"tags":[560],"datespeciale":[],"class_list":["post-27941","post","type-post","status-publish","format-standard","has-post-thumbnail","hentry","category-media-and-news","category-news","tag-allnews-en","competences-family-estate","competences-tax","auteurs-alain-moreau-en","date-publication-2025-en","diffusion-groupe-fiscal-en","diffusion-groupe-patrimoine-en","diffusion-medias-en","diffusion-news-en"],"yoast_head":"<!-- This site is optimized with the Yoast SEO Premium plugin v27.4 (Yoast SEO v27.4) - https:\/\/yoast.com\/product\/yoast-seo-premium-wordpress\/ -->\n<title>Taxation of the super-rich: French ideas for consideration<\/title>\n<meta name=\"description\" content=\"Faced with the political risk of upsetting the working, middle and even wealthy classes, the priority now seems to be to tax \u00abpremium\u00bb taxpayers.\" \/>\n<meta name=\"robots\" content=\"noindex, follow, max-snippet:-1, max-image-preview:large, max-video-preview:-1\" \/>\n<meta property=\"og:locale\" content=\"en_US\" \/>\n<meta property=\"og:type\" content=\"article\" \/>\n<meta property=\"og:title\" content=\"Taxation of the super-rich: French ideas for consideration\" \/>\n<meta property=\"og:description\" content=\"Faced with the political risk of upsetting the working, middle and even wealthy classes, the priority now seems to be to tax \u00abpremium\u00bb taxpayers.\" \/>\n<meta property=\"og:url\" content=\"https:\/\/staging.fbt-avocats.ch\/en\/taxation-des-super-riches-les-pistes-de-reflexion-francaises\/\" \/>\n<meta property=\"og:site_name\" content=\"FBT Avocats SA\" \/>\n<meta property=\"article:published_time\" content=\"2025-02-03T09:43:57+00:00\" \/>\n<meta property=\"article:modified_time\" content=\"2025-10-20T10:03:34+00:00\" \/>\n<meta property=\"og:image\" content=\"https:\/\/staging.fbt-avocats.ch\/wp-content\/uploads\/2025\/02\/Alain-Moreau_Taxation-super-rich.png\" \/>\n<meta name=\"author\" content=\"Yann Bellini\" \/>\n<meta name=\"twitter:card\" content=\"summary_large_image\" \/>\n<meta name=\"twitter:title\" content=\"Taxation of the super-rich: French ideas for consideration\" \/>\n<meta name=\"twitter:label1\" content=\"Written by\" \/>\n\t<meta name=\"twitter:data1\" content=\"Yann Bellini\" \/>\n\t<meta name=\"twitter:label2\" content=\"Est. reading time\" \/>\n\t<meta name=\"twitter:data2\" content=\"10 minutes\" \/>\n<script type=\"application\/ld+json\" class=\"yoast-schema-graph\">{\"@context\":\"https:\\\/\\\/schema.org\",\"@graph\":[{\"@type\":\"Article\",\"@id\":\"https:\\\/\\\/staging.fbt-avocats.ch\\\/en\\\/taxation-des-super-riches-les-pistes-de-reflexion-francaises\\\/#article\",\"isPartOf\":{\"@id\":\"https:\\\/\\\/staging.fbt-avocats.ch\\\/en\\\/taxation-des-super-riches-les-pistes-de-reflexion-francaises\\\/\"},\"author\":{\"name\":\"Yann Bellini\",\"@id\":\"https:\\\/\\\/staging.fbt-avocats.ch\\\/en\\\/#\\\/schema\\\/person\\\/53faa592d1d545188ce0efaa23e0b547\"},\"headline\":\"Taxation of the super-rich: French ideas for consideration\",\"datePublished\":\"2025-02-03T09:43:57+00:00\",\"dateModified\":\"2025-10-20T10:03:34+00:00\",\"mainEntityOfPage\":{\"@id\":\"https:\\\/\\\/staging.fbt-avocats.ch\\\/en\\\/taxation-des-super-riches-les-pistes-de-reflexion-francaises\\\/\"},\"wordCount\":1622,\"image\":{\"@id\":\"https:\\\/\\\/staging.fbt-avocats.ch\\\/en\\\/taxation-des-super-riches-les-pistes-de-reflexion-francaises\\\/#primaryimage\"},\"thumbnailUrl\":\"https:\\\/\\\/staging.fbt-avocats.ch\\\/wp-content\\\/uploads\\\/2024\\\/08\\\/OG-EN-9.png\",\"keywords\":[\"Allnews\"],\"articleSection\":[\"Media and News\",\"News\"],\"inLanguage\":\"en-US\"},{\"@type\":\"WebPage\",\"@id\":\"https:\\\/\\\/staging.fbt-avocats.ch\\\/en\\\/taxation-des-super-riches-les-pistes-de-reflexion-francaises\\\/\",\"url\":\"https:\\\/\\\/staging.fbt-avocats.ch\\\/en\\\/taxation-des-super-riches-les-pistes-de-reflexion-francaises\\\/\",\"name\":\"Taxation of the super-rich: French ideas for consideration\",\"isPartOf\":{\"@id\":\"https:\\\/\\\/staging.fbt-avocats.ch\\\/en\\\/#website\"},\"primaryImageOfPage\":{\"@id\":\"https:\\\/\\\/staging.fbt-avocats.ch\\\/en\\\/taxation-des-super-riches-les-pistes-de-reflexion-francaises\\\/#primaryimage\"},\"image\":{\"@id\":\"https:\\\/\\\/staging.fbt-avocats.ch\\\/en\\\/taxation-des-super-riches-les-pistes-de-reflexion-francaises\\\/#primaryimage\"},\"thumbnailUrl\":\"https:\\\/\\\/staging.fbt-avocats.ch\\\/wp-content\\\/uploads\\\/2024\\\/08\\\/OG-EN-9.png\",\"datePublished\":\"2025-02-03T09:43:57+00:00\",\"dateModified\":\"2025-10-20T10:03:34+00:00\",\"author\":{\"@id\":\"https:\\\/\\\/staging.fbt-avocats.ch\\\/en\\\/#\\\/schema\\\/person\\\/53faa592d1d545188ce0efaa23e0b547\"},\"description\":\"Faced with the political risk of upsetting the working, middle and even wealthy classes, the priority now seems to be to tax \u00abpremium\u00bb taxpayers.\",\"breadcrumb\":{\"@id\":\"https:\\\/\\\/staging.fbt-avocats.ch\\\/en\\\/taxation-des-super-riches-les-pistes-de-reflexion-francaises\\\/#breadcrumb\"},\"inLanguage\":\"en-US\",\"potentialAction\":[{\"@type\":\"ReadAction\",\"target\":[\"https:\\\/\\\/staging.fbt-avocats.ch\\\/en\\\/taxation-des-super-riches-les-pistes-de-reflexion-francaises\\\/\"]}]},{\"@type\":\"ImageObject\",\"inLanguage\":\"en-US\",\"@id\":\"https:\\\/\\\/staging.fbt-avocats.ch\\\/en\\\/taxation-des-super-riches-les-pistes-de-reflexion-francaises\\\/#primaryimage\",\"url\":\"https:\\\/\\\/staging.fbt-avocats.ch\\\/wp-content\\\/uploads\\\/2024\\\/08\\\/OG-EN-9.png\",\"contentUrl\":\"https:\\\/\\\/staging.fbt-avocats.ch\\\/wp-content\\\/uploads\\\/2024\\\/08\\\/OG-EN-9.png\",\"width\":1200,\"height\":628},{\"@type\":\"BreadcrumbList\",\"@id\":\"https:\\\/\\\/staging.fbt-avocats.ch\\\/en\\\/taxation-des-super-riches-les-pistes-de-reflexion-francaises\\\/#breadcrumb\",\"itemListElement\":[{\"@type\":\"ListItem\",\"position\":1,\"name\":\"Home\",\"item\":\"https:\\\/\\\/staging.fbt-avocats.ch\\\/en\\\/\"},{\"@type\":\"ListItem\",\"position\":2,\"name\":\"Taxation of the super-rich: French ideas for consideration\"}]},{\"@type\":\"WebSite\",\"@id\":\"https:\\\/\\\/staging.fbt-avocats.ch\\\/en\\\/#website\",\"url\":\"https:\\\/\\\/staging.fbt-avocats.ch\\\/en\\\/\",\"name\":\"FBT Avocats SA\",\"description\":\"Etudes bas\u00e9es \u00e0 Gen\u00e8ve et Paris\",\"potentialAction\":[{\"@type\":\"SearchAction\",\"target\":{\"@type\":\"EntryPoint\",\"urlTemplate\":\"https:\\\/\\\/staging.fbt-avocats.ch\\\/en\\\/?s={search_term_string}\"},\"query-input\":{\"@type\":\"PropertyValueSpecification\",\"valueRequired\":true,\"valueName\":\"search_term_string\"}}],\"inLanguage\":\"en-US\"},{\"@type\":\"Person\",\"@id\":\"https:\\\/\\\/staging.fbt-avocats.ch\\\/en\\\/#\\\/schema\\\/person\\\/53faa592d1d545188ce0efaa23e0b547\",\"name\":\"Yann Bellini\"}]}<\/script>\n<!-- \/ Yoast SEO Premium plugin. -->","yoast_head_json":{"title":"Taxation of the super-rich: French ideas for consideration","description":"Faced with the political risk of upsetting the working, middle and even wealthy classes, the priority now seems to be to tax \u00abpremium\u00bb taxpayers.","robots":{"index":"noindex","follow":"follow","max-snippet":"max-snippet:-1","max-image-preview":"max-image-preview:large","max-video-preview":"max-video-preview:-1"},"og_locale":"en_US","og_type":"article","og_title":"Taxation of the super-rich: French ideas for consideration","og_description":"Faced with the political risk of upsetting the working, middle and even wealthy classes, the priority now seems to be to tax \u00abpremium\u00bb taxpayers.","og_url":"https:\/\/staging.fbt-avocats.ch\/en\/taxation-des-super-riches-les-pistes-de-reflexion-francaises\/","og_site_name":"FBT Avocats SA","article_published_time":"2025-02-03T09:43:57+00:00","article_modified_time":"2025-10-20T10:03:34+00:00","og_image":[{"url":"https:\/\/staging.fbt-avocats.ch\/wp-content\/uploads\/2025\/02\/Alain-Moreau_Taxation-super-rich.png","type":"","width":"","height":""}],"author":"Yann Bellini","twitter_card":"summary_large_image","twitter_title":"Taxation of the super-rich: French ideas for consideration","twitter_misc":{"Written by":"Yann Bellini","Est. reading time":"10 minutes"},"schema":{"@context":"https:\/\/schema.org","@graph":[{"@type":"Article","@id":"https:\/\/staging.fbt-avocats.ch\/en\/taxation-des-super-riches-les-pistes-de-reflexion-francaises\/#article","isPartOf":{"@id":"https:\/\/staging.fbt-avocats.ch\/en\/taxation-des-super-riches-les-pistes-de-reflexion-francaises\/"},"author":{"name":"Yann Bellini","@id":"https:\/\/staging.fbt-avocats.ch\/en\/#\/schema\/person\/53faa592d1d545188ce0efaa23e0b547"},"headline":"Taxation of the super-rich: French ideas for consideration","datePublished":"2025-02-03T09:43:57+00:00","dateModified":"2025-10-20T10:03:34+00:00","mainEntityOfPage":{"@id":"https:\/\/staging.fbt-avocats.ch\/en\/taxation-des-super-riches-les-pistes-de-reflexion-francaises\/"},"wordCount":1622,"image":{"@id":"https:\/\/staging.fbt-avocats.ch\/en\/taxation-des-super-riches-les-pistes-de-reflexion-francaises\/#primaryimage"},"thumbnailUrl":"https:\/\/staging.fbt-avocats.ch\/wp-content\/uploads\/2024\/08\/OG-EN-9.png","keywords":["Allnews"],"articleSection":["Media and News","News"],"inLanguage":"en-US"},{"@type":"WebPage","@id":"https:\/\/staging.fbt-avocats.ch\/en\/taxation-des-super-riches-les-pistes-de-reflexion-francaises\/","url":"https:\/\/staging.fbt-avocats.ch\/en\/taxation-des-super-riches-les-pistes-de-reflexion-francaises\/","name":"Taxation of the super-rich: French ideas for consideration","isPartOf":{"@id":"https:\/\/staging.fbt-avocats.ch\/en\/#website"},"primaryImageOfPage":{"@id":"https:\/\/staging.fbt-avocats.ch\/en\/taxation-des-super-riches-les-pistes-de-reflexion-francaises\/#primaryimage"},"image":{"@id":"https:\/\/staging.fbt-avocats.ch\/en\/taxation-des-super-riches-les-pistes-de-reflexion-francaises\/#primaryimage"},"thumbnailUrl":"https:\/\/staging.fbt-avocats.ch\/wp-content\/uploads\/2024\/08\/OG-EN-9.png","datePublished":"2025-02-03T09:43:57+00:00","dateModified":"2025-10-20T10:03:34+00:00","author":{"@id":"https:\/\/staging.fbt-avocats.ch\/en\/#\/schema\/person\/53faa592d1d545188ce0efaa23e0b547"},"description":"Faced with the political risk of upsetting the working, middle and even wealthy classes, the priority now seems to be to tax \u00abpremium\u00bb taxpayers.","breadcrumb":{"@id":"https:\/\/staging.fbt-avocats.ch\/en\/taxation-des-super-riches-les-pistes-de-reflexion-francaises\/#breadcrumb"},"inLanguage":"en-US","potentialAction":[{"@type":"ReadAction","target":["https:\/\/staging.fbt-avocats.ch\/en\/taxation-des-super-riches-les-pistes-de-reflexion-francaises\/"]}]},{"@type":"ImageObject","inLanguage":"en-US","@id":"https:\/\/staging.fbt-avocats.ch\/en\/taxation-des-super-riches-les-pistes-de-reflexion-francaises\/#primaryimage","url":"https:\/\/staging.fbt-avocats.ch\/wp-content\/uploads\/2024\/08\/OG-EN-9.png","contentUrl":"https:\/\/staging.fbt-avocats.ch\/wp-content\/uploads\/2024\/08\/OG-EN-9.png","width":1200,"height":628},{"@type":"BreadcrumbList","@id":"https:\/\/staging.fbt-avocats.ch\/en\/taxation-des-super-riches-les-pistes-de-reflexion-francaises\/#breadcrumb","itemListElement":[{"@type":"ListItem","position":1,"name":"Home","item":"https:\/\/staging.fbt-avocats.ch\/en\/"},{"@type":"ListItem","position":2,"name":"Taxation of the super-rich: French ideas for consideration"}]},{"@type":"WebSite","@id":"https:\/\/staging.fbt-avocats.ch\/en\/#website","url":"https:\/\/staging.fbt-avocats.ch\/en\/","name":"FBT Avocats SA","description":"Etudes bas\u00e9es \u00e0 Gen\u00e8ve et Paris","potentialAction":[{"@type":"SearchAction","target":{"@type":"EntryPoint","urlTemplate":"https:\/\/staging.fbt-avocats.ch\/en\/?s={search_term_string}"},"query-input":{"@type":"PropertyValueSpecification","valueRequired":true,"valueName":"search_term_string"}}],"inLanguage":"en-US"},{"@type":"Person","@id":"https:\/\/staging.fbt-avocats.ch\/en\/#\/schema\/person\/53faa592d1d545188ce0efaa23e0b547","name":"Yann Bellini"}]}},"_links":{"self":[{"href":"https:\/\/staging.fbt-avocats.ch\/en\/wp-json\/wp\/v2\/posts\/27941","targetHints":{"allow":["GET"]}}],"collection":[{"href":"https:\/\/staging.fbt-avocats.ch\/en\/wp-json\/wp\/v2\/posts"}],"about":[{"href":"https:\/\/staging.fbt-avocats.ch\/en\/wp-json\/wp\/v2\/types\/post"}],"author":[{"embeddable":true,"href":"https:\/\/staging.fbt-avocats.ch\/en\/wp-json\/wp\/v2\/users\/26"}],"replies":[{"embeddable":true,"href":"https:\/\/staging.fbt-avocats.ch\/en\/wp-json\/wp\/v2\/comments?post=27941"}],"version-history":[{"count":0,"href":"https:\/\/staging.fbt-avocats.ch\/en\/wp-json\/wp\/v2\/posts\/27941\/revisions"}],"wp:featuredmedia":[{"embeddable":true,"href":"https:\/\/staging.fbt-avocats.ch\/en\/wp-json\/wp\/v2\/media\/25524"}],"wp:attachment":[{"href":"https:\/\/staging.fbt-avocats.ch\/en\/wp-json\/wp\/v2\/media?parent=27941"}],"wp:term":[{"taxonomy":"category","embeddable":true,"href":"https:\/\/staging.fbt-avocats.ch\/en\/wp-json\/wp\/v2\/categories?post=27941"},{"taxonomy":"post_tag","embeddable":true,"href":"https:\/\/staging.fbt-avocats.ch\/en\/wp-json\/wp\/v2\/tags?post=27941"},{"taxonomy":"datespeciale","embeddable":true,"href":"https:\/\/staging.fbt-avocats.ch\/en\/wp-json\/wp\/v2\/datespeciale?post=27941"}],"curies":[{"name":"wp","href":"https:\/\/api.w.org\/{rel}","templated":true}]}}