{"id":28224,"date":"2025-03-03T14:59:48","date_gmt":"2025-03-03T13:59:48","guid":{"rendered":"https:\/\/www.fbt-avocats.ch\/loi-finance-francaise-2025\/"},"modified":"2025-10-20T11:03:07","modified_gmt":"2025-10-20T10:03:07","slug":"loi-finance-francaise-2025","status":"publish","type":"post","link":"https:\/\/staging.fbt-avocats.ch\/en\/loi-finance-francaise-2025\/","title":{"rendered":"Focus on the French Finance Act 2025"},"content":{"rendered":"<div  class='avia-slideshow av-lpqtcuam-76906b30aa535219bbd7e5abbadb45f0 avia-slideshow-featured_large av_slideshow avia-slide-slider  avia-builder-el-0  el_before_av_heading  avia-builder-el-first  av-slideshow-ui av-control-default av-slideshow-manual av-loop-once av-loop-manual-endless av-default-height-applied avia-slideshow-1' data-slideshow-options=\"{&quot;animation&quot;:&quot;slide&quot;,&quot;autoplay&quot;:false,&quot;loop_autoplay&quot;:&quot;once&quot;,&quot;interval&quot;:5,&quot;loop_manual&quot;:&quot;manual-endless&quot;,&quot;autoplay_stopper&quot;:false,&quot;noNavigation&quot;:false,&quot;bg_slider&quot;:false,&quot;keep_padding&quot;:false,&quot;hoverpause&quot;:false,&quot;show_slide_delay&quot;:0}\"  itemprop=\"image\" itemscope=\"itemscope\" itemtype=\"https:\/\/schema.org\/ImageObject\" ><ul class='avia-slideshow-inner ' style='padding-bottom: 52.333333333333%;'><li  class='avia-slideshow-slide av-lpqtcuam-76906b30aa535219bbd7e5abbadb45f0__0  av-single-slide slide-1 slide-odd'><div data-rel='slideshow-1' class='avia-slide-wrap '   ><img fetchpriority=\"high\" class=\"wp-image-28211 avia-img-lazy-loading-not-28211\"  src='https:\/\/staging.fbt-avocats.ch\/wp-content\/uploads\/2025\/03\/Alain-Moreau_french-finance-act.png' width='1200' height='628' title='Alain-Moreau_french-finance-act' alt=''  itemprop=\"thumbnailUrl\"   \/><\/div><\/li><\/ul><\/div>\n\n<style type=\"text\/css\" data-created_by=\"avia_inline_auto\" id=\"style-css-av-av_heading-718aa01b2ca915af7bd6c0b1ba5ceb1f\">\n#top .av-special-heading.av-av_heading-718aa01b2ca915af7bd6c0b1ba5ceb1f{\npadding-bottom:10px;\nfont-size:26px;\n}\nbody .av-special-heading.av-av_heading-718aa01b2ca915af7bd6c0b1ba5ceb1f .av-special-heading-tag .heading-char{\nfont-size:25px;\n}\n#top #wrap_all .av-special-heading.av-av_heading-718aa01b2ca915af7bd6c0b1ba5ceb1f .av-special-heading-tag{\nfont-size:26px;\n}\n.av-special-heading.av-av_heading-718aa01b2ca915af7bd6c0b1ba5ceb1f .av-subheading{\nfont-size:15px;\n}\n\n@media only screen and (min-width: 480px) and (max-width: 767px){ \n#top #wrap_all .av-special-heading.av-av_heading-718aa01b2ca915af7bd6c0b1ba5ceb1f .av-special-heading-tag{\nfont-size:0.8em;\n}\n}\n\n@media only screen and (max-width: 479px){ \n#top #wrap_all .av-special-heading.av-av_heading-718aa01b2ca915af7bd6c0b1ba5ceb1f .av-special-heading-tag{\nfont-size:0.8em;\n}\n}\n<\/style>\n<div  class='av-special-heading av-av_heading-718aa01b2ca915af7bd6c0b1ba5ceb1f av-special-heading-h1 blockquote modern-quote  avia-builder-el-1  el_after_av_slideshow  el_before_av_hr  av-inherit-size'><h1 class='av-special-heading-tag '  itemprop=\"headline\"  >Focus on the French Finance Act 2025 <\/h1><div class='av-subheading av-subheading_below'><p>Allnews &#8211; March 2025<br \/>\nAlain Moreau<\/p>\n<\/div><div class=\"special-heading-border\"><div class=\"special-heading-inner-border\"><\/div><\/div><\/div>\n\n<style type=\"text\/css\" data-created_by=\"avia_inline_auto\" id=\"style-css-av-lpqthvln-edf60761fad835755560d987abf79923\">\n#top .hr.hr-invisible.av-lpqthvln-edf60761fad835755560d987abf79923{\nheight:30px;\n}\n<\/style>\n<div  class='hr av-lpqthvln-edf60761fad835755560d987abf79923 hr-invisible  avia-builder-el-2  el_after_av_heading  el_before_av_button '><span class='hr-inner '><span class=\"hr-inner-style\"><\/span><\/span><\/div>\n<div  class='avia-button-wrap av-lpqtm003-9947fc40ca82c9e1f6ad5bba284bbef8-wrap avia-button-left  avia-builder-el-3  el_after_av_hr  el_before_av_hr '><a href='https:\/\/staging.fbt-avocats.ch\/wp-content\/uploads\/2025\/03\/Allnews_Alain-Moreau_loi-finance-France.pdf'  class='avia-button av-lpqtm003-9947fc40ca82c9e1f6ad5bba284bbef8 av-link-btn avia-icon_select-no avia-size-large avia-position-left avia-color-theme-color'  target=\"_blank\"  rel=\"noopener noreferrer\"  aria-label=\"Download pdf\"><span class='avia_iconbox_title' >Download pdf<\/span><\/a><\/div>\n\n<style type=\"text\/css\" data-created_by=\"avia_inline_auto\" id=\"style-css-av-lpqthvln-edf60761fad835755560d987abf79923\">\n#top .hr.hr-invisible.av-lpqthvln-edf60761fad835755560d987abf79923{\nheight:30px;\n}\n<\/style>\n<div  class='hr av-lpqthvln-edf60761fad835755560d987abf79923 hr-invisible  avia-builder-el-4  el_after_av_button  el_before_av_textblock '><span class='hr-inner '><span class=\"hr-inner-style\"><\/span><\/span><\/div>\n<section  class='av_textblock_section av-lpqt34bs-e4937d6ee6fb8bf73eb238b3b32b6052 '   itemscope=\"itemscope\" itemtype=\"https:\/\/schema.org\/BlogPosting\" itemprop=\"blogPost\" ><div class='avia_textblock'  itemprop=\"text\" ><p>Accouch\u00e9e dans la douleur apr\u00e8s un parcours l\u00e9gislatif anormalement long et exceptionnellement chaotique, la Loi de Finances 2025 vient enfin d&#8217;\u00eatre publi\u00e9e le 15 f\u00e9vrier dernier.<\/p>\n<p>Apr\u00e8s \u00eatre pass\u00e9e par toutes les incertitudes li\u00e9es \u00e0 l&#8217;absence de majorit\u00e9 parlementaire, cette Loi de Finances qualifi\u00e9e de \u00ab transition \u00bb ne r\u00e9volutionne finalement pas la fiscalit\u00e9 patrimoniale fran\u00e7aise, mais y apporte cependant quelques touches de nouveaut\u00e9 sur lesquelles il m\u00e9rite de s&#8217;attarder.<\/p>\n<p>En mati\u00e8re patrimoniale, la mesure phare est l&#8217;instauration, \u00e0 ce jour pour la seule ann\u00e9e 2025 (y croira qui voudra), d&#8217;une Contribution Diff\u00e9rentielle sur les Hauts Revenus (CDHR). Cette nouvelle contribution cible les personnes physiques disposant d&#8217;un revenu sup\u00e9rieur \u00e0 EUR 250&#8217;000 pour une personne seule et EUR 500&#8217;000 pour des contribuables mari\u00e9s. Seuls les r\u00e9sidents fiscaux de France sont concern\u00e9s.<\/p>\n<p>Cette contribution consiste \u00e0 mettre en place un taux minimal d&#8217;imposition de 20% \u00e0 l&#8217;imp\u00f4t sur le revenu (ind\u00e9pendamment des pr\u00e9l\u00e8vements sociaux de 17,2%). Ainsi, en cas de distribution de dividendes ou de r\u00e9alisation d&#8217;un gain en capital imposables \u00e0 la flat tax de 12,8% (augment\u00e9e, le cas \u00e9ch\u00e9ant, de la d\u00e9j\u00e0 existante Contribution Exceptionnelle Sur les Hauts Revenus comprise entre 3\u00b0\/o et 4%), la nouvelle contribution diff\u00e9rentielle trouvera \u00e0 s&#8217;appliquer pour amener l&#8217;imposition \u00e0 hauteur de 20%. Un acompte \u00e9gal \u00e0 95% de la contribution sera alors \u00e0 payer entre le 1\u1d49\u02b3 et le 15 d\u00e9cembre 2025.<\/p>\n<\/div><\/section>\n\n<style type=\"text\/css\" data-created_by=\"avia_inline_auto\" id=\"style-css-av-av_heading-88b8fab9c665eeb2c9a04beccca6b882\">\n#top .av-special-heading.av-av_heading-88b8fab9c665eeb2c9a04beccca6b882{\npadding-bottom:10px;\nfont-size:25px;\n}\nbody .av-special-heading.av-av_heading-88b8fab9c665eeb2c9a04beccca6b882 .av-special-heading-tag .heading-char{\nfont-size:25px;\n}\n#top #wrap_all .av-special-heading.av-av_heading-88b8fab9c665eeb2c9a04beccca6b882 .av-special-heading-tag{\nfont-size:25px;\n}\n.av-special-heading.av-av_heading-88b8fab9c665eeb2c9a04beccca6b882 .av-subheading{\nfont-size:15px;\n}\n\n@media only screen and (min-width: 480px) and (max-width: 767px){ \n#top #wrap_all .av-special-heading.av-av_heading-88b8fab9c665eeb2c9a04beccca6b882 .av-special-heading-tag{\nfont-size:0.8em;\n}\n}\n\n@media only screen and (max-width: 479px){ \n#top #wrap_all .av-special-heading.av-av_heading-88b8fab9c665eeb2c9a04beccca6b882 .av-special-heading-tag{\nfont-size:0.8em;\n}\n}\n<\/style>\n<div  class='av-special-heading av-av_heading-88b8fab9c665eeb2c9a04beccca6b882 av-special-heading-h2 blockquote classic-quote  avia-builder-el-6  el_after_av_textblock  el_before_av_hr  av-inherit-size'><h2 class='av-special-heading-tag '  itemprop=\"headline\"  >L\u2019administration fiscale pourra d\u00e9sormais revenir dix ans en arri\u00e8re pour contr\u00f4ler et redresser un contribuable qui ne r\u00e9siderait pas, comme il le pr\u00e9tend, hors de France.<\/h2><div class=\"special-heading-border\"><div class=\"special-heading-inner-border\"><\/div><\/div><\/div>\n\n<style type=\"text\/css\" data-created_by=\"avia_inline_auto\" id=\"style-css-av-lpqthvln-edf60761fad835755560d987abf79923\">\n#top .hr.hr-invisible.av-lpqthvln-edf60761fad835755560d987abf79923{\nheight:30px;\n}\n<\/style>\n<div  class='hr av-lpqthvln-edf60761fad835755560d987abf79923 hr-invisible  avia-builder-el-7  el_after_av_heading  el_before_av_textblock '><span class='hr-inner '><span class=\"hr-inner-style\"><\/span><\/span><\/div>\n<section  class='av_textblock_section av-lpqt34bs-e4937d6ee6fb8bf73eb238b3b32b6052 '   itemscope=\"itemscope\" itemtype=\"https:\/\/schema.org\/BlogPosting\" itemprop=\"blogPost\" ><div class='avia_textblock'  itemprop=\"text\" ><p>Une autre mesure de la Loi de Finances fait beaucoup de bruit, en particulier dans le monde du private equity. Il s&#8217;agit de la r\u00e9forme du r\u00e9gime fiscal des gains de \u00ab management package \u00bb. Jusqu&#8217;\u00e0 pr\u00e9sent, ce type de gains \u00e9tait en principe consid\u00e9r\u00e9 comme du gain en capital, tax\u00e9 \u00e0 la flat tax de 30% (et pouvait b\u00e9n\u00e9ficier, le cas \u00e9ch\u00e9ant, du syst\u00e8me de report ou du sursis d&#8217;imposition). Depuis trois arr\u00eats du Conseil d&#8217;\u00c9tat du 13 juillet 2021, ces gains \u00e9taient toutefois susceptibles d&#8217;\u00eatre requalifi\u00e9s en salaires. La Loi de Finances vient d\u00e9sormais encadrer le r\u00e9gime fiscal applicable au gain de \u00ab management package \u00bb en d\u00e9finissant un plafond en-de\u00e7\u00e0 duquel le gain r\u00e9alis\u00e9 sera consid\u00e9r\u00e9 comme un gain en capital et au-del\u00e0 duquel il sera consid\u00e9r\u00e9 comme une r\u00e9mun\u00e9ration, d\u00e8s lors qu&#8217;il est li\u00e9 \u00e0 la qualit\u00e9 de salari\u00e9. Le plafond est \u00e9tabli en fonction du prix d&#8217;acquisition des titres et de la performance financi\u00e8re de la soci\u00e9t\u00e9 cible. En pratique, le nouveau r\u00e9gime, applicable \u00e0 tous les packages non encore d\u00e9boucl\u00e9s au 16 f\u00e9vrier 2025, devrait p\u00e9naliser la majorit\u00e9 des managers et amener \u00e0 des ren\u00e9gociations massives des packages en cours et futurs.<\/p>\n<p>Dans un autre registre, anticipant peut-\u00eatre de futures d\u00e9localisations de ses contribuables fortun\u00e9s, la Loi de Finances est venue \u00e9tendre le d\u00e9lai de reprise de trois \u00e0 dix ans en cas de fausse domiciliation \u00e0 l&#8217;\u00e9tranger. En d&#8217;autres termes, l&#8217;administration fiscale pourra d\u00e9sormais revenir dix ans en arri\u00e8re pour contr\u00f4ler et redresser un contribuable qui ne r\u00e9siderait pas, comme il le pr\u00e9tend, hors de France. Ce nouveau d\u00e9lai de reprise de dix ans s&#8217;applique \u00e0 toutes les impositions (imp\u00f4ts sur le revenu, sur la fortune et en mati\u00e8re de droits de donation et de succession). Cette mesure s&#8217;appliquera pour l&#8217;avenir et ne pourra pas concerner des ann\u00e9es d\u00e9j\u00e0 prescrites au jour de la publication de la Loi de Finances (soit le 16 f\u00e9vrier 2025).<\/p>\n<p>Enfin, la Loi de Finances vient renforcer les modalit\u00e9s de contr\u00f4le de l&#8217;administration fiscale et les sanctions applicables en cas de non-d\u00e9claration des actifs num\u00e9riques. Ces derniers connaissent d\u00e9sormais un traitement similaire aux comptes bancaires \u00e9trangers : taxation \u00e0 60% en cas d&#8217;impossibilit\u00e9 de justifier de l&#8217;origine des actifs, majoration de 80% en cas de d\u00e9faut d\u00e9claratif et d\u00e9lai de reprise de dix ans.<\/p>\n<\/div><\/section>\n\n<style type=\"text\/css\" data-created_by=\"avia_inline_auto\" id=\"style-css-av-lpqthvln-edf60761fad835755560d987abf79923\">\n#top .hr.hr-invisible.av-lpqthvln-edf60761fad835755560d987abf79923{\nheight:30px;\n}\n<\/style>\n<div  class='hr av-lpqthvln-edf60761fad835755560d987abf79923 hr-invisible  avia-builder-el-9  el_after_av_textblock  el_before_av_textblock '><span class='hr-inner '><span class=\"hr-inner-style\"><\/span><\/span><\/div>\n<section  class='av_textblock_section av-m7kkz4pz-84aa1c405c73313048d6329b4cf920bf '   itemscope=\"itemscope\" itemtype=\"https:\/\/schema.org\/BlogPosting\" itemprop=\"blogPost\" ><div class='avia_textblock'  itemprop=\"text\" ><p style=\"text-align: right;\"><a href=\"https:\/\/staging.fbt-avocats.ch\/en\/portfolio-item\/alain-moreau\/\">Alain Moreau<\/a><br \/>\nPartner, Paris<\/p>\n<\/div><\/section>\n\n<style type=\"text\/css\" data-created_by=\"avia_inline_auto\" id=\"style-css-av-av_heading-642d5874d7c6fe698cea463ae5f9eb80\">\n#top .av-special-heading.av-av_heading-642d5874d7c6fe698cea463ae5f9eb80{\npadding-bottom:10px;\nfont-size:20px;\n}\nbody .av-special-heading.av-av_heading-642d5874d7c6fe698cea463ae5f9eb80 .av-special-heading-tag .heading-char{\nfont-size:25px;\n}\n#top #wrap_all .av-special-heading.av-av_heading-642d5874d7c6fe698cea463ae5f9eb80 .av-special-heading-tag{\nfont-size:20px;\n}\n.av-special-heading.av-av_heading-642d5874d7c6fe698cea463ae5f9eb80 .av-subheading{\nfont-size:15px;\n}\n\n@media only screen and (min-width: 480px) and (max-width: 767px){ \n#top #wrap_all .av-special-heading.av-av_heading-642d5874d7c6fe698cea463ae5f9eb80 .av-special-heading-tag{\nfont-size:0.8em;\n}\n}\n\n@media only screen and (max-width: 479px){ \n#top #wrap_all .av-special-heading.av-av_heading-642d5874d7c6fe698cea463ae5f9eb80 .av-special-heading-tag{\nfont-size:0.8em;\n}\n}\n<\/style>\n<div  class='av-special-heading av-av_heading-642d5874d7c6fe698cea463ae5f9eb80 av-special-heading-h3 blockquote modern-quote modern-centered  avia-builder-el-11  el_after_av_textblock  el_before_av_hr  av-inherit-size'><h3 class='av-special-heading-tag '  itemprop=\"headline\"  >Share on LinkedIn<\/h3><div class=\"special-heading-border\"><div class=\"special-heading-inner-border\"><\/div><\/div><\/div>\n\n<style type=\"text\/css\" data-created_by=\"avia_inline_auto\" id=\"style-css-av-lpqthvln-2e2fa36faa97a09467bbe73150a11a71\">\n#top .hr.hr-invisible.av-lpqthvln-2e2fa36faa97a09467bbe73150a11a71{\nheight:50px;\n}\n<\/style>\n<div  class='hr av-lpqthvln-2e2fa36faa97a09467bbe73150a11a71 hr-invisible  avia-builder-el-12  el_after_av_heading  el_before_av_one_fifth '><span class='hr-inner '><span class=\"hr-inner-style\"><\/span><\/span><\/div>\n\n<style type=\"text\/css\" data-created_by=\"avia_inline_auto\" id=\"style-css-av-2il6c92-659475ef011a8f768eb623e80e9b4c1f\">\n.flex_column.av-2il6c92-659475ef011a8f768eb623e80e9b4c1f{\nborder-radius:0px 0px 0px 0px;\npadding:0px 0px 0px 0px;\n}\n<\/style>\n<div  class='flex_column av-2il6c92-659475ef011a8f768eb623e80e9b4c1f av_one_fifth  avia-builder-el-13  el_after_av_hr  el_before_av_one_fifth  first flex_column_div av-zero-column-padding  '     ><\/div>\n\n<style type=\"text\/css\" data-created_by=\"avia_inline_auto\" id=\"style-css-av-29oszmu-714d6f38bd5b8e6f4196d6365a8ad9d0\">\n.flex_column.av-29oszmu-714d6f38bd5b8e6f4196d6365a8ad9d0{\nborder-radius:0px 0px 0px 0px;\npadding:0px 0px 0px 0px;\n}\n<\/style>\n<div  class='flex_column av-29oszmu-714d6f38bd5b8e6f4196d6365a8ad9d0 av_one_fifth  avia-builder-el-14  el_after_av_one_fifth  el_before_av_one_fifth  flex_column_div av-zero-column-padding  '     ><\/div>\n\n<style type=\"text\/css\" data-created_by=\"avia_inline_auto\" id=\"style-css-av-1g3uxvq-432a17fb372e62d71cd14c3123628a44\">\n.flex_column.av-1g3uxvq-432a17fb372e62d71cd14c3123628a44{\nborder-radius:0px 0px 0px 0px;\npadding:0px 0px 0px 0px;\n}\n<\/style>\n<div  class='flex_column av-1g3uxvq-432a17fb372e62d71cd14c3123628a44 av_one_fifth  avia-builder-el-15  el_after_av_one_fifth  el_before_av_one_fifth  flex_column_div av-zero-column-padding  '     ><div  class='av-social-sharing-box av-lpqum02u-bc0494c5c39e8aaf1b0cc89c664ccf98 av-social-sharing-box-default  avia-builder-el-16  avia-builder-el-no-sibling  av-social-sharing-box-fullwidth'><div class=\"av-share-box\"><ul class=\"av-share-box-list noLightbox\"><li class='av-share-link av-social-link-linkedin avia_social_iconfont' ><a target=\"_blank\" aria-label=\"Share on LinkedIn\" href='https:\/\/linkedin.com\/shareArticle?mini=true&#038;title=Focus%20on%20the%20French%20Finance%20Act%202025&#038;url=https:\/\/staging.fbt-avocats.ch\/en\/loi-finance-francaise-2025\/' data-av_icon='\ue8fc' data-av_iconfont='entypo-fontello'  title='' data-avia-related-tooltip='Share on LinkedIn'><span class='avia_hidden_link_text'>Share on LinkedIn<\/span><\/a><\/li><\/ul><\/div><\/div><\/div>\n\n<style type=\"text\/css\" data-created_by=\"avia_inline_auto\" id=\"style-css-av-16odkqu-0047da59c041e4b090215877c632a064\">\n.flex_column.av-16odkqu-0047da59c041e4b090215877c632a064{\nborder-radius:0px 0px 0px 0px;\npadding:0px 0px 0px 0px;\n}\n<\/style>\n<div  class='flex_column av-16odkqu-0047da59c041e4b090215877c632a064 av_one_fifth  avia-builder-el-17  el_after_av_one_fifth  el_before_av_one_fifth  flex_column_div av-zero-column-padding  '     ><\/div>\n\n<style type=\"text\/css\" data-created_by=\"avia_inline_auto\" id=\"style-css-av-t9666e-093950a8b679803810638c99153bc64c\">\n.flex_column.av-t9666e-093950a8b679803810638c99153bc64c{\nborder-radius:0px 0px 0px 0px;\npadding:0px 0px 0px 0px;\n}\n<\/style>\n<div  class='flex_column av-t9666e-093950a8b679803810638c99153bc64c av_one_fifth  avia-builder-el-18  el_after_av_one_fifth  el_before_av_hr  flex_column_div av-zero-column-padding  '     ><\/div>\n\n<style type=\"text\/css\" data-created_by=\"avia_inline_auto\" id=\"style-css-av-lpqthvln-2e2fa36faa97a09467bbe73150a11a71\">\n#top .hr.hr-invisible.av-lpqthvln-2e2fa36faa97a09467bbe73150a11a71{\nheight:50px;\n}\n<\/style>\n<div  class='hr av-lpqthvln-2e2fa36faa97a09467bbe73150a11a71 hr-invisible  avia-builder-el-19  el_after_av_one_fifth  avia-builder-el-last '><span class='hr-inner '><span class=\"hr-inner-style\"><\/span><\/span><\/div>\n","protected":false},"excerpt":{"rendered":"<p>The new Finance Act contains several measures affecting taxation of individuals.<\/p>\n","protected":false},"author":26,"featured_media":25524,"comment_status":"closed","ping_status":"closed","sticky":false,"template":"","format":"standard","meta":{"footnotes":""},"categories":[84,655],"tags":[],"datespeciale":[],"class_list":["post-28224","post","type-post","status-publish","format-standard","has-post-thumbnail","hentry","category-media-and-news","category-news","competences-family-estate","competences-tax","auteurs-alain-moreau-en","date-publication-2025-en","diffusion-groupe-fiscal-en","diffusion-groupe-patrimoine-en","diffusion-medias-en","diffusion-news-en"],"yoast_head":"<!-- This site is optimized with the Yoast SEO Premium plugin v27.4 (Yoast SEO v27.4) - https:\/\/yoast.com\/product\/yoast-seo-premium-wordpress\/ -->\n<title>Focus on the French Finance Act 2025<\/title>\n<meta name=\"description\" content=\"The new Finance Act contains several measures affecting taxation of individuals.\" \/>\n<meta name=\"robots\" content=\"noindex, follow, max-snippet:-1, max-image-preview:large, max-video-preview:-1\" \/>\n<meta property=\"og:locale\" content=\"en_US\" \/>\n<meta property=\"og:type\" content=\"article\" \/>\n<meta property=\"og:title\" content=\"Focus on the French Finance Act 2025\" \/>\n<meta property=\"og:description\" content=\"The new Finance Act contains several measures affecting taxation of individuals.\" \/>\n<meta property=\"og:url\" content=\"https:\/\/staging.fbt-avocats.ch\/en\/loi-finance-francaise-2025\/\" \/>\n<meta property=\"og:site_name\" content=\"FBT Avocats SA\" \/>\n<meta property=\"article:published_time\" content=\"2025-03-03T13:59:48+00:00\" \/>\n<meta property=\"article:modified_time\" content=\"2025-10-20T10:03:07+00:00\" \/>\n<meta property=\"og:image\" content=\"https:\/\/staging.fbt-avocats.ch\/wp-content\/uploads\/2024\/08\/OG-EN-9.png\" \/>\n\t<meta property=\"og:image:width\" content=\"1200\" \/>\n\t<meta property=\"og:image:height\" content=\"628\" \/>\n\t<meta property=\"og:image:type\" content=\"image\/png\" \/>\n<meta name=\"author\" content=\"Yann Bellini\" \/>\n<meta name=\"twitter:card\" content=\"summary_large_image\" \/>\n<meta name=\"twitter:title\" content=\"Focus on the French Finance Act 2025\" \/>\n<meta name=\"twitter:label1\" content=\"Written by\" \/>\n\t<meta name=\"twitter:data1\" content=\"Yann Bellini\" \/>\n\t<meta name=\"twitter:label2\" content=\"Est. reading time\" \/>\n\t<meta name=\"twitter:data2\" content=\"10 minutes\" \/>\n<script type=\"application\/ld+json\" class=\"yoast-schema-graph\">{\"@context\":\"https:\\\/\\\/schema.org\",\"@graph\":[{\"@type\":\"Article\",\"@id\":\"https:\\\/\\\/staging.fbt-avocats.ch\\\/en\\\/loi-finance-francaise-2025\\\/#article\",\"isPartOf\":{\"@id\":\"https:\\\/\\\/staging.fbt-avocats.ch\\\/en\\\/loi-finance-francaise-2025\\\/\"},\"author\":{\"name\":\"Yann Bellini\",\"@id\":\"https:\\\/\\\/staging.fbt-avocats.ch\\\/en\\\/#\\\/schema\\\/person\\\/53faa592d1d545188ce0efaa23e0b547\"},\"headline\":\"Focus on the French Finance Act 2025\",\"datePublished\":\"2025-03-03T13:59:48+00:00\",\"dateModified\":\"2025-10-20T10:03:07+00:00\",\"mainEntityOfPage\":{\"@id\":\"https:\\\/\\\/staging.fbt-avocats.ch\\\/en\\\/loi-finance-francaise-2025\\\/\"},\"wordCount\":1694,\"image\":{\"@id\":\"https:\\\/\\\/staging.fbt-avocats.ch\\\/en\\\/loi-finance-francaise-2025\\\/#primaryimage\"},\"thumbnailUrl\":\"https:\\\/\\\/staging.fbt-avocats.ch\\\/wp-content\\\/uploads\\\/2024\\\/08\\\/OG-EN-9.png\",\"articleSection\":[\"Media and News\",\"News\"],\"inLanguage\":\"en-US\"},{\"@type\":\"WebPage\",\"@id\":\"https:\\\/\\\/staging.fbt-avocats.ch\\\/en\\\/loi-finance-francaise-2025\\\/\",\"url\":\"https:\\\/\\\/staging.fbt-avocats.ch\\\/en\\\/loi-finance-francaise-2025\\\/\",\"name\":\"Focus on the French Finance Act 2025\",\"isPartOf\":{\"@id\":\"https:\\\/\\\/staging.fbt-avocats.ch\\\/en\\\/#website\"},\"primaryImageOfPage\":{\"@id\":\"https:\\\/\\\/staging.fbt-avocats.ch\\\/en\\\/loi-finance-francaise-2025\\\/#primaryimage\"},\"image\":{\"@id\":\"https:\\\/\\\/staging.fbt-avocats.ch\\\/en\\\/loi-finance-francaise-2025\\\/#primaryimage\"},\"thumbnailUrl\":\"https:\\\/\\\/staging.fbt-avocats.ch\\\/wp-content\\\/uploads\\\/2024\\\/08\\\/OG-EN-9.png\",\"datePublished\":\"2025-03-03T13:59:48+00:00\",\"dateModified\":\"2025-10-20T10:03:07+00:00\",\"author\":{\"@id\":\"https:\\\/\\\/staging.fbt-avocats.ch\\\/en\\\/#\\\/schema\\\/person\\\/53faa592d1d545188ce0efaa23e0b547\"},\"description\":\"The new Finance Act contains several measures affecting taxation of individuals.\",\"breadcrumb\":{\"@id\":\"https:\\\/\\\/staging.fbt-avocats.ch\\\/en\\\/loi-finance-francaise-2025\\\/#breadcrumb\"},\"inLanguage\":\"en-US\",\"potentialAction\":[{\"@type\":\"ReadAction\",\"target\":[\"https:\\\/\\\/staging.fbt-avocats.ch\\\/en\\\/loi-finance-francaise-2025\\\/\"]}]},{\"@type\":\"ImageObject\",\"inLanguage\":\"en-US\",\"@id\":\"https:\\\/\\\/staging.fbt-avocats.ch\\\/en\\\/loi-finance-francaise-2025\\\/#primaryimage\",\"url\":\"https:\\\/\\\/staging.fbt-avocats.ch\\\/wp-content\\\/uploads\\\/2024\\\/08\\\/OG-EN-9.png\",\"contentUrl\":\"https:\\\/\\\/staging.fbt-avocats.ch\\\/wp-content\\\/uploads\\\/2024\\\/08\\\/OG-EN-9.png\",\"width\":1200,\"height\":628},{\"@type\":\"BreadcrumbList\",\"@id\":\"https:\\\/\\\/staging.fbt-avocats.ch\\\/en\\\/loi-finance-francaise-2025\\\/#breadcrumb\",\"itemListElement\":[{\"@type\":\"ListItem\",\"position\":1,\"name\":\"Home\",\"item\":\"https:\\\/\\\/staging.fbt-avocats.ch\\\/en\\\/\"},{\"@type\":\"ListItem\",\"position\":2,\"name\":\"Focus on the French Finance Act 2025\"}]},{\"@type\":\"WebSite\",\"@id\":\"https:\\\/\\\/staging.fbt-avocats.ch\\\/en\\\/#website\",\"url\":\"https:\\\/\\\/staging.fbt-avocats.ch\\\/en\\\/\",\"name\":\"FBT Avocats SA\",\"description\":\"Etudes bas\u00e9es \u00e0 Gen\u00e8ve et Paris\",\"potentialAction\":[{\"@type\":\"SearchAction\",\"target\":{\"@type\":\"EntryPoint\",\"urlTemplate\":\"https:\\\/\\\/staging.fbt-avocats.ch\\\/en\\\/?s={search_term_string}\"},\"query-input\":{\"@type\":\"PropertyValueSpecification\",\"valueRequired\":true,\"valueName\":\"search_term_string\"}}],\"inLanguage\":\"en-US\"},{\"@type\":\"Person\",\"@id\":\"https:\\\/\\\/staging.fbt-avocats.ch\\\/en\\\/#\\\/schema\\\/person\\\/53faa592d1d545188ce0efaa23e0b547\",\"name\":\"Yann Bellini\"}]}<\/script>\n<!-- \/ Yoast SEO Premium plugin. -->","yoast_head_json":{"title":"Focus on the French Finance Act 2025","description":"The new Finance Act contains several measures affecting taxation of individuals.","robots":{"index":"noindex","follow":"follow","max-snippet":"max-snippet:-1","max-image-preview":"max-image-preview:large","max-video-preview":"max-video-preview:-1"},"og_locale":"en_US","og_type":"article","og_title":"Focus on the French Finance Act 2025","og_description":"The new Finance Act contains several measures affecting taxation of individuals.","og_url":"https:\/\/staging.fbt-avocats.ch\/en\/loi-finance-francaise-2025\/","og_site_name":"FBT Avocats SA","article_published_time":"2025-03-03T13:59:48+00:00","article_modified_time":"2025-10-20T10:03:07+00:00","og_image":[{"width":1200,"height":628,"url":"https:\/\/staging.fbt-avocats.ch\/wp-content\/uploads\/2024\/08\/OG-EN-9.png","type":"image\/png"}],"author":"Yann Bellini","twitter_card":"summary_large_image","twitter_title":"Focus on the French Finance Act 2025","twitter_misc":{"Written by":"Yann Bellini","Est. reading time":"10 minutes"},"schema":{"@context":"https:\/\/schema.org","@graph":[{"@type":"Article","@id":"https:\/\/staging.fbt-avocats.ch\/en\/loi-finance-francaise-2025\/#article","isPartOf":{"@id":"https:\/\/staging.fbt-avocats.ch\/en\/loi-finance-francaise-2025\/"},"author":{"name":"Yann Bellini","@id":"https:\/\/staging.fbt-avocats.ch\/en\/#\/schema\/person\/53faa592d1d545188ce0efaa23e0b547"},"headline":"Focus on the French Finance Act 2025","datePublished":"2025-03-03T13:59:48+00:00","dateModified":"2025-10-20T10:03:07+00:00","mainEntityOfPage":{"@id":"https:\/\/staging.fbt-avocats.ch\/en\/loi-finance-francaise-2025\/"},"wordCount":1694,"image":{"@id":"https:\/\/staging.fbt-avocats.ch\/en\/loi-finance-francaise-2025\/#primaryimage"},"thumbnailUrl":"https:\/\/staging.fbt-avocats.ch\/wp-content\/uploads\/2024\/08\/OG-EN-9.png","articleSection":["Media and News","News"],"inLanguage":"en-US"},{"@type":"WebPage","@id":"https:\/\/staging.fbt-avocats.ch\/en\/loi-finance-francaise-2025\/","url":"https:\/\/staging.fbt-avocats.ch\/en\/loi-finance-francaise-2025\/","name":"Focus on the French Finance Act 2025","isPartOf":{"@id":"https:\/\/staging.fbt-avocats.ch\/en\/#website"},"primaryImageOfPage":{"@id":"https:\/\/staging.fbt-avocats.ch\/en\/loi-finance-francaise-2025\/#primaryimage"},"image":{"@id":"https:\/\/staging.fbt-avocats.ch\/en\/loi-finance-francaise-2025\/#primaryimage"},"thumbnailUrl":"https:\/\/staging.fbt-avocats.ch\/wp-content\/uploads\/2024\/08\/OG-EN-9.png","datePublished":"2025-03-03T13:59:48+00:00","dateModified":"2025-10-20T10:03:07+00:00","author":{"@id":"https:\/\/staging.fbt-avocats.ch\/en\/#\/schema\/person\/53faa592d1d545188ce0efaa23e0b547"},"description":"The new Finance Act contains several measures affecting taxation of individuals.","breadcrumb":{"@id":"https:\/\/staging.fbt-avocats.ch\/en\/loi-finance-francaise-2025\/#breadcrumb"},"inLanguage":"en-US","potentialAction":[{"@type":"ReadAction","target":["https:\/\/staging.fbt-avocats.ch\/en\/loi-finance-francaise-2025\/"]}]},{"@type":"ImageObject","inLanguage":"en-US","@id":"https:\/\/staging.fbt-avocats.ch\/en\/loi-finance-francaise-2025\/#primaryimage","url":"https:\/\/staging.fbt-avocats.ch\/wp-content\/uploads\/2024\/08\/OG-EN-9.png","contentUrl":"https:\/\/staging.fbt-avocats.ch\/wp-content\/uploads\/2024\/08\/OG-EN-9.png","width":1200,"height":628},{"@type":"BreadcrumbList","@id":"https:\/\/staging.fbt-avocats.ch\/en\/loi-finance-francaise-2025\/#breadcrumb","itemListElement":[{"@type":"ListItem","position":1,"name":"Home","item":"https:\/\/staging.fbt-avocats.ch\/en\/"},{"@type":"ListItem","position":2,"name":"Focus on the French Finance Act 2025"}]},{"@type":"WebSite","@id":"https:\/\/staging.fbt-avocats.ch\/en\/#website","url":"https:\/\/staging.fbt-avocats.ch\/en\/","name":"FBT Avocats SA","description":"Etudes bas\u00e9es \u00e0 Gen\u00e8ve et Paris","potentialAction":[{"@type":"SearchAction","target":{"@type":"EntryPoint","urlTemplate":"https:\/\/staging.fbt-avocats.ch\/en\/?s={search_term_string}"},"query-input":{"@type":"PropertyValueSpecification","valueRequired":true,"valueName":"search_term_string"}}],"inLanguage":"en-US"},{"@type":"Person","@id":"https:\/\/staging.fbt-avocats.ch\/en\/#\/schema\/person\/53faa592d1d545188ce0efaa23e0b547","name":"Yann Bellini"}]}},"_links":{"self":[{"href":"https:\/\/staging.fbt-avocats.ch\/en\/wp-json\/wp\/v2\/posts\/28224","targetHints":{"allow":["GET"]}}],"collection":[{"href":"https:\/\/staging.fbt-avocats.ch\/en\/wp-json\/wp\/v2\/posts"}],"about":[{"href":"https:\/\/staging.fbt-avocats.ch\/en\/wp-json\/wp\/v2\/types\/post"}],"author":[{"embeddable":true,"href":"https:\/\/staging.fbt-avocats.ch\/en\/wp-json\/wp\/v2\/users\/26"}],"replies":[{"embeddable":true,"href":"https:\/\/staging.fbt-avocats.ch\/en\/wp-json\/wp\/v2\/comments?post=28224"}],"version-history":[{"count":0,"href":"https:\/\/staging.fbt-avocats.ch\/en\/wp-json\/wp\/v2\/posts\/28224\/revisions"}],"wp:featuredmedia":[{"embeddable":true,"href":"https:\/\/staging.fbt-avocats.ch\/en\/wp-json\/wp\/v2\/media\/25524"}],"wp:attachment":[{"href":"https:\/\/staging.fbt-avocats.ch\/en\/wp-json\/wp\/v2\/media?parent=28224"}],"wp:term":[{"taxonomy":"category","embeddable":true,"href":"https:\/\/staging.fbt-avocats.ch\/en\/wp-json\/wp\/v2\/categories?post=28224"},{"taxonomy":"post_tag","embeddable":true,"href":"https:\/\/staging.fbt-avocats.ch\/en\/wp-json\/wp\/v2\/tags?post=28224"},{"taxonomy":"datespeciale","embeddable":true,"href":"https:\/\/staging.fbt-avocats.ch\/en\/wp-json\/wp\/v2\/datespeciale?post=28224"}],"curies":[{"name":"wp","href":"https:\/\/api.w.org\/{rel}","templated":true}]}}