{"id":29875,"date":"2025-09-08T09:12:39","date_gmt":"2025-09-08T08:12:39","guid":{"rendered":"https:\/\/www.fbt-avocats.ch\/associes-de-fbt-avocats-ont-plaisir-dannoncer-nomination-de-theo-goetschin-qualite-de-counsel\/"},"modified":"2025-09-16T16:52:01","modified_gmt":"2025-09-16T15:52:01","slug":"associes-de-fbt-avocats-ont-plaisir-dannoncer-nomination-de-theo-goetschin-qualite-de-counsel","status":"publish","type":"post","link":"https:\/\/staging.fbt-avocats.ch\/en\/associes-de-fbt-avocats-ont-plaisir-dannoncer-nomination-de-theo-goetschin-qualite-de-counsel\/","title":{"rendered":"Les associ\u00e9s de FBT Avocats ont le plaisir d\u2019annoncer la nomination de Th\u00e9o Goetschin en qualit\u00e9 de counsel"},"content":{"rendered":"<div  class='avia-slideshow av-lpqtcuam-76906b30aa535219bbd7e5abbadb45f0 avia-slideshow-featured_large av_slideshow avia-slide-slider  avia-builder-el-0  el_before_av_hr  avia-builder-el-first  av-slideshow-ui av-control-default av-slideshow-manual av-loop-once av-loop-manual-endless av-default-height-applied avia-slideshow-1' data-slideshow-options=\"{&quot;animation&quot;:&quot;slide&quot;,&quot;autoplay&quot;:false,&quot;loop_autoplay&quot;:&quot;once&quot;,&quot;interval&quot;:5,&quot;loop_manual&quot;:&quot;manual-endless&quot;,&quot;autoplay_stopper&quot;:false,&quot;noNavigation&quot;:false,&quot;bg_slider&quot;:false,&quot;keep_padding&quot;:false,&quot;hoverpause&quot;:false,&quot;show_slide_delay&quot;:0}\"  itemprop=\"image\" itemscope=\"itemscope\" itemtype=\"https:\/\/schema.org\/ImageObject\" ><ul class='avia-slideshow-inner ' style='padding-bottom: 52.333333333333%;'><li  class='avia-slideshow-slide av-lpqtcuam-76906b30aa535219bbd7e5abbadb45f0__0  av-single-slide slide-1 slide-odd'><div data-rel='slideshow-1' class='avia-slide-wrap '   ><img fetchpriority=\"high\" class=\"wp-image-29765 avia-img-lazy-loading-not-29765\"  src='https:\/\/staging.fbt-avocats.ch\/wp-content\/uploads\/2025\/09\/FBT-TEMPS-28.png' width='1200' height='628' title='FBT-TEMPS (28)' alt=''  itemprop=\"thumbnailUrl\"   \/><\/div><\/li><\/ul><\/div>\n\n<style type=\"text\/css\" data-created_by=\"avia_inline_auto\" id=\"style-css-av-lpqthvln-ea6d8c86f29132320cb8f611206c0441\">\n#top .hr.hr-invisible.av-lpqthvln-ea6d8c86f29132320cb8f611206c0441{\nheight:30px;\n}\n<\/style>\n<div  class='hr av-lpqthvln-ea6d8c86f29132320cb8f611206c0441 hr-invisible  avia-builder-el-1  el_after_av_slideshow  el_before_av_hr  av-mini-hide'><span class='hr-inner '><span class=\"hr-inner-style\"><\/span><\/span><\/div>\n\n<style type=\"text\/css\" data-created_by=\"avia_inline_auto\" id=\"style-css-av-lpqthvln-aadb6c7dd749e27820b6b1a43c6208a6\">\n#top .hr.hr-invisible.av-lpqthvln-aadb6c7dd749e27820b6b1a43c6208a6{\nheight:15px;\n}\n<\/style>\n<div  class='hr av-lpqthvln-aadb6c7dd749e27820b6b1a43c6208a6 hr-invisible  avia-builder-el-2  el_after_av_hr  el_before_av_textblock  av-desktop-hide av-medium-hide av-small-hide'><span class='hr-inner '><span class=\"hr-inner-style\"><\/span><\/span><\/div>\n<section  class='av_textblock_section av-lpqt34bs-e4937d6ee6fb8bf73eb238b3b32b6052 '   itemscope=\"itemscope\" itemtype=\"https:\/\/schema.org\/BlogPosting\" itemprop=\"blogPost\" ><div class='avia_textblock'  itemprop=\"text\" ><p>Th\u00e9o Goetschin est titulaire d&#8217;un master en droit g\u00e9n\u00e9ral d\u00e9cern\u00e9 par l&#8217;Universit\u00e9 de Fribourg (2017) et d&#8217;un <em>master of laws<\/em> (LL.M.) de Cornell University, options <em>International Economic Law<\/em> et <em>Financial Institutions<\/em> (2022). \u00c0 son retour en Suisse, il a int\u00e9gr\u00e9 le groupe contentieux judiciaire d&#8217;une des plus grandes banques universelles aux bureaux de Zurich et de Gen\u00e8ve. Charg\u00e9 de plusieurs affaires d\u2019importance, Th\u00e9o Goetschin a \u00e9largi son exp\u00e9rience du contentieux civil international et domestique. De m\u00eame, il a d\u00e9velopp\u00e9 son expertise des probl\u00e9matiques financi\u00e8res p\u00e9nales, comprenant fr\u00e9quemment un volet m\u00e9diatique. Th\u00e9o Goetschin est intervenu dans plusieurs affaires judiciaires qui ont marqu\u00e9 la jurisprudence r\u00e9cente et a accompagn\u00e9 la d\u00e9fense des int\u00e9r\u00eats de la banque dans le cadre de sa fusion.<\/p>\n<p>Il a rejoint l&#8217;\u00c9tude au 1er ao\u00fbt 2025 en qualit\u00e9 de Conseil, apr\u00e8s y avoir effectu\u00e9 son stage et travaill\u00e9 en qualit\u00e9 de collaborateur jusqu&#8217;en 2021. Parall\u00e8lement \u00e0 son activit\u00e9 civile, Th\u00e9o Goetschin suit actuellement un <em>Certificate of Advanced Studies<\/em> en magistrature p\u00e9nale (CAS MAP-PP) dans le cadre de ses fonctions de juge d&#8217;instruction militaire. Th\u00e9o Goetschin est de langue maternelle fran\u00e7aise, parle et travaille couramment en anglais, ma\u00eetrise l&#8217;allemand et l&#8217;italien.<\/p>\n<\/div><\/section>\n\n<style type=\"text\/css\" data-created_by=\"avia_inline_auto\" id=\"style-css-av-lpqthvln-2e2fa36faa97a09467bbe73150a11a71\">\n#top .hr.hr-invisible.av-lpqthvln-2e2fa36faa97a09467bbe73150a11a71{\nheight:50px;\n}\n<\/style>\n<div  class='hr av-lpqthvln-2e2fa36faa97a09467bbe73150a11a71 hr-invisible  avia-builder-el-4  el_after_av_textblock  avia-builder-el-last '><span class='hr-inner '><span class=\"hr-inner-style\"><\/span><\/span><\/div>\n","protected":false},"excerpt":{"rendered":"","protected":false},"author":26,"featured_media":29868,"comment_status":"closed","ping_status":"closed","sticky":false,"template":"","format":"standard","meta":{"footnotes":""},"categories":[52],"tags":[],"datespeciale":[],"class_list":["post-29875","post","type-post","status-publish","format-standard","has-post-thumbnail","hentry","category-en-conferences","date-publication-2025-en"],"yoast_head":"<!-- This site is optimized with the Yoast SEO Premium plugin v27.4 (Yoast SEO v27.4) - https:\/\/yoast.com\/product\/yoast-seo-premium-wordpress\/ -->\n<title>Les associ\u00e9s de FBT Avocats ont le plaisir d\u2019annoncer la nomination de Th\u00e9o Goetschin en qualit\u00e9 de counsel | FBT Avocats SA<\/title>\n<meta name=\"robots\" content=\"noindex, follow, max-snippet:-1, max-image-preview:large, max-video-preview:-1\" \/>\n<meta property=\"og:locale\" content=\"en_US\" \/>\n<meta property=\"og:type\" content=\"article\" \/>\n<meta property=\"og:title\" content=\"Les associ\u00e9s de FBT Avocats ont le plaisir d\u2019annoncer la nomination de Th\u00e9o Goetschin en qualit\u00e9 de counsel\" \/>\n<meta property=\"og:url\" content=\"https:\/\/staging.fbt-avocats.ch\/en\/associes-de-fbt-avocats-ont-plaisir-dannoncer-nomination-de-theo-goetschin-qualite-de-counsel\/\" \/>\n<meta property=\"og:site_name\" content=\"FBT Avocats SA\" \/>\n<meta property=\"article:published_time\" content=\"2025-09-08T08:12:39+00:00\" \/>\n<meta property=\"article:modified_time\" content=\"2025-09-16T15:52:01+00:00\" \/>\n<meta property=\"og:image\" content=\"https:\/\/staging.fbt-avocats.ch\/wp-content\/uploads\/2025\/09\/TGO-2.png\" \/>\n\t<meta property=\"og:image:width\" content=\"1200\" \/>\n\t<meta property=\"og:image:height\" content=\"628\" \/>\n\t<meta property=\"og:image:type\" content=\"image\/png\" \/>\n<meta name=\"author\" content=\"Yann Bellini\" \/>\n<meta name=\"twitter:card\" content=\"summary_large_image\" \/>\n<meta name=\"twitter:label1\" content=\"Written by\" \/>\n\t<meta name=\"twitter:data1\" content=\"Yann Bellini\" \/>\n\t<meta name=\"twitter:label2\" content=\"Est. reading time\" \/>\n\t<meta name=\"twitter:data2\" content=\"2 minutes\" \/>\n<script type=\"application\/ld+json\" class=\"yoast-schema-graph\">{\"@context\":\"https:\\\/\\\/schema.org\",\"@graph\":[{\"@type\":\"Article\",\"@id\":\"https:\\\/\\\/staging.fbt-avocats.ch\\\/en\\\/associes-de-fbt-avocats-ont-plaisir-dannoncer-nomination-de-theo-goetschin-qualite-de-counsel\\\/#article\",\"isPartOf\":{\"@id\":\"https:\\\/\\\/staging.fbt-avocats.ch\\\/en\\\/associes-de-fbt-avocats-ont-plaisir-dannoncer-nomination-de-theo-goetschin-qualite-de-counsel\\\/\"},\"author\":{\"name\":\"Yann Bellini\",\"@id\":\"https:\\\/\\\/staging.fbt-avocats.ch\\\/en\\\/#\\\/schema\\\/person\\\/53faa592d1d545188ce0efaa23e0b547\"},\"headline\":\"Les associ\u00e9s de FBT Avocats ont le plaisir d\u2019annoncer la nomination de Th\u00e9o Goetschin en qualit\u00e9 de counsel\",\"datePublished\":\"2025-09-08T08:12:39+00:00\",\"dateModified\":\"2025-09-16T15:52:01+00:00\",\"mainEntityOfPage\":{\"@id\":\"https:\\\/\\\/staging.fbt-avocats.ch\\\/en\\\/associes-de-fbt-avocats-ont-plaisir-dannoncer-nomination-de-theo-goetschin-qualite-de-counsel\\\/\"},\"wordCount\":463,\"image\":{\"@id\":\"https:\\\/\\\/staging.fbt-avocats.ch\\\/en\\\/associes-de-fbt-avocats-ont-plaisir-dannoncer-nomination-de-theo-goetschin-qualite-de-counsel\\\/#primaryimage\"},\"thumbnailUrl\":\"https:\\\/\\\/staging.fbt-avocats.ch\\\/wp-content\\\/uploads\\\/2025\\\/09\\\/TGO-2.png\",\"articleSection\":[\"Conferences\"],\"inLanguage\":\"en-US\"},{\"@type\":\"WebPage\",\"@id\":\"https:\\\/\\\/staging.fbt-avocats.ch\\\/en\\\/associes-de-fbt-avocats-ont-plaisir-dannoncer-nomination-de-theo-goetschin-qualite-de-counsel\\\/\",\"url\":\"https:\\\/\\\/staging.fbt-avocats.ch\\\/en\\\/associes-de-fbt-avocats-ont-plaisir-dannoncer-nomination-de-theo-goetschin-qualite-de-counsel\\\/\",\"name\":\"Les associ\u00e9s de FBT Avocats ont le plaisir d\u2019annoncer la nomination de Th\u00e9o Goetschin en qualit\u00e9 de counsel | FBT Avocats SA\",\"isPartOf\":{\"@id\":\"https:\\\/\\\/staging.fbt-avocats.ch\\\/en\\\/#website\"},\"primaryImageOfPage\":{\"@id\":\"https:\\\/\\\/staging.fbt-avocats.ch\\\/en\\\/associes-de-fbt-avocats-ont-plaisir-dannoncer-nomination-de-theo-goetschin-qualite-de-counsel\\\/#primaryimage\"},\"image\":{\"@id\":\"https:\\\/\\\/staging.fbt-avocats.ch\\\/en\\\/associes-de-fbt-avocats-ont-plaisir-dannoncer-nomination-de-theo-goetschin-qualite-de-counsel\\\/#primaryimage\"},\"thumbnailUrl\":\"https:\\\/\\\/staging.fbt-avocats.ch\\\/wp-content\\\/uploads\\\/2025\\\/09\\\/TGO-2.png\",\"datePublished\":\"2025-09-08T08:12:39+00:00\",\"dateModified\":\"2025-09-16T15:52:01+00:00\",\"author\":{\"@id\":\"https:\\\/\\\/staging.fbt-avocats.ch\\\/en\\\/#\\\/schema\\\/person\\\/53faa592d1d545188ce0efaa23e0b547\"},\"breadcrumb\":{\"@id\":\"https:\\\/\\\/staging.fbt-avocats.ch\\\/en\\\/associes-de-fbt-avocats-ont-plaisir-dannoncer-nomination-de-theo-goetschin-qualite-de-counsel\\\/#breadcrumb\"},\"inLanguage\":\"en-US\",\"potentialAction\":[{\"@type\":\"ReadAction\",\"target\":[\"https:\\\/\\\/staging.fbt-avocats.ch\\\/en\\\/associes-de-fbt-avocats-ont-plaisir-dannoncer-nomination-de-theo-goetschin-qualite-de-counsel\\\/\"]}]},{\"@type\":\"ImageObject\",\"inLanguage\":\"en-US\",\"@id\":\"https:\\\/\\\/staging.fbt-avocats.ch\\\/en\\\/associes-de-fbt-avocats-ont-plaisir-dannoncer-nomination-de-theo-goetschin-qualite-de-counsel\\\/#primaryimage\",\"url\":\"https:\\\/\\\/staging.fbt-avocats.ch\\\/wp-content\\\/uploads\\\/2025\\\/09\\\/TGO-2.png\",\"contentUrl\":\"https:\\\/\\\/staging.fbt-avocats.ch\\\/wp-content\\\/uploads\\\/2025\\\/09\\\/TGO-2.png\",\"width\":1200,\"height\":628},{\"@type\":\"BreadcrumbList\",\"@id\":\"https:\\\/\\\/staging.fbt-avocats.ch\\\/en\\\/associes-de-fbt-avocats-ont-plaisir-dannoncer-nomination-de-theo-goetschin-qualite-de-counsel\\\/#breadcrumb\",\"itemListElement\":[{\"@type\":\"ListItem\",\"position\":1,\"name\":\"Home\",\"item\":\"https:\\\/\\\/staging.fbt-avocats.ch\\\/en\\\/\"},{\"@type\":\"ListItem\",\"position\":2,\"name\":\"Les associ\u00e9s de FBT Avocats ont le plaisir d\u2019annoncer la nomination de Th\u00e9o Goetschin en qualit\u00e9 de counsel\"}]},{\"@type\":\"WebSite\",\"@id\":\"https:\\\/\\\/staging.fbt-avocats.ch\\\/en\\\/#website\",\"url\":\"https:\\\/\\\/staging.fbt-avocats.ch\\\/en\\\/\",\"name\":\"FBT Avocats SA\",\"description\":\"Etudes bas\u00e9es \u00e0 Gen\u00e8ve et Paris\",\"potentialAction\":[{\"@type\":\"SearchAction\",\"target\":{\"@type\":\"EntryPoint\",\"urlTemplate\":\"https:\\\/\\\/staging.fbt-avocats.ch\\\/en\\\/?s={search_term_string}\"},\"query-input\":{\"@type\":\"PropertyValueSpecification\",\"valueRequired\":true,\"valueName\":\"search_term_string\"}}],\"inLanguage\":\"en-US\"},{\"@type\":\"Person\",\"@id\":\"https:\\\/\\\/staging.fbt-avocats.ch\\\/en\\\/#\\\/schema\\\/person\\\/53faa592d1d545188ce0efaa23e0b547\",\"name\":\"Yann Bellini\"}]}<\/script>\n<!-- \/ Yoast SEO Premium plugin. -->","yoast_head_json":{"title":"Les associ\u00e9s de FBT Avocats ont le plaisir d\u2019annoncer la nomination de Th\u00e9o Goetschin en qualit\u00e9 de counsel | FBT Avocats SA","robots":{"index":"noindex","follow":"follow","max-snippet":"max-snippet:-1","max-image-preview":"max-image-preview:large","max-video-preview":"max-video-preview:-1"},"og_locale":"en_US","og_type":"article","og_title":"Les associ\u00e9s de FBT Avocats ont le plaisir d\u2019annoncer la nomination de Th\u00e9o Goetschin en qualit\u00e9 de counsel","og_url":"https:\/\/staging.fbt-avocats.ch\/en\/associes-de-fbt-avocats-ont-plaisir-dannoncer-nomination-de-theo-goetschin-qualite-de-counsel\/","og_site_name":"FBT Avocats SA","article_published_time":"2025-09-08T08:12:39+00:00","article_modified_time":"2025-09-16T15:52:01+00:00","og_image":[{"width":1200,"height":628,"url":"https:\/\/staging.fbt-avocats.ch\/wp-content\/uploads\/2025\/09\/TGO-2.png","type":"image\/png"}],"author":"Yann Bellini","twitter_card":"summary_large_image","twitter_misc":{"Written by":"Yann Bellini","Est. reading time":"2 minutes"},"schema":{"@context":"https:\/\/schema.org","@graph":[{"@type":"Article","@id":"https:\/\/staging.fbt-avocats.ch\/en\/associes-de-fbt-avocats-ont-plaisir-dannoncer-nomination-de-theo-goetschin-qualite-de-counsel\/#article","isPartOf":{"@id":"https:\/\/staging.fbt-avocats.ch\/en\/associes-de-fbt-avocats-ont-plaisir-dannoncer-nomination-de-theo-goetschin-qualite-de-counsel\/"},"author":{"name":"Yann Bellini","@id":"https:\/\/staging.fbt-avocats.ch\/en\/#\/schema\/person\/53faa592d1d545188ce0efaa23e0b547"},"headline":"Les associ\u00e9s de FBT Avocats ont le plaisir d\u2019annoncer la nomination de Th\u00e9o Goetschin en qualit\u00e9 de counsel","datePublished":"2025-09-08T08:12:39+00:00","dateModified":"2025-09-16T15:52:01+00:00","mainEntityOfPage":{"@id":"https:\/\/staging.fbt-avocats.ch\/en\/associes-de-fbt-avocats-ont-plaisir-dannoncer-nomination-de-theo-goetschin-qualite-de-counsel\/"},"wordCount":463,"image":{"@id":"https:\/\/staging.fbt-avocats.ch\/en\/associes-de-fbt-avocats-ont-plaisir-dannoncer-nomination-de-theo-goetschin-qualite-de-counsel\/#primaryimage"},"thumbnailUrl":"https:\/\/staging.fbt-avocats.ch\/wp-content\/uploads\/2025\/09\/TGO-2.png","articleSection":["Conferences"],"inLanguage":"en-US"},{"@type":"WebPage","@id":"https:\/\/staging.fbt-avocats.ch\/en\/associes-de-fbt-avocats-ont-plaisir-dannoncer-nomination-de-theo-goetschin-qualite-de-counsel\/","url":"https:\/\/staging.fbt-avocats.ch\/en\/associes-de-fbt-avocats-ont-plaisir-dannoncer-nomination-de-theo-goetschin-qualite-de-counsel\/","name":"Les associ\u00e9s de FBT Avocats ont le plaisir d\u2019annoncer la nomination de Th\u00e9o Goetschin en qualit\u00e9 de counsel | FBT Avocats SA","isPartOf":{"@id":"https:\/\/staging.fbt-avocats.ch\/en\/#website"},"primaryImageOfPage":{"@id":"https:\/\/staging.fbt-avocats.ch\/en\/associes-de-fbt-avocats-ont-plaisir-dannoncer-nomination-de-theo-goetschin-qualite-de-counsel\/#primaryimage"},"image":{"@id":"https:\/\/staging.fbt-avocats.ch\/en\/associes-de-fbt-avocats-ont-plaisir-dannoncer-nomination-de-theo-goetschin-qualite-de-counsel\/#primaryimage"},"thumbnailUrl":"https:\/\/staging.fbt-avocats.ch\/wp-content\/uploads\/2025\/09\/TGO-2.png","datePublished":"2025-09-08T08:12:39+00:00","dateModified":"2025-09-16T15:52:01+00:00","author":{"@id":"https:\/\/staging.fbt-avocats.ch\/en\/#\/schema\/person\/53faa592d1d545188ce0efaa23e0b547"},"breadcrumb":{"@id":"https:\/\/staging.fbt-avocats.ch\/en\/associes-de-fbt-avocats-ont-plaisir-dannoncer-nomination-de-theo-goetschin-qualite-de-counsel\/#breadcrumb"},"inLanguage":"en-US","potentialAction":[{"@type":"ReadAction","target":["https:\/\/staging.fbt-avocats.ch\/en\/associes-de-fbt-avocats-ont-plaisir-dannoncer-nomination-de-theo-goetschin-qualite-de-counsel\/"]}]},{"@type":"ImageObject","inLanguage":"en-US","@id":"https:\/\/staging.fbt-avocats.ch\/en\/associes-de-fbt-avocats-ont-plaisir-dannoncer-nomination-de-theo-goetschin-qualite-de-counsel\/#primaryimage","url":"https:\/\/staging.fbt-avocats.ch\/wp-content\/uploads\/2025\/09\/TGO-2.png","contentUrl":"https:\/\/staging.fbt-avocats.ch\/wp-content\/uploads\/2025\/09\/TGO-2.png","width":1200,"height":628},{"@type":"BreadcrumbList","@id":"https:\/\/staging.fbt-avocats.ch\/en\/associes-de-fbt-avocats-ont-plaisir-dannoncer-nomination-de-theo-goetschin-qualite-de-counsel\/#breadcrumb","itemListElement":[{"@type":"ListItem","position":1,"name":"Home","item":"https:\/\/staging.fbt-avocats.ch\/en\/"},{"@type":"ListItem","position":2,"name":"Les associ\u00e9s de FBT Avocats ont le plaisir d\u2019annoncer la nomination de Th\u00e9o Goetschin en qualit\u00e9 de counsel"}]},{"@type":"WebSite","@id":"https:\/\/staging.fbt-avocats.ch\/en\/#website","url":"https:\/\/staging.fbt-avocats.ch\/en\/","name":"FBT Avocats SA","description":"Etudes bas\u00e9es \u00e0 Gen\u00e8ve et Paris","potentialAction":[{"@type":"SearchAction","target":{"@type":"EntryPoint","urlTemplate":"https:\/\/staging.fbt-avocats.ch\/en\/?s={search_term_string}"},"query-input":{"@type":"PropertyValueSpecification","valueRequired":true,"valueName":"search_term_string"}}],"inLanguage":"en-US"},{"@type":"Person","@id":"https:\/\/staging.fbt-avocats.ch\/en\/#\/schema\/person\/53faa592d1d545188ce0efaa23e0b547","name":"Yann Bellini"}]}},"_links":{"self":[{"href":"https:\/\/staging.fbt-avocats.ch\/en\/wp-json\/wp\/v2\/posts\/29875","targetHints":{"allow":["GET"]}}],"collection":[{"href":"https:\/\/staging.fbt-avocats.ch\/en\/wp-json\/wp\/v2\/posts"}],"about":[{"href":"https:\/\/staging.fbt-avocats.ch\/en\/wp-json\/wp\/v2\/types\/post"}],"author":[{"embeddable":true,"href":"https:\/\/staging.fbt-avocats.ch\/en\/wp-json\/wp\/v2\/users\/26"}],"replies":[{"embeddable":true,"href":"https:\/\/staging.fbt-avocats.ch\/en\/wp-json\/wp\/v2\/comments?post=29875"}],"version-history":[{"count":0,"href":"https:\/\/staging.fbt-avocats.ch\/en\/wp-json\/wp\/v2\/posts\/29875\/revisions"}],"wp:featuredmedia":[{"embeddable":true,"href":"https:\/\/staging.fbt-avocats.ch\/en\/wp-json\/wp\/v2\/media\/29868"}],"wp:attachment":[{"href":"https:\/\/staging.fbt-avocats.ch\/en\/wp-json\/wp\/v2\/media?parent=29875"}],"wp:term":[{"taxonomy":"category","embeddable":true,"href":"https:\/\/staging.fbt-avocats.ch\/en\/wp-json\/wp\/v2\/categories?post=29875"},{"taxonomy":"post_tag","embeddable":true,"href":"https:\/\/staging.fbt-avocats.ch\/en\/wp-json\/wp\/v2\/tags?post=29875"},{"taxonomy":"datespeciale","embeddable":true,"href":"https:\/\/staging.fbt-avocats.ch\/en\/wp-json\/wp\/v2\/datespeciale?post=29875"}],"curies":[{"name":"wp","href":"https:\/\/api.w.org\/{rel}","templated":true}]}}