{"id":30943,"date":"2022-06-18T11:19:12","date_gmt":"2022-06-18T10:19:12","guid":{"rendered":"https:\/\/www.fbt-avocats.ch\/elections-legislatives-france-a-quoi-on-sattendre-matiere-fiscale\/"},"modified":"2025-11-18T11:33:18","modified_gmt":"2025-11-18T10:33:18","slug":"elections-legislatives-france-a-quoi-on-sattendre-matiere-fiscale","status":"publish","type":"post","link":"https:\/\/staging.fbt-avocats.ch\/en\/elections-legislatives-france-a-quoi-on-sattendre-matiere-fiscale\/","title":{"rendered":"\u00c9lections l\u00e9gislatives en France : \u00e0 quoi peut-on s\u2019attendre en mati\u00e8re fiscale ?"},"content":{"rendered":"\n<style type=\"text\/css\" data-created_by=\"avia_inline_auto\" id=\"style-css-av-2etm70-18119d64f2fb4dae83c6c7ce50a97b7b\">\n.flex_column.av-2etm70-18119d64f2fb4dae83c6c7ce50a97b7b{\nborder-radius:0px 0px 0px 0px;\npadding:0px 0px 0px 0px;\n}\n<\/style>\n<div  class='flex_column av-2etm70-18119d64f2fb4dae83c6c7ce50a97b7b av_one_full  avia-builder-el-0  avia-builder-el-no-sibling  first flex_column_div av-zero-column-padding  '     ><p>\n<style type=\"text\/css\" data-created_by=\"avia_inline_auto\" id=\"style-css-av-av_heading-d7410b66ffc203233914f5d1177233a8\">\n#top .av-special-heading.av-av_heading-d7410b66ffc203233914f5d1177233a8{\npadding-bottom:10px;\nfont-size:26px;\n}\nbody .av-special-heading.av-av_heading-d7410b66ffc203233914f5d1177233a8 .av-special-heading-tag .heading-char{\nfont-size:25px;\n}\n#top #wrap_all .av-special-heading.av-av_heading-d7410b66ffc203233914f5d1177233a8 .av-special-heading-tag{\nfont-size:26px;\n}\n.av-special-heading.av-av_heading-d7410b66ffc203233914f5d1177233a8 .av-subheading{\nfont-size:15px;\n}\n\n@media only screen and (min-width: 480px) and (max-width: 767px){ \n#top #wrap_all .av-special-heading.av-av_heading-d7410b66ffc203233914f5d1177233a8 .av-special-heading-tag{\nfont-size:0.8em;\n}\n}\n\n@media only screen and (max-width: 479px){ \n#top #wrap_all .av-special-heading.av-av_heading-d7410b66ffc203233914f5d1177233a8 .av-special-heading-tag{\nfont-size:0.8em;\n}\n}\n<\/style>\n<div  class='av-special-heading av-av_heading-d7410b66ffc203233914f5d1177233a8 av-special-heading-h1 blockquote modern-quote  avia-builder-el-1  el_before_av_textblock  avia-builder-el-first  av-inherit-size'><h1 class='av-special-heading-tag '  itemprop=\"headline\"  >\u00c9lections l\u00e9gislatives en France : \u00e0 quoi peut-on s\u2019attendre en mati\u00e8re fiscale ?<\/h1><div class='av-subheading av-subheading_below'><p>Juin 2022<br \/>\nAlain Moreau<\/p>\n<\/div><div class=\"special-heading-border\"><div class=\"special-heading-inner-border\"><\/div><\/div><\/div><br \/>\n<section  class='av_textblock_section av-jnbvyq3d-c7f69aaf0105aaab2cdd6aefc764e89e '   itemscope=\"itemscope\" itemtype=\"https:\/\/schema.org\/BlogPosting\" itemprop=\"blogPost\" ><div class='avia_textblock'  itemprop=\"text\" ><p>La France a toujours eu une relation \u00ab passionn\u00e9e \u00bb avec sa fiscalit\u00e9 et les \u00e9lections, qu\u2019elles soient pr\u00e9sidentielles ou l\u00e9gislatives, mettant syst\u00e9matiquement la question au c\u0153ur des d\u00e9bats, allant souvent jusqu\u2019\u00e0 an\u00e9antir les r\u00e9formes mises en \u0153uvre au cours de la pr\u00e9c\u00e9dente l\u00e9gislature.<\/p>\n<\/div><\/section><br \/>\n\n<style type=\"text\/css\" data-created_by=\"avia_inline_auto\" id=\"style-css-av-jnbvy448-af61e942265cee5c52b6bd275e002429\">\n#top .hr.hr-invisible.av-jnbvy448-af61e942265cee5c52b6bd275e002429{\nheight:20px;\n}\n<\/style>\n<div  class='hr av-jnbvy448-af61e942265cee5c52b6bd275e002429 hr-invisible  avia-builder-el-3  el_after_av_textblock  el_before_av_button '><span class='hr-inner '><span class=\"hr-inner-style\"><\/span><\/span><\/div><br \/>\n<div  class='avia-button-wrap av-jnbw0rxe-2de673dcf8ccb25f63189437bba596cc-wrap avia-button-left  avia-builder-el-4  el_after_av_hr  avia-builder-el-last '>\n<style type=\"text\/css\" data-created_by=\"avia_inline_auto\" id=\"style-css-av-jnbw0rxe-2de673dcf8ccb25f63189437bba596cc\">\n#top #wrap_all .avia-button.av-jnbw0rxe-2de673dcf8ccb25f63189437bba596cc{\nbackground-color:#44525f;\nborder-color:#44525f;\ncolor:#ffffff;\ntransition:all 0.4s ease-in-out;\n}\n#top #wrap_all .avia-button.av-jnbw0rxe-2de673dcf8ccb25f63189437bba596cc .avia-svg-icon svg:first-child{\nfill:#ffffff;\nstroke:#ffffff;\n}\n<\/style>\n<a href='https:\/\/staging.fbt-avocats.ch\/wp-content\/uploads\/2025\/11\/Verband-Schweizerischer-Vermogensverwalter_-0622FBT-1.pdf'  class='avia-button av-jnbw0rxe-2de673dcf8ccb25f63189437bba596cc av-link-btn avia-icon_select-no avia-size-large avia-position-left'   aria-label=\"Lire la suite\"><span class='avia_iconbox_title' >Lire la suite<\/span><\/a><\/div><\/p><\/div>\n","protected":false},"excerpt":{"rendered":"","protected":false},"author":26,"featured_media":0,"comment_status":"closed","ping_status":"closed","sticky":false,"template":"","format":"standard","meta":{"footnotes":""},"categories":[84],"tags":[749],"datespeciale":[],"class_list":["post-30943","post","type-post","status-publish","format-standard","hentry","category-media-and-news","tag-asg-en","competences-tax","auteurs-alain-moreau-en","date-publication-2022-en","diffusion-groupe-fiscal-en","diffusion-medias-en"],"yoast_head":"<!-- This site is optimized with the Yoast SEO Premium plugin v27.4 (Yoast SEO v27.4) - https:\/\/yoast.com\/product\/yoast-seo-premium-wordpress\/ -->\n<title>\u00c9lections l\u00e9gislatives en France : \u00e0 quoi peut-on s\u2019attendre en mati\u00e8re fiscale ? | FBT Avocats SA<\/title>\n<meta name=\"robots\" content=\"noindex, follow, max-snippet:-1, max-image-preview:large, max-video-preview:-1\" \/>\n<meta property=\"og:locale\" content=\"en_US\" \/>\n<meta property=\"og:type\" content=\"article\" \/>\n<meta property=\"og:title\" content=\"\u00c9lections l\u00e9gislatives en France : \u00e0 quoi peut-on s\u2019attendre en mati\u00e8re fiscale ?\" \/>\n<meta property=\"og:url\" content=\"https:\/\/staging.fbt-avocats.ch\/en\/elections-legislatives-france-a-quoi-on-sattendre-matiere-fiscale\/\" \/>\n<meta property=\"og:site_name\" content=\"FBT Avocats SA\" \/>\n<meta property=\"article:published_time\" content=\"2022-06-18T10:19:12+00:00\" \/>\n<meta property=\"article:modified_time\" content=\"2025-11-18T10:33:18+00:00\" \/>\n<meta name=\"author\" content=\"Yann Bellini\" \/>\n<meta name=\"twitter:card\" content=\"summary_large_image\" \/>\n<meta name=\"twitter:label1\" content=\"Written by\" \/>\n\t<meta name=\"twitter:data1\" content=\"Yann Bellini\" \/>\n\t<meta name=\"twitter:label2\" content=\"Est. reading time\" \/>\n\t<meta name=\"twitter:data2\" content=\"2 minutes\" \/>\n<script type=\"application\/ld+json\" class=\"yoast-schema-graph\">{\"@context\":\"https:\\\/\\\/schema.org\",\"@graph\":[{\"@type\":\"Article\",\"@id\":\"https:\\\/\\\/staging.fbt-avocats.ch\\\/en\\\/elections-legislatives-france-a-quoi-on-sattendre-matiere-fiscale\\\/#article\",\"isPartOf\":{\"@id\":\"https:\\\/\\\/staging.fbt-avocats.ch\\\/en\\\/elections-legislatives-france-a-quoi-on-sattendre-matiere-fiscale\\\/\"},\"author\":{\"name\":\"Yann Bellini\",\"@id\":\"https:\\\/\\\/staging.fbt-avocats.ch\\\/en\\\/#\\\/schema\\\/person\\\/53faa592d1d545188ce0efaa23e0b547\"},\"headline\":\"\u00c9lections l\u00e9gislatives en France : \u00e0 quoi peut-on s\u2019attendre en mati\u00e8re fiscale ?\",\"datePublished\":\"2022-06-18T10:19:12+00:00\",\"dateModified\":\"2025-11-18T10:33:18+00:00\",\"mainEntityOfPage\":{\"@id\":\"https:\\\/\\\/staging.fbt-avocats.ch\\\/en\\\/elections-legislatives-france-a-quoi-on-sattendre-matiere-fiscale\\\/\"},\"wordCount\":299,\"keywords\":[\"ASG\"],\"articleSection\":[\"Media and News\"],\"inLanguage\":\"en-US\"},{\"@type\":\"WebPage\",\"@id\":\"https:\\\/\\\/staging.fbt-avocats.ch\\\/en\\\/elections-legislatives-france-a-quoi-on-sattendre-matiere-fiscale\\\/\",\"url\":\"https:\\\/\\\/staging.fbt-avocats.ch\\\/en\\\/elections-legislatives-france-a-quoi-on-sattendre-matiere-fiscale\\\/\",\"name\":\"\u00c9lections l\u00e9gislatives en France : \u00e0 quoi peut-on s\u2019attendre en mati\u00e8re fiscale ? | FBT Avocats SA\",\"isPartOf\":{\"@id\":\"https:\\\/\\\/staging.fbt-avocats.ch\\\/en\\\/#website\"},\"datePublished\":\"2022-06-18T10:19:12+00:00\",\"dateModified\":\"2025-11-18T10:33:18+00:00\",\"author\":{\"@id\":\"https:\\\/\\\/staging.fbt-avocats.ch\\\/en\\\/#\\\/schema\\\/person\\\/53faa592d1d545188ce0efaa23e0b547\"},\"breadcrumb\":{\"@id\":\"https:\\\/\\\/staging.fbt-avocats.ch\\\/en\\\/elections-legislatives-france-a-quoi-on-sattendre-matiere-fiscale\\\/#breadcrumb\"},\"inLanguage\":\"en-US\",\"potentialAction\":[{\"@type\":\"ReadAction\",\"target\":[\"https:\\\/\\\/staging.fbt-avocats.ch\\\/en\\\/elections-legislatives-france-a-quoi-on-sattendre-matiere-fiscale\\\/\"]}]},{\"@type\":\"BreadcrumbList\",\"@id\":\"https:\\\/\\\/staging.fbt-avocats.ch\\\/en\\\/elections-legislatives-france-a-quoi-on-sattendre-matiere-fiscale\\\/#breadcrumb\",\"itemListElement\":[{\"@type\":\"ListItem\",\"position\":1,\"name\":\"Home\",\"item\":\"https:\\\/\\\/staging.fbt-avocats.ch\\\/en\\\/\"},{\"@type\":\"ListItem\",\"position\":2,\"name\":\"\u00c9lections l\u00e9gislatives en France : \u00e0 quoi peut-on s\u2019attendre en mati\u00e8re fiscale ?\"}]},{\"@type\":\"WebSite\",\"@id\":\"https:\\\/\\\/staging.fbt-avocats.ch\\\/en\\\/#website\",\"url\":\"https:\\\/\\\/staging.fbt-avocats.ch\\\/en\\\/\",\"name\":\"FBT Avocats SA\",\"description\":\"Etudes bas\u00e9es \u00e0 Gen\u00e8ve et Paris\",\"potentialAction\":[{\"@type\":\"SearchAction\",\"target\":{\"@type\":\"EntryPoint\",\"urlTemplate\":\"https:\\\/\\\/staging.fbt-avocats.ch\\\/en\\\/?s={search_term_string}\"},\"query-input\":{\"@type\":\"PropertyValueSpecification\",\"valueRequired\":true,\"valueName\":\"search_term_string\"}}],\"inLanguage\":\"en-US\"},{\"@type\":\"Person\",\"@id\":\"https:\\\/\\\/staging.fbt-avocats.ch\\\/en\\\/#\\\/schema\\\/person\\\/53faa592d1d545188ce0efaa23e0b547\",\"name\":\"Yann Bellini\"}]}<\/script>\n<!-- \/ Yoast SEO Premium plugin. -->","yoast_head_json":{"title":"\u00c9lections l\u00e9gislatives en France : \u00e0 quoi peut-on s\u2019attendre en mati\u00e8re fiscale ? | FBT Avocats SA","robots":{"index":"noindex","follow":"follow","max-snippet":"max-snippet:-1","max-image-preview":"max-image-preview:large","max-video-preview":"max-video-preview:-1"},"og_locale":"en_US","og_type":"article","og_title":"\u00c9lections l\u00e9gislatives en France : \u00e0 quoi peut-on s\u2019attendre en mati\u00e8re fiscale ?","og_url":"https:\/\/staging.fbt-avocats.ch\/en\/elections-legislatives-france-a-quoi-on-sattendre-matiere-fiscale\/","og_site_name":"FBT Avocats SA","article_published_time":"2022-06-18T10:19:12+00:00","article_modified_time":"2025-11-18T10:33:18+00:00","author":"Yann Bellini","twitter_card":"summary_large_image","twitter_misc":{"Written by":"Yann Bellini","Est. reading time":"2 minutes"},"schema":{"@context":"https:\/\/schema.org","@graph":[{"@type":"Article","@id":"https:\/\/staging.fbt-avocats.ch\/en\/elections-legislatives-france-a-quoi-on-sattendre-matiere-fiscale\/#article","isPartOf":{"@id":"https:\/\/staging.fbt-avocats.ch\/en\/elections-legislatives-france-a-quoi-on-sattendre-matiere-fiscale\/"},"author":{"name":"Yann Bellini","@id":"https:\/\/staging.fbt-avocats.ch\/en\/#\/schema\/person\/53faa592d1d545188ce0efaa23e0b547"},"headline":"\u00c9lections l\u00e9gislatives en France : \u00e0 quoi peut-on s\u2019attendre en mati\u00e8re fiscale ?","datePublished":"2022-06-18T10:19:12+00:00","dateModified":"2025-11-18T10:33:18+00:00","mainEntityOfPage":{"@id":"https:\/\/staging.fbt-avocats.ch\/en\/elections-legislatives-france-a-quoi-on-sattendre-matiere-fiscale\/"},"wordCount":299,"keywords":["ASG"],"articleSection":["Media and News"],"inLanguage":"en-US"},{"@type":"WebPage","@id":"https:\/\/staging.fbt-avocats.ch\/en\/elections-legislatives-france-a-quoi-on-sattendre-matiere-fiscale\/","url":"https:\/\/staging.fbt-avocats.ch\/en\/elections-legislatives-france-a-quoi-on-sattendre-matiere-fiscale\/","name":"\u00c9lections l\u00e9gislatives en France : \u00e0 quoi peut-on s\u2019attendre en mati\u00e8re fiscale ? | FBT Avocats SA","isPartOf":{"@id":"https:\/\/staging.fbt-avocats.ch\/en\/#website"},"datePublished":"2022-06-18T10:19:12+00:00","dateModified":"2025-11-18T10:33:18+00:00","author":{"@id":"https:\/\/staging.fbt-avocats.ch\/en\/#\/schema\/person\/53faa592d1d545188ce0efaa23e0b547"},"breadcrumb":{"@id":"https:\/\/staging.fbt-avocats.ch\/en\/elections-legislatives-france-a-quoi-on-sattendre-matiere-fiscale\/#breadcrumb"},"inLanguage":"en-US","potentialAction":[{"@type":"ReadAction","target":["https:\/\/staging.fbt-avocats.ch\/en\/elections-legislatives-france-a-quoi-on-sattendre-matiere-fiscale\/"]}]},{"@type":"BreadcrumbList","@id":"https:\/\/staging.fbt-avocats.ch\/en\/elections-legislatives-france-a-quoi-on-sattendre-matiere-fiscale\/#breadcrumb","itemListElement":[{"@type":"ListItem","position":1,"name":"Home","item":"https:\/\/staging.fbt-avocats.ch\/en\/"},{"@type":"ListItem","position":2,"name":"\u00c9lections l\u00e9gislatives en France : \u00e0 quoi peut-on s\u2019attendre en mati\u00e8re fiscale ?"}]},{"@type":"WebSite","@id":"https:\/\/staging.fbt-avocats.ch\/en\/#website","url":"https:\/\/staging.fbt-avocats.ch\/en\/","name":"FBT Avocats SA","description":"Etudes bas\u00e9es \u00e0 Gen\u00e8ve et Paris","potentialAction":[{"@type":"SearchAction","target":{"@type":"EntryPoint","urlTemplate":"https:\/\/staging.fbt-avocats.ch\/en\/?s={search_term_string}"},"query-input":{"@type":"PropertyValueSpecification","valueRequired":true,"valueName":"search_term_string"}}],"inLanguage":"en-US"},{"@type":"Person","@id":"https:\/\/staging.fbt-avocats.ch\/en\/#\/schema\/person\/53faa592d1d545188ce0efaa23e0b547","name":"Yann Bellini"}]}},"_links":{"self":[{"href":"https:\/\/staging.fbt-avocats.ch\/en\/wp-json\/wp\/v2\/posts\/30943","targetHints":{"allow":["GET"]}}],"collection":[{"href":"https:\/\/staging.fbt-avocats.ch\/en\/wp-json\/wp\/v2\/posts"}],"about":[{"href":"https:\/\/staging.fbt-avocats.ch\/en\/wp-json\/wp\/v2\/types\/post"}],"author":[{"embeddable":true,"href":"https:\/\/staging.fbt-avocats.ch\/en\/wp-json\/wp\/v2\/users\/26"}],"replies":[{"embeddable":true,"href":"https:\/\/staging.fbt-avocats.ch\/en\/wp-json\/wp\/v2\/comments?post=30943"}],"version-history":[{"count":0,"href":"https:\/\/staging.fbt-avocats.ch\/en\/wp-json\/wp\/v2\/posts\/30943\/revisions"}],"wp:attachment":[{"href":"https:\/\/staging.fbt-avocats.ch\/en\/wp-json\/wp\/v2\/media?parent=30943"}],"wp:term":[{"taxonomy":"category","embeddable":true,"href":"https:\/\/staging.fbt-avocats.ch\/en\/wp-json\/wp\/v2\/categories?post=30943"},{"taxonomy":"post_tag","embeddable":true,"href":"https:\/\/staging.fbt-avocats.ch\/en\/wp-json\/wp\/v2\/tags?post=30943"},{"taxonomy":"datespeciale","embeddable":true,"href":"https:\/\/staging.fbt-avocats.ch\/en\/wp-json\/wp\/v2\/datespeciale?post=30943"}],"curies":[{"name":"wp","href":"https:\/\/api.w.org\/{rel}","templated":true}]}}